{"id":2073302,"date":"2026-07-31T10:31:23","date_gmt":"2026-07-31T07:31:23","guid":{"rendered":"https:\/\/analyse.optim.biz\/?p=2073302"},"modified":"2026-07-31T10:31:23","modified_gmt":"2026-07-31T07:31:23","slug":"doi-ambasadori-cel-al-greciei-si-cel-al-republicii-filipine-in-vizita-la-cj-suceava-acestia-au-facut-cunostinta-cu-principalele-directii-de-dezvoltare-ale-judetului-nostru","status":"publish","type":"post","link":"https:\/\/analyse.optim.biz\/?p=2073302","title":{"rendered":"Doi ambasadori, cel al Greciei \u0219i cel al Republicii Filipine, \u00een vizit\u0103 la CJ Suceava. Ace\u0219tia au f\u0103cut cuno\u0219tin\u021b\u0103 cu principalele direc\u021bii de dezvoltare ale jude\u021bului nostru"},"content":{"rendered":"<p>[analyse_image type=&#8221;featured&#8221; src=&#8221;https:\/\/www.radiotop.ro\/img\/media\/2026\/07\/ambasadori-grecia-si-filipine.jpg&#8221;]<\/p>\n<div class=\"entry-content no-share\">\n<div class=\"content-inner \">\n<div class=\"jeg_preview_slider gallery_1\" data-selector=\"gallery_1\">\n<div class=\"jeg_preview_holder\">\n<div class=\"jeg_preview_media\">\n<div class=\"jeg_preview_media_holder\">\n<h3>\u00a0<\/h3>\n<div class=\"jeg_preview_control\">\n<div class=\"left_control\">\n<div class=\"counter\"><span class=\"current\">1<\/span> of  3<\/div>\n<\/div>\n<div class=\"zoom\"><span class=\"reduce\">&#8211;<\/span><span class=\"increase\">+<\/span><\/div>\n<\/div>\n<\/div>\n<\/div>\n<div class=\"jeg_preview_bottom_slider\"><a data-id=\"0\" data-title data-image=\"https:\/\/www.radiotop.ro\/img\/media\/2026\/07\/ambasadori-robu-cadouri.jpg\" href=\"https:\/\/www.radiotop.ro\/img\/media\/2026\/07\/ambasadori-robu-cadouri.jpg\" class=\"jeg_preview_item active\"><\/p>\n<div class=\"jeg_preview_item_thumbnail\"><img loading=\"lazy\" decoding=\"async\" width=\"120\" height=\"86\" src=\"https:\/\/www.radiotop.ro\/img\/media\/2026\/07\/ambasadori-robu-cadouri-120x86.jpg\" class=\"attachment-jnews-120x86 size-jnews-120x86\" alt><\/div>\n<p><\/a><a data-id=\"1\" data-title data-image=\"https:\/\/www.radiotop.ro\/img\/media\/2026\/07\/ambasadori-cj-ioja.jpg\" href=\"https:\/\/www.radiotop.ro\/img\/media\/2026\/07\/ambasadori-cj-ioja.jpg\" class=\"jeg_preview_item \"><\/p>\n<div class=\"jeg_preview_item_thumbnail\"><img loading=\"lazy\" decoding=\"async\" width=\"120\" height=\"86\" src=\"https:\/\/www.radiotop.ro\/img\/media\/2026\/07\/ambasadori-cj-ioja-120x86.jpg\" class=\"attachment-jnews-120x86 size-jnews-120x86\" alt><\/div>\n<p><\/a><a data-id=\"2\" data-title data-image=\"https:\/\/www.radiotop.ro\/img\/media\/2026\/07\/ambasadori-ioja.jpg\" href=\"https:\/\/www.radiotop.ro\/img\/media\/2026\/07\/ambasadori-ioja.jpg\" class=\"jeg_preview_item \"><\/p>\n<div class=\"jeg_preview_item_thumbnail\"><img loading=\"lazy\" decoding=\"async\" width=\"120\" height=\"86\" src=\"https:\/\/www.radiotop.ro\/img\/media\/2026\/07\/ambasadori-ioja-120x86.jpg\" class=\"attachment-jnews-120x86 size-jnews-120x86\" alt><\/div>\n<p><\/a><\/div>\n<\/div>\n<\/div>\n<p>Consiliul Jude\u021bean Suceava a primit ast\u0103zi, la Palatul Administrativ, vizita unei delega\u021bii diplomatice. Aceasta a fost fromat\u0103 din ambasadorul Republicii Elene \u00een Rom\u00e2nia, E.S. Lili Evangelia Grammatika, ambasadorul Republicii Filipine \u00een Rom\u00e2nia, E.S. Noel Servigon, \u0219i consilierul economic al Ambasadei Ungariei \u00een Rom\u00e2nia, Dorottya Fegyver.<\/p>\n<p>Delega\u021bia a fost primit\u0103 de vicepre\u0219edin\u021bii Consiliului Jude\u021bean Suceava, Nicolae Robu \u0219i Stelian Simeria, precum \u0219i de administratorul public al jude\u021bului, Cezar Ioja.<\/p>\n<p>Conform administra\u021biei jude\u021bene, \u00een cadrul \u00eent\u00eelnirii desf\u0103\u0219urate \u00een Sala Unirii, reprezentan\u021bii administra\u021biei jude\u021bene au prezentat principalele direc\u021bii de dezvoltare ale jude\u021bului Suceava, proiectele de investi\u021bii aflate \u00een derulare \u0219i obiectivele strategice ale administra\u021biei. Discu\u021biile au vizat, de asemenea, poten\u021bialul turistic \u0219i economic al Bucovinei, promovarea produselor locale \u0219i a patrimoniului cultural, precum \u0219i preocuparea Consiliului Jude\u021bean Suceava pentru atragerea investi\u021biilor str\u0103ine \u0219i dezvoltarea rela\u021biilor de colaborare cu parteneri interna\u021bionali.<\/p>\n<\/div>\n<\/div>\n<div class=\"content-inner \">\n<div class=\"jeg_preview_slider gallery_1\" data-selector=\"gallery_1\">\n<div class=\"jeg_preview_holder\">\n<div class=\"jeg_preview_media\">\n<div class=\"jeg_preview_media_holder\">\n<h3>\u00a0<\/h3>\n<div class=\"jeg_preview_control\">\n<div class=\"left_control\">\n<div class=\"counter\"><span class=\"current\">1<\/span> of  3<\/div>\n<\/div>\n<div class=\"zoom\"><span class=\"reduce\">&#8211;<\/span><span class=\"increase\">+<\/span><\/div>\n<\/div>\n<\/div>\n<\/div>\n<div class=\"jeg_preview_bottom_slider\"><a data-id=\"0\" data-title data-image=\"https:\/\/www.radiotop.ro\/img\/media\/2026\/07\/ambasadori-robu-cadouri.jpg\" href=\"https:\/\/www.radiotop.ro\/img\/media\/2026\/07\/ambasadori-robu-cadouri.jpg\" class=\"jeg_preview_item active\"><\/p>\n<div class=\"jeg_preview_item_thumbnail\"><img loading=\"lazy\" decoding=\"async\" width=\"120\" height=\"86\" src=\"https:\/\/www.radiotop.ro\/img\/media\/2026\/07\/ambasadori-robu-cadouri-120x86.jpg\" class=\"attachment-jnews-120x86 size-jnews-120x86\" alt><\/div>\n<p><\/a><a data-id=\"1\" data-title data-image=\"https:\/\/www.radiotop.ro\/img\/media\/2026\/07\/ambasadori-cj-ioja.jpg\" href=\"https:\/\/www.radiotop.ro\/img\/media\/2026\/07\/ambasadori-cj-ioja.jpg\" class=\"jeg_preview_item \"><\/p>\n<div class=\"jeg_preview_item_thumbnail\"><img loading=\"lazy\" decoding=\"async\" width=\"120\" height=\"86\" src=\"https:\/\/www.radiotop.ro\/img\/media\/2026\/07\/ambasadori-cj-ioja-120x86.jpg\" class=\"attachment-jnews-120x86 size-jnews-120x86\" alt><\/div>\n<p><\/a><a data-id=\"2\" data-title data-image=\"https:\/\/www.radiotop.ro\/img\/media\/2026\/07\/ambasadori-ioja.jpg\" href=\"https:\/\/www.radiotop.ro\/img\/media\/2026\/07\/ambasadori-ioja.jpg\" class=\"jeg_preview_item \"><\/p>\n<div class=\"jeg_preview_item_thumbnail\"><img loading=\"lazy\" decoding=\"async\" width=\"120\" height=\"86\" src=\"https:\/\/www.radiotop.ro\/img\/media\/2026\/07\/ambasadori-ioja-120x86.jpg\" class=\"attachment-jnews-120x86 size-jnews-120x86\" alt><\/div>\n<p><\/a><\/div>\n<\/div>\n<\/div>\n<p>Consiliul Jude\u021bean Suceava a primit ast\u0103zi, la Palatul Administrativ, vizita unei delega\u021bii diplomatice. Aceasta a fost fromat\u0103 din ambasadorul Republicii Elene \u00een Rom\u00e2nia, E.S. Lili Evangelia Grammatika, ambasadorul Republicii Filipine \u00een Rom\u00e2nia, E.S. Noel Servigon, \u0219i consilierul economic al Ambasadei Ungariei \u00een Rom\u00e2nia, Dorottya Fegyver.<\/p>\n<p>Delega\u021bia a fost primit\u0103 de vicepre\u0219edin\u021bii Consiliului Jude\u021bean Suceava, Nicolae Robu \u0219i Stelian Simeria, precum \u0219i de administratorul public al jude\u021bului, Cezar Ioja.<\/p>\n<p>Conform administra\u021biei jude\u021bene, \u00een cadrul \u00eent\u00eelnirii desf\u0103\u0219urate \u00een Sala Unirii, reprezentan\u021bii administra\u021biei jude\u021bene au prezentat principalele direc\u021bii de dezvoltare ale jude\u021bului Suceava, proiectele de investi\u021bii aflate \u00een derulare \u0219i obiectivele strategice ale administra\u021biei. Discu\u021biile au vizat, de asemenea, poten\u021bialul turistic \u0219i economic al Bucovinei, promovarea produselor locale \u0219i a patrimoniului cultural, precum \u0219i preocuparea Consiliului Jude\u021bean Suceava pentru atragerea investi\u021biilor str\u0103ine \u0219i dezvoltarea rela\u021biilor de colaborare cu parteneri interna\u021bionali.<\/p>\n<\/div>\n<p>[analyse_source url=&#8221;https:\/\/www.radiotop.ro\/actualitate\/doi-ambasadori-cel-al-greciei-si-cel-al-republicii-filipine-in-vizita-la-cj-suceava-acestia-au-facut-cunostinta-cu-principalele-directii-de-dezvoltare-ale-judetului-nostru.html&#8221;]<\/p>\n","protected":false},"excerpt":{"rendered":"<p>[analyse_image type=&#8221;featured&#8221; src=&#8221;https:\/\/www.radiotop.ro\/img\/media\/2026\/07\/ambasadori-grecia-si-filipine.jpg&#8221;] \u00a0 1 of 3 &#8211;+ Consiliul Jude\u021bean Suceava a primit ast\u0103zi, la Palatul Administrativ, vizita unei delega\u021bii diplomatice. Aceasta a fost fromat\u0103 din ambasadorul Republicii Elene \u00een Rom\u00e2nia, E.S. Lili Evangelia Grammatika, ambasadorul Republicii Filipine \u00een Rom\u00e2nia, E.S. Noel Servigon, \u0219i consilierul economic al Ambasadei Ungariei \u00een Rom\u00e2nia, Dorottya Fegyver. Delega\u021bia a [&hellip;]<\/p>\n","protected":false},"author":1,"featured_media":0,"comment_status":"open","ping_status":"","sticky":false,"template":"","format":"standard","meta":{"footnotes":""},"categories":[89],"tags":[226,163],"class_list":["post-2073302","post","type-post","status-publish","format-standard","hentry","category-romania","tag-crawlmanager","tag-radiotop-ro"],"_links":{"self":[{"href":"https:\/\/analyse.optim.biz\/index.php?rest_route=\/wp\/v2\/posts\/2073302","targetHints":{"allow":["GET"]}}],"collection":[{"href":"https:\/\/analyse.optim.biz\/index.php?rest_route=\/wp\/v2\/posts"}],"about":[{"href":"https:\/\/analyse.optim.biz\/index.php?rest_route=\/wp\/v2\/types\/post"}],"author":[{"embeddable":true,"href":"https:\/\/analyse.optim.biz\/index.php?rest_route=\/wp\/v2\/users\/1"}],"replies":[{"embeddable":true,"href":"https:\/\/analyse.optim.biz\/index.php?rest_route=%2Fwp%2Fv2%2Fcomments&post=2073302"}],"version-history":[{"count":0,"href":"https:\/\/analyse.optim.biz\/index.php?rest_route=\/wp\/v2\/posts\/2073302\/revisions"}],"wp:attachment":[{"href":"https:\/\/analyse.optim.biz\/index.php?rest_route=%2Fwp%2Fv2%2Fmedia&parent=2073302"}],"wp:term":[{"taxonomy":"category","embeddable":true,"href":"https:\/\/analyse.optim.biz\/index.php?rest_route=%2Fwp%2Fv2%2Fcategories&post=2073302"},{"taxonomy":"post_tag","embeddable":true,"href":"https:\/\/analyse.optim.biz\/index.php?rest_route=%2Fwp%2Fv2%2Ftags&post=2073302"}],"curies":[{"name":"wp","href":"https:\/\/api.w.org\/{rel}","templated":true}]}}