{"id":2073300,"date":"2026-07-31T06:55:04","date_gmt":"2026-07-31T03:55:04","guid":{"rendered":"https:\/\/analyse.optim.biz\/?p=2073300"},"modified":"2026-07-31T06:55:04","modified_gmt":"2026-07-31T03:55:04","slug":"nu-se-stie-cind-va-fi-gata-sala-polivalenta-si-nu-s-a-infiintat-firma-care-ar-trebui-sa-o-administreze-cezar-ioja-nu-s-a-facut-pentru-ca-din-pacate-legaturile-dintre-primaria-municipiului-suceava","status":"publish","type":"post","link":"https:\/\/analyse.optim.biz\/?p=2073300","title":{"rendered":"NU se \u0219tie c\u00eend va fi gata sala polivalent\u0103 \u0219i NU s-a \u00eenfiin\u021bat firma care ar trebui s\u0103 o administreze. Cezar Ioja: NU s-a f\u0103cut, pentru c\u0103, din p\u0103cate, leg\u0103turile dintre Prim\u0103ria Municipiului Suceava \u0219i Consiliul Suceava s\u00eent foarte firave, ca s\u0103 nu spun altfel"},"content":{"rendered":"<p>[analyse_image type=&#8221;featured&#8221; src=&#8221;https:\/\/www.radiotop.ro\/img\/media\/2026\/06\/polivalenta-seara.jpg&#8221;]<\/p>\n<div class=\"entry-content no-share\">\n<div class=\"content-inner \">\n<p>Consiliul Jude\u021bean Suceava nu \u0219tie c\u00eend va fi gata sala polivalent\u0103 cu 5.000 de locuri construit\u0103 prin Compania Na\u021bional\u0103 de Investi\u021bii la ie\u0219irea din Suceava spre F\u0103lticeni. Administratorul public al jude\u021bului, Cezar Ioja, spune \u0219i c\u0103 nu s-a f\u0103cut nimic nici \u00een ceea ce prive\u0219te constituirea firmei care ar urma s\u0103 administreze sala, din cauza rela\u021biei proaste existente \u00eentre Consiliul Jude\u021bean \u0219i Prim\u0103ria Suceava. Ultimele informa\u021bii oferite de autorit\u0103\u021bi \u00een urm\u0103 cu c\u00eeteva s\u0103pt\u0103m\u00eeni ar\u0103tau c\u0103 sala va fi dat\u0103 \u00een folosin\u021b\u0103 \u00een toamna acestui an \u0219i c\u0103 administrarea acesteia va fi f\u0103cut\u0103 de o firm\u0103 \u00een care ac\u021bionari vor fi 50-50 Consiliul Jude\u021bean \u0219i Prim\u0103ria.<\/p>\n<p>\u00centr-o interven\u021bie telefonic\u0103 la Radio Top, \u00eentrebat dac\u0103 are informa\u021bii noi privind terminarea lucr\u0103rilor la polivalent\u0103, Cezar Ioja a declarat: \u201dDin p\u0103cate nu avem nici o informa\u021bie. E un lucru dureros pentru noi, cei de la Consiliul Jude\u021bean, pentru c\u0103 nu avem o colaborare a\u0219a cum ne dorim cu cei de la Prim\u0103ria Municipiului Suceava. Risc\u0103m s\u0103 se piard\u0103 c\u00eeteva proiecte extrem de importante pentru Municipiul Suceava. Nu \u0219tim ce se \u00eent\u00eempl\u0103 acolo\u201d.<\/p>\n<p>\u00cen ceea ce prive\u0219te firma care ar trebuia s\u0103 administreze polivalenta, domnul Ioja a afirmat: \u201dNu s-a f\u0103cut, pentru c\u0103, din p\u0103cate, leg\u0103turile dintre Prim\u0103ria Municipiului Suceava \u0219i Consiliul Suceava s\u00eent foarte firave, ca s\u0103 nu spun altfel. Nu s-a \u00eenfiin\u021bat \u0219i s\u00eent \u0219anse mici \u00een actualul context s\u0103 se \u00eenfiin\u021beze\u201d.<\/p>\n<p>\u00cen ceea ce prive\u0219te construirea unui nou stadion, Cezar Ioja a afirmat: \u201dS\u00eent solu\u021bii, crede\u021bi-m\u0103, \u00een zona metropolitan\u0103 a Sucevei exist\u0103 posibilitatea construirii unui stadion. S-a identificat o suprafa\u021b\u0103 de teren, dar asta o s\u0103 comunic\u0103m c\u00eet de repede\u201d.<\/p>\n<p>Rela\u021bia dintre pre\u0219edintele Consiliului Jude\u021bean Suceava, Gheorghe \u0218oldan, \u0219i primarul Sucevei, Vasile R\u00eembu, este puternic deteriorat\u0103. Aceasta s-a stricat treptat, dup\u0103 ce, la \u00eenceputul lunii martie, Vasile R\u00eembu a fost suspendat din PSD la propunerea pre\u0219edintelui Organiza\u021biei Jude\u021bene a partidului, Gheorghe \u0218oldan. Cei doi s-a contrat public \u0219i pe tema construirii unui nou stadion. Cei doi au vorbit, separat, despre construirea \u00eempreun\u0103 a acestuia, \u00eens\u0103 Gheorghe \u0218oldan a anun\u021bat c\u0103 s-a reorientat dup\u0103 ce a solicitat, f\u0103r\u0103 succes, o bucat\u0103 de teren pentru stadion pe raza municipiului Suceava.<\/p>\n<p>\u00a0<\/p>\n<\/div>\n<\/div>\n<div class=\"content-inner \">\n<p>Consiliul Jude\u021bean Suceava nu \u0219tie c\u00eend va fi gata sala polivalent\u0103 cu 5.000 de locuri construit\u0103 prin Compania Na\u021bional\u0103 de Investi\u021bii la ie\u0219irea din Suceava spre F\u0103lticeni. Administratorul public al jude\u021bului, Cezar Ioja, spune \u0219i c\u0103 nu s-a f\u0103cut nimic nici \u00een ceea ce prive\u0219te constituirea firmei care ar urma s\u0103 administreze sala, din cauza rela\u021biei proaste existente \u00eentre Consiliul Jude\u021bean \u0219i Prim\u0103ria Suceava. Ultimele informa\u021bii oferite de autorit\u0103\u021bi \u00een urm\u0103 cu c\u00eeteva s\u0103pt\u0103m\u00eeni ar\u0103tau c\u0103 sala va fi dat\u0103 \u00een folosin\u021b\u0103 \u00een toamna acestui an \u0219i c\u0103 administrarea acesteia va fi f\u0103cut\u0103 de o firm\u0103 \u00een care ac\u021bionari vor fi 50-50 Consiliul Jude\u021bean \u0219i Prim\u0103ria.<\/p>\n<p>\u00centr-o interven\u021bie telefonic\u0103 la Radio Top, \u00eentrebat dac\u0103 are informa\u021bii noi privind terminarea lucr\u0103rilor la polivalent\u0103, Cezar Ioja a declarat: \u201dDin p\u0103cate nu avem nici o informa\u021bie. E un lucru dureros pentru noi, cei de la Consiliul Jude\u021bean, pentru c\u0103 nu avem o colaborare a\u0219a cum ne dorim cu cei de la Prim\u0103ria Municipiului Suceava. Risc\u0103m s\u0103 se piard\u0103 c\u00eeteva proiecte extrem de importante pentru Municipiul Suceava. Nu \u0219tim ce se \u00eent\u00eempl\u0103 acolo\u201d.<\/p>\n<p>\u00cen ceea ce prive\u0219te firma care ar trebuia s\u0103 administreze polivalenta, domnul Ioja a afirmat: \u201dNu s-a f\u0103cut, pentru c\u0103, din p\u0103cate, leg\u0103turile dintre Prim\u0103ria Municipiului Suceava \u0219i Consiliul Suceava s\u00eent foarte firave, ca s\u0103 nu spun altfel. Nu s-a \u00eenfiin\u021bat \u0219i s\u00eent \u0219anse mici \u00een actualul context s\u0103 se \u00eenfiin\u021beze\u201d.<\/p>\n<p>\u00cen ceea ce prive\u0219te construirea unui nou stadion, Cezar Ioja a afirmat: \u201dS\u00eent solu\u021bii, crede\u021bi-m\u0103, \u00een zona metropolitan\u0103 a Sucevei exist\u0103 posibilitatea construirii unui stadion. S-a identificat o suprafa\u021b\u0103 de teren, dar asta o s\u0103 comunic\u0103m c\u00eet de repede\u201d.<\/p>\n<p>Rela\u021bia dintre pre\u0219edintele Consiliului Jude\u021bean Suceava, Gheorghe \u0218oldan, \u0219i primarul Sucevei, Vasile R\u00eembu, este puternic deteriorat\u0103. Aceasta s-a stricat treptat, dup\u0103 ce, la \u00eenceputul lunii martie, Vasile R\u00eembu a fost suspendat din PSD la propunerea pre\u0219edintelui Organiza\u021biei Jude\u021bene a partidului, Gheorghe \u0218oldan. Cei doi s-a contrat public \u0219i pe tema construirii unui nou stadion. Cei doi au vorbit, separat, despre construirea \u00eempreun\u0103 a acestuia, \u00eens\u0103 Gheorghe \u0218oldan a anun\u021bat c\u0103 s-a reorientat dup\u0103 ce a solicitat, f\u0103r\u0103 succes, o bucat\u0103 de teren pentru stadion pe raza municipiului Suceava.<\/p>\n<p>\u00a0<\/p>\n<\/div>\n<p>[analyse_source url=&#8221;https:\/\/www.radiotop.ro\/actualitate\/nu-se-stie-cind-va-fi-gata-sala-polivalenta-si-nu-s-a-infiintat-firma-care-ar-trebui-sa-o-administreze-cezar-ioja-nu-s-a-facut-pentru-ca-din-pacate-legaturile-dintre-primaria-municipiului-suceava.html&#8221;]<\/p>\n","protected":false},"excerpt":{"rendered":"<p>[analyse_image type=&#8221;featured&#8221; src=&#8221;https:\/\/www.radiotop.ro\/img\/media\/2026\/06\/polivalenta-seara.jpg&#8221;] Consiliul Jude\u021bean Suceava nu \u0219tie c\u00eend va fi gata sala polivalent\u0103 cu 5.000 de locuri construit\u0103 prin Compania Na\u021bional\u0103 de Investi\u021bii la ie\u0219irea din Suceava spre F\u0103lticeni. Administratorul public al jude\u021bului, Cezar Ioja, spune \u0219i c\u0103 nu s-a f\u0103cut nimic nici \u00een ceea ce prive\u0219te constituirea firmei care ar urma s\u0103 administreze [&hellip;]<\/p>\n","protected":false},"author":1,"featured_media":0,"comment_status":"open","ping_status":"","sticky":false,"template":"","format":"standard","meta":{"footnotes":""},"categories":[89],"tags":[226,163],"class_list":["post-2073300","post","type-post","status-publish","format-standard","hentry","category-romania","tag-crawlmanager","tag-radiotop-ro"],"_links":{"self":[{"href":"https:\/\/analyse.optim.biz\/index.php?rest_route=\/wp\/v2\/posts\/2073300","targetHints":{"allow":["GET"]}}],"collection":[{"href":"https:\/\/analyse.optim.biz\/index.php?rest_route=\/wp\/v2\/posts"}],"about":[{"href":"https:\/\/analyse.optim.biz\/index.php?rest_route=\/wp\/v2\/types\/post"}],"author":[{"embeddable":true,"href":"https:\/\/analyse.optim.biz\/index.php?rest_route=\/wp\/v2\/users\/1"}],"replies":[{"embeddable":true,"href":"https:\/\/analyse.optim.biz\/index.php?rest_route=%2Fwp%2Fv2%2Fcomments&post=2073300"}],"version-history":[{"count":0,"href":"https:\/\/analyse.optim.biz\/index.php?rest_route=\/wp\/v2\/posts\/2073300\/revisions"}],"wp:attachment":[{"href":"https:\/\/analyse.optim.biz\/index.php?rest_route=%2Fwp%2Fv2%2Fmedia&parent=2073300"}],"wp:term":[{"taxonomy":"category","embeddable":true,"href":"https:\/\/analyse.optim.biz\/index.php?rest_route=%2Fwp%2Fv2%2Fcategories&post=2073300"},{"taxonomy":"post_tag","embeddable":true,"href":"https:\/\/analyse.optim.biz\/index.php?rest_route=%2Fwp%2Fv2%2Ftags&post=2073300"}],"curies":[{"name":"wp","href":"https:\/\/api.w.org\/{rel}","templated":true}]}}