{"id":2073297,"date":"2026-07-31T05:28:20","date_gmt":"2026-07-31T02:28:20","guid":{"rendered":"https:\/\/analyse.optim.biz\/?p=2073297"},"modified":"2026-07-31T05:28:20","modified_gmt":"2026-07-31T02:28:20","slug":"suceava-si-a-depus-candidatura-pentru-titlul-de-capitala-tineretului-din-romania-2028","status":"publish","type":"post","link":"https:\/\/analyse.optim.biz\/?p=2073297","title":{"rendered":"Suceava \u0219i-a depus candidatura pentru titlul de Capitala Tineretului din Rom\u00e2nia 2028"},"content":{"rendered":"<p>[analyse_image type=&#8221;featured&#8221; src=&#8221;https:\/\/www.radiotop.ro\/img\/media\/2026\/07\/rimbu-tineret.jpg&#8221;]<\/p>\n<div class=\"entry-content no-share\">\n<div class=\"content-inner \">\n<p>Primarul Sucevei, Vasile R\u00eembu, a anun\u021bat c\u0103 municipiul a f\u0103cut primul pas oficial \u00een competi\u021bia pentru titlul de \u201dCapitala Tineretului din Rom\u00e2nia 2028\u201d, prin transmiterea scrisorii de inten\u021bie \u0219i a motiva\u021biei candidaturii.<\/p>\n<p>\u00centr-un mesaj publicat pe Facebook, primarul a precizat c\u0103 demersul este realizat \u00eempreun\u0103 cu organiza\u021biile de tineret \u0219i partenerii locali \u0219i urm\u0103re\u0219te \u201dconstruirea unui ora\u0219 \u00een care tinerii s\u00eent asculta\u021bi, implica\u021bi \u0219i sprijini\u021bi s\u0103 contribuie activ la dezvoltarea comunit\u0103\u021bii\u201d.<\/p>\n<p>Vasile R\u00eembu a mai ar\u0103tat c\u0103 programul \u201dCapitala Tineretului din Rom\u00e2nia\u201d reprezint\u0103 \u201dmai mult dec\u00e2t un titlu\u201d, fiind un proces care \u00eencurajeaz\u0103 colaborarea dintre administra\u021bie, organiza\u021biile neguvernamentale, mediul educa\u021bional, mediul de afaceri \u0219i comunitate pentru crearea de oportunit\u0103\u021bi destinate tinerilor.<\/p>\n<p>Primarul a ad\u0103ugat c\u0103, \u00een opinia sa, municipiul are \u201do comunitate activ\u0103, implicat\u0103 \u0219i cu ini\u021biativ\u0103\u201d, iar candidatura reprezint\u0103 o continuare a proiectelor dedicate tinerilor \u0219i \u201eo oportunitate de a le duce la un nou nivel\u201d. Totodat\u0103, el le-a mul\u021bumit organiza\u021biilor \u0219i partenerilor implica\u021bi \u00een preg\u0103tirea candidaturii.<\/p>\n<p>\u00a0<\/p>\n<\/div>\n<\/div>\n<div class=\"content-inner \">\n<p>Primarul Sucevei, Vasile R\u00eembu, a anun\u021bat c\u0103 municipiul a f\u0103cut primul pas oficial \u00een competi\u021bia pentru titlul de \u201dCapitala Tineretului din Rom\u00e2nia 2028\u201d, prin transmiterea scrisorii de inten\u021bie \u0219i a motiva\u021biei candidaturii.<\/p>\n<p>\u00centr-un mesaj publicat pe Facebook, primarul a precizat c\u0103 demersul este realizat \u00eempreun\u0103 cu organiza\u021biile de tineret \u0219i partenerii locali \u0219i urm\u0103re\u0219te \u201dconstruirea unui ora\u0219 \u00een care tinerii s\u00eent asculta\u021bi, implica\u021bi \u0219i sprijini\u021bi s\u0103 contribuie activ la dezvoltarea comunit\u0103\u021bii\u201d.<\/p>\n<p>Vasile R\u00eembu a mai ar\u0103tat c\u0103 programul \u201dCapitala Tineretului din Rom\u00e2nia\u201d reprezint\u0103 \u201dmai mult dec\u00e2t un titlu\u201d, fiind un proces care \u00eencurajeaz\u0103 colaborarea dintre administra\u021bie, organiza\u021biile neguvernamentale, mediul educa\u021bional, mediul de afaceri \u0219i comunitate pentru crearea de oportunit\u0103\u021bi destinate tinerilor.<\/p>\n<p>Primarul a ad\u0103ugat c\u0103, \u00een opinia sa, municipiul are \u201do comunitate activ\u0103, implicat\u0103 \u0219i cu ini\u021biativ\u0103\u201d, iar candidatura reprezint\u0103 o continuare a proiectelor dedicate tinerilor \u0219i \u201eo oportunitate de a le duce la un nou nivel\u201d. Totodat\u0103, el le-a mul\u021bumit organiza\u021biilor \u0219i partenerilor implica\u021bi \u00een preg\u0103tirea candidaturii.<\/p>\n<p>\u00a0<\/p>\n<\/div>\n<p>[analyse_source url=&#8221;https:\/\/www.radiotop.ro\/actualitate\/suceava-si-a-depus-candidatura-pentru-titlul-de-capitala-tineretului-din-romania-2028.html&#8221;]<\/p>\n","protected":false},"excerpt":{"rendered":"<p>[analyse_image type=&#8221;featured&#8221; src=&#8221;https:\/\/www.radiotop.ro\/img\/media\/2026\/07\/rimbu-tineret.jpg&#8221;] Primarul Sucevei, Vasile R\u00eembu, a anun\u021bat c\u0103 municipiul a f\u0103cut primul pas oficial \u00een competi\u021bia pentru titlul de \u201dCapitala Tineretului din Rom\u00e2nia 2028\u201d, prin transmiterea scrisorii de inten\u021bie \u0219i a motiva\u021biei candidaturii. \u00centr-un mesaj publicat pe Facebook, primarul a precizat c\u0103 demersul este realizat \u00eempreun\u0103 cu organiza\u021biile de tineret \u0219i partenerii locali [&hellip;]<\/p>\n","protected":false},"author":1,"featured_media":0,"comment_status":"open","ping_status":"","sticky":false,"template":"","format":"standard","meta":{"footnotes":""},"categories":[89],"tags":[226,163],"class_list":["post-2073297","post","type-post","status-publish","format-standard","hentry","category-romania","tag-crawlmanager","tag-radiotop-ro"],"_links":{"self":[{"href":"https:\/\/analyse.optim.biz\/index.php?rest_route=\/wp\/v2\/posts\/2073297","targetHints":{"allow":["GET"]}}],"collection":[{"href":"https:\/\/analyse.optim.biz\/index.php?rest_route=\/wp\/v2\/posts"}],"about":[{"href":"https:\/\/analyse.optim.biz\/index.php?rest_route=\/wp\/v2\/types\/post"}],"author":[{"embeddable":true,"href":"https:\/\/analyse.optim.biz\/index.php?rest_route=\/wp\/v2\/users\/1"}],"replies":[{"embeddable":true,"href":"https:\/\/analyse.optim.biz\/index.php?rest_route=%2Fwp%2Fv2%2Fcomments&post=2073297"}],"version-history":[{"count":0,"href":"https:\/\/analyse.optim.biz\/index.php?rest_route=\/wp\/v2\/posts\/2073297\/revisions"}],"wp:attachment":[{"href":"https:\/\/analyse.optim.biz\/index.php?rest_route=%2Fwp%2Fv2%2Fmedia&parent=2073297"}],"wp:term":[{"taxonomy":"category","embeddable":true,"href":"https:\/\/analyse.optim.biz\/index.php?rest_route=%2Fwp%2Fv2%2Fcategories&post=2073297"},{"taxonomy":"post_tag","embeddable":true,"href":"https:\/\/analyse.optim.biz\/index.php?rest_route=%2Fwp%2Fv2%2Ftags&post=2073297"}],"curies":[{"name":"wp","href":"https:\/\/api.w.org\/{rel}","templated":true}]}}