{"id":2073296,"date":"2026-07-31T11:00:57","date_gmt":"2026-07-31T08:00:57","guid":{"rendered":"https:\/\/analyse.optim.biz\/?p=2073296"},"modified":"2026-07-31T11:00:57","modified_gmt":"2026-07-31T08:00:57","slug":"actionarii-cetatii-spun-ca-modernizarile-de-la-stadionul-areni-au-fost-facute-fara-obligatii-contractuale-si-fara-concesionarea-stadionului","status":"publish","type":"post","link":"https:\/\/analyse.optim.biz\/?p=2073296","title":{"rendered":"Ac\u021bionarii Cet\u0103\u021bii spun c\u0103 moderniz\u0103rile de la stadionul \u201dAreni\u201d au fost f\u0103cute f\u0103r\u0103 obliga\u021bii contractuale \u0219i f\u0103r\u0103 concesionarea stadionului"},"content":{"rendered":"<p>[analyse_image type=&#8221;featured&#8221; src=&#8221;https:\/\/www.radiotop.ro\/img\/media\/2026\/07\/areni-csm-nou.jpg&#8221;]<\/p>\n<div class=\"entry-content no-share\">\n<div class=\"content-inner \">\n<div class=\"jeg_preview_slider gallery_1\" data-selector=\"gallery_1\">\n<div class=\"jeg_preview_holder\">\n<div class=\"jeg_preview_media\">\n<div class=\"jeg_preview_media_holder\">\n<h3>\u00a0<\/h3>\n<div class=\"jeg_preview_control\">\n<div class=\"left_control\">\n<div class=\"counter\"><span class=\"current\">1<\/span> of  1<\/div>\n<\/div>\n<div class=\"zoom\"><span class=\"reduce\">&#8211;<\/span><span class=\"increase\">+<\/span><\/div>\n<\/div>\n<\/div>\n<\/div>\n<div class=\"jeg_preview_bottom_slider\"><a data-id=\"0\" data-title data-image=\"https:\/\/www.radiotop.ro\/img\/media\/2026\/07\/areni-lucrari-stadion.jpg\" href=\"https:\/\/www.radiotop.ro\/img\/media\/2026\/07\/areni-lucrari-stadion.jpg\" class=\"jeg_preview_item active\"><\/p>\n<div class=\"jeg_preview_item_thumbnail\"><img loading=\"lazy\" decoding=\"async\" width=\"120\" height=\"86\" src=\"https:\/\/www.radiotop.ro\/img\/media\/2026\/07\/areni-lucrari-stadion-120x86.jpg\" class=\"attachment-jnews-120x86 size-jnews-120x86\" alt><\/div>\n<p><\/a><\/div>\n<\/div>\n<\/div>\n<p>Ac\u021bionarii CSM Cetatea 1932 Suceava anun\u021b\u0103 c\u0103 au finan\u021bat o serie de lucr\u0103ri de modernizare la stadionul \u201dAreni\u201d, pentru ca echipa s\u0103 poat\u0103 evolua \u00een condi\u021bii conforme cu cerin\u021bele Ligii a II-a. Potrivit clubului, investi\u021biile au fost realizate din ini\u021biativ\u0103 proprie, \u201df\u0103r\u0103 s\u0103 existe o obliga\u021bie contractual\u0103 \u0219i f\u0103r\u0103 ca stadionul s\u0103 fie concesionat clubului\u201d.<\/p>\n<p>Printre lucr\u0103rile efectuate se num\u0103r\u0103 montarea a 2.500 de scaune la tribuna a II-a, \u00eenlocuirea t\u00eempl\u0103riei de la loja oficial\u0103, schimbarea u\u0219ilor de la vestiare \u0219i din spa\u021biile administrative, dotarea lojelor cu instala\u021bii de aer condi\u021bionat \u0219i scaune noi, interven\u021bii la gazon, \u00eenlocuirea u\u0219ii de la saun\u0103 \u0219i instalarea unui sistem de supraveghere video.<\/p>\n<p>Reprezentan\u021bii clubului subliniaz\u0103 c\u0103 aceste investi\u021bii \u201dnu fac parte din eventualele investi\u021bii discutate \u00een perspectiva concesion\u0103rii stadionului\u201d, ci au fost f\u0103cute pentru a asigura condi\u021biile necesare debutului echipei \u00een Liga a II-a.<\/p>\n<p>Totodat\u0103, ac\u021bionarii \u00ee\u0219i exprim\u0103 dorin\u021ba de a continua modernizarea stadionului \u00een colaborare cu autorit\u0103\u021bile locale, astfel \u00eenc\u00eet stadionul \u201dAreni\u201d s\u0103 r\u0103spund\u0103 cerin\u021belor noului nivel competi\u021bional \u0219i s\u0103 sus\u021bin\u0103 dezvoltarea fotbalului sucevean.<\/p>\n<p>Cetatea debuteaz\u0103 \u00een Liga a II-a s\u00eemb\u0103t\u0103, 1 august, de la ora 11.00, pe Areni, cu Concordia Chiajna.<\/p>\n<\/div>\n<\/div>\n<div class=\"content-inner \">\n<div class=\"jeg_preview_slider gallery_1\" data-selector=\"gallery_1\">\n<div class=\"jeg_preview_holder\">\n<div class=\"jeg_preview_media\">\n<div class=\"jeg_preview_media_holder\">\n<h3>\u00a0<\/h3>\n<div class=\"jeg_preview_control\">\n<div class=\"left_control\">\n<div class=\"counter\"><span class=\"current\">1<\/span> of  1<\/div>\n<\/div>\n<div class=\"zoom\"><span class=\"reduce\">&#8211;<\/span><span class=\"increase\">+<\/span><\/div>\n<\/div>\n<\/div>\n<\/div>\n<div class=\"jeg_preview_bottom_slider\"><a data-id=\"0\" data-title data-image=\"https:\/\/www.radiotop.ro\/img\/media\/2026\/07\/areni-lucrari-stadion.jpg\" href=\"https:\/\/www.radiotop.ro\/img\/media\/2026\/07\/areni-lucrari-stadion.jpg\" class=\"jeg_preview_item active\"><\/p>\n<div class=\"jeg_preview_item_thumbnail\"><img loading=\"lazy\" decoding=\"async\" width=\"120\" height=\"86\" src=\"https:\/\/www.radiotop.ro\/img\/media\/2026\/07\/areni-lucrari-stadion-120x86.jpg\" class=\"attachment-jnews-120x86 size-jnews-120x86\" alt><\/div>\n<p><\/a><\/div>\n<\/div>\n<\/div>\n<p>Ac\u021bionarii CSM Cetatea 1932 Suceava anun\u021b\u0103 c\u0103 au finan\u021bat o serie de lucr\u0103ri de modernizare la stadionul \u201dAreni\u201d, pentru ca echipa s\u0103 poat\u0103 evolua \u00een condi\u021bii conforme cu cerin\u021bele Ligii a II-a. Potrivit clubului, investi\u021biile au fost realizate din ini\u021biativ\u0103 proprie, \u201df\u0103r\u0103 s\u0103 existe o obliga\u021bie contractual\u0103 \u0219i f\u0103r\u0103 ca stadionul s\u0103 fie concesionat clubului\u201d.<\/p>\n<p>Printre lucr\u0103rile efectuate se num\u0103r\u0103 montarea a 2.500 de scaune la tribuna a II-a, \u00eenlocuirea t\u00eempl\u0103riei de la loja oficial\u0103, schimbarea u\u0219ilor de la vestiare \u0219i din spa\u021biile administrative, dotarea lojelor cu instala\u021bii de aer condi\u021bionat \u0219i scaune noi, interven\u021bii la gazon, \u00eenlocuirea u\u0219ii de la saun\u0103 \u0219i instalarea unui sistem de supraveghere video.<\/p>\n<p>Reprezentan\u021bii clubului subliniaz\u0103 c\u0103 aceste investi\u021bii \u201dnu fac parte din eventualele investi\u021bii discutate \u00een perspectiva concesion\u0103rii stadionului\u201d, ci au fost f\u0103cute pentru a asigura condi\u021biile necesare debutului echipei \u00een Liga a II-a.<\/p>\n<p>Totodat\u0103, ac\u021bionarii \u00ee\u0219i exprim\u0103 dorin\u021ba de a continua modernizarea stadionului \u00een colaborare cu autorit\u0103\u021bile locale, astfel \u00eenc\u00eet stadionul \u201dAreni\u201d s\u0103 r\u0103spund\u0103 cerin\u021belor noului nivel competi\u021bional \u0219i s\u0103 sus\u021bin\u0103 dezvoltarea fotbalului sucevean.<\/p>\n<p>Cetatea debuteaz\u0103 \u00een Liga a II-a s\u00eemb\u0103t\u0103, 1 august, de la ora 11.00, pe Areni, cu Concordia Chiajna.<\/p>\n<\/div>\n<p>[analyse_source url=&#8221;https:\/\/www.radiotop.ro\/actualitate\/actionarii-cetatii-spun-ca-modernizarile-de-la-areni-au-fost-facute-fara-obligatii-contractuale-si-fara-concesionarea-stadionului.html&#8221;]<\/p>\n","protected":false},"excerpt":{"rendered":"<p>[analyse_image type=&#8221;featured&#8221; src=&#8221;https:\/\/www.radiotop.ro\/img\/media\/2026\/07\/areni-csm-nou.jpg&#8221;] \u00a0 1 of 1 &#8211;+ Ac\u021bionarii CSM Cetatea 1932 Suceava anun\u021b\u0103 c\u0103 au finan\u021bat o serie de lucr\u0103ri de modernizare la stadionul \u201dAreni\u201d, pentru ca echipa s\u0103 poat\u0103 evolua \u00een condi\u021bii conforme cu cerin\u021bele Ligii a II-a. Potrivit clubului, investi\u021biile au fost realizate din ini\u021biativ\u0103 proprie, \u201df\u0103r\u0103 s\u0103 existe o obliga\u021bie contractual\u0103 [&hellip;]<\/p>\n","protected":false},"author":1,"featured_media":0,"comment_status":"open","ping_status":"","sticky":false,"template":"","format":"standard","meta":{"footnotes":""},"categories":[89],"tags":[226,163],"class_list":["post-2073296","post","type-post","status-publish","format-standard","hentry","category-romania","tag-crawlmanager","tag-radiotop-ro"],"_links":{"self":[{"href":"https:\/\/analyse.optim.biz\/index.php?rest_route=\/wp\/v2\/posts\/2073296","targetHints":{"allow":["GET"]}}],"collection":[{"href":"https:\/\/analyse.optim.biz\/index.php?rest_route=\/wp\/v2\/posts"}],"about":[{"href":"https:\/\/analyse.optim.biz\/index.php?rest_route=\/wp\/v2\/types\/post"}],"author":[{"embeddable":true,"href":"https:\/\/analyse.optim.biz\/index.php?rest_route=\/wp\/v2\/users\/1"}],"replies":[{"embeddable":true,"href":"https:\/\/analyse.optim.biz\/index.php?rest_route=%2Fwp%2Fv2%2Fcomments&post=2073296"}],"version-history":[{"count":0,"href":"https:\/\/analyse.optim.biz\/index.php?rest_route=\/wp\/v2\/posts\/2073296\/revisions"}],"wp:attachment":[{"href":"https:\/\/analyse.optim.biz\/index.php?rest_route=%2Fwp%2Fv2%2Fmedia&parent=2073296"}],"wp:term":[{"taxonomy":"category","embeddable":true,"href":"https:\/\/analyse.optim.biz\/index.php?rest_route=%2Fwp%2Fv2%2Fcategories&post=2073296"},{"taxonomy":"post_tag","embeddable":true,"href":"https:\/\/analyse.optim.biz\/index.php?rest_route=%2Fwp%2Fv2%2Ftags&post=2073296"}],"curies":[{"name":"wp","href":"https:\/\/api.w.org\/{rel}","templated":true}]}}