{"id":2073198,"date":"2026-07-21T00:00:00","date_gmt":"2026-07-20T21:00:00","guid":{"rendered":"https:\/\/analyse.optim.biz\/?p=2073198"},"modified":"2026-07-21T00:00:00","modified_gmt":"2026-07-20T21:00:00","slug":"lider-sindical-din-saj-vrancea-nu-vrem-promisiuni-politice-vrem-garantii-in-legea-salarizarii","status":"publish","type":"post","link":"https:\/\/analyse.optim.biz\/?p=2073198","title":{"rendered":"Lider sindical din SAJ Vrancea: \u201eNu vrem promisiuni politice, vrem garan\u021bii \u00een legea salariz\u0103rii\u201d"},"content":{"rendered":"<p>[analyse_image type=&#8221;featured&#8221; src=&#8221;https:\/\/zdvi.cname.ro\/_\/lider-sindical-din-saj-vrancea-nu-vrem-promisiuni-politice-vrem-garantii-in-legea-salarizarii\/mediaPool\/uFwhJDT.jpeg&#8221;]<\/p>\n<div class=\"main-content detaliu-articol\"><a class=\"titlu-cat-list\" href=\"https:\/\/ziaruldevrancea.ro\/special\/social\">Social<\/a><\/p>\n<h1>Lider sindical din SAJ Vrancea: \u201eNu vrem promisiuni politice, vrem garan\u021bii \u00een legea salariz\u0103rii\u201d<\/h1>\n<div class=\"date-articol clearfix\">\n<div class=\"distribuie-articol dropdown\">\n    Distribuie: \u00a0<br \/>\n    <em>|<\/em><\/div>\n<div class=\"autor-articol\"><a href=\"https:\/\/ziaruldevrancea.ro\/autor\/mircea-pavel\/\"><img decoding=\"async\" class=\"img-circle\" src=\"https:\/\/zdvi.cname.ro\/50_50\/articleAuthor\/mircea-pavel\/articleAuthor\/uqcCx6q.jpg\" alt><\/a><\/p>\n<h5><a href=\"https:\/\/ziaruldevrancea.ro\/autor\/mircea-pavel\/\">Mircea Pavel<\/a><\/h5>\n<div class=\"grup-spatiere\"><span class=\"cu-spatiere\">21 iul 2026<\/span><span class=\"cu-spatiere\">1008 vizualiz\u0103ri<\/span><\/div>\n<\/div>\n<\/div>\n<div class=\"poza-mare\"><a href class=\"openGallery\"><img decoding=\"async\" class=\"img-responsive\" src=\"https:\/\/zdvi.cname.ro\/850_530\/lider-sindical-din-saj-vrancea-nu-vrem-promisiuni-politice-vrem-garantii-in-legea-salarizarii\/article\/mediaPool\/uFwhJDT.jpeg\" alt=\"Liderul Sindicatului Liber \u201eAmbulan\u021ba\u201d Vrancea, Ionu\u021b B\u0103lan\"><\/a><\/p>\n<div class=\"caption-poza\">Liderul Sindicatului Liber \u201eAmbulan\u021ba\u201d Vrancea, Ionu\u021b B\u0103lan<\/div>\n<\/div>\n<p>\u200b<strong>Ionu\u021b B\u0103lan, liderul sindicatului Ambulan\u021ba din cadrul Serviciului de Ambulan\u021b\u0103 Jude\u021bean Vrancea, sus\u021bine c\u0103 dezbaterea privind noua lege a salariz\u0103rii trebuie purtat\u0103 pe baza simul\u0103rilor salariale \u0219i a garan\u021biilor legale, nu a disputelor politice.<\/strong><\/p>\n<p>\u00centr-un punct de vedere f\u0103cut public \u00een contextul dezbaterilor privind viitoarea Lege a salariz\u0103rii unitare, liderul sindicatului Ambulan\u021ba din cadrul Serviciului de Ambulan\u021b\u0103 Jude\u021bean (SAJ) Vrancea, Ionu\u021b B\u0103lan, afirm\u0103 c\u0103 revendic\u0103rile angaja\u021bilor din sistemul sanitar trebuie separate de confrunt\u0103rile politice \u0219i sus\u021bine c\u0103 prioritatea ar trebui s\u0103 fie protejarea drepturilor salaria\u021bilor prin prevederi clare \u00een viitoarea legisla\u021bie.<\/p>\n<p>\u00cen mesajul adresat colegilor, acesta arat\u0103 c\u0103 proiectul noii legi con\u021bine aspecte care, \u00een opinia sa, ar putea afecta personalul din s\u0103n\u0103tate, motiv pentru care consider\u0103 legitime protestele, negocierile \u0219i presiunea exercitat\u0103 de organiza\u021biile sindicale.<\/p>\n<p>Totodat\u0103, Ionu\u021b B\u0103lan apreciaz\u0103 c\u0103, \u00een paralel cu dezbaterea asupra legii, are loc \u0219i o confruntare politic\u0103 \u00een care nemul\u021bumirile angaja\u021bilor sunt folosite \u00een disputa dintre partide. El remarc\u0103 faptul c\u0103 PSD critic\u0103 \u00een prezent proiectul de lege, de\u0219i forma\u021biunea a de\u021binut responsabilit\u0103\u021bi \u00een domeniul muncii \u00een ultimii ani, \u00een timp ce actualul Executiv sus\u021bine c\u0103 veniturile nu vor sc\u0103dea, iar sindicatele avertizeaz\u0103 asupra riscului diminu\u0103rii unor sporuri \u0219i a limit\u0103rii posibilit\u0103\u021bilor de cre\u0219tere salarial\u0103.<\/p>\n<p>Liderul sindical afirm\u0103 c\u0103 salaria\u021bii au nevoie de informa\u021bii concrete \u0219i complete, nu doar de declara\u021bii publice. \u00cen opinia sa, ar fi necesare simul\u0103ri salariale detaliate pentru fiecare func\u021bie \u0219i categorie profesional\u0103, precum \u0219i garan\u021bii scrise c\u0103 niciun angajat nu va pierde venituri sau drepturi odat\u0103 cu aplicarea noii legi.<\/p>\n<p>\u00cen acela\u0219i timp, acesta precizeaz\u0103 c\u0103 nu exist\u0103 dovezi publice potrivit c\u0103rora Federa\u021bia SANITAS sau alte organiza\u021bii sindicale ar fi primit finan\u021bare ori instruc\u021biuni politice pentru declan\u0219area protestelor \u0219i consider\u0103 c\u0103 astfel de acuza\u021bii nu trebuie prezentate drept fapte. Pe de alt\u0103 parte, sus\u021bine c\u0103 este legitim s\u0103 fie solicitate explica\u021bii privind rela\u021bia dintre unii lideri politici \u0219i anumite conduceri sindicale, precum \u0219i asupra modului \u00een care sunt coordonate mesajele publice.<\/p>\n<p>\u00cen finalul mesajului, Ionu\u021b B\u0103lan afirm\u0103 c\u0103 sindicatele trebuie s\u0103 reprezinte exclusiv interesele membrilor lor \u0219i nu obiective electorale, subliniind c\u0103, din perspectiva sa \u0219i a membrilor pe care \u00eei reprezint\u0103, viitoarea lege trebuie s\u0103 ofere garan\u021bii juridice \u0219i financiare clare, bazate pe cifre, amendamente \u0219i transparen\u021b\u0103.<\/p>\n<p><strong>Mircea Pavel\u00a0<\/strong><\/p>\n<p><strong>Citi\u021bi \u0219i con\u021binutul integral al punctului de vedere referitor la<\/strong><strong>\u00a0legea salariz\u0103rii unitare,<\/strong><strong> transmis redac\u021biei cotidianului nostru, luni 20 iulie 2026, de liderul sindicatului Ambulan\u021ba al Serviciului de Ambulan\u021b\u0103 Jude\u021bean (SAJ) Vrancea, Ionu\u021b B\u0103lan\u00a0<\/strong><\/p>\n<div>\u201c<em>Dragi colegi, S\u0103 nu confund\u0103m ap\u0103rarea drepturilor noastre cu jocurile politice.<\/em><\/div>\n<div><em>Noua Lege a salariz\u0103rii are puncte care pot afecta angaja\u021bii din s\u0103n\u0103tate. De aceea, protestele, negocierile \u0219i presiunea sindical\u0103 sunt legitime. Dar, \u00een paralel, asist\u0103m la o lupt\u0103 politic\u0103 \u00een care fiecare partid \u00eencearc\u0103 s\u0103 foloseasc\u0103 nemul\u021bumirea salaria\u021bilor \u00eempotriva adversarilor s\u0103i.PSD critic\u0103 acum dur proiectul \u0219i se apropie de sindicate, de\u0219i a condus Ministerul Muncii \u00een ultimii 5-6 ani \u0219i a avut responsabilit\u0103\u021bi \u00een preg\u0103tirea acestei reforme.Guvernul Bolojan spune c\u0103 veniturile nu vor sc\u0103dea, sindicatul avertizeaz\u0103 c\u0103 se pierd sporuri \u0219i posibilit\u0103\u021bi de cre\u0219tere, iar angaja\u021bii \u0219i membri no\u0219tri primesc mai ales declara\u021bii, nu simul\u0103ri complete.Noi, ca angaja\u021bi, nu trebuie s\u0103 fim masa de manevr\u0103 a nim\u0103nui.Nu exist\u0103, \u00een acest moment, dovezi publice c\u0103 SANITAS sau alt\u0103 federa\u021bie ar fi primit bani ori ordine de la PSD pentru declan\u0219area grevei.Ar fi incorect s\u0103 facem aceast\u0103 suspiciune drept fapt.\u00a0Exist\u0103 \u00eens\u0103 suficiente motive s\u0103 cerem explica\u021bii privind apropierea dintre liderii politici\u00a0 \u0219i anumite conduceri sindicale(SANITAS), calendarul comun al ac\u021biunilor \u0219i mesajele aproape identice transmise public.Sindicatul trebuie s\u0103 lupte pentru membri, nu pentru scorul electoral al unui partid.Mi-ar fi pl\u0103cut transparenta total\u0103, simul\u0103ri salariale pe fiecare func\u021bie \u0219i categorie profesional\u0103, a\u0219a cum a f\u0103cut-o Carol prin poastarea calculatorului SABIF data trecut\u0103. Cu toate grilele \u0219i grupele la care ne \u00eencadr\u0103m \u0219i poate garan\u021bii scrise c\u0103 nimeni nu va pierde venituri sau drepturi.Nu vrem promisiuni politice a niciunui partid.Vrem cifre, amendamente \u0219i garan\u021bii \u00een lege.Degeaba st\u0103m noi la mas\u0103 cu ei dac\u0103 nu sunt ei la butoane.Ne vor folosi \u00een continuare ca mas\u0103 de manevr\u0103 electoral\u0103.<\/em><\/div>\n<div><em>Acesta este sentimentul membrilor mei!La mul\u021bi ani \u0219i sear\u0103 fain\u0103 v\u0103 doresc \u00een continuare!\u201d<\/em><\/div>\n<hr>\n<div class=\"bloc-widget widget-rosu\">\n<p>\u00cen lipsa unui acord scris din partea Ziarului de Vrancea, pute\u0163i prelua maxim 500 de caractere din acest articol dac\u0103 preciza\u0163i sursa \u015fi insera\u0163i vizibil link-ul articolului:\u00a0<span>#insertcurrentlinkhere<\/span><\/p>\n<\/div>\n<div class=\"extra-articol listing-anunturi\">\n<h6>Anun\u021buri <span class=\"text-primary\">ZdV<\/span> Premium<\/h6>\n<div class=\"row\">\n<div class=\"col-lg-4 col-md-6 bloc-egal\"><a class=\"card-anunt\" href=\"https:\/\/ziaruldevrancea.ro\/anunturi\/imobiliare\/vanzari-terenuri\/vand-teren-in-panciu\"><strong class=\"titlu\">V\u00e2nz\u0103ri terenuri<\/strong><span class=\"text-anunt\">Teren Panciu 1170 mp, cu num\u0103r cas\u0103, ap\u0103&#8230;<\/span><span class=\"data-anunt\">29.07.2026  <\/span><\/a><\/div>\n<div class=\"col-lg-4 col-md-6 bloc-egal\"><a class=\"card-anunt\" href=\"https:\/\/ziaruldevrancea.ro\/anunturi\/altele\/anulare-acte\/vand-scrumbii-afumate-capturi-dunare\"><strong class=\"titlu\">Vanzari diverse<\/strong><span class=\"text-anunt\">Pret : 117 lei \/ kg . \u00a0 Este&#8230;<\/span><span class=\"data-anunt\">29.07.2026 , Gala\u021bi , Gala\u021bi<\/span><\/a><\/div>\n<div class=\"col-lg-4 col-md-6 bloc-egal\"><a class=\"card-anunt\" href=\"https:\/\/ziaruldevrancea.ro\/anunturi\/imobiliare\/vanzari-case\/vand-casa-si-teren-in-panciu-anunt-72818\"><strong class=\"titlu\">V\u00e2nz\u0103ri case<\/strong><span class=\"text-anunt\">V\u00e2nd cas\u0103 cu 2 camere, buc\u0103t\u0103rie, baie,&#8230;<\/span><span class=\"data-anunt\">23.07.2026  <\/span><\/a><\/div>\n<\/div>\n<\/div>\n<div class=\"extra-articol alte-articole\">\n<div class=\"row\">\n<div class=\"col-lg-6 bloc-egal\">\n<div class=\"card articol-listing\">\n<h6>\u00cen categoria <a href=\"https:\/\/ziaruldevrancea.ro\/special\/social\">Social<\/a><\/h6>\n<div class=\"grup-articol-listing\">\n<div class=\"cont-pils\"><a href=\"https:\/\/ziaruldevrancea.ro\/special\/social\/vrancea-53-de-centre-rezidentiale-verificate-in-trimestrul-al-ii-lea-din-2026\"><img decoding=\"async\" src=\"https:\/\/zdvi.cname.ro\/180_135\/special\/social\/vrancea-53-de-centre-rezidentiale-verificate-in-trimestrul-al-ii-lea-din-2026\/mediaPool\/uoG7mJs.jpg\" class=\"img-responsive img-180\" alt><\/a><\/div>\n<h2><a class=\"link-titlu\" href=\"https:\/\/ziaruldevrancea.ro\/special\/social\/vrancea-53-de-centre-rezidentiale-verificate-in-trimestrul-al-ii-lea-din-2026\">Vrancea: 53 de centre reziden\u021biale verificate \u00een trimestrul al II-lea din 2026<\/a><\/h2>\n<div class=\"date-post\"><a href=\"https:\/\/ziaruldevrancea.ro\/autor\/mircea-pavel\">Mircea Pavel<\/a>,  1 aug 2026  <\/div>\n<\/div>\n<div class=\"grup-articol-listing\">\n<div class=\"cont-pils\"><a href=\"https:\/\/ziaruldevrancea.ro\/special\/social\/misiune-contracronometru-la-focsani-un-barbat-de-70-de-ani-readus-la-viata-de-echipajul-saj-vrancea-dupa-un-stop-cardio-respirator\"><img decoding=\"async\" src=\"https:\/\/zdvi.cname.ro\/180_135\/special\/social\/misiune-contracronometru-la-focsani-un-barbat-de-70-de-ani-readus-la-viata-de-echipajul-saj-vrancea-dupa-un-stop-cardio-respirator\/mediaPool\/u6A9Isn.jpg\" class=\"img-responsive img-180\" alt><\/a><\/div>\n<h2><a class=\"link-titlu\" href=\"https:\/\/ziaruldevrancea.ro\/special\/social\/misiune-contracronometru-la-focsani-un-barbat-de-70-de-ani-readus-la-viata-de-echipajul-saj-vrancea-dupa-un-stop-cardio-respirator\">Misiune contracronometru la Foc\u0219ani: un b\u0103rbat de 70 de ani, readus la via\u021b\u0103 de echipajul SAJ Vrancea dup\u0103 un stop cardio-respirator<\/a><\/h2>\n<div class=\"date-post\"><a href=\"https:\/\/ziaruldevrancea.ro\/autor\/paul-petrache\">Paul Petrache<\/a>,  1 aug 2026  <\/div>\n<\/div>\n<div class=\"grup-articol-listing\">\n<div class=\"cont-pils\"><a href=\"https:\/\/ziaruldevrancea.ro\/special\/social\/rmn-ul-spitalului-judetean-focsani-revine-in-functiune-din-1-august\"><img decoding=\"async\" src=\"https:\/\/zdvi.cname.ro\/180_135\/special\/social\/rmn-ul-spitalului-judetean-focsani-revine-in-functiune-din-1-august\/mediaPool\/uDvgVIV.jpg\" class=\"img-responsive img-180\" alt><\/a><\/div>\n<h2><a class=\"link-titlu\" href=\"https:\/\/ziaruldevrancea.ro\/special\/social\/rmn-ul-spitalului-judetean-focsani-revine-in-functiune-din-1-august\">RMN-ul Spitalului Jude\u021bean Foc\u0219ani revine \u00een func\u021biune din 1 august<\/a><\/h2>\n<div class=\"date-post\"><a href=\"https:\/\/ziaruldevrancea.ro\/autor\/anca-vasiliu\">Anca Vasiliu<\/a>, 31 iul 2026  <\/div>\n<\/div>\n<\/div>\n<\/div>\n<div class=\"col-lg-6 bloc-egal\">\n<div class=\"card articol-listing\">\n<h6>De acela\u0219i <a href=\"https:\/\/ziaruldevrancea.ro\/autor\/mircea-pavel\/\">autor<\/a><\/h6>\n<div class=\"grup-articol-listing\">\n<div class=\"cont-pils\"><a href=\"https:\/\/ziaruldevrancea.ro\/special\/politica\/prefectul-vrancei-liviu-macovei-despre-reorganizarea-teatrului-maior-gheorghe-pastia-institutia-prefectului-va-analiza-hotararea-exclusiv-in-limitele-legii\"><img decoding=\"async\" src=\"https:\/\/zdvi.cname.ro\/180_135\/special\/politica\/prefectul-vrancei-liviu-macovei-despre-reorganizarea-teatrului-maior-gheorghe-pastia-institutia-prefectului-va-analiza-hotararea-exclusiv-in-limitele-legii\/mediaPool\/uN8hOaH.jpg\" class=\"img-responsive img-180\" alt><\/a><\/div>\n<h2><a class=\"link-titlu\" href=\"https:\/\/ziaruldevrancea.ro\/special\/politica\/prefectul-vrancei-liviu-macovei-despre-reorganizarea-teatrului-maior-gheorghe-pastia-institutia-prefectului-va-analiza-hotararea-exclusiv-in-limitele-legii\">Prefectul Vrancei, Liviu Macovei, despre reorganizarea Teatrului \u201eMaior Gheorghe Pastia\u201d: \u201eInstitu\u021bia Prefectului va analiza hot\u0103r\u00e2rea exclusiv \u00een limitele legii\u201d<\/a><\/h2>\n<div class=\"date-post\"><a href=\"https:\/\/ziaruldevrancea.ro\/autor\/mircea-pavel\">Mircea Pavel<\/a>,  1 aug 2026  <\/div>\n<\/div>\n<div class=\"grup-articol-listing\">\n<div class=\"cont-pils\"><a href=\"https:\/\/ziaruldevrancea.ro\/actualitatea\/stiri-locale\/nunta-de-amploare-de-la-homocea-a-intrat-si-in-atentia-presei-nationale\"><img decoding=\"async\" src=\"https:\/\/zdvi.cname.ro\/180_135\/actualitatea\/stiri-locale\/nunta-de-amploare-de-la-homocea-a-intrat-si-in-atentia-presei-nationale\/mediaPool\/u470lZ0.jpg\" class=\"img-responsive img-180\" alt><\/a><\/div>\n<h2><a class=\"link-titlu\" href=\"https:\/\/ziaruldevrancea.ro\/actualitatea\/stiri-locale\/nunta-de-amploare-de-la-homocea-a-intrat-si-in-atentia-presei-nationale\">Nunta de amploare de la Homocea a intrat \u0219i \u00een aten\u021bia presei na\u021bionale<\/a><\/h2>\n<div class=\"date-post\"><a href=\"https:\/\/ziaruldevrancea.ro\/autor\/mircea-pavel\">Mircea Pavel<\/a>,  1 aug 2026  <\/div>\n<\/div>\n<div class=\"grup-articol-listing\">\n<div class=\"cont-pils\"><a href=\"https:\/\/ziaruldevrancea.ro\/actualitatea\/viata-satului\/vrancea-apia-reaminteste-rentierilor-agricoli-ca-31-august-este-termenul-limita-pentru-vizarea-carnetelor-si-depunerea-documentelor\"><img decoding=\"async\" src=\"https:\/\/zdvi.cname.ro\/180_135\/actualitatea\/viata-satului\/vrancea-apia-reaminteste-rentierilor-agricoli-ca-31-august-este-termenul-limita-pentru-vizarea-carnetelor-si-depunerea-documentelor\/mediaPool\/ungKVmY.jpg\" class=\"img-responsive img-180\" alt><\/a><\/div>\n<h2><a class=\"link-titlu\" href=\"https:\/\/ziaruldevrancea.ro\/actualitatea\/viata-satului\/vrancea-apia-reaminteste-rentierilor-agricoli-ca-31-august-este-termenul-limita-pentru-vizarea-carnetelor-si-depunerea-documentelor\">Vrancea: APIA reaminte\u0219te rentierilor agricoli c\u0103 31 august este termenul-limit\u0103 pentru vizarea carnetelor \u0219i depunerea documentelor<\/a><\/h2>\n<div class=\"date-post\"><a href=\"https:\/\/ziaruldevrancea.ro\/autor\/mircea-pavel\">Mircea Pavel<\/a>, 31 iul 2026  <\/div>\n<\/div>\n<\/div>\n<\/div>\n<\/div>\n<\/div>\n<div class=\"extra-articol listing-anunturi\">\n<h6>Anun\u021buri <span class=\"text-primary\">ZdV<\/span> Premium<\/h6>\n<div class=\"row\">\n<div class=\"col-lg-4 col-md-6 bloc-egal\"><a class=\"card-anunt\" href=\"https:\/\/ziaruldevrancea.ro\/anunturi\/angajari\/cereri-angajari\/doresc-angajare-anunt-72815\"><strong class=\"titlu\">Cereri<\/strong><span class=\"text-anunt\">Doresc s\u0103 am grij\u0103 de un copil de gradini\u021b\u0103&#8230;<\/span><span class=\"data-anunt\">21.07.2026  <\/span><\/a><\/div>\n<div class=\"col-lg-4 col-md-6 bloc-egal\"><a class=\"card-anunt\" href=\"https:\/\/ziaruldevrancea.ro\/anunturi\/inchirieri\/locuinte-oferte\/primesc-in-gazda-anunt-72816\"><strong class=\"titlu\">Locuin\u021be oferte<\/strong><span class=\"text-anunt\">\u00a0Primesc \u00een gazd\u0103 la cas\u0103.<\/p>\n<p>Tel&#8230;.<\/span><span class=\"data-anunt\">21.07.2026  <\/span><\/a><\/div>\n<div class=\"col-lg-4 col-md-6 bloc-egal\"><a class=\"card-anunt\" href=\"https:\/\/ziaruldevrancea.ro\/anunturi\/inchirieri\/locuinte-oferte\/primesc-in-gazda-anunt-72817\"><strong class=\"titlu\">Locuin\u021be oferte<\/strong><span class=\"text-anunt\">Primesc \u00een gazd\u0103 la bloc o elev\u0103. <\/p>\n<p>Tel&#8230;.<\/span><span class=\"data-anunt\">21.07.2026  <\/span><\/a><\/div>\n<\/div>\n<\/div>\n<div class=\"bloc-widget widget-albastru\">\n    Ziarul de Vrancea \u00a0nu este responsabil juridic pentru con\u0163inutul textelor din comentariile de mai jos. Responsabilitatea pentru mesajele dumneavoastra v\u0103 revine \u00een exclusivitate.\n<\/div>\n<div class=\"comentarii-articol\" id=\"comentarii\">\n<h3>Comentarii: <span class=\"text-primary\">0<\/span><\/h3>\n<p><a href=\"https:\/\/ziaruldevrancea.ro\/special\/social\/lider-sindical-din-saj-vrancea-nu-vrem-promisiuni-politice-vrem-garantii-in-legea-salarizarii\" class=\"btn btn-success btn-adauga-com\" data-toggle=\"modal\" data-parent=\"0\" data-target=\"#commentModal\">Adaug\u0103 comentariu<\/a><\/p>\n<div class=\"loadMask comments-mask\"><img decoding=\"async\" src=\"https:\/\/zdvs.cname.ro\/images\/loader_40.gif\"><\/div>\n<div class=\"comenteaza-jos\">Trebuie s\u0103 fii <a href=\"https:\/\/ziaruldevrancea.ro\/account\">autentificat<\/a> pentru a putea <a href=\"https:\/\/ziaruldevrancea.ro\/special\/social\/lider-sindical-din-saj-vrancea-nu-vrem-promisiuni-politice-vrem-garantii-in-legea-salarizarii\" class data-toggle=\"modal\" data-parent=\"0\" data-target=\"#commentModal\">posta un comentariu<\/a>.<\/div>\n<\/div>\n<div class=\"modal fade\" id=\"commentModal\" role=\"dialog\" aria-labelledby=\"commentModalLabel\">\n<div class=\"modal-dialog modal-lg\" role=\"document\">\n<div class=\"modal-content\">\n<div class=\"modal-header\">\n<h3 class=\"modal-title\" id=\"commentModalLabel\">Comenteaz\u0103<\/h3>\n<\/div>\n<div class=\"modal-body\">\n<div class=\"tabel tabel-full\">\n<div class=\"celula\">\n              Trebuie s\u0103 fii <a href=\"https:\/\/ziaruldevrancea.ro\/account\">autentificat<\/a> pentru a putea posta un comentariu.\n            <\/div>\n<\/div>\n<\/div>\n<div class=\"modal-footer\">\n<div id=\"commentPending\" class=\"formPending pull-left\"><img decoding=\"async\" src=\"https:\/\/zdvs.cname.ro\/images\/loader_40.gif\"> In curs de procesare&#8230;<\/div>\n<p><a href=\"https:\/\/ziaruldevrancea.ro\/special\/social\/lider-sindical-din-saj-vrancea-nu-vrem-promisiuni-politice-vrem-garantii-in-legea-salarizarii\" class=\"btn btn-default\" data-dismiss=\"modal\">Anuleaz\u0103<\/a><\/div>\n<\/div>\n<\/div>\n<\/div>\n<div class=\"modal fade\" id=\"commentReportModal\" role=\"dialog\" aria-labelledby=\"commentReportModalLabel\">\n<div class=\"modal-dialog modal-lg\" role=\"document\">\n<div class=\"modal-content\">\n<div class=\"modal-header\">\n<h3 class=\"modal-title\" id=\"commentReportModalLabel\">Raporteaza comentariu<\/h3>\n<\/div>\n<div class=\"modal-body\">\n<div class=\"tabel tabel-full\">\n<div class=\"celula\">\n              Trebuie s\u0103 fii <a href=\"https:\/\/ziaruldevrancea.ro\/account\">autentificat<\/a> pentru a putea raporta un comentariu.\n            <\/div>\n<\/div>\n<\/div>\n<div class=\"modal-footer\">\n<div id=\"commentReportPending\" class=\"formPending pull-left\"><img decoding=\"async\" src=\"https:\/\/zdvs.cname.ro\/images\/loader_40.gif\"> In curs de procesare&#8230;<\/div>\n<p><a href=\"https:\/\/ziaruldevrancea.ro\/special\/social\/lider-sindical-din-saj-vrancea-nu-vrem-promisiuni-politice-vrem-garantii-in-legea-salarizarii\" class=\"btn btn-default\" data-dismiss=\"modal\">Anuleaz\u0103<\/a><\/div>\n<\/div>\n<\/div>\n<\/div>\n<div class=\"modal fade\" id=\"commentLikeModal\" role=\"dialog\" aria-labelledby=\"commentLikeModalLabel\">\n<div class=\"modal-dialog modal-lg\" role=\"document\">\n<div class=\"modal-content\">\n<div class=\"modal-header\">\n<h3 class=\"modal-title\" id=\"commentReportModalLabel\">Apreciaza comentariu<\/h3>\n<\/div>\n<div class=\"modal-body\">\n<div class=\"tabel tabel-full\">\n<div class=\"celula\">\n            Trebuie s\u0103 fii <a href=\"https:\/\/ziaruldevrancea.ro\/account\">autentificat<\/a> pentru a putea aprecia un comentariu.\n          <\/div>\n<\/div>\n<\/div>\n<div class=\"modal-footer\"><a href=\"https:\/\/ziaruldevrancea.ro\/special\/social\/lider-sindical-din-saj-vrancea-nu-vrem-promisiuni-politice-vrem-garantii-in-legea-salarizarii\" class=\"btn btn-default\" data-dismiss=\"modal\">Anuleaz\u0103<\/a><\/div>\n<\/div>\n<\/div>\n<\/div>\n<div class=\"bloc-widget widget-rosu\"><span><small>Ziarul de Vrancea doreste ca acest site sa fie un spatiu al discutiilor civilizate, al comentariilor de bun simt. Din acest motiv, cei care posteaza comentarii la articole trebuie sa respecte urmatoarele reguli:<br \/>\n1. Sa se refere doar la articolul la care posteaza comentarii.<br \/>\n2. Sa foloseasca un limbaj civilizat, fara injurii, calomnii, comentarii antisemite, xenofobe sau rasiste.<br \/>\n3. Sunt interzise atacurile la adresa autorilor, daca acestea nu au legatura cu textul.<br \/>\n4. Username-ul sa nu fie nume de personalitati ale vietii publice sau parodieri ale acestora.<br \/>\nAutorul unui articol poate fi criticat pentru eventuale greseli, incoerenta, lipsa de documentare etc.<br \/>\nNerespectarea regulilor mentionate mai sus va duce la stergerea comentariilor, fara avertisment si fara explicatii.<br \/>\nAbaterile repetate vor avea drept consecinta interdictia accesului la aceasta facilitate a site-ului.<\/small><\/span><\/div>\n<\/div>\n<p>[analyse_source url=&#8221;https:\/\/ziaruldevrancea.ro\/special\/social\/lider-sindical-din-saj-vrancea-nu-vrem-promisiuni-politice-vrem-garantii-in-legea-salarizarii&#8221;]<\/p>\n","protected":false},"excerpt":{"rendered":"<p>[analyse_image type=&#8221;featured&#8221; src=&#8221;https:\/\/zdvi.cname.ro\/_\/lider-sindical-din-saj-vrancea-nu-vrem-promisiuni-politice-vrem-garantii-in-legea-salarizarii\/mediaPool\/uFwhJDT.jpeg&#8221;] Social Lider sindical din SAJ Vrancea: \u201eNu vrem promisiuni politice, vrem garan\u021bii \u00een legea salariz\u0103rii\u201d Distribuie: \u00a0 | Mircea Pavel 21 iul 20261008 vizualiz\u0103ri Liderul Sindicatului Liber \u201eAmbulan\u021ba\u201d Vrancea, Ionu\u021b B\u0103lan \u200bIonu\u021b B\u0103lan, liderul sindicatului Ambulan\u021ba din cadrul Serviciului de Ambulan\u021b\u0103 Jude\u021bean Vrancea, sus\u021bine c\u0103 dezbaterea privind noua lege a salariz\u0103rii trebuie [&hellip;]<\/p>\n","protected":false},"author":1,"featured_media":0,"comment_status":"open","ping_status":"","sticky":false,"template":"","format":"standard","meta":{"footnotes":""},"categories":[89],"tags":[226,208],"class_list":["post-2073198","post","type-post","status-publish","format-standard","hentry","category-romania","tag-crawlmanager","tag-ziaruldevrancea-ro"],"_links":{"self":[{"href":"https:\/\/analyse.optim.biz\/index.php?rest_route=\/wp\/v2\/posts\/2073198","targetHints":{"allow":["GET"]}}],"collection":[{"href":"https:\/\/analyse.optim.biz\/index.php?rest_route=\/wp\/v2\/posts"}],"about":[{"href":"https:\/\/analyse.optim.biz\/index.php?rest_route=\/wp\/v2\/types\/post"}],"author":[{"embeddable":true,"href":"https:\/\/analyse.optim.biz\/index.php?rest_route=\/wp\/v2\/users\/1"}],"replies":[{"embeddable":true,"href":"https:\/\/analyse.optim.biz\/index.php?rest_route=%2Fwp%2Fv2%2Fcomments&post=2073198"}],"version-history":[{"count":0,"href":"https:\/\/analyse.optim.biz\/index.php?rest_route=\/wp\/v2\/posts\/2073198\/revisions"}],"wp:attachment":[{"href":"https:\/\/analyse.optim.biz\/index.php?rest_route=%2Fwp%2Fv2%2Fmedia&parent=2073198"}],"wp:term":[{"taxonomy":"category","embeddable":true,"href":"https:\/\/analyse.optim.biz\/index.php?rest_route=%2Fwp%2Fv2%2Fcategories&post=2073198"},{"taxonomy":"post_tag","embeddable":true,"href":"https:\/\/analyse.optim.biz\/index.php?rest_route=%2Fwp%2Fv2%2Ftags&post=2073198"}],"curies":[{"name":"wp","href":"https:\/\/api.w.org\/{rel}","templated":true}]}}