{"id":2073197,"date":"2026-07-31T00:00:00","date_gmt":"2026-07-30T21:00:00","guid":{"rendered":"https:\/\/analyse.optim.biz\/?p=2073197"},"modified":"2026-07-31T00:00:00","modified_gmt":"2026-07-30T21:00:00","slug":"video-concediile-medicale-in-vrancea-ce-s-a-schimbat-din-1-iunie-2026-si-cum-se-face-decontarea-indemnizatiilor","status":"publish","type":"post","link":"https:\/\/analyse.optim.biz\/?p=2073197","title":{"rendered":"VIDEO | Concediile medicale \u00een Vrancea: ce s-a schimbat din 1 iunie 2026 \u0219i cum se face decontarea indemniza\u021biilor"},"content":{"rendered":"<p>[analyse_image type=&#8221;featured&#8221; src=&#8221;https:\/\/zdvi.cname.ro\/_\/video-concediile-medicale-in-vrancea-ce-s-a-schimbat-din-1-iunie-2026-si-cum-se-face-decontarea-indemnizatiilor\/mediaPool\/uIvvNTh.jpg&#8221;]<\/p>\n<div class=\"main-content detaliu-articol\"><a class=\"titlu-cat-list\" href=\"https:\/\/ziaruldevrancea.ro\/special\/social\">Social<\/a><\/p>\n<h1>VIDEO | Concediile medicale \u00een Vrancea: ce s-a schimbat din 1 iunie 2026 \u0219i cum se face decontarea indemniza\u021biilor<\/h1>\n<div class=\"date-articol clearfix\">\n<div class=\"distribuie-articol dropdown\">\n    Distribuie: \u00a0<br \/>\n    <em>|<\/em><\/div>\n<div class=\"autor-articol\"><a href=\"https:\/\/ziaruldevrancea.ro\/autor\/anca-vasiliu\/\"><img decoding=\"async\" class=\"img-circle\" src=\"https:\/\/zdvi.cname.ro\/50_50\/articleAuthor\/anca-vasiliu\/articleAuthor\/u3OxgX4.PNG\" alt><\/a><\/p>\n<h5><a href=\"https:\/\/ziaruldevrancea.ro\/autor\/anca-vasiliu\/\">Anca Vasiliu<\/a><\/h5>\n<div class=\"grup-spatiere\"><span class=\"cu-spatiere\">31 iul 2026<\/span><span class=\"cu-spatiere\">596 vizualiz\u0103ri<\/span><\/div>\n<\/div>\n<\/div>\n<div class=\"poza-mare\"><a href class=\"openGallery\"><img decoding=\"async\" class=\"img-responsive\" src=\"https:\/\/zdvi.cname.ro\/850_530\/video-concediile-medicale-in-vrancea-ce-s-a-schimbat-din-1-iunie-2026-si-cum-se-face-decontarea-indemnizatiilor\/article\/mediaPool\/uIvvNTh.jpg\" alt><\/a><\/div>\n<p><strong>Informarea CAS, prezentat\u0103 \u00een Colegiul Prefectural.<\/strong><\/p>\n<p><strong>Casa de Asigur\u0103ri de S\u0103n\u0103tate Vrancea a prezentat \u00een \u0219edin\u021ba Colegiului Prefectural din 30 iulie 2026 o analiz\u0103 privind decontarea concediilor \u0219i indemniza\u021biilor de asigur\u0103ri sociale de s\u0103n\u0103tate, noile reguli aplicabile din aceast\u0103 var\u0103 \u0219i evolu\u021bia pl\u0103\u021bilor c\u0103tre angajatori.<\/strong><\/p>\n<hr>\n<p><strong>Concediile medicale \u00een Vrancea: ce s-a schimbat din 1 iunie 2026 \u0219i cum se face decontarea indemniza\u021biilor. Informarea CAS, prezentat\u0103 \u00een Colegiul Prefectural<\/strong><\/p>\n<p><strong>VIDEO:<a href=\"https:\/\/www.youtube.com\/@atlastvvrancea\" target=\"_blank\">vrancea atlastv<\/a><\/strong><\/p>\n<div class=\"video-embed\"><iframe loading=\"lazy\" frameborder height=\"560\" scrolling=\"no\" src=\"https:\/\/www.youtube.com\/embed\/lnSOqqcngZk?si=iaBjeJ-LEtGVnkM-\" width=\"100%\"><\/iframe><\/div>\n<p>\u00a0<\/p>\n<p>Modalitatea de decontare a concediilor \u0219i indemniza\u021biilor de asigur\u0103ri sociale de s\u0103n\u0103tate a fost unul dintre subiectele analizate \u00een \u0219edin\u021ba Colegiului Prefectural Vrancea desf\u0103\u0219urat\u0103 joi, 30 iulie 2026. Casa de Asigur\u0103ri de S\u0103n\u0103tate (CAS) Vrancea a prezentat un material care sintetizeaz\u0103 at\u00e2t cadrul legal aplicabil, c\u00e2t \u0219i principalele modific\u0103ri introduse \u00eencep\u00e2nd cu 1 iunie 2026, al\u0103turi de date privind evolu\u021bia cererilor \u0219i a sumelor decontate \u00een jude\u021b.<\/p>\n<p>Potrivit documentului prezentat, activitatea CAS Vrancea \u00een domeniul concediilor medicale se desf\u0103\u0219oar\u0103 \u00een baza prevederilor Ordonan\u021bei de Urgen\u021b\u0103 nr. 158\/2005 \u0219i a normelor de aplicare \u00een vigoare. Beneficiarii concediilor \u0219i indemniza\u021biilor de asigur\u0103ri sociale de s\u0103n\u0103tate sunt persoanele care \u00eendeplinesc condi\u021biile prev\u0103zute de legisla\u021bie, inclusiv salaria\u021bii, persoanele aflate \u00een raporturi de serviciu \u0219i alte categorii de asigura\u021bi.<\/p>\n<p><strong>Ce tipuri de concedii medicale sunt acoperite<\/strong><\/p>\n<p>Materialul prezentat de CAS Vrancea arat\u0103 c\u0103 sistemul de asigur\u0103ri sociale de s\u0103n\u0103tate acoper\u0103 mai multe categorii de concedii medicale, printre care:<\/p>\n<ul>\n<li>concedii pentru incapacitate temporar\u0103 de munc\u0103;<\/li>\n<li>concedii pentru prevenirea \u00eemboln\u0103virilor \u0219i recuperarea capacit\u0103\u021bii de munc\u0103;<\/li>\n<li>concedii de maternitate;<\/li>\n<li>concedii pentru \u00eengrijirea copilului bolnav;<\/li>\n<li>concedii pentru \u00eengrijirea pacientului cu afec\u021biuni oncologice;<\/li>\n<li>concedii de risc maternal.<\/li>\n<\/ul>\n<p>Pentru acordarea acestor drepturi, beneficiarii trebuie s\u0103 \u00eendeplineasc\u0103 stagiul minim de asigurare \u0219i celelalte condi\u021bii prev\u0103zute de lege, cu excep\u021biile stabilite pentru anumite situa\u021bii medicale urgente.<\/p>\n<p><strong>Modific\u0103rile intrate \u00een vigoare de la 1 iunie 2026<\/strong><\/p>\n<p>Una dintre cele mai importante nout\u0103\u021bi prezentate \u00een informare vizeaz\u0103 modul de calcul al indemniza\u021biei pentru concediile medicale acordate f\u0103r\u0103 \u00eentrerupere pentru aceea\u0219i afec\u021biune.<\/p>\n<p>Conform noilor prevederi, indemniza\u021bia se calculeaz\u0103 \u0219i se pl\u0103te\u0219te cu diminuarea aferent\u0103 unei singure zile, indiferent de num\u0103rul certificatelor medicale succesive emise pentru aceea\u0219i boal\u0103.<\/p>\n<p>Totodat\u0103, regula privind neplata primei zile nu se aplic\u0103 \u00een cazul:<\/p>\n<ul>\n<li>concediilor de maternitate;<\/li>\n<li>concediilor pentru \u00eengrijirea pacien\u021bilor oncologici;<\/li>\n<li>concediilor de risc maternal;<\/li>\n<li>concediilor acordate \u00een cadrul programelor na\u021bionale de s\u0103n\u0103tate;<\/li>\n<li>concediilor medicale acordate pe perioada spitaliz\u0103rii.<\/li>\n<\/ul>\n<p><strong>Cum se pl\u0103tesc indemniza\u021biile<\/strong><\/p>\n<p>CAS Vrancea precizeaz\u0103 c\u0103, \u00een cazul bolilor obi\u0219nuite:<\/p>\n<ul>\n<li>prima zi de concediu medical nu mai este pl\u0103tit\u0103;<\/li>\n<li>zilele 2-6 sunt suportate de angajator;<\/li>\n<li>\u00eencep\u00e2nd cu ziua a \u0219aptea, indemniza\u021bia este suportat\u0103 din Fondul Na\u021bional Unic de Asigur\u0103ri Sociale de S\u0103n\u0103tate (FNUASS).<\/li>\n<\/ul>\n<p>\u00cen func\u021bie de durata concediului, indemniza\u021bia reprezint\u0103:<\/p>\n<ul>\n<li>55% din baza de calcul pentru primele p\u00e2n\u0103 la 7 zile;<\/li>\n<li>65% pentru perioada cuprins\u0103 \u00eentre 8 \u0219i 14 zile;<\/li>\n<li>75% pentru concedii de minimum 15 zile.<\/li>\n<\/ul>\n<p>Exist\u0103 \u00eens\u0103 situa\u021bii speciale \u2013 precum urgen\u021bele medico-chirurgicale, accidentele de munc\u0103, carantina sau sarcina \u0219i l\u0103uzia \u2013 \u00een care procentul poate ajunge la 85% sau chiar la 100%, conform prevederilor legale.<\/p>\n<p><strong>Tendin\u021be \u00een jude\u021bul Vrancea: mai pu\u021bine certificate, dar sume mai mari decontate<\/strong><\/p>\n<p>Datele prezentate de CAS Vrancea eviden\u021biaz\u0103 o sc\u0103dere a num\u0103rului certificatelor medicale depuse spre decontare.<\/p>\n<p>\u00cen luna mai 2026 au fost \u00eenregistrate 10.683 certificate de concediu medical, fa\u021b\u0103 de 14.065 \u00een mai 2025 \u0219i 15.348 \u00een mai 2024.<\/p>\n<p>De asemenea, num\u0103rul zilelor de presta\u021bii suportate din FNUASS a sc\u0103zut la 80.486 \u00een mai 2026, comparativ cu 92.480 \u00een aceea\u0219i lun\u0103 a anului precedent \u0219i 116.695 \u00een mai 2024.<\/p>\n<p>\u00cen schimb, valoarea sumelor decontate a crescut, ajung\u00e2nd la 16.189.115 lei \u00een mai 2026, fa\u021b\u0103 de 12.644.848 lei \u00een mai 2025 \u0219i 12.197.354 lei \u00een mai 2024. Potrivit explica\u021biilor institu\u021biei, aceast\u0103 evolu\u021bie este influen\u021bat\u0103 de ritmul aprob\u0103rii cererilor, de finalizarea verific\u0103rilor administrative \u0219i de disponibilitatea fondurilor alocate prin FNUASS, nu doar de concediile aferente perioadei analizate.<\/p>\n<p><strong>\u00cen ce termen se fac pl\u0103\u021bile<\/strong><\/p>\n<p>CAS Vrancea precizeaz\u0103 c\u0103 pl\u0103\u021bile aferente cererilor aprobate se efectueaz\u0103 \u00een termen de p\u00e2n\u0103 la 60 de zile de la depunerea solicit\u0103rii de restituire, \u00een limita creditelor bugetare aprobate.<\/p>\n<p>Institu\u021bia mai arat\u0103 c\u0103, la data de 30 iunie 2026, fondurile aprobate prin buget au permis achitarea tuturor solicit\u0103rilor de recuperare \u00eenregistrate la CAS Vrancea p\u00e2n\u0103 la nivelul lunii octombrie 2025. Totodat\u0103, lunar sunt solicitate c\u0103tre CNAS fonduri suplimentare, \u00een func\u021bie de necesarul existent \u0219i de limitele bugetare aprobate.<\/p>\n<p><strong>Anca Vasiliu\u00a0<\/strong><\/p>\n<hr>\n<div class=\"bloc-widget widget-rosu\">\n<p>\u00cen lipsa unui acord scris din partea Ziarului de Vrancea, pute\u0163i prelua maxim 500 de caractere din acest articol dac\u0103 preciza\u0163i sursa \u015fi insera\u0163i vizibil link-ul articolului:\u00a0<span>#insertcurrentlinkhere<\/span><\/p>\n<\/div>\n<div class=\"extra-articol listing-anunturi\">\n<h6>Anun\u021buri <span class=\"text-primary\">ZdV<\/span> Premium<\/h6>\n<div class=\"row\">\n<div class=\"col-lg-4 col-md-6 bloc-egal\"><a class=\"card-anunt\" href=\"https:\/\/ziaruldevrancea.ro\/anunturi\/imobiliare\/vanzari-terenuri\/vand-teren-in-panciu\"><strong class=\"titlu\">V\u00e2nz\u0103ri terenuri<\/strong><span class=\"text-anunt\">Teren Panciu 1170 mp, cu num\u0103r cas\u0103, ap\u0103&#8230;<\/span><span class=\"data-anunt\">29.07.2026  <\/span><\/a><\/div>\n<div class=\"col-lg-4 col-md-6 bloc-egal\"><a class=\"card-anunt\" href=\"https:\/\/ziaruldevrancea.ro\/anunturi\/altele\/anulare-acte\/vand-scrumbii-afumate-capturi-dunare\"><strong class=\"titlu\">Vanzari diverse<\/strong><span class=\"text-anunt\">Pret : 117 lei \/ kg . \u00a0 Este&#8230;<\/span><span class=\"data-anunt\">29.07.2026 , Gala\u021bi , Gala\u021bi<\/span><\/a><\/div>\n<div class=\"col-lg-4 col-md-6 bloc-egal\"><a class=\"card-anunt\" href=\"https:\/\/ziaruldevrancea.ro\/anunturi\/imobiliare\/vanzari-case\/vand-casa-si-teren-in-panciu-anunt-72818\"><strong class=\"titlu\">V\u00e2nz\u0103ri case<\/strong><span class=\"text-anunt\">V\u00e2nd cas\u0103 cu 2 camere, buc\u0103t\u0103rie, baie,&#8230;<\/span><span class=\"data-anunt\">23.07.2026  <\/span><\/a><\/div>\n<\/div>\n<\/div>\n<div class=\"extra-articol alte-articole\">\n<div class=\"row\">\n<div class=\"col-lg-6 bloc-egal\">\n<div class=\"card articol-listing\">\n<h6>\u00cen categoria <a href=\"https:\/\/ziaruldevrancea.ro\/special\/social\">Social<\/a><\/h6>\n<div class=\"grup-articol-listing\">\n<div class=\"cont-pils\"><a href=\"https:\/\/ziaruldevrancea.ro\/special\/social\/vrancea-53-de-centre-rezidentiale-verificate-in-trimestrul-al-ii-lea-din-2026\"><img decoding=\"async\" src=\"https:\/\/zdvi.cname.ro\/180_135\/special\/social\/vrancea-53-de-centre-rezidentiale-verificate-in-trimestrul-al-ii-lea-din-2026\/mediaPool\/uoG7mJs.jpg\" class=\"img-responsive img-180\" alt><\/a><\/div>\n<h2><a class=\"link-titlu\" href=\"https:\/\/ziaruldevrancea.ro\/special\/social\/vrancea-53-de-centre-rezidentiale-verificate-in-trimestrul-al-ii-lea-din-2026\">Vrancea: 53 de centre reziden\u021biale verificate \u00een trimestrul al II-lea din 2026<\/a><\/h2>\n<div class=\"date-post\"><a href=\"https:\/\/ziaruldevrancea.ro\/autor\/mircea-pavel\">Mircea Pavel<\/a>,  1 aug 2026  <\/div>\n<\/div>\n<div class=\"grup-articol-listing\">\n<div class=\"cont-pils\"><a href=\"https:\/\/ziaruldevrancea.ro\/special\/social\/misiune-contracronometru-la-focsani-un-barbat-de-70-de-ani-readus-la-viata-de-echipajul-saj-vrancea-dupa-un-stop-cardio-respirator\"><img decoding=\"async\" src=\"https:\/\/zdvi.cname.ro\/180_135\/special\/social\/misiune-contracronometru-la-focsani-un-barbat-de-70-de-ani-readus-la-viata-de-echipajul-saj-vrancea-dupa-un-stop-cardio-respirator\/mediaPool\/u6A9Isn.jpg\" class=\"img-responsive img-180\" alt><\/a><\/div>\n<h2><a class=\"link-titlu\" href=\"https:\/\/ziaruldevrancea.ro\/special\/social\/misiune-contracronometru-la-focsani-un-barbat-de-70-de-ani-readus-la-viata-de-echipajul-saj-vrancea-dupa-un-stop-cardio-respirator\">Misiune contracronometru la Foc\u0219ani: un b\u0103rbat de 70 de ani, readus la via\u021b\u0103 de echipajul SAJ Vrancea dup\u0103 un stop cardio-respirator<\/a><\/h2>\n<div class=\"date-post\"><a href=\"https:\/\/ziaruldevrancea.ro\/autor\/paul-petrache\">Paul Petrache<\/a>,  1 aug 2026  <\/div>\n<\/div>\n<div class=\"grup-articol-listing\">\n<div class=\"cont-pils\"><a href=\"https:\/\/ziaruldevrancea.ro\/special\/social\/rmn-ul-spitalului-judetean-focsani-revine-in-functiune-din-1-august\"><img decoding=\"async\" src=\"https:\/\/zdvi.cname.ro\/180_135\/special\/social\/rmn-ul-spitalului-judetean-focsani-revine-in-functiune-din-1-august\/mediaPool\/uDvgVIV.jpg\" class=\"img-responsive img-180\" alt><\/a><\/div>\n<h2><a class=\"link-titlu\" href=\"https:\/\/ziaruldevrancea.ro\/special\/social\/rmn-ul-spitalului-judetean-focsani-revine-in-functiune-din-1-august\">RMN-ul Spitalului Jude\u021bean Foc\u0219ani revine \u00een func\u021biune din 1 august<\/a><\/h2>\n<div class=\"date-post\"><a href=\"https:\/\/ziaruldevrancea.ro\/autor\/anca-vasiliu\">Anca Vasiliu<\/a>, 31 iul 2026  <\/div>\n<\/div>\n<\/div>\n<\/div>\n<div class=\"col-lg-6 bloc-egal\">\n<div class=\"card articol-listing\">\n<h6>De acela\u0219i <a href=\"https:\/\/ziaruldevrancea.ro\/autor\/anca-vasiliu\/\">autor<\/a><\/h6>\n<div class=\"grup-articol-listing\">\n<div class=\"cont-pils\"><a href=\"https:\/\/ziaruldevrancea.ro\/promo\/evenimente-speciale\/video--foto-41-de-elevi-din-mediul-rural-din-judetul-vrancea-recompensati-pentru-performantele-obtinute-la-evaluarea-nationala\"><img decoding=\"async\" src=\"https:\/\/zdvi.cname.ro\/180_135\/promo\/evenimente-speciale\/video--foto-41-de-elevi-din-mediul-rural-din-judetul-vrancea-recompensati-pentru-performantele-obtinute-la-evaluarea-nationala\/mediaPool\/uWHTj9m.jpeg\" class=\"img-responsive img-180\" alt><\/a><\/div>\n<h2><a class=\"link-titlu\" href=\"https:\/\/ziaruldevrancea.ro\/promo\/evenimente-speciale\/video--foto-41-de-elevi-din-mediul-rural-din-judetul-vrancea-recompensati-pentru-performantele-obtinute-la-evaluarea-nationala\">VIDEO + Foto | 41 de elevi din mediul rural din jude\u021bul Vrancea, recompensa\u021bi pentru performan\u021bele ob\u021binute la Evaluarea Na\u021bional\u0103 <\/a><\/h2>\n<div class=\"date-post\"><a href=\"https:\/\/ziaruldevrancea.ro\/autor\/anca-vasiliu\">Anca Vasiliu<\/a>, 30 iul 2026  <\/div>\n<\/div>\n<div class=\"grup-articol-listing\">\n<div class=\"cont-pils\"><a href=\"https:\/\/ziaruldevrancea.ro\/special\/educatie\/inca-o-echipa-de-elevi-ai-colegiului-national-unirea-din-focsani-pe-podium-la-festivalul-international-boovie-2026\"><img decoding=\"async\" src=\"https:\/\/zdvi.cname.ro\/180_135\/special\/educatie\/inca-o-echipa-de-elevi-ai-colegiului-national-unirea-din-focsani-pe-podium-la-festivalul-international-boovie-2026\/mediaPool\/utlFpD9.jpg\" class=\"img-responsive img-180\" alt><\/a><\/div>\n<h2><a class=\"link-titlu\" href=\"https:\/\/ziaruldevrancea.ro\/special\/educatie\/inca-o-echipa-de-elevi-ai-colegiului-national-unirea-din-focsani-pe-podium-la-festivalul-international-boovie-2026\">\u00cenc\u0103 o echip\u0103 de elevi ai Colegiului Na\u021bional \u201eUnirea\u201d din Foc\u0219ani pe podium la Festivalul Interna\u021bional Boovie 2026<\/a><\/h2>\n<div class=\"date-post\"><a href=\"https:\/\/ziaruldevrancea.ro\/autor\/anca-vasiliu\">Anca Vasiliu<\/a>, 29 iul 2026  <\/div>\n<\/div>\n<div class=\"grup-articol-listing\">\n<div class=\"cont-pils\"><a href=\"https:\/\/ziaruldevrancea.ro\/actualitatea\/stiri-locale\/doliu-la-spitalul-judetean-focsani-dr.-stelian-ghinea-medicul-radiolog-care-a-dedicat-35-de-ani-sanatatii-vrancenilor-a-incetat-din-viata-la-84-de-ani\"><img decoding=\"async\" src=\"https:\/\/zdvi.cname.ro\/180_135\/actualitatea\/stiri-locale\/doliu-la-spitalul-judetean-focsani-dr.-stelian-ghinea-medicul-radiolog-care-a-dedicat-35-de-ani-sanatatii-vrancenilor-a-incetat-din-viata-la-84-de-ani\/mediaPool\/uBkQiQj.jpg\" class=\"img-responsive img-180\" alt><\/a><\/div>\n<h2><a class=\"link-titlu\" href=\"https:\/\/ziaruldevrancea.ro\/actualitatea\/stiri-locale\/doliu-la-spitalul-judetean-focsani-dr.-stelian-ghinea-medicul-radiolog-care-a-dedicat-35-de-ani-sanatatii-vrancenilor-a-incetat-din-viata-la-84-de-ani\">Doliu la Spitalul Jude\u021bean Foc\u0219ani: Dr. Stelian Ghinea, medicul radiolog care a dedicat 35 de ani s\u0103n\u0103t\u0103\u021bii vr\u00e2ncenilor, a \u00eencetat din via\u021b\u0103 la 84 de ani<\/a><\/h2>\n<div class=\"date-post\"><a href=\"https:\/\/ziaruldevrancea.ro\/autor\/anca-vasiliu\">Anca Vasiliu<\/a>, 28 iul 2026  <\/div>\n<\/div>\n<\/div>\n<\/div>\n<\/div>\n<\/div>\n<div class=\"extra-articol listing-anunturi\">\n<h6>Anun\u021buri <span class=\"text-primary\">ZdV<\/span> Premium<\/h6>\n<div class=\"row\">\n<div class=\"col-lg-4 col-md-6 bloc-egal\"><a class=\"card-anunt\" href=\"https:\/\/ziaruldevrancea.ro\/anunturi\/angajari\/cereri-angajari\/doresc-angajare-anunt-72815\"><strong class=\"titlu\">Cereri<\/strong><span class=\"text-anunt\">Doresc s\u0103 am grij\u0103 de un copil de gradini\u021b\u0103&#8230;<\/span><span class=\"data-anunt\">21.07.2026  <\/span><\/a><\/div>\n<div class=\"col-lg-4 col-md-6 bloc-egal\"><a class=\"card-anunt\" href=\"https:\/\/ziaruldevrancea.ro\/anunturi\/inchirieri\/locuinte-oferte\/primesc-in-gazda-anunt-72816\"><strong class=\"titlu\">Locuin\u021be oferte<\/strong><span class=\"text-anunt\">\u00a0Primesc \u00een gazd\u0103 la cas\u0103.<\/p>\n<p>Tel&#8230;.<\/span><span class=\"data-anunt\">21.07.2026  <\/span><\/a><\/div>\n<div class=\"col-lg-4 col-md-6 bloc-egal\"><a class=\"card-anunt\" href=\"https:\/\/ziaruldevrancea.ro\/anunturi\/inchirieri\/locuinte-oferte\/primesc-in-gazda-anunt-72817\"><strong class=\"titlu\">Locuin\u021be oferte<\/strong><span class=\"text-anunt\">Primesc \u00een gazd\u0103 la bloc o elev\u0103. <\/p>\n<p>Tel&#8230;.<\/span><span class=\"data-anunt\">21.07.2026  <\/span><\/a><\/div>\n<\/div>\n<\/div>\n<div class=\"bloc-widget widget-albastru\">\n    Ziarul de Vrancea \u00a0nu este responsabil juridic pentru con\u0163inutul textelor din comentariile de mai jos. Responsabilitatea pentru mesajele dumneavoastra v\u0103 revine \u00een exclusivitate.\n<\/div>\n<div class=\"comentarii-articol\" id=\"comentarii\">\n<h3>Comentarii: <span class=\"text-primary\">0<\/span><\/h3>\n<p><a href=\"https:\/\/ziaruldevrancea.ro\/special\/social\/video-concediile-medicale-in-vrancea-ce-s-a-schimbat-din-1-iunie-2026-si-cum-se-face-decontarea-indemnizatiilor\" class=\"btn btn-success btn-adauga-com\" data-toggle=\"modal\" data-parent=\"0\" data-target=\"#commentModal\">Adaug\u0103 comentariu<\/a><\/p>\n<div class=\"loadMask comments-mask\"><img decoding=\"async\" src=\"https:\/\/zdvs.cname.ro\/images\/loader_40.gif\"><\/div>\n<div class=\"comenteaza-jos\">Trebuie s\u0103 fii <a href=\"https:\/\/ziaruldevrancea.ro\/account\">autentificat<\/a> pentru a putea <a href=\"https:\/\/ziaruldevrancea.ro\/special\/social\/video-concediile-medicale-in-vrancea-ce-s-a-schimbat-din-1-iunie-2026-si-cum-se-face-decontarea-indemnizatiilor\" class data-toggle=\"modal\" data-parent=\"0\" data-target=\"#commentModal\">posta un comentariu<\/a>.<\/div>\n<\/div>\n<div class=\"modal fade\" id=\"commentModal\" role=\"dialog\" aria-labelledby=\"commentModalLabel\">\n<div class=\"modal-dialog modal-lg\" role=\"document\">\n<div class=\"modal-content\">\n<div class=\"modal-header\">\n<h3 class=\"modal-title\" id=\"commentModalLabel\">Comenteaz\u0103<\/h3>\n<\/div>\n<div class=\"modal-body\">\n<div class=\"tabel tabel-full\">\n<div class=\"celula\">\n              Trebuie s\u0103 fii <a href=\"https:\/\/ziaruldevrancea.ro\/account\">autentificat<\/a> pentru a putea posta un comentariu.\n            <\/div>\n<\/div>\n<\/div>\n<div class=\"modal-footer\">\n<div id=\"commentPending\" class=\"formPending pull-left\"><img decoding=\"async\" src=\"https:\/\/zdvs.cname.ro\/images\/loader_40.gif\"> In curs de procesare&#8230;<\/div>\n<p><a href=\"https:\/\/ziaruldevrancea.ro\/special\/social\/video-concediile-medicale-in-vrancea-ce-s-a-schimbat-din-1-iunie-2026-si-cum-se-face-decontarea-indemnizatiilor\" class=\"btn btn-default\" data-dismiss=\"modal\">Anuleaz\u0103<\/a><\/div>\n<\/div>\n<\/div>\n<\/div>\n<div class=\"modal fade\" id=\"commentReportModal\" role=\"dialog\" aria-labelledby=\"commentReportModalLabel\">\n<div class=\"modal-dialog modal-lg\" role=\"document\">\n<div class=\"modal-content\">\n<div class=\"modal-header\">\n<h3 class=\"modal-title\" id=\"commentReportModalLabel\">Raporteaza comentariu<\/h3>\n<\/div>\n<div class=\"modal-body\">\n<div class=\"tabel tabel-full\">\n<div class=\"celula\">\n              Trebuie s\u0103 fii <a href=\"https:\/\/ziaruldevrancea.ro\/account\">autentificat<\/a> pentru a putea raporta un comentariu.\n            <\/div>\n<\/div>\n<\/div>\n<div class=\"modal-footer\">\n<div id=\"commentReportPending\" class=\"formPending pull-left\"><img decoding=\"async\" src=\"https:\/\/zdvs.cname.ro\/images\/loader_40.gif\"> In curs de procesare&#8230;<\/div>\n<p><a href=\"https:\/\/ziaruldevrancea.ro\/special\/social\/video-concediile-medicale-in-vrancea-ce-s-a-schimbat-din-1-iunie-2026-si-cum-se-face-decontarea-indemnizatiilor\" class=\"btn btn-default\" data-dismiss=\"modal\">Anuleaz\u0103<\/a><\/div>\n<\/div>\n<\/div>\n<\/div>\n<div class=\"modal fade\" id=\"commentLikeModal\" role=\"dialog\" aria-labelledby=\"commentLikeModalLabel\">\n<div class=\"modal-dialog modal-lg\" role=\"document\">\n<div class=\"modal-content\">\n<div class=\"modal-header\">\n<h3 class=\"modal-title\" id=\"commentReportModalLabel\">Apreciaza comentariu<\/h3>\n<\/div>\n<div class=\"modal-body\">\n<div class=\"tabel tabel-full\">\n<div class=\"celula\">\n            Trebuie s\u0103 fii <a href=\"https:\/\/ziaruldevrancea.ro\/account\">autentificat<\/a> pentru a putea aprecia un comentariu.\n          <\/div>\n<\/div>\n<\/div>\n<div class=\"modal-footer\"><a href=\"https:\/\/ziaruldevrancea.ro\/special\/social\/video-concediile-medicale-in-vrancea-ce-s-a-schimbat-din-1-iunie-2026-si-cum-se-face-decontarea-indemnizatiilor\" class=\"btn btn-default\" data-dismiss=\"modal\">Anuleaz\u0103<\/a><\/div>\n<\/div>\n<\/div>\n<\/div>\n<div class=\"bloc-widget widget-rosu\"><span><small>Ziarul de Vrancea doreste ca acest site sa fie un spatiu al discutiilor civilizate, al comentariilor de bun simt. Din acest motiv, cei care posteaza comentarii la articole trebuie sa respecte urmatoarele reguli:<br \/>\n1. Sa se refere doar la articolul la care posteaza comentarii.<br \/>\n2. Sa foloseasca un limbaj civilizat, fara injurii, calomnii, comentarii antisemite, xenofobe sau rasiste.<br \/>\n3. Sunt interzise atacurile la adresa autorilor, daca acestea nu au legatura cu textul.<br \/>\n4. Username-ul sa nu fie nume de personalitati ale vietii publice sau parodieri ale acestora.<br \/>\nAutorul unui articol poate fi criticat pentru eventuale greseli, incoerenta, lipsa de documentare etc.<br \/>\nNerespectarea regulilor mentionate mai sus va duce la stergerea comentariilor, fara avertisment si fara explicatii.<br \/>\nAbaterile repetate vor avea drept consecinta interdictia accesului la aceasta facilitate a site-ului.<\/small><\/span><\/div>\n<\/div>\n<p>[analyse_source url=&#8221;https:\/\/ziaruldevrancea.ro\/special\/social\/video-concediile-medicale-in-vrancea-ce-s-a-schimbat-din-1-iunie-2026-si-cum-se-face-decontarea-indemnizatiilor&#8221;]<\/p>\n","protected":false},"excerpt":{"rendered":"<p>[analyse_image type=&#8221;featured&#8221; src=&#8221;https:\/\/zdvi.cname.ro\/_\/video-concediile-medicale-in-vrancea-ce-s-a-schimbat-din-1-iunie-2026-si-cum-se-face-decontarea-indemnizatiilor\/mediaPool\/uIvvNTh.jpg&#8221;] Social VIDEO | Concediile medicale \u00een Vrancea: ce s-a schimbat din 1 iunie 2026 \u0219i cum se face decontarea indemniza\u021biilor Distribuie: \u00a0 | Anca Vasiliu 31 iul 2026596 vizualiz\u0103ri Informarea CAS, prezentat\u0103 \u00een Colegiul Prefectural. Casa de Asigur\u0103ri de S\u0103n\u0103tate Vrancea a prezentat \u00een \u0219edin\u021ba Colegiului Prefectural din 30 iulie 2026 o [&hellip;]<\/p>\n","protected":false},"author":1,"featured_media":0,"comment_status":"open","ping_status":"","sticky":false,"template":"","format":"standard","meta":{"footnotes":""},"categories":[89],"tags":[226,208],"class_list":["post-2073197","post","type-post","status-publish","format-standard","hentry","category-romania","tag-crawlmanager","tag-ziaruldevrancea-ro"],"_links":{"self":[{"href":"https:\/\/analyse.optim.biz\/index.php?rest_route=\/wp\/v2\/posts\/2073197","targetHints":{"allow":["GET"]}}],"collection":[{"href":"https:\/\/analyse.optim.biz\/index.php?rest_route=\/wp\/v2\/posts"}],"about":[{"href":"https:\/\/analyse.optim.biz\/index.php?rest_route=\/wp\/v2\/types\/post"}],"author":[{"embeddable":true,"href":"https:\/\/analyse.optim.biz\/index.php?rest_route=\/wp\/v2\/users\/1"}],"replies":[{"embeddable":true,"href":"https:\/\/analyse.optim.biz\/index.php?rest_route=%2Fwp%2Fv2%2Fcomments&post=2073197"}],"version-history":[{"count":0,"href":"https:\/\/analyse.optim.biz\/index.php?rest_route=\/wp\/v2\/posts\/2073197\/revisions"}],"wp:attachment":[{"href":"https:\/\/analyse.optim.biz\/index.php?rest_route=%2Fwp%2Fv2%2Fmedia&parent=2073197"}],"wp:term":[{"taxonomy":"category","embeddable":true,"href":"https:\/\/analyse.optim.biz\/index.php?rest_route=%2Fwp%2Fv2%2Fcategories&post=2073197"},{"taxonomy":"post_tag","embeddable":true,"href":"https:\/\/analyse.optim.biz\/index.php?rest_route=%2Fwp%2Fv2%2Ftags&post=2073197"}],"curies":[{"name":"wp","href":"https:\/\/api.w.org\/{rel}","templated":true}]}}