{"id":2073180,"date":"2026-08-01T13:17:43","date_gmt":"2026-08-01T10:17:43","guid":{"rendered":"https:\/\/analyse.optim.biz\/?p=2073180"},"modified":"2026-08-01T13:17:43","modified_gmt":"2026-08-01T10:17:43","slug":"antrenorul-petre-grigoras-dupa-cetatea-1932-suceava-concordia-chiajna-1-3-impactul-cu-liga-a-ii-a-pentru-unii-a-fost-un-pic-prea-mult-nu-pot-sa-le-reprosez-jucatorilor-ca-n-au-depus-efor","status":"publish","type":"post","link":"https:\/\/analyse.optim.biz\/?p=2073180","title":{"rendered":"Antrenorul Petre Grigora\u0219, dup\u0103 Cetatea 1932 Suceava \u2013 Concordia Chiajna, 1-3: Impactul cu Liga a II-a pentru unii a fost un pic prea mult. Nu pot s\u0103 le repro\u0219ez juc\u0103torilor c\u0103 n-au depus efort, a\u0219 fi mincinos"},"content":{"rendered":"<p>[analyse_image type=&#8221;featured&#8221; src=&#8221;https:\/\/www.radiotop.ro\/img\/media\/2026\/08\/csm-concordia-1.jpg&#8221;]<\/p>\n<div class=\"entry-content no-share\">\n<div class=\"content-inner \">\n<p>Antrenorul principal al Cet\u0103\u021bii 1932 Suceava, Petre Grigora\u0219, spune c\u0103 nu poate afirma c\u0103 juc\u0103torii s\u0103i nu au depus suficient efort \u00een partida de ast\u0103zi, pierdut\u0103 pe \u201dAreni\u201d cu 3-1, la pauz\u0103 2-0, \u00een prima etap\u0103 a Ligii a II-a. Totodat\u0103, domnul Grigora\u0219 a subliniat c\u0103 pentru unii juc\u0103tori impactul cu Liga a II-a a fost dur \u0219i c\u0103 echipa trebuie s\u0103 arate \u00een teren personalitate.<\/p>\n<p>La finalul partidei, antrenorul nou promovatei Cetatea a spus: \u201dDe ce mi-era fric\u0103 nu am sc\u0103pat, impactul cu Liga a II-a pentru unii a fost un pic prea mult. Am fost foarte tem\u0103tori, mai ales \u00een prima repriz\u0103 am f\u0103cut ni\u0219te gre\u0219eli extrem de simple, am luat gol repede. Din p\u0103cate, am pierdut mijlocul terenului, acolo am avut de suferit \u0219i pe mingea a doua foarte mult, \u00een prima parte, \u0219i au \u00eenscris \u0219i al doilea gol, \u0219i chiar au mai avut c\u00eeteva situa\u021bii\u2026 \u00cen prima repriz\u0103, din punctul meu de vedere, am fost dep\u0103\u0219i\u021bi aproape total. Partea a doua a fost cu totul \u0219i cu totul altceva, am reu\u0219it s\u0103 intr\u0103m \u00een joc, am f\u0103cut \u0219i unele schimb\u0103ri, am reu\u0219it s\u0103 \u00eenscriem, la 2-1 am avut trei-patru situa\u021bii care puteau s\u0103 schimbe soarta jocului, dar a\u0219a este fotbalul. Sincer, \u00eemi pare r\u0103u c\u0103 nu am reu\u0219it \u00een fa\u021ba unui public at\u00eet de numeros s\u0103 scoatem un rezultat pozitiv\u201d.<\/p>\n<p>Petre Grigora\u0219 a spus c\u0103 echipa trebuie s\u0103 fie mai curajoas\u0103 \u00een joc, afirm\u00eend: \u201dCampionatul este lung, nu putem s\u0103 ne b\u0103g\u0103m ca stru\u021bul cu capul \u00een nisip\u2026 Capul sus, s\u0103 vedem gre\u0219elile pe care le-am f\u0103cut, s\u0103 \u00eencerc\u0103m s\u0103 le evit\u0103m \u00een urm\u0103torul joc, s\u0103 avem mai mult\u0103 \u00eencredere, mai mult\u0103 determinare, mai mult\u0103 implicare, pentru c\u0103 fotbalul f\u0103r\u0103 curaj n-are ce c\u0103uta. Deci, la fotbal dac\u0103 nu ai curaj, nu ai personalitate, e\u0219ti zero. Nu pot s\u0103 le repro\u0219ez juc\u0103torilor c\u0103 nu au vrut, c\u0103 n-au depus efort, a\u0219 fi mincinos. S-a v\u0103zut dorin\u021b\u0103, dar, din p\u0103cate, din punctul de vedere al a\u0219ez\u0103rii am f\u0103cut unele gre\u0219eli care ne-au costat\u201d.<\/p>\n<\/div>\n<\/div>\n<div class=\"content-inner \">\n<p>Antrenorul principal al Cet\u0103\u021bii 1932 Suceava, Petre Grigora\u0219, spune c\u0103 nu poate afirma c\u0103 juc\u0103torii s\u0103i nu au depus suficient efort \u00een partida de ast\u0103zi, pierdut\u0103 pe \u201dAreni\u201d cu 3-1, la pauz\u0103 2-0, \u00een prima etap\u0103 a Ligii a II-a. Totodat\u0103, domnul Grigora\u0219 a subliniat c\u0103 pentru unii juc\u0103tori impactul cu Liga a II-a a fost dur \u0219i c\u0103 echipa trebuie s\u0103 arate \u00een teren personalitate.<\/p>\n<p>La finalul partidei, antrenorul nou promovatei Cetatea a spus: \u201dDe ce mi-era fric\u0103 nu am sc\u0103pat, impactul cu Liga a II-a pentru unii a fost un pic prea mult. Am fost foarte tem\u0103tori, mai ales \u00een prima repriz\u0103 am f\u0103cut ni\u0219te gre\u0219eli extrem de simple, am luat gol repede. Din p\u0103cate, am pierdut mijlocul terenului, acolo am avut de suferit \u0219i pe mingea a doua foarte mult, \u00een prima parte, \u0219i au \u00eenscris \u0219i al doilea gol, \u0219i chiar au mai avut c\u00eeteva situa\u021bii\u2026 \u00cen prima repriz\u0103, din punctul meu de vedere, am fost dep\u0103\u0219i\u021bi aproape total. Partea a doua a fost cu totul \u0219i cu totul altceva, am reu\u0219it s\u0103 intr\u0103m \u00een joc, am f\u0103cut \u0219i unele schimb\u0103ri, am reu\u0219it s\u0103 \u00eenscriem, la 2-1 am avut trei-patru situa\u021bii care puteau s\u0103 schimbe soarta jocului, dar a\u0219a este fotbalul. Sincer, \u00eemi pare r\u0103u c\u0103 nu am reu\u0219it \u00een fa\u021ba unui public at\u00eet de numeros s\u0103 scoatem un rezultat pozitiv\u201d.<\/p>\n<p>Petre Grigora\u0219 a spus c\u0103 echipa trebuie s\u0103 fie mai curajoas\u0103 \u00een joc, afirm\u00eend: \u201dCampionatul este lung, nu putem s\u0103 ne b\u0103g\u0103m ca stru\u021bul cu capul \u00een nisip\u2026 Capul sus, s\u0103 vedem gre\u0219elile pe care le-am f\u0103cut, s\u0103 \u00eencerc\u0103m s\u0103 le evit\u0103m \u00een urm\u0103torul joc, s\u0103 avem mai mult\u0103 \u00eencredere, mai mult\u0103 determinare, mai mult\u0103 implicare, pentru c\u0103 fotbalul f\u0103r\u0103 curaj n-are ce c\u0103uta. Deci, la fotbal dac\u0103 nu ai curaj, nu ai personalitate, e\u0219ti zero. Nu pot s\u0103 le repro\u0219ez juc\u0103torilor c\u0103 nu au vrut, c\u0103 n-au depus efort, a\u0219 fi mincinos. S-a v\u0103zut dorin\u021b\u0103, dar, din p\u0103cate, din punctul de vedere al a\u0219ez\u0103rii am f\u0103cut unele gre\u0219eli care ne-au costat\u201d.<\/p>\n<\/div>\n<p>[analyse_source url=&#8221;https:\/\/www.radiotop.ro\/sport\/antrenorul-petre-grigoras-dupa-cetatea-1932-suceava-concordia-chiajna-1-3-impactul-cu-liga-a-ii-a-pentru-unii-a-fost-un-pic-prea-mult-nu-pot-sa-le-reprosez-jucatorilor-ca-n-au-depus-efort-as-fi.html&#8221;]<\/p>\n","protected":false},"excerpt":{"rendered":"<p>[analyse_image type=&#8221;featured&#8221; src=&#8221;https:\/\/www.radiotop.ro\/img\/media\/2026\/08\/csm-concordia-1.jpg&#8221;] Antrenorul principal al Cet\u0103\u021bii 1932 Suceava, Petre Grigora\u0219, spune c\u0103 nu poate afirma c\u0103 juc\u0103torii s\u0103i nu au depus suficient efort \u00een partida de ast\u0103zi, pierdut\u0103 pe \u201dAreni\u201d cu 3-1, la pauz\u0103 2-0, \u00een prima etap\u0103 a Ligii a II-a. Totodat\u0103, domnul Grigora\u0219 a subliniat c\u0103 pentru unii juc\u0103tori impactul cu Liga [&hellip;]<\/p>\n","protected":false},"author":1,"featured_media":0,"comment_status":"open","ping_status":"","sticky":false,"template":"","format":"standard","meta":{"footnotes":""},"categories":[89],"tags":[226,163],"class_list":["post-2073180","post","type-post","status-publish","format-standard","hentry","category-romania","tag-crawlmanager","tag-radiotop-ro"],"_links":{"self":[{"href":"https:\/\/analyse.optim.biz\/index.php?rest_route=\/wp\/v2\/posts\/2073180","targetHints":{"allow":["GET"]}}],"collection":[{"href":"https:\/\/analyse.optim.biz\/index.php?rest_route=\/wp\/v2\/posts"}],"about":[{"href":"https:\/\/analyse.optim.biz\/index.php?rest_route=\/wp\/v2\/types\/post"}],"author":[{"embeddable":true,"href":"https:\/\/analyse.optim.biz\/index.php?rest_route=\/wp\/v2\/users\/1"}],"replies":[{"embeddable":true,"href":"https:\/\/analyse.optim.biz\/index.php?rest_route=%2Fwp%2Fv2%2Fcomments&post=2073180"}],"version-history":[{"count":0,"href":"https:\/\/analyse.optim.biz\/index.php?rest_route=\/wp\/v2\/posts\/2073180\/revisions"}],"wp:attachment":[{"href":"https:\/\/analyse.optim.biz\/index.php?rest_route=%2Fwp%2Fv2%2Fmedia&parent=2073180"}],"wp:term":[{"taxonomy":"category","embeddable":true,"href":"https:\/\/analyse.optim.biz\/index.php?rest_route=%2Fwp%2Fv2%2Fcategories&post=2073180"},{"taxonomy":"post_tag","embeddable":true,"href":"https:\/\/analyse.optim.biz\/index.php?rest_route=%2Fwp%2Fv2%2Ftags&post=2073180"}],"curies":[{"name":"wp","href":"https:\/\/api.w.org\/{rel}","templated":true}]}}