{"id":2073069,"date":"2026-08-01T10:58:54","date_gmt":"2026-08-01T07:58:54","guid":{"rendered":"https:\/\/analyse.optim.biz\/?p=2073069"},"modified":"2026-08-01T10:58:54","modified_gmt":"2026-08-01T07:58:54","slug":"peste-35-000-de-participanti-in-prima-zi-a-evenimentului-ziua-timisoarei","status":"publish","type":"post","link":"https:\/\/analyse.optim.biz\/?p=2073069","title":{"rendered":"Peste 35.000 de participan\u0163i \u00een prima zi a evenimentului Ziua Timi\u015foarei"},"content":{"rendered":"<p>[analyse_image type=&#8221;featured&#8221; src=&#8221;http:\/\/www.banatulmeu.ro\/wp-content\/uploads\/2026\/08\/Foto-Florin-Gherasim.jpeg&#8221;]<\/p>\n<div class=\"post-content-bd\">\n<p>Centrul Timi\u015foarei a fost luat cu asalt de numeroase persoane, vineri seara, de ziua ora\u015fului.\u00a0Beth Hart a electrizat publicul, iar Alexandra C\u0103pit\u0103nescu \u0219i-a s\u0103rb\u0103torit ziua de na\u0219tere al\u0103turi de mii de oameni.<\/p>\n<p>Potrivit Centrului de Proiecte al Municipiului Timi\u015foara, prima zi la Ziua Timi\u0219oarei | Timi\u0219oara City Celebration 2026 a adus \u00een ora\u0219 peste 35.000 de participan\u021bi, care au luat parte la concerte, spectacole, activit\u0103\u021bi sportive, expozi\u021bii, instala\u021bii artistice \u0219i evenimente dedicate comunit\u0103\u021bilor locale, desf\u0103\u0219urate \u00een Parcul Civic, Parcul \u0219i Bulevardul I.C. Br\u0103tianu, Zona Uszoda \u0219i \u00een cele peste 30 de loca\u021bii activate \u00een \u00eentreg ora\u0219ul.<\/p>\n<p>Momentul central al serii a fost concertul sus\u021binut de Beth Hart, aflat\u0103 pentru prima dat\u0103 la Timi\u0219oara. \u00cen fa\u021ba unui bulevard plin, artista american\u0103 a oferit un recital intens.<\/p>\n<p><em>\u201eUn ora\u0219, o mie de feluri de a-l tr\u0103i. Prin muzic\u0103 \u0219i sport, prin \u00eent\u00e2lniri \u0219i re\u00eent\u00e2lniri, prin locuri pe care le descoperim sau le redescoperim, prin emo\u021bia unor seri ca cea de ieri, al\u0103turi de Beth Hart, Alexandra C\u0103pit\u0103nescu \u0219i timi\u0219orenii de la JazzyBIT \u0219i K-lu. M\u0103 bucur s\u0103 v\u0103d a\u0219a mul\u021bi oameni, timi\u0219oreni \u0219i turi\u0219ti, au ales sa celebreze Timi\u0219oara \u00eempreun\u0103, \u00eenc\u0103 din prima zi\u201d<\/em>, a afirmat Paula Romocean, viceprimarul Timi\u0219oarei.<\/p>\n<p>Seara a \u00eenceput cu timi\u0219orenii JazzyBIT &amp; K-lu, care au deschis programul scenei principale \u0219i au dat tonul celor patru zile de s\u0103rb\u0103toare dedicate ora\u0219ului. Un alt moment special al serii i-a apar\u021binut Alexandrei C\u0103pit\u0103nescu, care \u0219i-a s\u0103rb\u0103torit ziua de na\u0219tere chiar pe scena principal\u0103.<\/p>\n<p>Dincolo de scena principal\u0103, prima zi a adus zeci de evenimente \u00een tot ora\u0219ul. Mii de participan\u021bi au descoperit programele dedicate scenei muzicale \u0219i creative locale din Parcul Civic \u0219i Parcul I.C. Br\u0103tianu, unde festivaluri \u0219i organiza\u021bii precum Time to Rock by FITT, Flight Festival, Psihodrom, Muzicon Hub, Guilty Corner, Embargo Hub, CODRU \u0219i JAZZx au propus concerte, instala\u021bii, showcase-uri \u0219i activit\u0103\u021bi pentru toate v\u00e2rstele. \u00cen cartiere \u0219i \u00een alte spa\u021bii culturale ale ora\u0219ului, publicul a participat la spectacole, expozi\u021bii, tururi ghidate \u0219i evenimente pentru copii.<\/p>\n<p>Unul dintre cele mai importante momente ale zilei a fost deschiderea oficial\u0103 a Turnului de Ap\u0103 din Iosefin, un eveniment mult a\u0219teptat de comunitate. Tot \u00een cadrul programului, publicul a putut descoperi instala\u021bii performative, interven\u021bii artistice \u0219i proiecte care au transformat ora\u0219ul \u00eentr-un spa\u021biu al \u00eent\u00e2lnirii dintre cultur\u0103, comunitate \u0219i patrimoniu.<\/p>\n<p>Ziua Timi\u0219oarei continu\u0103 s\u00e2mb\u0103t\u0103, 1 august, cu o nou\u0103 serie de concerte pe scena principal\u0103 de pe Bulevardul I.C. Br\u0103tianu. Publicul \u00eei va putea vedea pe Dora Gaitanovici, Satoshi, Irina Rimes \u0219i, \u00een premier\u0103 la Timi\u0219oara, pe The Script, una dintre cele mai iubite trupe pop-rock ale ultimelor dou\u0103 decenii. \u00cen Pia\u021ba Victoriei, s\u00e2mb\u0103t\u0103, 1 august \u0219i duminic\u0103, 2 august, publicul este invitat la spectacolul \u201eMeraviglia. F\u00e2nt\u00e2ni dansante, fl\u0103c\u0103ri \u0219i acroba\u021bii aeriene\u201d. \u00cen paralel, programul propune alte zeci de evenimente \u00een Parcul Civic, Parcul I.C. Br\u0103tianu, Zona Uszoda \u0219i \u00een cele peste 30 de loca\u021bii din ora\u0219, cu acces gratuit.<\/p>\n<p>Ziua Timi\u0219oarei | Timi\u0219oara City Celebration continu\u0103 p\u00e2n\u0103 \u00een 3 august sub mesajul \u201eUn ora\u0219. O mie de feluri de a-l tr\u0103i.\u201d \u0219i invit\u0103 publicul s\u0103 descopere Timi\u0219oara prin muzic\u0103, cultur\u0103, sport \u0219i experien\u021be dedicate \u00eentregii comunit\u0103\u021bi.<\/p>\n<\/div>\n<p>[analyse_source url=&#8221;https:\/\/www.banatulmeu.ro\/peste-35-000-de-participanti-in-prima-zi-a-evenimentului-ziua-timisoarei\/&#8221;]<\/p>\n","protected":false},"excerpt":{"rendered":"<p>[analyse_image type=&#8221;featured&#8221; src=&#8221;http:\/\/www.banatulmeu.ro\/wp-content\/uploads\/2026\/08\/Foto-Florin-Gherasim.jpeg&#8221;] Centrul Timi\u015foarei a fost luat cu asalt de numeroase persoane, vineri seara, de ziua ora\u015fului.\u00a0Beth Hart a electrizat publicul, iar Alexandra C\u0103pit\u0103nescu \u0219i-a s\u0103rb\u0103torit ziua de na\u0219tere al\u0103turi de mii de oameni. Potrivit Centrului de Proiecte al Municipiului Timi\u015foara, prima zi la Ziua Timi\u0219oarei | Timi\u0219oara City Celebration 2026 a adus \u00een [&hellip;]<\/p>\n","protected":false},"author":1,"featured_media":0,"comment_status":"open","ping_status":"","sticky":false,"template":"","format":"standard","meta":{"footnotes":""},"categories":[89],"tags":[204,226],"class_list":["post-2073069","post","type-post","status-publish","format-standard","hentry","category-romania","tag-banatulmeu-ro","tag-crawlmanager"],"_links":{"self":[{"href":"https:\/\/analyse.optim.biz\/index.php?rest_route=\/wp\/v2\/posts\/2073069","targetHints":{"allow":["GET"]}}],"collection":[{"href":"https:\/\/analyse.optim.biz\/index.php?rest_route=\/wp\/v2\/posts"}],"about":[{"href":"https:\/\/analyse.optim.biz\/index.php?rest_route=\/wp\/v2\/types\/post"}],"author":[{"embeddable":true,"href":"https:\/\/analyse.optim.biz\/index.php?rest_route=\/wp\/v2\/users\/1"}],"replies":[{"embeddable":true,"href":"https:\/\/analyse.optim.biz\/index.php?rest_route=%2Fwp%2Fv2%2Fcomments&post=2073069"}],"version-history":[{"count":0,"href":"https:\/\/analyse.optim.biz\/index.php?rest_route=\/wp\/v2\/posts\/2073069\/revisions"}],"wp:attachment":[{"href":"https:\/\/analyse.optim.biz\/index.php?rest_route=%2Fwp%2Fv2%2Fmedia&parent=2073069"}],"wp:term":[{"taxonomy":"category","embeddable":true,"href":"https:\/\/analyse.optim.biz\/index.php?rest_route=%2Fwp%2Fv2%2Fcategories&post=2073069"},{"taxonomy":"post_tag","embeddable":true,"href":"https:\/\/analyse.optim.biz\/index.php?rest_route=%2Fwp%2Fv2%2Ftags&post=2073069"}],"curies":[{"name":"wp","href":"https:\/\/api.w.org\/{rel}","templated":true}]}}