{"id":2073059,"date":"2026-07-30T10:20:55","date_gmt":"2026-07-30T07:20:55","guid":{"rendered":"https:\/\/analyse.optim.biz\/?p=2073059"},"modified":"2026-07-30T10:20:55","modified_gmt":"2026-07-30T07:20:55","slug":"pnl-timis-isi-completeaza-echipa-de-conducere-fostul-candidat-reper-la-primaria-timisoara-raul-olajos-devine-purtator-de-cuvant-iar-madalin-bunoiu-si-claudiu-mihalceanu-prim-vicepresedinti","status":"publish","type":"post","link":"https:\/\/analyse.optim.biz\/?p=2073059","title":{"rendered":"PNL Timi\u0219 \u00ee\u0219i completeaz\u0103 echipa de conducere. Fostul candidat REPER la Prim\u0103ria Timi\u0219oara, Raul Olajos, devine purt\u0103tor de cuv\u00e2nt, iar M\u0103d\u0103lin Bunoiu \u0219i Claudiu Mih\u0103lceanu, prim-vicepre\u0219edin\u021bi"},"content":{"rendered":"<p>[analyse_image type=&#8221;featured&#8221; src=&#8221;http:\/\/www.banatulmeu.ro\/wp-content\/uploads\/2025\/07\/IMG_0058-1-scaled-e1751548325946.jpeg&#8221;]<\/p>\n<div class=\"post-content-bd\">\n<p>PNL Timi\u0219 \u0219i-a completat echipa de conducere, \u00een urma unor numiri aprobate \u00een \u0219edin\u021ba Biroului Politic Jude\u021bean desf\u0103\u0219urat\u0103 miercuri. Astfel, Raul Olajos a fost desemnat purt\u0103tor de cuv\u00e2nt al organiza\u021biei, iar M\u0103d\u0103lin Bunoiu \u0219i Claudiu Mih\u0103lceanu au fost numi\u021bi \u00een func\u021biile de prim-vicepre\u0219edin\u021bi.<\/p>\n<p>Numirea lui Raul Olajos vine dup\u0103 un parcurs politic \u00een mai multe forma\u021biuni. Acesta a activat anterior \u00een PLUS, USR (dup\u0103 fuziunea cu PLUS) \u0219i REPER, partid din partea c\u0103ruia a candidat la Prim\u0103ria Timi\u0219oara la alegerile locale din 2024, \u00eenainte de a se \u00eenscrie \u00een PNL \u00een 2025.<\/p>\n<p>Potrivit reprezentan\u021bilor organiza\u021biei jude\u021bene, noile responsabilit\u0103\u021bi fac parte din strategia partidului pentru perioada urm\u0103toare, care pune accent pe consolidarea echipei de conducere \u0219i pe o mai bun\u0103 reprezentare a PNL \u00een jude\u021b.<\/p>\n<p><em>\u201eLe-am propus aceste responsabilit\u0103\u021bi pentru c\u0103 sunt oameni care muncesc concret, care vorbesc direct \u0219i care au demonstrat c\u0103 le pas\u0103 de ce se \u00eent\u00e2mpl\u0103 \u00een jude\u021b. Func\u021biile vin s\u0103 le dea legitimitate \u0219i instrumente ca s\u0103 poat\u0103 duce mai departe munca din teritoriu \u0219i s\u0103 reprezinte mai bine partidul \u00een public<\/em>\u201d, a declarat Marilen Pirtea, pre\u0219edintele interimar al PNL Timi\u0219.<\/p>\n<p>Conducerea PNL Timi\u0219 transmite c\u0103 \u00ee\u0219i propune s\u0103 aib\u0103 \u00een structurile de decizie oameni care cunosc problemele din comunit\u0103\u021bi, vin cu solu\u021bii \u0219i \u00ee\u0219i asum\u0103 responsabilitatea pentru deciziile luate. Totodat\u0103, organiza\u021bia sus\u021bine c\u0103 inten\u021bioneaz\u0103 s\u0103 fie mai prezent\u0103 \u00een comunit\u0103\u021bi \u0219i s\u0103 \u00ee\u0219i concentreze activitatea pe dialogul cu cet\u0103\u021benii \u0219i pe implicarea \u00een problemele locale.<\/p>\n<p>Potrivit PNL Timi\u0219, \u00een perioada urm\u0103toare accentul va fi pus pe organizarea intern\u0103, pe desemnarea oamenilor potrivi\u021bi \u00een func\u021biile de conducere \u0219i pe consolidarea unei echipe care s\u0103 func\u021bioneze eficient at\u00e2t \u00een teritoriu.<\/p>\n<\/div>\n<p>[analyse_source url=&#8221;https:\/\/www.banatulmeu.ro\/pnl-timis-isi-completeaza-echipa-de-conducere-fostul-candidat-reper-la-primaria-timisoara-raul-olajos-devine-purtator-de-cuvant-iar-madalin-bunoiu-si-claudiu-mihalceanu-prim-vicepresedinti\/&#8221;]<\/p>\n","protected":false},"excerpt":{"rendered":"<p>[analyse_image type=&#8221;featured&#8221; src=&#8221;http:\/\/www.banatulmeu.ro\/wp-content\/uploads\/2025\/07\/IMG_0058-1-scaled-e1751548325946.jpeg&#8221;] PNL Timi\u0219 \u0219i-a completat echipa de conducere, \u00een urma unor numiri aprobate \u00een \u0219edin\u021ba Biroului Politic Jude\u021bean desf\u0103\u0219urat\u0103 miercuri. Astfel, Raul Olajos a fost desemnat purt\u0103tor de cuv\u00e2nt al organiza\u021biei, iar M\u0103d\u0103lin Bunoiu \u0219i Claudiu Mih\u0103lceanu au fost numi\u021bi \u00een func\u021biile de prim-vicepre\u0219edin\u021bi. Numirea lui Raul Olajos vine dup\u0103 un parcurs politic [&hellip;]<\/p>\n","protected":false},"author":1,"featured_media":0,"comment_status":"open","ping_status":"","sticky":false,"template":"","format":"standard","meta":{"footnotes":""},"categories":[89],"tags":[204,226],"class_list":["post-2073059","post","type-post","status-publish","format-standard","hentry","category-romania","tag-banatulmeu-ro","tag-crawlmanager"],"_links":{"self":[{"href":"https:\/\/analyse.optim.biz\/index.php?rest_route=\/wp\/v2\/posts\/2073059","targetHints":{"allow":["GET"]}}],"collection":[{"href":"https:\/\/analyse.optim.biz\/index.php?rest_route=\/wp\/v2\/posts"}],"about":[{"href":"https:\/\/analyse.optim.biz\/index.php?rest_route=\/wp\/v2\/types\/post"}],"author":[{"embeddable":true,"href":"https:\/\/analyse.optim.biz\/index.php?rest_route=\/wp\/v2\/users\/1"}],"replies":[{"embeddable":true,"href":"https:\/\/analyse.optim.biz\/index.php?rest_route=%2Fwp%2Fv2%2Fcomments&post=2073059"}],"version-history":[{"count":0,"href":"https:\/\/analyse.optim.biz\/index.php?rest_route=\/wp\/v2\/posts\/2073059\/revisions"}],"wp:attachment":[{"href":"https:\/\/analyse.optim.biz\/index.php?rest_route=%2Fwp%2Fv2%2Fmedia&parent=2073059"}],"wp:term":[{"taxonomy":"category","embeddable":true,"href":"https:\/\/analyse.optim.biz\/index.php?rest_route=%2Fwp%2Fv2%2Fcategories&post=2073059"},{"taxonomy":"post_tag","embeddable":true,"href":"https:\/\/analyse.optim.biz\/index.php?rest_route=%2Fwp%2Fv2%2Ftags&post=2073059"}],"curies":[{"name":"wp","href":"https:\/\/api.w.org\/{rel}","templated":true}]}}