{"id":2073055,"date":"2026-07-30T11:21:08","date_gmt":"2026-07-30T08:21:08","guid":{"rendered":"https:\/\/analyse.optim.biz\/?p=2073055"},"modified":"2026-07-30T11:21:08","modified_gmt":"2026-07-30T08:21:08","slug":"atac-cu-bate-si-o-furca-intr-o-parcare-din-giarmata-cinci-barbati-arestati-preventiv","status":"publish","type":"post","link":"https:\/\/analyse.optim.biz\/?p=2073055","title":{"rendered":"Atac cu b\u00e2te \u0219i o furc\u0103 \u00eentr-o parcare din Giarmata: cinci b\u0103rba\u021bi, aresta\u021bi preventiv"},"content":{"rendered":"<p>[analyse_image type=&#8221;featured&#8221; src=&#8221;http:\/\/www.banatulmeu.ro\/wp-content\/uploads\/2025\/07\/IMG_0360.jpeg&#8221;]<\/p>\n<div class=\"post-content-bd\">\n<p>Cinci b\u0103rba\u021bi au fost aresta\u021bi preventiv pentru 30 de zile, dup\u0103 ce ar fi atacat trei persoane aflate \u00eentr-un autoturism parcat \u00een apropierea sensului giratoriu din localitatea Giarmata.<\/p>\n<p>Potrivit Parchetului de pe l\u00e2ng\u0103 Judec\u0103toria Timi\u0219oara, miercuri, 29 iulie, procurorul de caz a dispus punerea \u00een mi\u0219care a ac\u021biunii penale fa\u021b\u0103 de patru inculpa\u021bi pentru s\u0103v\u00e2r\u0219irea infrac\u021biunilor de lovire sau alte violen\u021be \u0219i tulburarea ordinii \u0219i lini\u0219tii publice, iar fa\u021b\u0103 de un al cincilea inculpat pentru complicitate la lovire sau alte violen\u021be \u0219i tulburarea ordinii \u0219i lini\u0219tii publice.<\/p>\n<p>Conform anchetatorilor, incidentul s-a petrecut \u00een noaptea de 28 iulie, \u00een jurul orei 00:30. Cinci b\u0103rba\u021bi, dintre care unul minor, av\u00e2nd asupra lor obiecte contondente, respectiv o furc\u0103 \u0219i b\u00e2te, s-au deplasat la un autoturism sta\u021bionat \u00eentr-o parcare neiluminat\u0103 din apropierea sensului giratoriu din Giarmata.<\/p>\n<p>Procurorii sus\u021bin c\u0103 patru dintre ace\u0219tia au agresat fizic trei b\u0103rba\u021bi, dintre care unul minor, afla\u021bi \u00een interiorul autovehiculului, lovindu-i cu obiectele contondente \u00een zona capului \u0219i a picioarelor. Victimele au suferit leziuni care au necesitat \u00eentre una \u0219i opt zile de \u00eengrijiri medicale.<\/p>\n<p>Potrivit Parchetului, cel de-al cincilea inculpat i-ar fi sprijinit pe agresori, pun\u00e2ndu-le la dispozi\u021bie mijlocul de transport \u0219i obiectele contondente folosite \u00een atac.<\/p>\n<p>Anchetatorii apreciaz\u0103 c\u0103 gravitatea faptelor este dat\u0103 de modul de comitere, num\u0103rul participan\u021bilor, implicarea unui minor, utilizarea unor obiecte contondente, violen\u021bele exercitate asupra mai multor persoane, inclusiv asupra unui minor, precum \u0219i de impactul asupra ordinii \u0219i lini\u0219tii publice.<\/p>\n<p>\u00cen aceste condi\u021bii, procurorul de caz a solicitat arestarea preventiv\u0103 pentru 30 de zile a celor cinci inculpa\u021bi, propunerea fiind admis\u0103 miercuri de judec\u0103torul de drepturi \u0219i libert\u0103\u021bi din cadrul Judec\u0103toriei Timi\u0219oara.<\/p>\n<p>Cercet\u0103rile sunt efectuate de poli\u021bi\u0219tii din cadrul IPJ Timi\u0219 \u2013 Sec\u021bia 1 Poli\u021bie Rural\u0103, sub coordonarea procurorului de caz din cadrul Parchetului de pe l\u00e2ng\u0103 Judec\u0103toria Timi\u0219oara.<\/p>\n<p>Parchetul precizeaz\u0103 c\u0103 punerea \u00een mi\u0219care a ac\u021biunii penale \u0219i arestarea preventiv\u0103 sunt m\u0103suri procesuale care nu \u00eenl\u0103tur\u0103 prezum\u021bia de nevinov\u0103\u021bie, inculpa\u021bii fiind considera\u021bi nevinova\u021bi p\u00e2n\u0103 la pronun\u021barea unei hot\u0103r\u00e2ri definitive.<\/p>\n<\/div>\n<p>[analyse_source url=&#8221;https:\/\/www.banatulmeu.ro\/atac-cu-bate-si-o-furca-intr-o-parcare-din-giarmata-cinci-barbati-arestati-preventiv\/&#8221;]<\/p>\n","protected":false},"excerpt":{"rendered":"<p>[analyse_image type=&#8221;featured&#8221; src=&#8221;http:\/\/www.banatulmeu.ro\/wp-content\/uploads\/2025\/07\/IMG_0360.jpeg&#8221;] Cinci b\u0103rba\u021bi au fost aresta\u021bi preventiv pentru 30 de zile, dup\u0103 ce ar fi atacat trei persoane aflate \u00eentr-un autoturism parcat \u00een apropierea sensului giratoriu din localitatea Giarmata. Potrivit Parchetului de pe l\u00e2ng\u0103 Judec\u0103toria Timi\u0219oara, miercuri, 29 iulie, procurorul de caz a dispus punerea \u00een mi\u0219care a ac\u021biunii penale fa\u021b\u0103 de patru [&hellip;]<\/p>\n","protected":false},"author":1,"featured_media":0,"comment_status":"open","ping_status":"","sticky":false,"template":"","format":"standard","meta":{"footnotes":""},"categories":[89],"tags":[204,226],"class_list":["post-2073055","post","type-post","status-publish","format-standard","hentry","category-romania","tag-banatulmeu-ro","tag-crawlmanager"],"_links":{"self":[{"href":"https:\/\/analyse.optim.biz\/index.php?rest_route=\/wp\/v2\/posts\/2073055","targetHints":{"allow":["GET"]}}],"collection":[{"href":"https:\/\/analyse.optim.biz\/index.php?rest_route=\/wp\/v2\/posts"}],"about":[{"href":"https:\/\/analyse.optim.biz\/index.php?rest_route=\/wp\/v2\/types\/post"}],"author":[{"embeddable":true,"href":"https:\/\/analyse.optim.biz\/index.php?rest_route=\/wp\/v2\/users\/1"}],"replies":[{"embeddable":true,"href":"https:\/\/analyse.optim.biz\/index.php?rest_route=%2Fwp%2Fv2%2Fcomments&post=2073055"}],"version-history":[{"count":0,"href":"https:\/\/analyse.optim.biz\/index.php?rest_route=\/wp\/v2\/posts\/2073055\/revisions"}],"wp:attachment":[{"href":"https:\/\/analyse.optim.biz\/index.php?rest_route=%2Fwp%2Fv2%2Fmedia&parent=2073055"}],"wp:term":[{"taxonomy":"category","embeddable":true,"href":"https:\/\/analyse.optim.biz\/index.php?rest_route=%2Fwp%2Fv2%2Fcategories&post=2073055"},{"taxonomy":"post_tag","embeddable":true,"href":"https:\/\/analyse.optim.biz\/index.php?rest_route=%2Fwp%2Fv2%2Ftags&post=2073055"}],"curies":[{"name":"wp","href":"https:\/\/api.w.org\/{rel}","templated":true}]}}