{"id":2073053,"date":"2026-07-30T11:00:10","date_gmt":"2026-07-30T08:00:10","guid":{"rendered":"https:\/\/analyse.optim.biz\/?p=2073053"},"modified":"2026-07-30T11:00:10","modified_gmt":"2026-07-30T08:00:10","slug":"de-la-pompeii-la-savarsin-si-sarmizegetusa-37-de-studenti-din-13-tari-participa-la-scoala-internationala-de-vara-organizata-de-usvt","status":"publish","type":"post","link":"https:\/\/analyse.optim.biz\/?p=2073053","title":{"rendered":"De la Pompeii la S\u0103v\u00e2r\u0219in \u0219i Sarmizegetusa: 37 de studen\u021bi din 13 \u021b\u0103ri particip\u0103 la \u0218coala Interna\u021bional\u0103 de Var\u0103 organizat\u0103 de USVT"},"content":{"rendered":"<p>[analyse_image type=&#8221;featured&#8221; src=&#8221;http:\/\/www.banatulmeu.ro\/wp-content\/uploads\/2026\/07\/b82a2621-7e64-40f8-8d14-60f47335d927-e1785408621748.jpeg&#8221;]<\/p>\n<div class=\"post-content-bd\">\n<p><a class=\"pop-img-bd\" href=\"http:\/\/www.banatulmeu.ro\/wp-content\/uploads\/2026\/07\/515b2807-5224-4925-a55c-4ae21398e575-e1785409132330.jpeg\"><img loading=\"lazy\" decoding=\"async\" class=\"size-medium wp-image-188651 alignleft\" src=\"http:\/\/www.banatulmeu.ro\/wp-content\/uploads\/2026\/07\/515b2807-5224-4925-a55c-4ae21398e575-300x187.jpeg\" alt width=\"300\" height=\"187\"><\/a><\/p>\n<p><img decoding=\"async\" loading=\"lazy\" class=\"size-medium wp-image-188651 alignleft\" src=\"http:\/\/www.banatulmeu.ro\/wp-content\/uploads\/2026\/07\/515b2807-5224-4925-a55c-4ae21398e575-300x187.jpeg\" alt width=\"300\" height=\"187\">Universitatea de \u0218tiin\u021bele Vie\u021bii \u201eRegele Mihai I\u201d din Timi\u0219oara organizeaz\u0103 cea de-a XVII-a edi\u021bie a \u0218colii Interna\u021bionale de Var\u0103, desf\u0103\u0219urat\u0103 \u00een acest an sub genericul \u201eMo\u0219tenire f\u0103r\u0103 frontiere\u201d. Programul reune\u0219te 37 de participan\u021bi din 13 \u021b\u0103ri \u0219i de pe patru continente, care parcurg un itinerar educa\u021bional construit \u00een jurul unor importante repere ale patrimoniului european.<\/p>\n<p>Prima etap\u0103 a proiectului s-a desf\u0103\u0219urat la Pompeii, \u00een Italia, unde participan\u021bii au efectuat m\u0103sur\u0103tori \u0219i studii de teren \u00een cadrul unuia dintre cele mai importante situri arheologice din lume. Activit\u0103\u021bile au oferit studen\u021bilor oportunitatea de a cerceta direct vestigiile unei civiliza\u021bii care a influen\u021bat, de-a lungul timpului, \u0219i spa\u021biul rom\u00e2nesc.<\/p>\n<p>Programul a continuat \u00een Rom\u00e2nia, la Domeniul Regal S\u0103v\u00e2r\u0219in, unde participan\u021bii au fost primi\u021bi de Alte\u021ba Sa Regal\u0103 Principele Radu. Acesta le-a prezentat patrimoniul istoric \u0219i cultural al domeniului \u0219i i-a invitat s\u0103 viziteze gr\u0103dinile palatului \u0219i muzeul automobilelor de epoc\u0103 ce au apar\u021binut Regelui Mihai I.<\/p>\n<p><a class=\"pop-img-bd\" href=\"http:\/\/www.banatulmeu.ro\/wp-content\/uploads\/2026\/07\/90e1e68a-05b1-49d8-8723-1bd88d49cef5-e1785409174578.jpeg\"><img loading=\"lazy\" decoding=\"async\" class=\"size-medium wp-image-188649 alignright\" src=\"http:\/\/www.banatulmeu.ro\/wp-content\/uploads\/2026\/07\/90e1e68a-05b1-49d8-8723-1bd88d49cef5-300x170.jpeg\" alt width=\"300\" height=\"170\"><\/a><\/p>\n<p><img decoding=\"async\" loading=\"lazy\" class=\"size-medium wp-image-188649 alignright\" src=\"http:\/\/www.banatulmeu.ro\/wp-content\/uploads\/2026\/07\/90e1e68a-05b1-49d8-8723-1bd88d49cef5-300x170.jpeg\" alt width=\"300\" height=\"170\">\u00cen cadrul \u00eent\u00e2lnirii, Principele Radu a eviden\u021biat caracterul interna\u021bional al proiectului, apreciind faptul c\u0103 Universitatea de \u0218tiin\u021bele Vie\u021bii \u201eRegele Mihai I\u201d din Timi\u0219oara a reu\u0219it s\u0103 aduc\u0103 la S\u0103v\u00e2r\u0219in studen\u021bi din \u021b\u0103ri aflate la mari distan\u021be geografice de Rom\u00e2nia, precum China \u0219i Brazilia. Potrivit acestuia, ini\u021biativa demonstreaz\u0103 capacitatea educa\u021biei de a crea leg\u0103turi \u00eentre culturi \u0219i continente.<\/p>\n<p>Vizita s-a \u00eencheiat cu un concert de muzic\u0103 baroc\u0103 sus\u021binut de arti\u0219ti rom\u00e2ni \u0219i italieni, eveniment care a completat componenta cultural\u0103 a programului.<\/p>\n<p>\u00cen prezent, participan\u021bii se afl\u0103 la Ulpia Traiana Sarmizegetusa, unde desf\u0103\u0219oar\u0103 noi activit\u0103\u021bi de teren dedicate patrimoniului dacic \u0219i influen\u021belor romane. Organizatorii arat\u0103 c\u0103 traseul dintre Pompeii \u0219i Sarmizegetusa eviden\u021biaz\u0103 continuitatea valorilor istorice \u0219i culturale care au modelat patrimoniul european.<\/p>\n<p><a class=\"pop-img-bd\" href=\"http:\/\/www.banatulmeu.ro\/wp-content\/uploads\/2026\/07\/39eeb379-a01b-40d6-ae90-86842d8914d7-e1785409062624.jpeg\"><img loading=\"lazy\" decoding=\"async\" class=\"size-medium wp-image-188650 alignleft\" src=\"http:\/\/www.banatulmeu.ro\/wp-content\/uploads\/2026\/07\/39eeb379-a01b-40d6-ae90-86842d8914d7-300x171.jpeg\" alt width=\"300\" height=\"171\"><\/a><\/p>\n<p><img decoding=\"async\" loading=\"lazy\" class=\"size-medium wp-image-188650 alignleft\" src=\"http:\/\/www.banatulmeu.ro\/wp-content\/uploads\/2026\/07\/39eeb379-a01b-40d6-ae90-86842d8914d7-300x171.jpeg\" alt width=\"300\" height=\"171\">Rectorul Universit\u0103\u021bii de \u0218tiin\u021bele Vie\u021bii \u201eRegele Mihai I\u201d din Timi\u0219oara, prof. univ. dr. Cosmin Popescu, a subliniat c\u0103 educa\u021bia, cultura, arta \u0219i muzica nu cunosc frontiere, iar experien\u021bele tr\u0103ite \u00een afara s\u0103lilor de curs contribuie semnificativ la formarea participan\u021bilor.<\/p>\n<p>Sus\u021binut de Casa Regal\u0103 a Rom\u00e2niei, proiectul este prezentat de organizatori drept unul dintre cele mai importante programe de interna\u021bionalizare dezvoltate de o universitate rom\u00e2neasc\u0103, oferind participan\u021bilor ocazia de a descoperi patrimoniul \u0219i cultura Rom\u00e2niei \u00eentr-un cadru educa\u021bional \u0219i multicultural.<\/p>\n<\/div>\n<p>[analyse_source url=&#8221;https:\/\/www.banatulmeu.ro\/de-la-pompeii-la-savarsin-si-sarmizegetusa-37-de-studenti-din-13-tari-participa-la-scoala-internationala-de-vara-organizata-de-usvt\/&#8221;]<\/p>\n","protected":false},"excerpt":{"rendered":"<p>[analyse_image type=&#8221;featured&#8221; src=&#8221;http:\/\/www.banatulmeu.ro\/wp-content\/uploads\/2026\/07\/b82a2621-7e64-40f8-8d14-60f47335d927-e1785408621748.jpeg&#8221;] Universitatea de \u0218tiin\u021bele Vie\u021bii \u201eRegele Mihai I\u201d din Timi\u0219oara organizeaz\u0103 cea de-a XVII-a edi\u021bie a \u0218colii Interna\u021bionale de Var\u0103, desf\u0103\u0219urat\u0103 \u00een acest an sub genericul \u201eMo\u0219tenire f\u0103r\u0103 frontiere\u201d. Programul reune\u0219te 37 de participan\u021bi din 13 \u021b\u0103ri \u0219i de pe patru continente, care parcurg un itinerar educa\u021bional construit \u00een jurul unor importante repere [&hellip;]<\/p>\n","protected":false},"author":1,"featured_media":0,"comment_status":"open","ping_status":"","sticky":false,"template":"","format":"standard","meta":{"footnotes":""},"categories":[89],"tags":[204,226],"class_list":["post-2073053","post","type-post","status-publish","format-standard","hentry","category-romania","tag-banatulmeu-ro","tag-crawlmanager"],"_links":{"self":[{"href":"https:\/\/analyse.optim.biz\/index.php?rest_route=\/wp\/v2\/posts\/2073053","targetHints":{"allow":["GET"]}}],"collection":[{"href":"https:\/\/analyse.optim.biz\/index.php?rest_route=\/wp\/v2\/posts"}],"about":[{"href":"https:\/\/analyse.optim.biz\/index.php?rest_route=\/wp\/v2\/types\/post"}],"author":[{"embeddable":true,"href":"https:\/\/analyse.optim.biz\/index.php?rest_route=\/wp\/v2\/users\/1"}],"replies":[{"embeddable":true,"href":"https:\/\/analyse.optim.biz\/index.php?rest_route=%2Fwp%2Fv2%2Fcomments&post=2073053"}],"version-history":[{"count":0,"href":"https:\/\/analyse.optim.biz\/index.php?rest_route=\/wp\/v2\/posts\/2073053\/revisions"}],"wp:attachment":[{"href":"https:\/\/analyse.optim.biz\/index.php?rest_route=%2Fwp%2Fv2%2Fmedia&parent=2073053"}],"wp:term":[{"taxonomy":"category","embeddable":true,"href":"https:\/\/analyse.optim.biz\/index.php?rest_route=%2Fwp%2Fv2%2Fcategories&post=2073053"},{"taxonomy":"post_tag","embeddable":true,"href":"https:\/\/analyse.optim.biz\/index.php?rest_route=%2Fwp%2Fv2%2Ftags&post=2073053"}],"curies":[{"name":"wp","href":"https:\/\/api.w.org\/{rel}","templated":true}]}}