{"id":2073051,"date":"2026-07-31T10:56:29","date_gmt":"2026-07-31T07:56:29","guid":{"rendered":"https:\/\/analyse.optim.biz\/?p=2073051"},"modified":"2026-07-31T10:56:29","modified_gmt":"2026-07-31T07:56:29","slug":"timis-trei-persoane-agresate-pe-o-strada-din-giroc-dupa-un-conflict-spontan-un-tanar-de-21-de-ani-a-fost-dus-la-psihiatrie-iar-altul-este-cautat-de-politisti","status":"publish","type":"post","link":"https:\/\/analyse.optim.biz\/?p=2073051","title":{"rendered":"Timi\u0219: Trei persoane agresate pe o strad\u0103 din Giroc, dup\u0103 un conflict spontan. Un t\u00e2n\u0103r de 21 de ani a fost dus la psihiatrie, iar altul este c\u0103utat de poli\u021bi\u0219ti"},"content":{"rendered":"<p>[analyse_image type=&#8221;featured&#8221; src=&#8221;http:\/\/www.banatulmeu.ro\/wp-content\/uploads\/2023\/04\/WhatsApp-Image-2023-04-18-at-12.46.57-e1681819742862.jpeg&#8221;]<\/p>\n<div class=\"post-content-bd\">\n<p>Un b\u0103rbat de 70 de ani, fiul acestuia \u0219i un \u0219ofer care au \u00eencercat s\u0103 intervin\u0103 pentru a opri un conflict au fost agresa\u021bi pe o strada din Giroc. Unul dintre cei doi suspec\u021bi, un t\u00e2n\u0103r de 21 de ani, a fost identificat de poli\u021bi\u0219ti \u0219i transportat la Clinica de Psihiatrie \u201eEduard Pamfil\u201d din Timi\u0219oara, \u00een timp ce cel de-al doilea este c\u0103utat.<\/p>\n<p>Incidentul a avut loc \u00een 30 iulie, \u00een jurul orei 11:40. Poli\u021bi\u0219tii Sec\u021biei 2 Timi\u0219oara au fost sesiza\u021bi printr-un apel la 112 c\u0103 un b\u0103rbat ar fi fost agresat pe strada Semenic din localitatea Giroc.<\/p>\n<p>Ajun\u0219i la fa\u021ba locului, oamenii legii au stabilit c\u0103, pe fondul unui conflict spontan, un b\u0103rbat \u00een v\u00e2rst\u0103 de 70 de ani ar fi fost agresat fizic de doi tineri. Fiul victimei, care a intervenit \u00een ap\u0103rarea tat\u0103lui s\u0103u, precum \u0219i un \u0219ofer aflat \u00een trecere, care au \u00eencercat s\u0103 aplaneze conflictul, ar fi fost, la r\u00e2ndul lor, agresa\u021bi.<\/p>\n<p>\u00cen urma interven\u021biei poli\u021bi\u0219tilor, unul dintre cei doi b\u0103nui\u021bi, un t\u00e2n\u0103r de 21 de ani, a fost identificat \u0219i depistat. Acesta a fost transportat ulterior la Clinica de Psihiatrie \u201eEduard Pamfil\u201d din Timi\u0219oara. Verific\u0103rile continu\u0103 pentru depistarea celui de-al doilea suspect \u0219i luarea m\u0103surilor legale.<\/p>\n<p>Poli\u021bi\u0219tii au completat formularul de evaluare a riscului pentru a stabili dac\u0103 se impune emiterea unui ordin de protec\u021bie provizoriu. \u00cen urma evalu\u0103rii, s-a constatat c\u0103 nu exist\u0103 un risc iminent.<\/p>\n<p>\u00cen cauz\u0103, poli\u021bi\u0219tii s-au sesizat din oficiu \u0219i efectueaz\u0103 cercet\u0103ri pentru infrac\u021biunea de lovire sau alte violen\u021be, \u00een vederea stabilirii tuturor \u00eemprejur\u0103rilor \u00een care s-a produs incidentul \u0219i a dispunerii m\u0103surilor legale care se impun.<\/p>\n<\/div>\n<p>[analyse_source url=&#8221;https:\/\/www.banatulmeu.ro\/timis-trei-persoane-agresate-pe-o-strada-din-giroc-dupa-un-conflict-spontan-un-tanar-de-21-de-ani-a-fost-dus-la-psihiatrie-iar-altul-este-cautat-de-politisti\/&#8221;]<\/p>\n","protected":false},"excerpt":{"rendered":"<p>[analyse_image type=&#8221;featured&#8221; src=&#8221;http:\/\/www.banatulmeu.ro\/wp-content\/uploads\/2023\/04\/WhatsApp-Image-2023-04-18-at-12.46.57-e1681819742862.jpeg&#8221;] Un b\u0103rbat de 70 de ani, fiul acestuia \u0219i un \u0219ofer care au \u00eencercat s\u0103 intervin\u0103 pentru a opri un conflict au fost agresa\u021bi pe o strada din Giroc. Unul dintre cei doi suspec\u021bi, un t\u00e2n\u0103r de 21 de ani, a fost identificat de poli\u021bi\u0219ti \u0219i transportat la Clinica de Psihiatrie \u201eEduard [&hellip;]<\/p>\n","protected":false},"author":1,"featured_media":0,"comment_status":"open","ping_status":"","sticky":false,"template":"","format":"standard","meta":{"footnotes":""},"categories":[89],"tags":[204,226],"class_list":["post-2073051","post","type-post","status-publish","format-standard","hentry","category-romania","tag-banatulmeu-ro","tag-crawlmanager"],"_links":{"self":[{"href":"https:\/\/analyse.optim.biz\/index.php?rest_route=\/wp\/v2\/posts\/2073051","targetHints":{"allow":["GET"]}}],"collection":[{"href":"https:\/\/analyse.optim.biz\/index.php?rest_route=\/wp\/v2\/posts"}],"about":[{"href":"https:\/\/analyse.optim.biz\/index.php?rest_route=\/wp\/v2\/types\/post"}],"author":[{"embeddable":true,"href":"https:\/\/analyse.optim.biz\/index.php?rest_route=\/wp\/v2\/users\/1"}],"replies":[{"embeddable":true,"href":"https:\/\/analyse.optim.biz\/index.php?rest_route=%2Fwp%2Fv2%2Fcomments&post=2073051"}],"version-history":[{"count":0,"href":"https:\/\/analyse.optim.biz\/index.php?rest_route=\/wp\/v2\/posts\/2073051\/revisions"}],"wp:attachment":[{"href":"https:\/\/analyse.optim.biz\/index.php?rest_route=%2Fwp%2Fv2%2Fmedia&parent=2073051"}],"wp:term":[{"taxonomy":"category","embeddable":true,"href":"https:\/\/analyse.optim.biz\/index.php?rest_route=%2Fwp%2Fv2%2Fcategories&post=2073051"},{"taxonomy":"post_tag","embeddable":true,"href":"https:\/\/analyse.optim.biz\/index.php?rest_route=%2Fwp%2Fv2%2Ftags&post=2073051"}],"curies":[{"name":"wp","href":"https:\/\/api.w.org\/{rel}","templated":true}]}}