{"id":2072955,"date":"2026-07-28T00:00:00","date_gmt":"2026-07-27T21:00:00","guid":{"rendered":"https:\/\/analyse.optim.biz\/?p=2072955"},"modified":"2026-07-28T00:00:00","modified_gmt":"2026-07-27T21:00:00","slug":"vrancea-culturala-22-de-ani-de-la-disparitia-profesorului-si-poetului-valeriu-filimon","status":"publish","type":"post","link":"https:\/\/analyse.optim.biz\/?p=2072955","title":{"rendered":"Vrancea cultural\u0103 | 22 de ani de la dispari\u021bia profesorului \u0219i poetului Valeriu Filimon"},"content":{"rendered":"<p>[analyse_image type=&#8221;featured&#8221; src=&#8221;https:\/\/zdvi.cname.ro\/_\/vrancea-culturala-22-de-ani-de-la-disparitia-profesorului-si-poetului-valeriu-filimon\/mediaPool\/uT8HqVx.jpg&#8221;]<\/p>\n<div class=\"main-content detaliu-articol\"><a class=\"titlu-cat-list\" href=\"https:\/\/ziaruldevrancea.ro\/special\/educatie\">Educa\u021bie<\/a><\/p>\n<h1>Vrancea cultural\u0103 | 22 de ani de la dispari\u021bia profesorului \u0219i poetului Valeriu Filimon<\/h1>\n<div class=\"date-articol clearfix\">\n<div class=\"distribuie-articol dropdown\">\n    Distribuie: \u00a0<br \/>\n    <em>|<\/em><\/div>\n<div class=\"autor-articol\"><a href=\"https:\/\/ziaruldevrancea.ro\/autor\/dan-sandu\/\"><img decoding=\"async\" class=\"img-circle\" src=\"https:\/\/zdvi.cname.ro\/50_50\/articleAuthor\/dan-sandu\/articleAuthor\/u7Tt76h.jpg\" alt><\/a><\/p>\n<h5><a href=\"https:\/\/ziaruldevrancea.ro\/autor\/dan-sandu\/\">Dan Sandu<\/a><\/h5>\n<div class=\"grup-spatiere\"><span class=\"cu-spatiere\">28 iul 2026<\/span><span class=\"cu-spatiere\">604 vizualiz\u0103ri<\/span><\/div>\n<\/div>\n<\/div>\n<div class=\"poza-mare\"><a href class=\"openGallery\"><img decoding=\"async\" class=\"img-responsive\" src=\"https:\/\/zdvi.cname.ro\/850_530\/vrancea-culturala-22-de-ani-de-la-disparitia-profesorului-si-poetului-valeriu-filimon\/article\/mediaPool\/uT8HqVx.jpg\" alt><\/a><\/div>\n<p><strong>Evocarea emo\u021bionant\u0103 semnat\u0103 de Dan Sandu \u00een Ziarul de Vrancea<\/strong><\/p>\n<p><strong>Colaboratorul Ziarului de Vrancea, scriitorul b\u0103c\u0103uan Dan Sandu, readuce \u00een aten\u021bia cititorilor personalitatea filologului, poetului \u0219i profesorului universitar Valeriu Filimon, \u00eentr-un text confesiv despre prietenie, cultur\u0103, credin\u021b\u0103 \u0219i mo\u0219tenirea unui mare dasc\u0103l al literaturii rom\u00e2ne.<\/strong><\/p>\n<p><strong><em>MA\u00ceTRE, PRIETENUL<\/em><\/strong><strong><em> REG\u0102SIT\u2026<\/em><\/strong><strong><em>\u00a0\u201cANTHROPOS ON TUT ISTHI CAI MEMNES AEI \u00a0&#8211;<\/em><\/strong><strong><em>\u00a0Nu uita niciodat\u0103 c\u0103 e\u015fti om (Filemon 361 \u2013 262)<\/em><\/strong><strong><em>\u201d<\/em><\/strong><\/p>\n<p>Despre MA\u00ceTRE <strong><em>Valeriu<\/em><\/strong><em><strong>Filimon<\/strong><\/em> \u2013 numai de bine! \u00a0<\/p>\n<p>\u00cenainte de a <em>Pleca<\/em> mi-a scris:<\/p>\n<p>\u00a0<strong><em>\u201c<\/em><em>Tare scurt\u0103 a fost intrarea toamnei \u00een frig.<\/em><\/strong><\/p>\n<p><strong><em>\u00a0M-a zdruncinat. Credeam c\u0103 va fi o toamn\u0103 lung\u0103.<\/em><\/strong><\/p>\n<p><strong><em>Ne-a p\u0103c\u0103lit calendarul<\/em><\/strong><\/p>\n<p><strong><em>\u00a0Ostenelile cred c\u0103 sunt egale.<\/em><\/strong><\/p>\n<p><strong><em>\u00a0Pe zi ce trece simt c\u0103-mi pierd voio\u0219ia \u0219i for\u021ba.<\/em><\/strong><\/p>\n<p><strong><em>G\u00e2ndurile mele frumoase se pierd pe drum colbuit.<\/em><\/strong><\/p>\n<p><strong><em>\u00a0E presim\u021birea \u00eenghe\u021bului deplin.<\/em><\/strong><\/p>\n<p><strong><em>Nu mai pot ispr\u0103vi scrisa.<\/em><\/strong><\/p>\n<p><strong><em>Sunt ostenit de neputin\u021ba mea ispravnic\u0103.<\/em><\/strong><\/p>\n<p><strong><em>Chinurile mele sunt testament.<\/em><\/strong><\/p>\n<p><em>\u00a0<strong>N-am ucis, n-am furat, n-am hulit, n-am min\u021bit.<\/strong><\/em><\/p>\n<p><strong><em>\u00a0Dar\u0103 se adunar\u0103 toate vinov\u0103\u021biile \u00een mine.<\/em><\/strong><\/p>\n<p><strong><em>\u00a0 Sunt trist.<\/em><\/strong><\/p>\n<p><em><strong>\u00a0 Dar\u0103 cu bucurie \u00eencerc s\u0103 salvez ce-a mai r\u0103mas din mine<\/strong>\u201d. <\/em><\/p>\n<p><em>&#8230;&#8230;&#8230;&#8230;&#8230;&#8230;&#8230;&#8230;&#8230;&#8230;&#8230;&#8230;&#8230;&#8230;&#8230;&#8230;&#8230;&#8230;&#8230;&#8230;&#8230;&#8230;&#8230;&#8230;&#8230;&#8230;&#8230;&#8230;&#8230;&#8230;&#8230;&#8230;&#8230;&#8230;<\/em><\/p>\n<p>\u00a0 &#8230; Despre personalitatea lui Valeriu Filimon, despre profunzimea preocup\u0103rilor sale literare, despre str\u0103luminarea sufletului s\u0103u nu po\u0163i vorbi dec\u00e2t forj\u00e2ndu-\u0163i slovele prin inim\u0103, alc\u0103tuind, imaginar, un spectru de furtuni vulcane, \u00een clocot de ruguri florale, \u00een care <strong><em>MA\u00ceTRE<\/em><\/strong> s\u0103 se citeasc\u0103 pe sine, discret \u015fi abra\u0219, asemenea alesului damnat, rostuit cu tragism s\u0103-\u015fi poarte crucea destinului sub forma unui c\u00e2ntec de<em>&#8211;<\/em>amar, surupat \u00een ape <em>sl\u0103nice<\/em>:<\/p>\n<p><em>\u201e<strong>\u00cen fiecare trup<\/strong><\/em><\/p>\n<p><strong><em>un \u00eenger al Nop\u0163ii Eterne<\/em><\/strong><\/p>\n<p><em><strong>st\u0103 la p\u00e2nd\u0103<\/strong>\u2026<\/em><\/p>\n<p>\u00a0<\/p>\n<p><strong><em>A muri e o \u00eenalt\u0103 datorie<\/em><\/strong><\/p>\n<p><em><strong>fa\u0163\u0103 de na\u015ftere<\/strong>.<\/em><\/p>\n<p>\u00a0<\/p>\n<p><strong><em>Numai Poetului<\/em><\/strong><\/p>\n<p><strong><em>\u00eei este dat\u0103 via\u0163a ca fulger nedatat<\/em><\/strong><\/p>\n<p><strong><em>str\u0103lumin\u00e2nd stejaru-n cuta frun\u0163ii\u2026<\/em><\/strong><\/p>\n<p><strong><em>R\u0103t\u0103citorului prin Nop\u0163i<\/em><\/strong><\/p>\n<p><strong><em>pece\u0163ile de pa\u015fi ai min\u0163ii<\/em><\/strong><\/p>\n<p><strong><em>le po\u0163i afla<\/em><\/strong><\/p>\n<p><em><strong>pe zari\u015ftea om\u0103tului h\u00e2rtiei.<\/strong>\u201d<\/em><\/p>\n<p>Valeriu Filimon vede lumina vie\u0163ii p\u0103m\u00e2nte\u015fti la 12 octombrie 1931, \u00een Sl\u0103nic Moldova, ca fiu al preotului Clement Filimon \u2013 licen\u0163iat al Facult\u0103\u0163ii de Teologie din Cern\u0103u\u0163i, ziduitor al bisericilor din Sl\u0103nic-B\u0103i (1929) \u015fi Sl\u0103nic-Cerdac (1932), preot militar pe frontul de Est, ulterior preot-maior la Regimentul de Gard\u0103 Regal\u0103 \u015fi, dup\u0103 desfiin\u0163area clerului militar, preot paroh la Biserica Mihai-Vod\u0103 din Bucure\u0219ti, ctitoria Voievodului\u00a0 Mihai, unde a slujbit p\u00e2n\u0103 \u00een 1985, c\u00e2nd Casa Domnului de pe Uranus a fost pribegit\u0103, la ordin tov\u0103r\u0103\u0219esc&#8230;. Originea familiei dinspre tat\u0103 se \u201csume\u021be\u0219te\u201d cu \u201cantemerg\u0103torul\u201d Ioachim Filimon, n\u0103scut la Bl\u0103ge\u0219ti, de Bac\u0103u, \u00een 1879 \u0219i hirotonit preot \u00een 1904, la biserica parohial\u0103 \u201cCuvioasa Parascheva\u201d, din localitate, &#8211; ctitorie a c\u0103minarului Angheli Vali, pop\u0103suit pe meleaguri moldave, tocmai de la Constantinopol.<\/p>\n<p>Mama sa Zoe, \u00eenv\u0103\u021b\u0103toare, va sluji \u00eenv\u0103\u0163\u0103m\u00e2ntului rom\u00e2nesc cu gradul I \u015fi \u201e<em>gradul de merit<\/em>\u201d. \u00cen perioada bucure\u015ftean\u0103 a fost director-adjunct la Liceul Aurel \u2013 Vlaicu, apoi directoare a \u015ecolii Generale de Fete nr. 26.<\/p>\n<p>Ambii p\u0103rin\u0163i sunt copii de \u00eenv\u0103\u0163\u0103tori. Str\u0103bunicii dup\u0103 mam\u0103 \u015fi dup\u0103 tat\u0103 \u2013 \u00eenv\u0103\u0163\u0103tori. Str\u0103bunicul dup\u0103 bunica matern\u0103 nu a fost altul dec\u00e2t Pandele Iancu, \u015feful g\u0103rzii lui Cuza!<\/p>\n<p>\u015ecoala primar\u0103 \u201eo face\u201d la Sl\u0103nic Moldova, iar studiile liceale sunt continuate la Liceul Militar din Chi\u015fin\u0103u \u015fi la cel din Timi\u015foara, p\u00e2n\u0103 \u00een 1947, c\u00e2nd respectivele \u0219coli militare au fost desfiin\u0163ate.<\/p>\n<p>Ultimele trei clase sunt absolvite la Liceul \u201eGheorghe Laz\u0103r\u201d din Bucure\u015fti, \u00een anul 1950.<\/p>\n<p>Pe la finele lui \u201848, profesorul H. Sanielevici \u00eei solicit\u0103 poeziile de la Gazeta de perete a clasei, pentru a le multiplica \u0219i a fi recitate la spectacolele ce se d\u0103deau la Ateneele Populare din Capital\u0103.<\/p>\n<p>Tot profesorului H. Sanielevici, directorul A\u015fez\u0103mintelor Culturale, \u00eei datoreaz\u0103 \u015fi frecventarea Cenaclului \u201eTheodor Neculu\u0163\u0103\u201d, unde a fost recomandat scriitorului Grigore B\u0103jenaru \u2013 faimos \u0219i iubit de elevi pentru romanul Ci\u015fmigiu &amp; Company -, pre\u015fedintele cenaclului, secondat fiind de Mihu Dragomir, Victor Tulbure, Petre Luscalov, Al. Gheorghiu \u2013 Pogone\u015fti.<\/p>\n<p>E prezentat c\u0103lduros de Grigore B\u0103jenaru \u015fi Petre Luscalov, particip\u00e2nd la numeroase emisiuni radio, \u00een cadrul rubricii \u201eVia\u0163a cenaclurilor literare\u201d.<\/p>\n<p>Dup\u0103 bacalaureatul \u201e\u00eent\u00e2mplat\u201d \u00een iunie 1950, Valeriu Filimon debuteaz\u0103 \u00een pagina de poezie din revista \u201eFlac\u0103ra\u201d, &#8211; publica\u021bia oficial\u0103 a Uniunii Scriitorilor (devenit\u0103, mai apoi, Gazeta literar\u0103).<\/p>\n<p>A f\u0103cut parte din prima promo\u0163ie a \u015ecolii de Literatur\u0103 \u201eMihai Eminescu\u201d, av\u00e2ndu-i colegi de seminar pe Dumitru Micu, Dionisie \u015eincan, Alexandru Oprea, Aurel R\u0103u, Nicu\u0163\u0103 T\u0103nase, Florian Saioc, Aurel Covaci, Ilie Purcaru, Traian Filip \u015fi Alexandru Andri\u0163oiu \u2013 coleg de banc\u0103. Visul s\u0103u cel mare a fost s\u0103 devin\u0103 actor! \u00cen momente sublime, de calm\u0103 reverie, \u00eenconjurat de prieteni, recita, cu talent extraordinar, mai ales, din Shakespeare&#8230; P\u0103rin\u021bii l-au vrut absolvent de Politehnic\u0103, unde-a \u0219i frecventat vreo doi ani&#8230;<\/p>\n<p>\u00centre anii 1952 \u2013 1957 a urmat Facultatea de Filologie, fiind coleg de promo\u0163ie cu Nichita St\u0103nescu, Floren\u0163a Albu, Doina Ciurea, C\u0103lin C\u0103liman, Nicolae Ciobanu, Matei C\u0103linescu, Eugen Simion. Despre prietenia \u015fi rela\u0163iile literare cu Nichita consemneaz\u0103 colegul de promo\u0163ie Nicolae Mohorea \u2013 Corni, \u00een cartea \u201eAmintiri cu Nichita St\u0103nescu\u201d, Editura Forum, Bucure\u015fti, 1999.<\/p>\n<p>Dup\u0103 absolvirea facult\u0103\u0163ii devine cadru didactic la Catedra de Literatur\u0103 Universal\u0103, Teorie literar\u0103 \u015fi Folclor, av\u00e2ndu-l ca \u015fef de Catedr\u0103 pe celebrul Tudor Vianu.<\/p>\n<p>Din 1959 \u015fi p\u00e2n\u0103 \u00een anul 1966, c\u00e2nd este trimis ca lector de literatur\u0103 rom\u00e2n\u0103 la Universitatea Carolingian\u0103 din Praga, \u00eencepe s\u0103 publice lucr\u0103ri \u015ftiin\u0163ifice \u00een Analele Universit\u0103\u0163ii, \u00een Revista de Filosofie a Academiei Rom\u00e2ne \u015fi \u00een Revista rom\u00e2n\u0103 pentru str\u0103in\u0103tate, \u00een limbile englez\u0103, german\u0103, francez\u0103 \u015fi rus\u0103.<\/p>\n<p>\u00cen anul universitar 1971 \u2013 1972, deja renumitul dasc\u0103l universitar instituie <em>Cursul<\/em><em>de<\/em><em>Poetic\u0103<\/em> \u2013 unicul din \u021bar\u0103, \u00een toate facult\u0103\u021bile de profil \u2013 curs frecventat mai t\u00e2rziu cu \u201eevlavie\u201d, a\u015f putea zice, \u015fi de c\u0103tre subsemnatul\u2026<\/p>\n<p>Nu este membru de partid \u015fi asta \u00eei creeaz\u0103 probleme. Cu greu este admis la examenele doctorale. Reu\u015fe\u015fte s\u0103-\u015fi sus\u0163in\u0103 doctoratul \u00een \u015etiin\u0163e Filologice (Teoria literaturii), \u00een decembrie 1974, cu tema \u201e<strong><em>Poetica<\/em><em>imaginarului<\/em><em>rom\u00e2nesc<\/em>\u201d<\/strong>, av\u00e2nd ca referen\u0163i pe Al. Dima, Al. Piru, Nicolae Balot\u0103, Irina Eliade \u015fi Al. Dimitriu \u2013 P\u0103u\u015fe\u015fti. Referent principal a fost prof. dr. Al. Husar de la<strong> Universitatea \u201eAl. I. Cuza\u201d din Ia\u015fi, <\/strong>cel ce avea s\u0103-i prefa\u0163eze, peste ani, volumul \u201e<strong><em>Poetica<\/em><em>Imaginarului rom\u00e2nesc<\/em>\u201d,<\/strong> Editura PACO, Bucure\u015fti, 2001.<\/p>\n<p>Lectorul universitar Valeriu Filimon \u00ee\u015fi \u00eenscrie \u00een palmares, de-a lungul timpului, numeroase colabor\u0103ri \u015ftiin\u0163ifice la rubrica \u201eDic\u0163ionar de istorie literar\u0103 rom\u00e2neasc\u0103 \u015fi universal\u0103\u201d, condus\u0103 cu pricepere \u015fi clarviziune de Florin Pavlovici, iar la rubrica \u201e<strong><em>Biografia unei capodopere<\/em><\/strong>\u201d (redactor Doina Pap), colaboreaz\u0103 cu scenariile: Lucre\u0163iu \u2013 De rerum natura, George Co\u015fbuc \u2013 C\u00e2ntece de vitejie \u015fi Octavian Goga \u2013 C\u00e2ntece.<\/p>\n<p>\u00centre anii 1980\u20131984 a sus\u0163inut prelegeri \u00een cadrul Universit\u0103\u0163ii Populare \u201e<strong><em>Dalles\u201d,<\/em><\/strong> pe urm\u0103toarele teme:<strong><em>Istoria<\/em><em>ideilor<\/em><em>estetice<\/em>, <em>Poetici<\/em><em>\u015fi<\/em><em>manifeste<\/em><em>literare<\/em>, <em>Amprente<\/em><em>stilistice<\/em><em>la<\/em><em>scriitori<\/em><em>rom\u00e2ni<\/em> \u015fi <em>Poetica<\/em><em>imaginarului<\/em><em>rom\u00e2nesc<\/em>, <\/strong>cu aplica\u0163ii la <strong>Eminescu, Arghezi \u015fi Blaga<\/strong>.<\/p>\n<p>Din 1982, (la un an de la decesul Agathei Grigorescu \u2013 Bacovia), la rug\u0103mintea lui Gabriel Bacovia, preia conducerea <em>Cenaclului \u201eGeorge Bacovia<\/em>\u201d, care \u00ee\u015fi \u0163inea \u015fedin\u0163ele periodice \u00een Casa Memorial\u0103 din Bucure\u0219ti.<\/p>\n<p>\u00cenc\u0103 din aprilie 1990, \u00eenfiin\u0163eaz\u0103, sub obl\u0103duirea Rectoratului Universit\u0103\u0163ii din Bucure\u015fti \u015fi a Patriarhiei Rom\u00e2ne, <em>Societatea<\/em><em>Literar\u0103<\/em><em>\u015fi<\/em><em>Teologal\u0103<\/em><strong>LOGOS<\/strong>, av\u00e2ndu-i ca pre\u015fedin\u0163i de onoare pe Al. Piru \u015fi P.S. Costin T\u00e2rgovi\u015fteanu, Vicar Patriarhal. <em>Societatea<\/em> s-a bucurat, permanent, de tot sprijinul s\u0103u dezinteresat, la conceperea \u0219i stilizarea textelor de specialitate, la lans\u0103rile de carte rar\u0103, prin prefe\u0163ele \u015fi postfe\u0163ele pe care le-a ticluit, potrivit solicit\u0103rilor.<\/p>\n<p>\u00a0&#8230;\u00a0 M\u0103rturisesc \u0219i c\u00e2teva titluri ap\u0103rute sub isc\u0103litura Domnului Profesor: \u201c<strong>Poetica imaginarului rom\u00e2nesc<\/strong>\u201d, <strong><em>\u201cImaginarul \u00a0\u0219i comparatismul\u201d, <\/em><\/strong>\u201c<strong><em>Imaginarul \u0219i publicul literar<\/em><\/strong>\u201d, \u201c<strong><em>Critica arhetipal\u0103 \u0219i fenomenologia narativ\u0103\u201d<\/em><\/strong>, \u201e<strong>T\u0103r\u00e2muri imaginare\u201d<\/strong>\u2026<\/p>\n<p>Eu l-am cunoscut \u00een toamna anului 1976, la una dintre \u00eentrunirile <strong>Societ\u0103\u0163ii<\/strong><strong>literare<\/strong> \u201e<strong>Relief<\/strong><strong>Rom\u00e2nesc<\/strong>\u201d. Ne-am \u00eemprietenit \u201edin prima\u201d! Nu \u015ftiam c\u0103-i voi fi student\u2026 \u015ei, mai ales, <strong>Prieten<\/strong>! Am descoperit cu stupoare c\u0103 avem r\u0103d\u0103cini comune. \u015ei asta explic\u0103 multe! \u00cen vremea aceea \u00eenc\u0103 mai merita s\u0103 fii t\u00e2n\u0103r \u015fi s\u0103 \u00eengenunchezi la n\u0103lucirea vreunui vers de pripas, \u00eenc\u0103 nescris, din motive de foame\u2026 Ne-am desp\u0103r\u0163it, mai apoi\u2026 Eu m\u0103 re\u00eentorceam pe meleaguri trotu\u015fene, s\u0103 fac apostolat, el r\u0103m\u00e2nea \u00een \u201eturcitul Bucure\u015fti\u201d (al <em>Cezar-ului<\/em>) s\u0103 lupte cu absurdul care ne \u00eenvenina existen\u0163a. Cele peste 120 de scrisori cu care m-a onorat Domnia Sa depun m\u0103rturie \u00eentru cele afirmate mai sus. \u015ei-a f\u0103cut un crez din a-\u015fi ap\u0103ra ideile cu argumente diamantine \u015fi cu credin\u0163a \u00een Dumnezeu. S-a b\u0103tut permanent cu hidra mediocritatii ie\u0219ite la drumu\u2019 mare, \u015fi-a \u00eenchinat \u00eenve\u015fnicirii, cu pasiune \u015fi talent, condeiul s\u0103u de sincer slujitor al literaturii autentice. A fost un OM! Om de aleas\u0103 cultur\u0103, cu zilele \u015fi, mai ales, \u00a0cu nop\u0163ile p\u0103trunse de freamatul discret, \u201e<strong><em>antimic<\/em>\u201d, <\/strong>al <em>bucoavnelor<\/em> care-i trudeau fiin\u021barea, a\u015fa cum copil\u0103ria i-a \u201e<strong><em>\u00eempletit solarele co\u015furi cu bucurii\u201d,<\/em><\/strong> desigur, pe Valea Sl\u0103nicului\u2026 C\u00e2nd s-a plinit sorocul, ne-a p\u0103r\u0103sit pe 28 iulie 2004, murmur\u00e2nd ca pentru sine: \u201e<strong><em>M\u0103-ncredin\u0163ez dulbinei curg\u0103toare ca unei lacrimi de potop \u015fi trupul meu mi-l pune-voi z\u0103log pentru o zodie \u00eenalt\u0103 \u0163\u0103rii \u00een care-am ziduit, precum Manole, \u00eenrodnicind un rost al vie\u0163ii mele. La moartea mea, voi, ape, murmura\u0163i!; tu, codre, vifore\u015fte!. Voi, stele, p\u00e2lp\u00e2i\u0163i-mi l\u0103crimarea!\u2026 De moartea unui rost \u00eenalt mi-e sete!\u2026<\/em><em>\u201d<\/em><\/strong><\/p>\n<p>Ma\u00eetre Valeric\u0103 nu mai este s\u0103 calce lut \u015fi \u201c<em>cuta frun<\/em><em>\u021bii<\/em>\u201d sale universitare exemplare r\u0103m\u00e2ne, astfel, azimutul de \u201c<em>lumin<\/em><em>\u0103 lin\u0103<\/em>\u201d \u00a0pentru junimea literat\u0103 chemat\u0103 s\u0103 descifreze taina Poeziei vrednic g\u00e2ndite \u015fi ospe\u0163ite ca pe-\u201e<em>un extemporal de-nstr\u0103inare<\/em>\u201d.<\/p>\n<p><strong>\u00a0Dan Sandu<\/strong><\/p>\n<p><strong><em>Valeriu Filimon (12 octombrie 1931 Sl\u0103nic Moldova \u2013 28 iulie 2004) a fost un filolog, poet, profesor. A \u00eenv\u0103\u021bat la Liceul Militar din Chi\u0219in\u0103u \u0219i la cel din Timi\u0219oara, p\u00e2n\u0103 \u00een 1947, c\u00e2nd au fost desfiin\u021bate, absolvind la Liceul \u201eGheorghe Laz\u0103r\u201d din Bucure\u0219ti (1950). Dup\u0103 absolvire, a debutat \u00een pagina de poezie a revistei Flac\u0103ra (ast\u0103zi, Rom\u00e2nia literar\u0103). A f\u0103cut parte din prima promo\u021bie a \u0218colii de Literatur\u0103 \u0219i Critic\u0103 literar\u0103 \u201eMihai Eminescu\u201d, av\u00e2ndu-i colegi pe Dumitru Micu, Dionisie \u0218incan, Aurel R\u0103u, Nicu\u021b\u0103 T\u0103nase, Ilie Purcaru, Alexandru Andri\u021boiu etc. A urmat apoi Facultatea de Filologie (1952\u20131957), fiind coleg de promo\u021bie cu Nichita St\u0103nescu, Floren\u021ba Albu, Doina Ciurea, Nicolae Ciobanu, Eugen Simion. A fost cadru didactic la Catedra de Literatur\u0103 Universal\u0103, Teorie literar\u0103 \u0219i Folclor, av\u00e2ndu-l \u0219ef de Catedr\u0103 pe Tudor Vianu, lector de literatur\u0103 rom\u00e2n\u0103 la Universitatea Carolingian\u0103 din Praga (1959\u20131966). A publicat lucr\u0103ri \u0219tiin\u021bifice \u00een Analele Universit\u0103\u021bii, Revista de Filosofie a Academiei Rom\u00e2ne, Revista rom\u00e2n\u0103 pentru str\u0103inatate (\u00een limbile englez\u0103, german\u0103, francez\u0103 \u0219i rus\u0103). A \u00eenfiin\u021bat Cursul de Poetic\u0103. A ob\u021binut titlul de Doctor \u00een \u0218tiin\u021be Filologice (Teoria literaturii) \u00een 1974, cu tema Poetica imaginarului rom\u00e2nesc. A condus Cenaclul \u201eGeorge Bacovia\u201d, a \u00eenfiin\u021bat, sub auspiciile Rectoratului Universit\u0103\u021bii Bucure\u0219ti \u0219i ale Patriarhiei Rom\u00e2ne, Societatea Literar\u0103 \u0219i Teologal\u0103 \u201eLogos\u201d, a publicat poezii \u00een revistele literare, a organizat adev\u0103rate \u0219ez\u0103tori literare acas\u0103.\u00a0<\/em><\/strong><\/p>\n<hr>\n<div class=\"bloc-widget widget-rosu\">\n<p>\u00cen lipsa unui acord scris din partea Ziarului de Vrancea, pute\u0163i prelua maxim 500 de caractere din acest articol dac\u0103 preciza\u0163i sursa \u015fi insera\u0163i vizibil link-ul articolului:\u00a0<span>#insertcurrentlinkhere<\/span><\/p>\n<\/div>\n<div class=\"extra-articol listing-anunturi\">\n<h6>Anun\u021buri <span class=\"text-primary\">ZdV<\/span> Premium<\/h6>\n<div class=\"row\">\n<div class=\"col-lg-4 col-md-6 bloc-egal\"><a class=\"card-anunt\" href=\"https:\/\/ziaruldevrancea.ro\/anunturi\/imobiliare\/vanzari-terenuri\/vand-teren-in-panciu\"><strong class=\"titlu\">V\u00e2nz\u0103ri terenuri<\/strong><span class=\"text-anunt\">Teren Panciu 1170 mp, cu num\u0103r cas\u0103, ap\u0103&#8230;<\/span><span class=\"data-anunt\">29.07.2026  <\/span><\/a><\/div>\n<div class=\"col-lg-4 col-md-6 bloc-egal\"><a class=\"card-anunt\" href=\"https:\/\/ziaruldevrancea.ro\/anunturi\/altele\/anulare-acte\/vand-scrumbii-afumate-capturi-dunare\"><strong class=\"titlu\">Vanzari diverse<\/strong><span class=\"text-anunt\">Pret : 117 lei \/ kg . \u00a0 Este&#8230;<\/span><span class=\"data-anunt\">29.07.2026 , Gala\u021bi , Gala\u021bi<\/span><\/a><\/div>\n<div class=\"col-lg-4 col-md-6 bloc-egal\"><a class=\"card-anunt\" href=\"https:\/\/ziaruldevrancea.ro\/anunturi\/imobiliare\/vanzari-case\/vand-casa-si-teren-in-panciu-anunt-72818\"><strong class=\"titlu\">V\u00e2nz\u0103ri case<\/strong><span class=\"text-anunt\">V\u00e2nd cas\u0103 cu 2 camere, buc\u0103t\u0103rie, baie,&#8230;<\/span><span class=\"data-anunt\">23.07.2026  <\/span><\/a><\/div>\n<\/div>\n<\/div>\n<div class=\"extra-articol alte-articole\">\n<div class=\"row\">\n<div class=\"col-lg-6 bloc-egal\">\n<div class=\"card articol-listing\">\n<h6>\u00cen categoria <a href=\"https:\/\/ziaruldevrancea.ro\/special\/educatie\">Educa\u021bie<\/a><\/h6>\n<div class=\"grup-articol-listing\">\n<div class=\"cont-pils\"><a href=\"https:\/\/ziaruldevrancea.ro\/special\/educatie\/bacalaureat-2026-in-vrancea-incepe-sesiunea-de-toamna\"><img decoding=\"async\" src=\"https:\/\/zdvi.cname.ro\/180_135\/special\/educatie\/bacalaureat-2026-in-vrancea-incepe-sesiunea-de-toamna\/mediaPool\/uRriXdW.jpg\" class=\"img-responsive img-180\" alt><\/a><\/div>\n<h2><a class=\"link-titlu\" href=\"https:\/\/ziaruldevrancea.ro\/special\/educatie\/bacalaureat-2026-in-vrancea-incepe-sesiunea-de-toamna\">Bacalaureat 2026 \u00een Vrancea: \u00eencepe sesiunea de toamn\u0103<\/a><\/h2>\n<div class=\"date-post\"><a href=\"https:\/\/ziaruldevrancea.ro\/autor\/maria-bratu\">Maria BRATU<\/a>,  1 aug 2026  <\/div>\n<\/div>\n<div class=\"grup-articol-listing\">\n<div class=\"cont-pils\"><a href=\"https:\/\/ziaruldevrancea.ro\/special\/educatie\/infoeducatie-2026-s-a-incheiat-la-focsani.-elevii-din-vrancea-printre-laureatii-olimpiadei-nationale-de-inovare-si-creatie-digitala\"><img decoding=\"async\" src=\"https:\/\/zdvi.cname.ro\/180_135\/special\/educatie\/infoeducatie-2026-s-a-incheiat-la-focsani.-elevii-din-vrancea-printre-laureatii-olimpiadei-nationale-de-inovare-si-creatie-digitala\/mediaPool\/uqSpE5C.jpg\" class=\"img-responsive img-180\" alt><\/a><\/div>\n<h2><a class=\"link-titlu\" href=\"https:\/\/ziaruldevrancea.ro\/special\/educatie\/infoeducatie-2026-s-a-incheiat-la-focsani.-elevii-din-vrancea-printre-laureatii-olimpiadei-nationale-de-inovare-si-creatie-digitala\">InfoEduca\u021bie 2026 s-a \u00eencheiat la Foc\u0219ani. Elevii din Vrancea, printre laurea\u021bii Olimpiadei Na\u021bionale de Inovare \u0219i Crea\u021bie Digital\u0103<\/a><\/h2>\n<div class=\"date-post\"><a href=\"https:\/\/ziaruldevrancea.ro\/autor\/maria-bratu\">Maria BRATU<\/a>,  1 aug 2026  <\/div>\n<\/div>\n<div class=\"grup-articol-listing\">\n<div class=\"cont-pils\"><a href=\"https:\/\/ziaruldevrancea.ro\/special\/educatie\/titularizare-2026-in-vrancea-au-fost-publicate-primele-rezultate.-candidatii-pot-depune-contestatii-pana-pe-29-iulie\"><img decoding=\"async\" src=\"https:\/\/zdvi.cname.ro\/180_135\/special\/educatie\/titularizare-2026-in-vrancea-au-fost-publicate-primele-rezultate.-candidatii-pot-depune-contestatii-pana-pe-29-iulie\/mediaPool\/us2m6oB.jpg\" class=\"img-responsive img-180\" alt><\/a><\/div>\n<h2><a class=\"link-titlu\" href=\"https:\/\/ziaruldevrancea.ro\/special\/educatie\/titularizare-2026-in-vrancea-au-fost-publicate-primele-rezultate.-candidatii-pot-depune-contestatii-pana-pe-29-iulie\">Titularizare 2026 \u00een Vrancea: au fost publicate primele rezultate. Candida\u021bii pot depune contesta\u021bii p\u00e2n\u0103 pe 29 iulie<\/a><\/h2>\n<div class=\"date-post\"><a href=\"https:\/\/ziaruldevrancea.ro\/autor\/maria-bratu\">Maria BRATU<\/a>, 29 iul 2026  <\/div>\n<\/div>\n<\/div>\n<\/div>\n<div class=\"col-lg-6 bloc-egal\">\n<div class=\"card articol-listing\">\n<h6>De acela\u0219i <a href=\"https:\/\/ziaruldevrancea.ro\/autor\/dan-sandu\/\">autor<\/a><\/h6>\n<div class=\"grup-articol-listing\">\n<div class=\"cont-pils\"><a href=\"https:\/\/ziaruldevrancea.ro\/special\/educatie\/vrancea-si-lumina-credintei-marturia-emotionanta-a-scriitorului-dan-sandu-despre-intalnirea-cu-parintele-arsenie-papacioc\"><img decoding=\"async\" src=\"https:\/\/zdvi.cname.ro\/180_135\/special\/educatie\/vrancea-si-lumina-credintei-marturia-emotionanta-a-scriitorului-dan-sandu-despre-intalnirea-cu-parintele-arsenie-papacioc\/mediaPool\/uMQQHxg.jpg\" class=\"img-responsive img-180\" alt><\/a><\/div>\n<h2><a class=\"link-titlu\" href=\"https:\/\/ziaruldevrancea.ro\/special\/educatie\/vrancea-si-lumina-credintei-marturia-emotionanta-a-scriitorului-dan-sandu-despre-intalnirea-cu-parintele-arsenie-papacioc\">Vrancea \u0219i lumina credin\u021bei: m\u0103rturia emo\u021bionant\u0103 a scriitorului Dan Sandu despre \u00eent\u00e2lnirea cu P\u0103rintele Arsenie Papacioc<\/a><\/h2>\n<div class=\"date-post\"><a href=\"https:\/\/ziaruldevrancea.ro\/autor\/dan-sandu\">Dan Sandu<\/a>, 19 iul 2026  <\/div>\n<\/div>\n<div class=\"grup-articol-listing\">\n<div class=\"cont-pils\"><a href=\"https:\/\/ziaruldevrancea.ro\/special\/educatie\/vrancea-si-ecoul-doinei-lui-eminescu-povestea-unui-act-de-curaj-cultural-care-a-dus-poezia-nationala-pana-in-india\"><img decoding=\"async\" src=\"https:\/\/zdvi.cname.ro\/180_135\/special\/educatie\/vrancea-si-ecoul-doinei-lui-eminescu-povestea-unui-act-de-curaj-cultural-care-a-dus-poezia-nationala-pana-in-india\/mediaPool\/u0322wK.jpg\" class=\"img-responsive img-180\" alt><\/a><\/div>\n<h2><a class=\"link-titlu\" href=\"https:\/\/ziaruldevrancea.ro\/special\/educatie\/vrancea-si-ecoul-doinei-lui-eminescu-povestea-unui-act-de-curaj-cultural-care-a-dus-poezia-nationala-pana-in-india\">Vrancea \u0219i ecoul \u201eDoinei\u201d lui Eminescu: povestea unui act de curaj cultural care a dus poezia na\u021bional\u0103 p\u00e2n\u0103 \u00een India<\/a><\/h2>\n<div class=\"date-post\"><a href=\"https:\/\/ziaruldevrancea.ro\/autor\/dan-sandu\">Dan Sandu<\/a>, 15 iun 2026  <\/div>\n<\/div>\n<div class=\"grup-articol-listing\">\n<div class=\"cont-pils\"><a href=\"https:\/\/ziaruldevrancea.ro\/special\/educatie\/poetul-nicolae-mihai-omagiat-in-paginile-ziarului-de-vrancea-cantec-de-prieten-semnat-de-scriitorul-bacauan-dan-sandu\"><img decoding=\"async\" src=\"https:\/\/zdvi.cname.ro\/180_135\/special\/educatie\/poetul-nicolae-mihai-omagiat-in-paginile-ziarului-de-vrancea-cantec-de-prieten-semnat-de-scriitorul-bacauan-dan-sandu\/mediaPool\/uNwKv4g.jpg\" class=\"img-responsive img-180\" alt><\/a><\/div>\n<h2><a class=\"link-titlu\" href=\"https:\/\/ziaruldevrancea.ro\/special\/educatie\/poetul-nicolae-mihai-omagiat-in-paginile-ziarului-de-vrancea-cantec-de-prieten-semnat-de-scriitorul-bacauan-dan-sandu\">Poetul Nicolae Mihai, omagiat \u00een paginile Ziarului de Vrancea: \u201eC\u00e2ntec de prieten\u201d semnat de scriitorul b\u0103c\u0103uan Dan Sandu<\/a><\/h2>\n<div class=\"date-post\"><a href=\"https:\/\/ziaruldevrancea.ro\/autor\/dan-sandu\">Dan Sandu<\/a>,  2 iun 2026  <\/div>\n<\/div>\n<\/div>\n<\/div>\n<\/div>\n<\/div>\n<div class=\"extra-articol listing-anunturi\">\n<h6>Anun\u021buri <span class=\"text-primary\">ZdV<\/span> Premium<\/h6>\n<div class=\"row\">\n<div class=\"col-lg-4 col-md-6 bloc-egal\"><a class=\"card-anunt\" href=\"https:\/\/ziaruldevrancea.ro\/anunturi\/angajari\/cereri-angajari\/doresc-angajare-anunt-72815\"><strong class=\"titlu\">Cereri<\/strong><span class=\"text-anunt\">Doresc s\u0103 am grij\u0103 de un copil de gradini\u021b\u0103&#8230;<\/span><span class=\"data-anunt\">21.07.2026  <\/span><\/a><\/div>\n<div class=\"col-lg-4 col-md-6 bloc-egal\"><a class=\"card-anunt\" href=\"https:\/\/ziaruldevrancea.ro\/anunturi\/inchirieri\/locuinte-oferte\/primesc-in-gazda-anunt-72816\"><strong class=\"titlu\">Locuin\u021be oferte<\/strong><span class=\"text-anunt\">\u00a0Primesc \u00een gazd\u0103 la cas\u0103.<\/p>\n<p>Tel&#8230;.<\/span><span class=\"data-anunt\">21.07.2026  <\/span><\/a><\/div>\n<div class=\"col-lg-4 col-md-6 bloc-egal\"><a class=\"card-anunt\" href=\"https:\/\/ziaruldevrancea.ro\/anunturi\/inchirieri\/locuinte-oferte\/primesc-in-gazda-anunt-72817\"><strong class=\"titlu\">Locuin\u021be oferte<\/strong><span class=\"text-anunt\">Primesc \u00een gazd\u0103 la bloc o elev\u0103. <\/p>\n<p>Tel&#8230;.<\/span><span class=\"data-anunt\">21.07.2026  <\/span><\/a><\/div>\n<\/div>\n<\/div>\n<div class=\"bloc-widget widget-albastru\">\n    Ziarul de Vrancea \u00a0nu este responsabil juridic pentru con\u0163inutul textelor din comentariile de mai jos. Responsabilitatea pentru mesajele dumneavoastra v\u0103 revine \u00een exclusivitate.\n<\/div>\n<div class=\"comentarii-articol\" id=\"comentarii\">\n<h3>Comentarii: <span class=\"text-primary\">0<\/span><\/h3>\n<p><a href=\"https:\/\/ziaruldevrancea.ro\/special\/educatie\/vrancea-culturala-22-de-ani-de-la-disparitia-profesorului-si-poetului-valeriu-filimon\" class=\"btn btn-success btn-adauga-com\" data-toggle=\"modal\" data-parent=\"0\" data-target=\"#commentModal\">Adaug\u0103 comentariu<\/a><\/p>\n<div class=\"loadMask comments-mask\"><img decoding=\"async\" src=\"https:\/\/zdvs.cname.ro\/images\/loader_40.gif\"><\/div>\n<div class=\"comenteaza-jos\">Trebuie s\u0103 fii <a href=\"https:\/\/ziaruldevrancea.ro\/account\">autentificat<\/a> pentru a putea <a href=\"https:\/\/ziaruldevrancea.ro\/special\/educatie\/vrancea-culturala-22-de-ani-de-la-disparitia-profesorului-si-poetului-valeriu-filimon\" class data-toggle=\"modal\" data-parent=\"0\" data-target=\"#commentModal\">posta un comentariu<\/a>.<\/div>\n<\/div>\n<div class=\"modal fade\" id=\"commentModal\" role=\"dialog\" aria-labelledby=\"commentModalLabel\">\n<div class=\"modal-dialog modal-lg\" role=\"document\">\n<div class=\"modal-content\">\n<div class=\"modal-header\">\n<h3 class=\"modal-title\" id=\"commentModalLabel\">Comenteaz\u0103<\/h3>\n<\/div>\n<div class=\"modal-body\">\n<div class=\"tabel tabel-full\">\n<div class=\"celula\">\n              Trebuie s\u0103 fii <a href=\"https:\/\/ziaruldevrancea.ro\/account\">autentificat<\/a> pentru a putea posta un comentariu.\n            <\/div>\n<\/div>\n<\/div>\n<div class=\"modal-footer\">\n<div id=\"commentPending\" class=\"formPending pull-left\"><img decoding=\"async\" src=\"https:\/\/zdvs.cname.ro\/images\/loader_40.gif\"> In curs de procesare&#8230;<\/div>\n<p><a href=\"https:\/\/ziaruldevrancea.ro\/special\/educatie\/vrancea-culturala-22-de-ani-de-la-disparitia-profesorului-si-poetului-valeriu-filimon\" class=\"btn btn-default\" data-dismiss=\"modal\">Anuleaz\u0103<\/a><\/div>\n<\/div>\n<\/div>\n<\/div>\n<div class=\"modal fade\" id=\"commentReportModal\" role=\"dialog\" aria-labelledby=\"commentReportModalLabel\">\n<div class=\"modal-dialog modal-lg\" role=\"document\">\n<div class=\"modal-content\">\n<div class=\"modal-header\">\n<h3 class=\"modal-title\" id=\"commentReportModalLabel\">Raporteaza comentariu<\/h3>\n<\/div>\n<div class=\"modal-body\">\n<div class=\"tabel tabel-full\">\n<div class=\"celula\">\n              Trebuie s\u0103 fii <a href=\"https:\/\/ziaruldevrancea.ro\/account\">autentificat<\/a> pentru a putea raporta un comentariu.\n            <\/div>\n<\/div>\n<\/div>\n<div class=\"modal-footer\">\n<div id=\"commentReportPending\" class=\"formPending pull-left\"><img decoding=\"async\" src=\"https:\/\/zdvs.cname.ro\/images\/loader_40.gif\"> In curs de procesare&#8230;<\/div>\n<p><a href=\"https:\/\/ziaruldevrancea.ro\/special\/educatie\/vrancea-culturala-22-de-ani-de-la-disparitia-profesorului-si-poetului-valeriu-filimon\" class=\"btn btn-default\" data-dismiss=\"modal\">Anuleaz\u0103<\/a><\/div>\n<\/div>\n<\/div>\n<\/div>\n<div class=\"modal fade\" id=\"commentLikeModal\" role=\"dialog\" aria-labelledby=\"commentLikeModalLabel\">\n<div class=\"modal-dialog modal-lg\" role=\"document\">\n<div class=\"modal-content\">\n<div class=\"modal-header\">\n<h3 class=\"modal-title\" id=\"commentReportModalLabel\">Apreciaza comentariu<\/h3>\n<\/div>\n<div class=\"modal-body\">\n<div class=\"tabel tabel-full\">\n<div class=\"celula\">\n            Trebuie s\u0103 fii <a href=\"https:\/\/ziaruldevrancea.ro\/account\">autentificat<\/a> pentru a putea aprecia un comentariu.\n          <\/div>\n<\/div>\n<\/div>\n<div class=\"modal-footer\"><a href=\"https:\/\/ziaruldevrancea.ro\/special\/educatie\/vrancea-culturala-22-de-ani-de-la-disparitia-profesorului-si-poetului-valeriu-filimon\" class=\"btn btn-default\" data-dismiss=\"modal\">Anuleaz\u0103<\/a><\/div>\n<\/div>\n<\/div>\n<\/div>\n<div class=\"bloc-widget widget-rosu\"><span><small>Ziarul de Vrancea doreste ca acest site sa fie un spatiu al discutiilor civilizate, al comentariilor de bun simt. Din acest motiv, cei care posteaza comentarii la articole trebuie sa respecte urmatoarele reguli:<br \/>\n1. Sa se refere doar la articolul la care posteaza comentarii.<br \/>\n2. Sa foloseasca un limbaj civilizat, fara injurii, calomnii, comentarii antisemite, xenofobe sau rasiste.<br \/>\n3. Sunt interzise atacurile la adresa autorilor, daca acestea nu au legatura cu textul.<br \/>\n4. Username-ul sa nu fie nume de personalitati ale vietii publice sau parodieri ale acestora.<br \/>\nAutorul unui articol poate fi criticat pentru eventuale greseli, incoerenta, lipsa de documentare etc.<br \/>\nNerespectarea regulilor mentionate mai sus va duce la stergerea comentariilor, fara avertisment si fara explicatii.<br \/>\nAbaterile repetate vor avea drept consecinta interdictia accesului la aceasta facilitate a site-ului.<\/small><\/span><\/div>\n<\/div>\n<p>[analyse_source url=&#8221;https:\/\/ziaruldevrancea.ro\/special\/educatie\/vrancea-culturala-22-de-ani-de-la-disparitia-profesorului-si-poetului-valeriu-filimon&#8221;]<\/p>\n","protected":false},"excerpt":{"rendered":"<p>[analyse_image type=&#8221;featured&#8221; src=&#8221;https:\/\/zdvi.cname.ro\/_\/vrancea-culturala-22-de-ani-de-la-disparitia-profesorului-si-poetului-valeriu-filimon\/mediaPool\/uT8HqVx.jpg&#8221;] Educa\u021bie Vrancea cultural\u0103 | 22 de ani de la dispari\u021bia profesorului \u0219i poetului Valeriu Filimon Distribuie: \u00a0 | Dan Sandu 28 iul 2026604 vizualiz\u0103ri Evocarea emo\u021bionant\u0103 semnat\u0103 de Dan Sandu \u00een Ziarul de Vrancea Colaboratorul Ziarului de Vrancea, scriitorul b\u0103c\u0103uan Dan Sandu, readuce \u00een aten\u021bia cititorilor personalitatea filologului, poetului \u0219i profesorului universitar [&hellip;]<\/p>\n","protected":false},"author":1,"featured_media":0,"comment_status":"open","ping_status":"","sticky":false,"template":"","format":"standard","meta":{"footnotes":""},"categories":[89],"tags":[226,208],"class_list":["post-2072955","post","type-post","status-publish","format-standard","hentry","category-romania","tag-crawlmanager","tag-ziaruldevrancea-ro"],"_links":{"self":[{"href":"https:\/\/analyse.optim.biz\/index.php?rest_route=\/wp\/v2\/posts\/2072955","targetHints":{"allow":["GET"]}}],"collection":[{"href":"https:\/\/analyse.optim.biz\/index.php?rest_route=\/wp\/v2\/posts"}],"about":[{"href":"https:\/\/analyse.optim.biz\/index.php?rest_route=\/wp\/v2\/types\/post"}],"author":[{"embeddable":true,"href":"https:\/\/analyse.optim.biz\/index.php?rest_route=\/wp\/v2\/users\/1"}],"replies":[{"embeddable":true,"href":"https:\/\/analyse.optim.biz\/index.php?rest_route=%2Fwp%2Fv2%2Fcomments&post=2072955"}],"version-history":[{"count":0,"href":"https:\/\/analyse.optim.biz\/index.php?rest_route=\/wp\/v2\/posts\/2072955\/revisions"}],"wp:attachment":[{"href":"https:\/\/analyse.optim.biz\/index.php?rest_route=%2Fwp%2Fv2%2Fmedia&parent=2072955"}],"wp:term":[{"taxonomy":"category","embeddable":true,"href":"https:\/\/analyse.optim.biz\/index.php?rest_route=%2Fwp%2Fv2%2Fcategories&post=2072955"},{"taxonomy":"post_tag","embeddable":true,"href":"https:\/\/analyse.optim.biz\/index.php?rest_route=%2Fwp%2Fv2%2Ftags&post=2072955"}],"curies":[{"name":"wp","href":"https:\/\/api.w.org\/{rel}","templated":true}]}}