{"id":2072954,"date":"2026-07-28T00:00:00","date_gmt":"2026-07-27T21:00:00","guid":{"rendered":"https:\/\/analyse.optim.biz\/?p=2072954"},"modified":"2026-07-28T00:00:00","modified_gmt":"2026-07-27T21:00:00","slug":"astazi-despre-fondatorul-scolii-romanesti-de-microbiologie-academicianul-victor-babes-autorul-primului-tratat-de-bacteriologie-din-lume-prin-care-a-pus-bazele-moderne-ale-acestei-stiinte","status":"publish","type":"post","link":"https:\/\/analyse.optim.biz\/?p=2072954","title":{"rendered":"Ast\u0103zi despre fondatorul \u0219colii rom\u00e2ne\u0219ti de microbiologie: academicianul Victor Babe\u0219 &#8211; autorul primului tratat de bacteriologie din lume prin care a pus bazele moderne ale acestei \u0219tiin\u021be"},"content":{"rendered":"<p>[analyse_image type=&#8221;featured&#8221; src=&#8221;https:\/\/zdvi.cname.ro\/_\/astazi-despre-academicianul-victor-babes&#8212;autorul-primului-tratat-de-bacteriologie-din-lume-prin-care-a-pus-bazele-moderne-ale-acestei-stiinte\/mediaPool\/upS8Rte.jpg&#8221;]<\/p>\n<div class=\"main-content detaliu-articol\"><a class=\"titlu-cat-list\" href=\"https:\/\/ziaruldevrancea.ro\/special\/educatie\">Educa\u021bie<\/a><\/p>\n<h1>Ast\u0103zi despre fondatorul \u0219colii rom\u00e2ne\u0219ti de microbiologie: academicianul Victor Babe\u0219 &#8211; autorul primului tratat de bacteriologie din lume prin care a pus bazele moderne ale acestei \u0219tiin\u021be <\/h1>\n<div class=\"date-articol clearfix\">\n<div class=\"distribuie-articol dropdown\">\n    Distribuie: \u00a0<br \/>\n    <em>|<\/em><\/div>\n<div class=\"autor-articol\"><a href=\"https:\/\/ziaruldevrancea.ro\/autor\/ziarul-de-vrancea\/\"><img decoding=\"async\" class=\"img-circle\" src=\"https:\/\/zdvi.cname.ro\/50_50\/articleAuthor\/ziarul-de-vrancea\/articleAuthor\/uMPfPxc.jpg\" alt><\/a><\/p>\n<h5><a href=\"https:\/\/ziaruldevrancea.ro\/autor\/ziarul-de-vrancea\/\">Ziarul de Vrancea<\/a><\/h5>\n<div class=\"grup-spatiere\"><span class=\"cu-spatiere\">28 iul 2026<\/span><span class=\"cu-spatiere\">8164 vizualiz\u0103ri<\/span><\/div>\n<\/div>\n<\/div>\n<div class=\"poza-mare\"><a href class=\"openGallery\"><img decoding=\"async\" class=\"img-responsive\" src=\"https:\/\/zdvi.cname.ro\/850_530\/astazi-despre-academicianul-victor-babes---autorul-primului-tratat-de-bacteriologie-din-lume-prin-care-a-pus-bazele-moderne-ale-acestei-stiinte\/article\/mediaPool\/upS8Rte.jpg\" alt><\/a><\/div>\n<p>Victor Babe\u0219 (n. 28 iulie 1854, Viena, Imperiul Austriac \u2013 d. 19 octombrie 1926, Bucure\u0219ti, Rom\u00e2nia) a fost un bacteriolog \u0219i morfopatolog rom\u00e2n, membru al Academiei Rom\u00e2ne din 1893. A fost fiul lui Vincen\u021biu Babe\u0219.<\/p>\n<p>\u00cen colaborare cu Victor Andr\u00e9 Cornil, este autorul primului tratat de bacteriologie din lume (Bacteriile \u0219i rolul lor \u00een anatomia \u0219i histologia patologic\u0103 a bolilor infec\u021bioase) prin care a pus bazele moderne ale acestei \u0219tiin\u021be.[7]<\/p>\n<p>De asemenea, este fondatorul \u0219colii rom\u00e2ne\u0219ti de microbiologie.<\/p>\n<p>Victor Babe\u0219 a ob\u021binut bacalaureatul la Gimnaziul Catolic din Budapesta, dup\u0103 care a studiat medicina la Universitatea din Budapesta, apoi la Viena, unde \u0219i-a luat doctoratul.<\/p>\n<p>Babe\u0219 \u00ee\u0219i \u00eencepe cariera \u0219tiin\u021bific\u0103 \u00een Budapesta ca asistent \u00een laboratorul de anatomie patologic\u0103 (1874-1881). \u00cen urma descoperirilor lui Louis Pasteur, este atras de microbiologie \u0219i pleac\u0103 la Paris unde lucreaz\u0103 un timp \u00een laboratorul lui Pasteur, apoi cu Victor Cornil. \u00cempreun\u0103 cu acesta public\u0103 primul tratat de bacteriologie intitulat Les bact\u00e9ries et leur r\u00f4le dans l&#8217;anatomie et l&#8217;histologie pathologiques des maladies infectieuses (1885).<\/p>\n<p>Activitatea \u0219tiin\u021bific\u0103 a lui Victor Babe\u0219 a fost foarte vast\u0103, cu un accent deosebit \u00een problemele de tuberculoz\u0103, lepr\u0103, vaccinare anti-rabic\u0103 \u0219i seroterapie anti-difteric\u0103. A demonstrat prezen\u021ba bacililor tuberculozei \u00een urina persoanelor bolnave \u0219i a pus \u00een eviden\u021b\u0103 peste 40 de microorganisme patogene. De o deosebit\u0103 importan\u021b\u0103 este descoperirea unei clase de parazi\u021bi &#8211; sporozoari intracelulari nepigmenta\u021bi &#8211; care cauzeaz\u0103 febra de Texas la pisici \u0219i alte \u00eemboln\u0103viri la animale vertebrate. La Congresul Interna\u021bional de Zoologie din Londra (1900) ace\u0219ti parazi\u021bi sunt clasifica\u021bi \u00een genul Babesia.<\/p>\n<p>\u00a0<\/p>\n<p>\u00a0<\/p>\n<p>\u00a0<\/p>\n<p>\u00cen colaborare cu Victor Andr\u00e9 Cornil, este autorul primului tratat de bacteriologie din lume (Bacteriile \u0219i rolul lor \u00een anatomia \u0219i histologia patologic\u0103 a bolilor infec\u021bioase) prin care a pus bazele moderne ale acestei \u0219tiin\u021be.<\/p>\n<p>De asemenea, este fondatorul \u0219colii rom\u00e2ne\u0219ti de microbiologie.<\/p>\n<p>Biografie<\/p>\n<p>Victor Babe\u0219 s-a n\u0103scut \u00een 1854 la Viena. A fost fiul deputatului Vincen\u021biu Babe\u0219, originar din Banat, \u0219i al Sophiei Goldschneider, unei austriece dintr-o influent\u0103 familie vienez\u0103. A studiat medicina la Budapesta, apoi la Viena, unde \u0219i-a luat doctoratul.<\/p>\n<p>Babe\u0219 \u00ee\u0219i \u00eencepe cariera \u0219tiin\u021bific\u0103 \u00een Budapesta ca asistent \u00een laboratorul de Anatomie Patologic\u0103 (1874 &#8211; 1881). \u00cen urma descoperirilor lui Louis Pasteur, este atras de microbiologie \u0219i pleac\u0103 la Paris unde lucreaz\u0103 un timp \u00een laboratorul lui Pasteur, apoi cu Victor Cornil. \u00cempreun\u0103 cu acesta public\u0103 primul tratat de bacteriologie intitulat Les bact\u00e9ries et leur r\u00f4le dans l&#8217;anatomie et l&#8217;histologie pathologiques des maladies infectieuses (1885).<\/p>\n<p>\u00cen anii 1885 &#8211; 1886 lucreaz\u0103 \u00een Berlin \u00een laboratoarele lui Rudolf Virchow \u0219i Robert Koch.<\/p>\n<p>\u00cen 1881 prime\u0219te titlul de conferen\u021biar (docent privat) iar \u00een 1885 postul de profesor asociat de Histopatologie la Universitatea din Budapesta.<\/p>\n<p>\u00cen 1887 Victor Babe\u0219 este chemat la Bucure\u0219ti ca profesor la catedra de Anatomie Patologic\u0103 \u0219i Bacteriologie.<\/p>\n<p>Activitate \u0219tiin\u021bific\u0103<\/p>\n<p>Activitatea \u0219tiin\u021bific\u0103 a lui Victor Babe\u0219 a fost foarte vast\u0103, cu un accent deosebit \u00een problemele de tuberculoz\u0103, lepr\u0103, vaccinare anti-rabic\u0103 \u0219i seroterapie anti-difteric\u0103. A demonstrat prezen\u021ba bacililor tuberculozei \u00een urina persoanelor bolnave \u0219i a pus \u00een eviden\u021b\u0103 peste 40 de microorganisme patogene. De o deosebit\u0103 importan\u021b\u0103 este descoperirea unei clase de parazi\u021bi &#8211; sporozoari intracelulari nepigmenta\u021bi &#8211; care cauzeaz\u0103 febra de Texas la pisici \u0219i alte \u00eemboln\u0103viri la animale vertebrate. La Congresul Interna\u021bional de Zoologie din Londra (1900) ace\u0219ti parazi\u021bi sunt clasifica\u021bi \u00een genul Babesia.<\/p>\n<p>\u00cen 1892 public\u0103 \u00eempreun\u0103 cu Gheorghe Marinescu \u0219i Paul Blocq un Atlas de Histologie patologic\u0103 a Sistemului Nervos. A editat timp de mai mul\u021bi ani Analele Institutului de Patologie \u0219i Bacteriologie din Bucure\u0219ti.<\/p>\n<p>Victor Babe\u0219, datorit\u0103 forma\u021biei sale \u0219tiin\u021bifice de baz\u0103, a creat concep\u021bia ce poate fi denumit\u0103 &#8220;patomorfologia procesului infec\u021bios&#8221;, sintez\u0103 a microbiologiei cu histopatologia.<\/p>\n<p>Activitatea lui Babe\u0219 a influen\u021bat \u0219i dezvoltarea medicinei veterinare, imprim\u00e2ndu-i orient\u0103ri noi, str\u00e2ns legate de obiectivele medicinei profilactice. Astfel, a introdus vaccinarea antirabic\u0103 \u00een Rom\u00e2nia, amelior\u00e2nd metoda prin asocierea, \u00een cazurile grave, cu seroterapia.<\/p>\n<p>Prin cercet\u0103rile sale valoroase asupra antagonismelor microbiene, s-a situat printre precursorii ideilor moderne asupra antibioticelor.<\/p>\n<p>\u00cen anul 1893 este ales membru titular al Academiei Rom\u00e2ne. A fost membru al Academiei Rom\u00e2ne, membru corespondent al Academiei de Medicin\u0103 din Paris \u0219i ofi\u021ber al Legiunii de Onoare (Fran\u021ba).<\/p>\n<p>Concep\u021bii filozofice \u0219i atitudine militant\u0103<\/p>\n<p>Pe l\u00e2ng\u0103 activitatea \u0219tiin\u021bific\u0103, Babe\u0219 a fost preocupat de \u00eembun\u0103t\u0103\u021birea st\u0103rii sanitare a popula\u021biei, \u00een special \u00een combaterea \u0219i prevenirea pelagrei. Studiind cauzele acestei boli, care (ca \u0219i tuberculoza) avea extindere \u00een mas\u0103, a subliniat esen\u021ba social\u0103 a acesteia \u0219i \u00een 1907 a sus\u021binut:<\/p>\n<p>&#8220;Leacul pelagrei, al acestei boli a mizeriei, al acestei ru\u0219ini na\u021bionale, vi-l dau eu: \u00eempropriet\u0103rirea \u021b\u0103ranilor.&#8221;<\/p>\n<p>De asemenea, Babe\u0219 s-a preocupat \u00eendeaproape de problemele medicinei profilactice, abord\u00e2nd probleme ca: alimentarea cu ap\u0103 a localit\u0103\u021bilor, organizarea \u0219tiin\u021bific\u0103 a luptei antiepidemice etc.<\/p>\n<p>Concep\u021bia sa filozofic\u0103, \u00eenscris\u0103 pe linia materialismului este expus\u0103 \u00een lucr\u0103rile: Considera\u021biuni asupra raportului \u0219tiin\u021belor naturale c\u0103tre filozofie (1879) \u0219i Credin\u021b\u0103 \u0219i \u0219tiin\u021b\u0103 (1924). Babe\u0219 a comb\u0103tut agnosticismul lui Kant, teoria ideilor \u00eenn\u0103scute (ineismul) lui Descartes, apriorismul idealist al lui Schelling, precum \u0219i fideism. A sus\u021binut \u00een mod consecvent caracterul obiectiv al lumii, al legilor naturii \u0219i al cauzalit\u0103\u021bii.<\/p>\n<p>Victor Babe\u0219 a pus bazele publica\u021biilor \u201eAnalele Institutului de Patologie \u0219i Bacteriologie\u201c (1889), \u201eRom\u00e2nia medical\u0103\u201c (1893) \u0219i \u201eArchives des sciences m\u00e9dicales\u201c (1895).<\/p>\n<p>Eponime asociate<\/p>\n<p>\u00a0\u00a0\u00a0 Corpusculii Babe\u0219-Ernst: incluzii metacromatice \u00een protoplasma unor bacterii grampozitive (de ex.: bacilul difteric).<\/p>\n<p>\u00a0\u00a0\u00a0 Corpusculii Babe\u0219-Negri: incluzii rabice \u00een celulele nervoase.<\/p>\n<p>\u00a0\u00a0\u00a0 Babesia: un gen de parazi\u021bi din ordinul Haemosporidia.<\/p>\n<p>\u00a0\u00a0\u00a0 Babesioze, (sin. Piroplasmoz\u0103): o boal\u0103 rar\u0103 grav\u0103, uneori fatal\u0103, la oameni cauzat\u0103 de un protozoar intraeritrocitar, Babesia microti.<\/p>\n<p>Note<\/p>\n<p>\u00a0\u00a0\u00a0 ^ * Cum a ratat Victor Babe\u0219 premiul Nobel, 5 mai 2012, Dan Falcan, Adev\u0103rul &#8211; articol Historia, accesat la 28 iunie 2012<\/p>\n<p>De la Wikipedia, enciclopedia liber\u0103<\/p>\n<p>Citi\u021bi \u0219i:\u00a0<\/p>\n<p><a href=\"https:\/\/historia.ro\/sectiune\/general\/victor-babes-si-nobelul-ratat-al-romaniei-579874.html\" target=\"_blank\">Victor Babe\u015f \u015fi \u201cNobelul\u201d ratat al Rom\u00e2niei<\/a><\/p>\n<p><a href=\"https:\/\/www.ziaruldevrancea.ro\/proiecte\/vrinceni-in-lume\/10700-focsaneanul-oscar-sager-a-revolutionat-neurologia.html\" target=\"_blank\">Focsaneanul Oscar Sager a revolutionat neurologia<\/a><\/p>\n<p>\u00a0<\/p>\n<p>\u00a0<\/p>\n<p>\u00a0<\/p>\n<p>\u00a0<\/p>\n<p>\u00a0<\/p>\n<p>\u00a0<\/p>\n<p>\u00a0<\/p>\n<p>\u00a0<\/p>\n<p>\u00a0<\/p>\n<p>\u00a0<\/p>\n<p>\u00a0<\/p>\n<p>\u00a0<\/p>\n<p>\u00a0<\/p>\n<hr>\n<div class=\"bloc-widget widget-rosu\">\n<p>\u00cen lipsa unui acord scris din partea Ziarului de Vrancea, pute\u0163i prelua maxim 500 de caractere din acest articol dac\u0103 preciza\u0163i sursa \u015fi insera\u0163i vizibil link-ul articolului:\u00a0<span>#insertcurrentlinkhere<\/span><\/p>\n<\/div>\n<div class=\"extra-articol listing-anunturi\">\n<h6>Anun\u021buri <span class=\"text-primary\">ZdV<\/span> Premium<\/h6>\n<div class=\"row\">\n<div class=\"col-lg-4 col-md-6 bloc-egal\"><a class=\"card-anunt\" href=\"https:\/\/ziaruldevrancea.ro\/anunturi\/imobiliare\/vanzari-terenuri\/vand-teren-in-panciu\"><strong class=\"titlu\">V\u00e2nz\u0103ri terenuri<\/strong><span class=\"text-anunt\">Teren Panciu 1170 mp, cu num\u0103r cas\u0103, ap\u0103&#8230;<\/span><span class=\"data-anunt\">29.07.2026  <\/span><\/a><\/div>\n<div class=\"col-lg-4 col-md-6 bloc-egal\"><a class=\"card-anunt\" href=\"https:\/\/ziaruldevrancea.ro\/anunturi\/altele\/anulare-acte\/vand-scrumbii-afumate-capturi-dunare\"><strong class=\"titlu\">Vanzari diverse<\/strong><span class=\"text-anunt\">Pret : 117 lei \/ kg . \u00a0 Este&#8230;<\/span><span class=\"data-anunt\">29.07.2026 , Gala\u021bi , Gala\u021bi<\/span><\/a><\/div>\n<div class=\"col-lg-4 col-md-6 bloc-egal\"><a class=\"card-anunt\" href=\"https:\/\/ziaruldevrancea.ro\/anunturi\/imobiliare\/vanzari-case\/vand-casa-si-teren-in-panciu-anunt-72818\"><strong class=\"titlu\">V\u00e2nz\u0103ri case<\/strong><span class=\"text-anunt\">V\u00e2nd cas\u0103 cu 2 camere, buc\u0103t\u0103rie, baie,&#8230;<\/span><span class=\"data-anunt\">23.07.2026  <\/span><\/a><\/div>\n<\/div>\n<\/div>\n<div class=\"extra-articol alte-articole\">\n<div class=\"row\">\n<div class=\"col-lg-6 bloc-egal\">\n<div class=\"card articol-listing\">\n<h6>\u00cen categoria <a href=\"https:\/\/ziaruldevrancea.ro\/special\/educatie\">Educa\u021bie<\/a><\/h6>\n<div class=\"grup-articol-listing\">\n<div class=\"cont-pils\"><a href=\"https:\/\/ziaruldevrancea.ro\/special\/educatie\/bacalaureat-2026-in-vrancea-incepe-sesiunea-de-toamna\"><img decoding=\"async\" src=\"https:\/\/zdvi.cname.ro\/180_135\/special\/educatie\/bacalaureat-2026-in-vrancea-incepe-sesiunea-de-toamna\/mediaPool\/uRriXdW.jpg\" class=\"img-responsive img-180\" alt><\/a><\/div>\n<h2><a class=\"link-titlu\" href=\"https:\/\/ziaruldevrancea.ro\/special\/educatie\/bacalaureat-2026-in-vrancea-incepe-sesiunea-de-toamna\">Bacalaureat 2026 \u00een Vrancea: \u00eencepe sesiunea de toamn\u0103<\/a><\/h2>\n<div class=\"date-post\"><a href=\"https:\/\/ziaruldevrancea.ro\/autor\/maria-bratu\">Maria BRATU<\/a>,  1 aug 2026  <\/div>\n<\/div>\n<div class=\"grup-articol-listing\">\n<div class=\"cont-pils\"><a href=\"https:\/\/ziaruldevrancea.ro\/special\/educatie\/infoeducatie-2026-s-a-incheiat-la-focsani.-elevii-din-vrancea-printre-laureatii-olimpiadei-nationale-de-inovare-si-creatie-digitala\"><img decoding=\"async\" src=\"https:\/\/zdvi.cname.ro\/180_135\/special\/educatie\/infoeducatie-2026-s-a-incheiat-la-focsani.-elevii-din-vrancea-printre-laureatii-olimpiadei-nationale-de-inovare-si-creatie-digitala\/mediaPool\/uqSpE5C.jpg\" class=\"img-responsive img-180\" alt><\/a><\/div>\n<h2><a class=\"link-titlu\" href=\"https:\/\/ziaruldevrancea.ro\/special\/educatie\/infoeducatie-2026-s-a-incheiat-la-focsani.-elevii-din-vrancea-printre-laureatii-olimpiadei-nationale-de-inovare-si-creatie-digitala\">InfoEduca\u021bie 2026 s-a \u00eencheiat la Foc\u0219ani. Elevii din Vrancea, printre laurea\u021bii Olimpiadei Na\u021bionale de Inovare \u0219i Crea\u021bie Digital\u0103<\/a><\/h2>\n<div class=\"date-post\"><a href=\"https:\/\/ziaruldevrancea.ro\/autor\/maria-bratu\">Maria BRATU<\/a>,  1 aug 2026  <\/div>\n<\/div>\n<div class=\"grup-articol-listing\">\n<div class=\"cont-pils\"><a href=\"https:\/\/ziaruldevrancea.ro\/special\/educatie\/titularizare-2026-in-vrancea-au-fost-publicate-primele-rezultate.-candidatii-pot-depune-contestatii-pana-pe-29-iulie\"><img decoding=\"async\" src=\"https:\/\/zdvi.cname.ro\/180_135\/special\/educatie\/titularizare-2026-in-vrancea-au-fost-publicate-primele-rezultate.-candidatii-pot-depune-contestatii-pana-pe-29-iulie\/mediaPool\/us2m6oB.jpg\" class=\"img-responsive img-180\" alt><\/a><\/div>\n<h2><a class=\"link-titlu\" href=\"https:\/\/ziaruldevrancea.ro\/special\/educatie\/titularizare-2026-in-vrancea-au-fost-publicate-primele-rezultate.-candidatii-pot-depune-contestatii-pana-pe-29-iulie\">Titularizare 2026 \u00een Vrancea: au fost publicate primele rezultate. Candida\u021bii pot depune contesta\u021bii p\u00e2n\u0103 pe 29 iulie<\/a><\/h2>\n<div class=\"date-post\"><a href=\"https:\/\/ziaruldevrancea.ro\/autor\/maria-bratu\">Maria BRATU<\/a>, 29 iul 2026  <\/div>\n<\/div>\n<\/div>\n<\/div>\n<div class=\"col-lg-6 bloc-egal\">\n<div class=\"card articol-listing\">\n<h6>De acela\u0219i <a href=\"https:\/\/ziaruldevrancea.ro\/autor\/ziarul-de-vrancea\/\">autor<\/a><\/h6>\n<div class=\"grup-articol-listing\">\n<div class=\"cont-pils\"><a href=\"https:\/\/ziaruldevrancea.ro\/timp-liber\/astazi-despre-focsaneanul-stefan-gh.-longinescu-profesor-de-drept-roman-la-universitatile-din-iasi-si-bucuresti.-a-scris-si-lucrari-de-istoria-dreptului.-a-fost-fratele-savantului-gheorghe-gh.-longinescu\"><img decoding=\"async\" src=\"https:\/\/zdvi.cname.ro\/180_135\/timp-liber\/astazi-despre-focsaneanul-stefan-gh.-longinescu-profesor-de-drept-roman-la-universitatile-din-iasi-si-bucuresti.-a-scris-si-lucrari-de-istoria-dreptului.-a-fost-fratele-savantului-gheorghe-gh.-longinescu\/mediaPool\/up6atjl.jpg\" class=\"img-responsive img-180\" alt><\/a><\/div>\n<h2><a class=\"link-titlu\" href=\"https:\/\/ziaruldevrancea.ro\/timp-liber\/astazi-despre-focsaneanul-stefan-gh.-longinescu-profesor-de-drept-roman-la-universitatile-din-iasi-si-bucuresti.-a-scris-si-lucrari-de-istoria-dreptului.-a-fost-fratele-savantului-gheorghe-gh.-longinescu\">Ast\u0103zi despre: Foc\u0219\u0103neanul \u0218tefan Gh. Longinescu, profesor de drept roman la universit\u0103\u021bile din Ia\u0219i \u0219i Bucure\u0219ti. A scris \u0219i lucr\u0103ri de istoria dreptului. A fost fratele savantului Gheorghe Gh. Longinescu<\/a><\/h2>\n<div class=\"date-post\"><a href=\"https:\/\/ziaruldevrancea.ro\/autor\/ziarul-de-vrancea\">Ziarul de Vrancea<\/a>,  2 aug 2026  <\/div>\n<\/div>\n<div class=\"grup-articol-listing\">\n<div class=\"cont-pils\"><a href=\"https:\/\/ziaruldevrancea.ro\/timp-liber\/astazi-despre-gellu-naum---cel-mai-reprezentativ-scriitor-roman-al-curentului-suprarealist---scriitorul-care-a-trait-si-mai-ales-a-iubit-intr-o-alta-dimensiune-in-care-dragostea-a-reprezentat-scopul-central-al-vietii\"><img decoding=\"async\" src=\"https:\/\/zdvi.cname.ro\/180_135\/timp-liber\/astazi-despre-gellu-naum---cel-mai-reprezentativ-scriitor-roman-al-curentului-suprarealist---scriitorul-care-a-trait-si-mai-ales-a-iubit-intr-o-alta-dimensiune-in-care-dragostea-a-reprezentat-scopul-central-al-vietii\/mediaPool\/uOcqabB.jpg\" class=\"img-responsive img-180\" alt><\/a><\/div>\n<h2><a class=\"link-titlu\" href=\"https:\/\/ziaruldevrancea.ro\/timp-liber\/astazi-despre-gellu-naum---cel-mai-reprezentativ-scriitor-roman-al-curentului-suprarealist---scriitorul-care-a-trait-si-mai-ales-a-iubit-intr-o-alta-dimensiune-in-care-dragostea-a-reprezentat-scopul-central-al-vietii\"> VIDEO Ast\u0103zi despre Gellu Naum &#8211; cel mai reprezentativ scriitor rom\u00e2n al curentului suprarealist &#8211; scriitorul care a a studiat la Sorbona, a tr\u0103it \u015fi mai ales, a iubit \u00eentr-o alt\u0103 dimensiune \u00een care dragostea a reprezentat scopul central al vie\u0163ii<\/a><\/h2>\n<div class=\"date-post\"><a href=\"https:\/\/ziaruldevrancea.ro\/autor\/ziarul-de-vrancea\">Ziarul de Vrancea<\/a>,  1 aug 2026  <\/div>\n<\/div>\n<div class=\"grup-articol-listing\">\n<div class=\"cont-pils\"><a href=\"https:\/\/ziaruldevrancea.ro\/timp-liber\/astazi-despre-alexandru-orascu---arhitectul-care-a-elaborat-in-anul-1893-proiectul-de-sistematizare-a-bucurestilor---universitatea-din-bucuresti-hotelul-carol-din-constanta-biserica-domnita-balasa-si-mitropolia-din-iasi\"><img decoding=\"async\" src=\"https:\/\/zdvi.cname.ro\/180_135\/timp-liber\/astazi-despre-alexandru-orascu---arhitectul-care-a-elaborat-in-anul-1893-proiectul-de-sistematizare-a-bucurestilor---universitatea-din-bucuresti-hotelul-carol-din-constanta-biserica-domnita-balasa-si-mitropolia-din-iasi\/mediaPool\/uditgJu.jpg\" class=\"img-responsive img-180\" alt><\/a><\/div>\n<h2><a class=\"link-titlu\" href=\"https:\/\/ziaruldevrancea.ro\/timp-liber\/astazi-despre-alexandru-orascu---arhitectul-care-a-elaborat-in-anul-1893-proiectul-de-sistematizare-a-bucurestilor---universitatea-din-bucuresti-hotelul-carol-din-constanta-biserica-domnita-balasa-si-mitropolia-din-iasi\">VIDEO+FOTO: Ast\u0103zi despre: Alexandru Or\u0103scu &#8211; arhitectul care a elaborat proiectul de sistematizare a Bucure\u0219tilor \u00een anul 1893, Universitatea din Bucure\u0219ti, Mitropolia din Ia\u0219i, Hotelul Carol din Constan\u021ba, Biserica Domni\u021ba B\u0103la\u0219a <\/a><\/h2>\n<div class=\"date-post\"><a href=\"https:\/\/ziaruldevrancea.ro\/autor\/ziarul-de-vrancea\">Ziarul de Vrancea<\/a>, 30 iul 2026  <\/div>\n<\/div>\n<\/div>\n<\/div>\n<\/div>\n<\/div>\n<div class=\"extra-articol listing-anunturi\">\n<h6>Anun\u021buri <span class=\"text-primary\">ZdV<\/span> Premium<\/h6>\n<div class=\"row\">\n<div class=\"col-lg-4 col-md-6 bloc-egal\"><a class=\"card-anunt\" href=\"https:\/\/ziaruldevrancea.ro\/anunturi\/angajari\/cereri-angajari\/doresc-angajare-anunt-72815\"><strong class=\"titlu\">Cereri<\/strong><span class=\"text-anunt\">Doresc s\u0103 am grij\u0103 de un copil de gradini\u021b\u0103&#8230;<\/span><span class=\"data-anunt\">21.07.2026  <\/span><\/a><\/div>\n<div class=\"col-lg-4 col-md-6 bloc-egal\"><a class=\"card-anunt\" href=\"https:\/\/ziaruldevrancea.ro\/anunturi\/inchirieri\/locuinte-oferte\/primesc-in-gazda-anunt-72816\"><strong class=\"titlu\">Locuin\u021be oferte<\/strong><span class=\"text-anunt\">\u00a0Primesc \u00een gazd\u0103 la cas\u0103.<\/p>\n<p>Tel&#8230;.<\/span><span class=\"data-anunt\">21.07.2026  <\/span><\/a><\/div>\n<div class=\"col-lg-4 col-md-6 bloc-egal\"><a class=\"card-anunt\" href=\"https:\/\/ziaruldevrancea.ro\/anunturi\/inchirieri\/locuinte-oferte\/primesc-in-gazda-anunt-72817\"><strong class=\"titlu\">Locuin\u021be oferte<\/strong><span class=\"text-anunt\">Primesc \u00een gazd\u0103 la bloc o elev\u0103. <\/p>\n<p>Tel&#8230;.<\/span><span class=\"data-anunt\">21.07.2026  <\/span><\/a><\/div>\n<\/div>\n<\/div>\n<div class=\"bloc-widget widget-albastru\">\n    Ziarul de Vrancea \u00a0nu este responsabil juridic pentru con\u0163inutul textelor din comentariile de mai jos. Responsabilitatea pentru mesajele dumneavoastra v\u0103 revine \u00een exclusivitate.\n<\/div>\n<div class=\"comentarii-articol\" id=\"comentarii\">\n<h3>Comentarii: <span class=\"text-primary\">0<\/span><\/h3>\n<p><a href=\"https:\/\/ziaruldevrancea.ro\/special\/educatie\/astazi-despre-academicianul-victor-babes---autorul-primului-tratat-de-bacteriologie-din-lume-prin-care-a-pus-bazele-moderne-ale-acestei-stiinte\" class=\"btn btn-success btn-adauga-com\" data-toggle=\"modal\" data-parent=\"0\" data-target=\"#commentModal\">Adaug\u0103 comentariu<\/a><\/p>\n<div class=\"loadMask comments-mask\"><img decoding=\"async\" src=\"https:\/\/zdvs.cname.ro\/images\/loader_40.gif\"><\/div>\n<div class=\"comenteaza-jos\">Trebuie s\u0103 fii <a href=\"https:\/\/ziaruldevrancea.ro\/account\">autentificat<\/a> pentru a putea <a href=\"https:\/\/ziaruldevrancea.ro\/special\/educatie\/astazi-despre-academicianul-victor-babes---autorul-primului-tratat-de-bacteriologie-din-lume-prin-care-a-pus-bazele-moderne-ale-acestei-stiinte\" class data-toggle=\"modal\" data-parent=\"0\" data-target=\"#commentModal\">posta un comentariu<\/a>.<\/div>\n<\/div>\n<div class=\"modal fade\" id=\"commentModal\" role=\"dialog\" aria-labelledby=\"commentModalLabel\">\n<div class=\"modal-dialog modal-lg\" role=\"document\">\n<div class=\"modal-content\">\n<div class=\"modal-header\">\n<h3 class=\"modal-title\" id=\"commentModalLabel\">Comenteaz\u0103<\/h3>\n<\/div>\n<div class=\"modal-body\">\n<div class=\"tabel tabel-full\">\n<div class=\"celula\">\n              Trebuie s\u0103 fii <a href=\"https:\/\/ziaruldevrancea.ro\/account\">autentificat<\/a> pentru a putea posta un comentariu.\n            <\/div>\n<\/div>\n<\/div>\n<div class=\"modal-footer\">\n<div id=\"commentPending\" class=\"formPending pull-left\"><img decoding=\"async\" src=\"https:\/\/zdvs.cname.ro\/images\/loader_40.gif\"> In curs de procesare&#8230;<\/div>\n<p><a href=\"https:\/\/ziaruldevrancea.ro\/special\/educatie\/astazi-despre-academicianul-victor-babes---autorul-primului-tratat-de-bacteriologie-din-lume-prin-care-a-pus-bazele-moderne-ale-acestei-stiinte\" class=\"btn btn-default\" data-dismiss=\"modal\">Anuleaz\u0103<\/a><\/div>\n<\/div>\n<\/div>\n<\/div>\n<div class=\"modal fade\" id=\"commentReportModal\" role=\"dialog\" aria-labelledby=\"commentReportModalLabel\">\n<div class=\"modal-dialog modal-lg\" role=\"document\">\n<div class=\"modal-content\">\n<div class=\"modal-header\">\n<h3 class=\"modal-title\" id=\"commentReportModalLabel\">Raporteaza comentariu<\/h3>\n<\/div>\n<div class=\"modal-body\">\n<div class=\"tabel tabel-full\">\n<div class=\"celula\">\n              Trebuie s\u0103 fii <a href=\"https:\/\/ziaruldevrancea.ro\/account\">autentificat<\/a> pentru a putea raporta un comentariu.\n            <\/div>\n<\/div>\n<\/div>\n<div class=\"modal-footer\">\n<div id=\"commentReportPending\" class=\"formPending pull-left\"><img decoding=\"async\" src=\"https:\/\/zdvs.cname.ro\/images\/loader_40.gif\"> In curs de procesare&#8230;<\/div>\n<p><a href=\"https:\/\/ziaruldevrancea.ro\/special\/educatie\/astazi-despre-academicianul-victor-babes---autorul-primului-tratat-de-bacteriologie-din-lume-prin-care-a-pus-bazele-moderne-ale-acestei-stiinte\" class=\"btn btn-default\" data-dismiss=\"modal\">Anuleaz\u0103<\/a><\/div>\n<\/div>\n<\/div>\n<\/div>\n<div class=\"modal fade\" id=\"commentLikeModal\" role=\"dialog\" aria-labelledby=\"commentLikeModalLabel\">\n<div class=\"modal-dialog modal-lg\" role=\"document\">\n<div class=\"modal-content\">\n<div class=\"modal-header\">\n<h3 class=\"modal-title\" id=\"commentReportModalLabel\">Apreciaza comentariu<\/h3>\n<\/div>\n<div class=\"modal-body\">\n<div class=\"tabel tabel-full\">\n<div class=\"celula\">\n            Trebuie s\u0103 fii <a href=\"https:\/\/ziaruldevrancea.ro\/account\">autentificat<\/a> pentru a putea aprecia un comentariu.\n          <\/div>\n<\/div>\n<\/div>\n<div class=\"modal-footer\"><a href=\"https:\/\/ziaruldevrancea.ro\/special\/educatie\/astazi-despre-academicianul-victor-babes---autorul-primului-tratat-de-bacteriologie-din-lume-prin-care-a-pus-bazele-moderne-ale-acestei-stiinte\" class=\"btn btn-default\" data-dismiss=\"modal\">Anuleaz\u0103<\/a><\/div>\n<\/div>\n<\/div>\n<\/div>\n<div class=\"bloc-widget widget-rosu\"><span><small>Ziarul de Vrancea doreste ca acest site sa fie un spatiu al discutiilor civilizate, al comentariilor de bun simt. Din acest motiv, cei care posteaza comentarii la articole trebuie sa respecte urmatoarele reguli:<br \/>\n1. Sa se refere doar la articolul la care posteaza comentarii.<br \/>\n2. Sa foloseasca un limbaj civilizat, fara injurii, calomnii, comentarii antisemite, xenofobe sau rasiste.<br \/>\n3. Sunt interzise atacurile la adresa autorilor, daca acestea nu au legatura cu textul.<br \/>\n4. Username-ul sa nu fie nume de personalitati ale vietii publice sau parodieri ale acestora.<br \/>\nAutorul unui articol poate fi criticat pentru eventuale greseli, incoerenta, lipsa de documentare etc.<br \/>\nNerespectarea regulilor mentionate mai sus va duce la stergerea comentariilor, fara avertisment si fara explicatii.<br \/>\nAbaterile repetate vor avea drept consecinta interdictia accesului la aceasta facilitate a site-ului.<\/small><\/span><\/div>\n<\/div>\n<p>[analyse_source url=&#8221;https:\/\/ziaruldevrancea.ro\/special\/educatie\/astazi-despre-academicianul-victor-babes&#8212;autorul-primului-tratat-de-bacteriologie-din-lume-prin-care-a-pus-bazele-moderne-ale-acestei-stiinte&#8221;]<\/p>\n","protected":false},"excerpt":{"rendered":"<p>[analyse_image type=&#8221;featured&#8221; src=&#8221;https:\/\/zdvi.cname.ro\/_\/astazi-despre-academicianul-victor-babes&#8212;autorul-primului-tratat-de-bacteriologie-din-lume-prin-care-a-pus-bazele-moderne-ale-acestei-stiinte\/mediaPool\/upS8Rte.jpg&#8221;] Educa\u021bie Ast\u0103zi despre fondatorul \u0219colii rom\u00e2ne\u0219ti de microbiologie: academicianul Victor Babe\u0219 &#8211; autorul primului tratat de bacteriologie din lume prin care a pus bazele moderne ale acestei \u0219tiin\u021be Distribuie: \u00a0 | Ziarul de Vrancea 28 iul 20268164 vizualiz\u0103ri Victor Babe\u0219 (n. 28 iulie 1854, Viena, Imperiul Austriac \u2013 d. 19 octombrie 1926, [&hellip;]<\/p>\n","protected":false},"author":1,"featured_media":0,"comment_status":"open","ping_status":"","sticky":false,"template":"","format":"standard","meta":{"footnotes":""},"categories":[89],"tags":[226,208],"class_list":["post-2072954","post","type-post","status-publish","format-standard","hentry","category-romania","tag-crawlmanager","tag-ziaruldevrancea-ro"],"_links":{"self":[{"href":"https:\/\/analyse.optim.biz\/index.php?rest_route=\/wp\/v2\/posts\/2072954","targetHints":{"allow":["GET"]}}],"collection":[{"href":"https:\/\/analyse.optim.biz\/index.php?rest_route=\/wp\/v2\/posts"}],"about":[{"href":"https:\/\/analyse.optim.biz\/index.php?rest_route=\/wp\/v2\/types\/post"}],"author":[{"embeddable":true,"href":"https:\/\/analyse.optim.biz\/index.php?rest_route=\/wp\/v2\/users\/1"}],"replies":[{"embeddable":true,"href":"https:\/\/analyse.optim.biz\/index.php?rest_route=%2Fwp%2Fv2%2Fcomments&post=2072954"}],"version-history":[{"count":0,"href":"https:\/\/analyse.optim.biz\/index.php?rest_route=\/wp\/v2\/posts\/2072954\/revisions"}],"wp:attachment":[{"href":"https:\/\/analyse.optim.biz\/index.php?rest_route=%2Fwp%2Fv2%2Fmedia&parent=2072954"}],"wp:term":[{"taxonomy":"category","embeddable":true,"href":"https:\/\/analyse.optim.biz\/index.php?rest_route=%2Fwp%2Fv2%2Fcategories&post=2072954"},{"taxonomy":"post_tag","embeddable":true,"href":"https:\/\/analyse.optim.biz\/index.php?rest_route=%2Fwp%2Fv2%2Ftags&post=2072954"}],"curies":[{"name":"wp","href":"https:\/\/api.w.org\/{rel}","templated":true}]}}