{"id":2072952,"date":"2026-07-24T00:00:00","date_gmt":"2026-07-23T21:00:00","guid":{"rendered":"https:\/\/analyse.optim.biz\/?p=2072952"},"modified":"2026-07-24T00:00:00","modified_gmt":"2026-07-23T21:00:00","slug":"admitere-liceu-2026-in-vrancea-in-ce-situatii-elevii-isi-pot-schimba-liceul-dupa-repartizare-si-care-sunt-conditiile-pentru-transfer","status":"publish","type":"post","link":"https:\/\/analyse.optim.biz\/?p=2072952","title":{"rendered":"Admitere liceu 2026 \u00een Vrancea: \u00een ce situa\u021bii elevii \u00ee\u0219i pot schimba liceul dup\u0103 repartizare \u0219i care sunt condi\u021biile pentru transfer"},"content":{"rendered":"<p>[analyse_image type=&#8221;featured&#8221; src=&#8221;https:\/\/zdvi.cname.ro\/_\/admitere-liceu-2026-in-vrancea-in-ce-situatii-elevii-isi-pot-schimba-liceul-dupa-repartizare-si-care-sunt-conditiile-pentru-transfer\/mediaPool\/u1nY7Sg.jpg&#8221;]<\/p>\n<div class=\"main-content detaliu-articol\"><a class=\"titlu-cat-list\" href=\"https:\/\/ziaruldevrancea.ro\/special\/educatie\">Educa\u021bie<\/a><\/p>\n<h1>Admitere liceu 2026 \u00een Vrancea: \u00een ce situa\u021bii elevii \u00ee\u0219i pot schimba liceul dup\u0103 repartizare \u0219i care sunt condi\u021biile pentru transfer<\/h1>\n<div class=\"date-articol clearfix\">\n<div class=\"distribuie-articol dropdown\">\n    Distribuie: \u00a0<br \/>\n    <em>|<\/em><\/div>\n<div class=\"autor-articol\"><a href=\"https:\/\/ziaruldevrancea.ro\/autor\/maria-bratu\/\"><img decoding=\"async\" class=\"img-circle\" src=\"https:\/\/zdvi.cname.ro\/50_50\/articleAuthor\/maria-bratu\/articleAuthor\/urTSNay.PNG\" alt><\/a><\/p>\n<h5><a href=\"https:\/\/ziaruldevrancea.ro\/autor\/maria-bratu\/\">Maria BRATU<\/a><\/h5>\n<div class=\"grup-spatiere\"><span class=\"cu-spatiere\">24 iul 2026<\/span><span class=\"cu-spatiere\">879 vizualiz\u0103ri<\/span><\/div>\n<\/div>\n<\/div>\n<div class=\"poza-mare\"><a href class=\"openGallery\"><img decoding=\"async\" class=\"img-responsive\" src=\"https:\/\/zdvi.cname.ro\/850_530\/admitere-liceu-2026-in-vrancea-in-ce-situatii-elevii-isi-pot-schimba-liceul-dupa-repartizare-si-care-sunt-conditiile-pentru-transfer\/article\/mediaPool\/u1nY7Sg.jpg\" alt=\"Foto:arhiva ZdV.Credit foto:bugetul.ro\"><\/a><\/p>\n<div class=\"caption-poza\">Foto:arhiva ZdV.Credit foto:bugetul.ro<\/div>\n<\/div>\n<p><strong>Absolven\u021bii de gimnaziu din Vrancea care au fost repartiza\u021bi la liceu trebuie s\u0103 \u0219tie c\u0103 schimbarea unit\u0103\u021bii de \u00eenv\u0103\u021b\u0103m\u00e2nt este posibil\u0103 doar \u00een cazuri bine stabilite de legisla\u021bie. Situa\u021biile speciale, documentele necesare \u0219i diferen\u021bele dintre modificarea repartiz\u0103rii \u0219i transferul \u00een clasa a IX-a sunt esen\u021biale pentru familiile implicate \u00een admiterea din 2026.<\/strong><\/p>\n<p><strong>Admitere liceu 2026 \u00een Vrancea: \u00een ce situa\u021bii elevii \u00ee\u0219i pot schimba liceul dup\u0103 repartizare \u0219i care sunt condi\u021biile pentru transfer<\/strong><\/p>\n<p>Elevii din Vrancea care au fost repartiza\u021bi computerizat \u00een prima etap\u0103 a admiterii la liceu pentru anul \u0219colar 2026-2027 trebuie s\u0103 \u0219tie c\u0103 schimbarea liceului imediat dup\u0103 repartizare este posibil\u0103 doar \u00een situa\u021bii speciale prev\u0103zute de procedurile inspectoratelor \u0219colare \u0219i de regulamentele Ministerului Educa\u021biei.<\/p>\n<p>\u00cen aceast\u0103 perioad\u0103, numero\u0219i p\u0103rin\u021bi caut\u0103 informa\u021bii privind posibilitatea modific\u0103rii repartiz\u0103rii, \u00eens\u0103 speciali\u0219tii atrag aten\u021bia c\u0103 aceasta nu se poate face la cerere, ci numai dac\u0103 sunt \u00eendeplinite condi\u021biile legale \u0219i sunt depuse documentele justificative.<\/p>\n<p><strong>Cinci situa\u021bii speciale \u00een care poate fi schimbat\u0103 repartizarea<\/strong><\/p>\n<p>Potrivit informa\u021biilor prezentate de Edupedu, dup\u0103 repartizarea computerizat\u0103 pot fi analizate doar urm\u0103toarele situa\u021bii:<\/p>\n<ul>\n<li>situa\u021bii medicale speciale;<\/li>\n<li>schimburi \u00eentre elevi care au aceea\u0219i medie de admitere;<\/li>\n<li>redistribuirea candida\u021bilor gemeni repartiza\u021bi la licee diferite;<\/li>\n<li>repartizarea pe locurile r\u0103mase libere pentru apropierea de domiciliu;<\/li>\n<li>corectarea erorilor de transcriere produse \u00een baza de date a op\u021biunilor elevilor.<\/li>\n<\/ul>\n<p>\u00cen toate aceste cazuri este obligatorie depunerea unui dosar complet, \u00eenso\u021bit de documente justificative.<\/p>\n<p><strong>Media de admitere r\u0103m\u00e2ne criteriul decisiv<\/strong><\/p>\n<p>Un aspect important pentru elevii din Vrancea \u00eel reprezint\u0103 faptul c\u0103 existen\u021ba unei situa\u021bii medicale sau a unui alt motiv justificat nu garanteaz\u0103 automat aprobarea cererii.<\/p>\n<p>Solicitantul trebuie s\u0103 \u00eendeplineasc\u0103 \u0219i condi\u021bia privind media de admitere. \u00cen practic\u0103, dac\u0103 media elevului este mai mic\u0103 dec\u00e2t media ultimului candidat admis la specializarea dorit\u0103, cererea nu poate fi aprobat\u0103, chiar dac\u0103 exist\u0103 recomand\u0103ri medicale sau alte documente justificative.<\/p>\n<p><strong>Cine poate solicita rezolvarea unei situa\u021bii speciale<\/strong><\/p>\n<p>Procedura este destinat\u0103:<\/p>\n<ul>\n<li>elevilor repartiza\u021bi computerizat \u00een prima etap\u0103;<\/li>\n<li>candida\u021bilor admi\u0219i la clase cu probe de aptitudini;<\/li>\n<li>elevilor admi\u0219i pe locurile speciale destinate candida\u021bilor romi;<\/li>\n<li>elevilor admi\u0219i pe locurile rezervate candida\u021bilor cu cerin\u021be educa\u021bionale speciale (CES).<\/li>\n<\/ul>\n<p>Documentele difer\u0103 \u00een func\u021bie de fiecare categorie, \u00eens\u0103 includ, \u00een general, copii ale actelor de identitate, adeverin\u021ba cu media de admitere, cererea de solicitare \u0219i documentele care justific\u0103 situa\u021bia invocat\u0103.<\/p>\n<p><strong>Apropierea de domiciliu poate constitui motiv de redistribuire<\/strong><\/p>\n<p>Una dintre cele mai \u00eent\u00e2lnite solicit\u0103ri este repartizarea pe locurile r\u0103mase libere pentru apropierea de domiciliu.<\/p>\n<p>\u0218i \u00een aceast\u0103 situa\u021bie, elevul trebuie s\u0103 respecte condi\u021biile privind media de admitere \u0219i s\u0103 prezinte documente care dovedesc domiciliul sau re\u0219edin\u021ba.<\/p>\n<p>Solicit\u0103rile sunt analizate numai dac\u0103 exist\u0103 locuri disponibile dup\u0103 prima etap\u0103 a admiterii.<\/p>\n<p><strong>Schimbul \u00eentre doi elevi este posibil doar dac\u0103 au aceea\u0219i medie<\/strong><\/p>\n<p>Procedura permite \u0219i schimbul \u00eentre doi elevi repartiza\u021bi la licee diferite, \u00eens\u0103 numai dac\u0103 ace\u0219tia au aceea\u0219i medie de admitere \u0219i exist\u0103 acordul ambelor familii.<\/p>\n<p>Cererea trebuie \u00eenso\u021bit\u0103 de documentele prev\u0103zute \u00een procedur\u0103 \u0219i este analizat\u0103 de comisia competent\u0103.<\/p>\n<p><strong>Schimbarea liceului nu este acela\u0219i lucru cu transferul<\/strong><\/p>\n<p>Inspectoratele \u0219colare \u0219i regulamentul de organizare a unit\u0103\u021bilor de \u00eenv\u0103\u021b\u0103m\u00e2nt fac o distinc\u021bie clar\u0103 \u00eentre schimbarea repartiz\u0103rii imediat dup\u0103 admitere \u0219i transferul elevilor \u00een clasa a IX-a.<\/p>\n<p>Transferul se realizeaz\u0103 ulterior, \u00een timpul anului \u0219colar sau \u00een vacan\u021be, cu p\u0103strarea filierei, profilului \u0219i specializ\u0103rii \u0219i numai \u00een condi\u021biile prev\u0103zute de ROFUIP.<\/p>\n<p>Pentru elevii de clasa a IX-a, transferul este permis \u00een principal \u00een situa\u021bii medicale deosebite sau \u00een alte cazuri excep\u021bionale prev\u0103zute de regulament, dac\u0103 media de admitere este cel pu\u021bin egal\u0103 cu media ultimului admis la specializarea solicitat\u0103.<\/p>\n<p><strong>Clasele pot dep\u0103\u0219i efectivul maxim \u00een anumite cazuri<\/strong><\/p>\n<p>\u00cencep\u00e2nd cu aplicarea noilor prevederi legislative, inspectoratele \u0219colare pot aproba, \u00een situa\u021bii justificate, dep\u0103\u0219irea efectivului maxim al unei clase cu p\u00e2n\u0103 la patru elevi, fa\u021b\u0103 de limita anterioar\u0103 de dou\u0103 locuri suplimentare.<\/p>\n<p>Aceast\u0103 modificare ofer\u0103 o flexibilitate mai mare \u00een solu\u021bionarea unor transferuri sau situa\u021bii excep\u021bionale, f\u0103r\u0103 ca aprobarea s\u0103 fie automat\u0103.<\/p>\n<p><strong>Ce trebuie s\u0103 urm\u0103reasc\u0103 elevii din Vrancea<\/strong><\/p>\n<p>Pentru absolven\u021bii de gimnaziu din jude\u021bul Vrancea \u0219i familiile acestora, perioada imediat urm\u0103toare repartiz\u0103rii computerizate r\u0103m\u00e2ne una important\u0103. Inspectoratul \u0218colar Jude\u021bean Vrancea va comunica calendarul \u0219i procedurile aplicabile la nivel jude\u021bean, iar p\u0103rin\u021bii sunt sf\u0103tui\u021bi s\u0103 urm\u0103reasc\u0103 anun\u021burile oficiale \u0219i s\u0103 respecte termenele de depunere a eventualelor solicit\u0103ri.<\/p>\n<p>\u00cen cazul \u00een care exist\u0103 motive medicale, erori de repartizare sau alte situa\u021bii prev\u0103zute de legisla\u021bie, dosarele trebuie \u00eentocmite complet \u0219i depuse \u00een intervalele stabilite de autorit\u0103\u021bile din educa\u021bie.<\/p>\n<p><strong>Maria Bratu<\/strong><\/p>\n<hr>\n<div class=\"bloc-widget widget-rosu\">\n<p>\u00cen lipsa unui acord scris din partea Ziarului de Vrancea, pute\u0163i prelua maxim 500 de caractere din acest articol dac\u0103 preciza\u0163i sursa \u015fi insera\u0163i vizibil link-ul articolului:\u00a0<span>#insertcurrentlinkhere<\/span><\/p>\n<\/div>\n<div class=\"extra-articol listing-anunturi\">\n<h6>Anun\u021buri <span class=\"text-primary\">ZdV<\/span> Premium<\/h6>\n<div class=\"row\">\n<div class=\"col-lg-4 col-md-6 bloc-egal\"><a class=\"card-anunt\" href=\"https:\/\/ziaruldevrancea.ro\/anunturi\/imobiliare\/vanzari-terenuri\/vand-teren-in-panciu\"><strong class=\"titlu\">V\u00e2nz\u0103ri terenuri<\/strong><span class=\"text-anunt\">Teren Panciu 1170 mp, cu num\u0103r cas\u0103, ap\u0103&#8230;<\/span><span class=\"data-anunt\">29.07.2026  <\/span><\/a><\/div>\n<div class=\"col-lg-4 col-md-6 bloc-egal\"><a class=\"card-anunt\" href=\"https:\/\/ziaruldevrancea.ro\/anunturi\/altele\/anulare-acte\/vand-scrumbii-afumate-capturi-dunare\"><strong class=\"titlu\">Vanzari diverse<\/strong><span class=\"text-anunt\">Pret : 117 lei \/ kg . \u00a0 Este&#8230;<\/span><span class=\"data-anunt\">29.07.2026 , Gala\u021bi , Gala\u021bi<\/span><\/a><\/div>\n<div class=\"col-lg-4 col-md-6 bloc-egal\"><a class=\"card-anunt\" href=\"https:\/\/ziaruldevrancea.ro\/anunturi\/imobiliare\/vanzari-case\/vand-casa-si-teren-in-panciu-anunt-72818\"><strong class=\"titlu\">V\u00e2nz\u0103ri case<\/strong><span class=\"text-anunt\">V\u00e2nd cas\u0103 cu 2 camere, buc\u0103t\u0103rie, baie,&#8230;<\/span><span class=\"data-anunt\">23.07.2026  <\/span><\/a><\/div>\n<\/div>\n<\/div>\n<div class=\"extra-articol alte-articole\">\n<div class=\"row\">\n<div class=\"col-lg-6 bloc-egal\">\n<div class=\"card articol-listing\">\n<h6>\u00cen categoria <a href=\"https:\/\/ziaruldevrancea.ro\/special\/educatie\">Educa\u021bie<\/a><\/h6>\n<div class=\"grup-articol-listing\">\n<div class=\"cont-pils\"><a href=\"https:\/\/ziaruldevrancea.ro\/special\/educatie\/bacalaureat-2026-in-vrancea-incepe-sesiunea-de-toamna\"><img decoding=\"async\" src=\"https:\/\/zdvi.cname.ro\/180_135\/special\/educatie\/bacalaureat-2026-in-vrancea-incepe-sesiunea-de-toamna\/mediaPool\/uRriXdW.jpg\" class=\"img-responsive img-180\" alt><\/a><\/div>\n<h2><a class=\"link-titlu\" href=\"https:\/\/ziaruldevrancea.ro\/special\/educatie\/bacalaureat-2026-in-vrancea-incepe-sesiunea-de-toamna\">Bacalaureat 2026 \u00een Vrancea: \u00eencepe sesiunea de toamn\u0103<\/a><\/h2>\n<div class=\"date-post\"><a href=\"https:\/\/ziaruldevrancea.ro\/autor\/maria-bratu\">Maria BRATU<\/a>,  1 aug 2026  <\/div>\n<\/div>\n<div class=\"grup-articol-listing\">\n<div class=\"cont-pils\"><a href=\"https:\/\/ziaruldevrancea.ro\/special\/educatie\/infoeducatie-2026-s-a-incheiat-la-focsani.-elevii-din-vrancea-printre-laureatii-olimpiadei-nationale-de-inovare-si-creatie-digitala\"><img decoding=\"async\" src=\"https:\/\/zdvi.cname.ro\/180_135\/special\/educatie\/infoeducatie-2026-s-a-incheiat-la-focsani.-elevii-din-vrancea-printre-laureatii-olimpiadei-nationale-de-inovare-si-creatie-digitala\/mediaPool\/uqSpE5C.jpg\" class=\"img-responsive img-180\" alt><\/a><\/div>\n<h2><a class=\"link-titlu\" href=\"https:\/\/ziaruldevrancea.ro\/special\/educatie\/infoeducatie-2026-s-a-incheiat-la-focsani.-elevii-din-vrancea-printre-laureatii-olimpiadei-nationale-de-inovare-si-creatie-digitala\">InfoEduca\u021bie 2026 s-a \u00eencheiat la Foc\u0219ani. Elevii din Vrancea, printre laurea\u021bii Olimpiadei Na\u021bionale de Inovare \u0219i Crea\u021bie Digital\u0103<\/a><\/h2>\n<div class=\"date-post\"><a href=\"https:\/\/ziaruldevrancea.ro\/autor\/maria-bratu\">Maria BRATU<\/a>,  1 aug 2026  <\/div>\n<\/div>\n<div class=\"grup-articol-listing\">\n<div class=\"cont-pils\"><a href=\"https:\/\/ziaruldevrancea.ro\/special\/educatie\/titularizare-2026-in-vrancea-au-fost-publicate-primele-rezultate.-candidatii-pot-depune-contestatii-pana-pe-29-iulie\"><img decoding=\"async\" src=\"https:\/\/zdvi.cname.ro\/180_135\/special\/educatie\/titularizare-2026-in-vrancea-au-fost-publicate-primele-rezultate.-candidatii-pot-depune-contestatii-pana-pe-29-iulie\/mediaPool\/us2m6oB.jpg\" class=\"img-responsive img-180\" alt><\/a><\/div>\n<h2><a class=\"link-titlu\" href=\"https:\/\/ziaruldevrancea.ro\/special\/educatie\/titularizare-2026-in-vrancea-au-fost-publicate-primele-rezultate.-candidatii-pot-depune-contestatii-pana-pe-29-iulie\">Titularizare 2026 \u00een Vrancea: au fost publicate primele rezultate. Candida\u021bii pot depune contesta\u021bii p\u00e2n\u0103 pe 29 iulie<\/a><\/h2>\n<div class=\"date-post\"><a href=\"https:\/\/ziaruldevrancea.ro\/autor\/maria-bratu\">Maria BRATU<\/a>, 29 iul 2026  <\/div>\n<\/div>\n<\/div>\n<\/div>\n<div class=\"col-lg-6 bloc-egal\">\n<div class=\"card articol-listing\">\n<h6>De acela\u0219i <a href=\"https:\/\/ziaruldevrancea.ro\/autor\/maria-bratu\/\">autor<\/a><\/h6>\n<div class=\"grup-articol-listing\">\n<div class=\"cont-pils\"><a href=\"https:\/\/ziaruldevrancea.ro\/promo\/evenimente-speciale\/video--foto-elevii-vranceni-premiati-de-consiliului-judetean-pentru-performanta-obtinuta-la-infoeducatie-2026\"><img decoding=\"async\" src=\"https:\/\/zdvi.cname.ro\/180_135\/promo\/evenimente-speciale\/video--foto-elevii-vranceni-premiati-de-consiliului-judetean-pentru-performanta-obtinuta-la-infoeducatie-2026\/mediaPool\/u6Sjqgn.jpeg\" class=\"img-responsive img-180\" alt><\/a><\/div>\n<h2><a class=\"link-titlu\" href=\"https:\/\/ziaruldevrancea.ro\/promo\/evenimente-speciale\/video--foto-elevii-vranceni-premiati-de-consiliului-judetean-pentru-performanta-obtinuta-la-infoeducatie-2026\">VIDEO + Foto | Elevii vr\u00e2nceni premia\u021bi de Consiliului Jude\u021bean pentru performan\u021ba ob\u021binut\u0103 la InfoEduca\u021bie 2026<\/a><\/h2>\n<div class=\"date-post\"><a href=\"https:\/\/ziaruldevrancea.ro\/autor\/maria-bratu\">Maria BRATU<\/a>,  1 aug 2026  <\/div>\n<\/div>\n<div class=\"grup-articol-listing\">\n<div class=\"cont-pils\"><a href=\"https:\/\/ziaruldevrancea.ro\/special\/educatie\/foto-infoeducatie-2026-a-inceput-la-focsani\"><img decoding=\"async\" src=\"https:\/\/zdvi.cname.ro\/180_135\/special\/educatie\/foto-infoeducatie-2026-a-inceput-la-focsani\/mediaPool\/u2uQ6E6.jpg\" class=\"img-responsive img-180\" alt><\/a><\/div>\n<h2><a class=\"link-titlu\" href=\"https:\/\/ziaruldevrancea.ro\/special\/educatie\/foto-infoeducatie-2026-a-inceput-la-focsani\">Foto | InfoEduca\u021bie 2026 a \u00eenceput la Foc\u0219ani<\/a><\/h2>\n<div class=\"date-post\"><a href=\"https:\/\/ziaruldevrancea.ro\/autor\/maria-bratu\">Maria BRATU<\/a>, 28 iul 2026  <\/div>\n<\/div>\n<div class=\"grup-articol-listing\">\n<div class=\"cont-pils\"><a href=\"https:\/\/ziaruldevrancea.ro\/special\/educatie\/infoeducatie-2026-incepe-la-focsani.-consiliul-judetean-vrancea-ramane-partener-al-competitiei-nationale\"><img decoding=\"async\" src=\"https:\/\/zdvi.cname.ro\/180_135\/special\/educatie\/infoeducatie-2026-incepe-la-focsani.-consiliul-judetean-vrancea-ramane-partener-al-competitiei-nationale\/mediaPool\/uHLcanJ.jpeg\" class=\"img-responsive img-180\" alt><\/a><\/div>\n<h2><a class=\"link-titlu\" href=\"https:\/\/ziaruldevrancea.ro\/special\/educatie\/infoeducatie-2026-incepe-la-focsani.-consiliul-judetean-vrancea-ramane-partener-al-competitiei-nationale\">InfoEduca\u021bie 2026 \u00eencepe la Foc\u0219ani. Consiliul Jude\u021bean Vrancea r\u0103m\u00e2ne partener al competi\u021biei na\u021bionale<\/a><\/h2>\n<div class=\"date-post\"><a href=\"https:\/\/ziaruldevrancea.ro\/autor\/maria-bratu\">Maria BRATU<\/a>, 28 iul 2026  <\/div>\n<\/div>\n<\/div>\n<\/div>\n<\/div>\n<\/div>\n<div class=\"extra-articol listing-anunturi\">\n<h6>Anun\u021buri <span class=\"text-primary\">ZdV<\/span> Premium<\/h6>\n<div class=\"row\">\n<div class=\"col-lg-4 col-md-6 bloc-egal\"><a class=\"card-anunt\" href=\"https:\/\/ziaruldevrancea.ro\/anunturi\/angajari\/cereri-angajari\/doresc-angajare-anunt-72815\"><strong class=\"titlu\">Cereri<\/strong><span class=\"text-anunt\">Doresc s\u0103 am grij\u0103 de un copil de gradini\u021b\u0103&#8230;<\/span><span class=\"data-anunt\">21.07.2026  <\/span><\/a><\/div>\n<div class=\"col-lg-4 col-md-6 bloc-egal\"><a class=\"card-anunt\" href=\"https:\/\/ziaruldevrancea.ro\/anunturi\/inchirieri\/locuinte-oferte\/primesc-in-gazda-anunt-72816\"><strong class=\"titlu\">Locuin\u021be oferte<\/strong><span class=\"text-anunt\">\u00a0Primesc \u00een gazd\u0103 la cas\u0103.<\/p>\n<p>Tel&#8230;.<\/span><span class=\"data-anunt\">21.07.2026  <\/span><\/a><\/div>\n<div class=\"col-lg-4 col-md-6 bloc-egal\"><a class=\"card-anunt\" href=\"https:\/\/ziaruldevrancea.ro\/anunturi\/inchirieri\/locuinte-oferte\/primesc-in-gazda-anunt-72817\"><strong class=\"titlu\">Locuin\u021be oferte<\/strong><span class=\"text-anunt\">Primesc \u00een gazd\u0103 la bloc o elev\u0103. <\/p>\n<p>Tel&#8230;.<\/span><span class=\"data-anunt\">21.07.2026  <\/span><\/a><\/div>\n<\/div>\n<\/div>\n<div class=\"bloc-widget widget-albastru\">\n    Ziarul de Vrancea \u00a0nu este responsabil juridic pentru con\u0163inutul textelor din comentariile de mai jos. Responsabilitatea pentru mesajele dumneavoastra v\u0103 revine \u00een exclusivitate.\n<\/div>\n<div class=\"comentarii-articol\" id=\"comentarii\">\n<h3>Comentarii: <span class=\"text-primary\">0<\/span><\/h3>\n<p><a href=\"https:\/\/ziaruldevrancea.ro\/special\/educatie\/admitere-liceu-2026-in-vrancea-in-ce-situatii-elevii-isi-pot-schimba-liceul-dupa-repartizare-si-care-sunt-conditiile-pentru-transfer\" class=\"btn btn-success btn-adauga-com\" data-toggle=\"modal\" data-parent=\"0\" data-target=\"#commentModal\">Adaug\u0103 comentariu<\/a><\/p>\n<div class=\"loadMask comments-mask\"><img decoding=\"async\" src=\"https:\/\/zdvs.cname.ro\/images\/loader_40.gif\"><\/div>\n<div class=\"comenteaza-jos\">Trebuie s\u0103 fii <a href=\"https:\/\/ziaruldevrancea.ro\/account\">autentificat<\/a> pentru a putea <a href=\"https:\/\/ziaruldevrancea.ro\/special\/educatie\/admitere-liceu-2026-in-vrancea-in-ce-situatii-elevii-isi-pot-schimba-liceul-dupa-repartizare-si-care-sunt-conditiile-pentru-transfer\" class data-toggle=\"modal\" data-parent=\"0\" data-target=\"#commentModal\">posta un comentariu<\/a>.<\/div>\n<\/div>\n<div class=\"modal fade\" id=\"commentModal\" role=\"dialog\" aria-labelledby=\"commentModalLabel\">\n<div class=\"modal-dialog modal-lg\" role=\"document\">\n<div class=\"modal-content\">\n<div class=\"modal-header\">\n<h3 class=\"modal-title\" id=\"commentModalLabel\">Comenteaz\u0103<\/h3>\n<\/div>\n<div class=\"modal-body\">\n<div class=\"tabel tabel-full\">\n<div class=\"celula\">\n              Trebuie s\u0103 fii <a href=\"https:\/\/ziaruldevrancea.ro\/account\">autentificat<\/a> pentru a putea posta un comentariu.\n            <\/div>\n<\/div>\n<\/div>\n<div class=\"modal-footer\">\n<div id=\"commentPending\" class=\"formPending pull-left\"><img decoding=\"async\" src=\"https:\/\/zdvs.cname.ro\/images\/loader_40.gif\"> In curs de procesare&#8230;<\/div>\n<p><a href=\"https:\/\/ziaruldevrancea.ro\/special\/educatie\/admitere-liceu-2026-in-vrancea-in-ce-situatii-elevii-isi-pot-schimba-liceul-dupa-repartizare-si-care-sunt-conditiile-pentru-transfer\" class=\"btn btn-default\" data-dismiss=\"modal\">Anuleaz\u0103<\/a><\/div>\n<\/div>\n<\/div>\n<\/div>\n<div class=\"modal fade\" id=\"commentReportModal\" role=\"dialog\" aria-labelledby=\"commentReportModalLabel\">\n<div class=\"modal-dialog modal-lg\" role=\"document\">\n<div class=\"modal-content\">\n<div class=\"modal-header\">\n<h3 class=\"modal-title\" id=\"commentReportModalLabel\">Raporteaza comentariu<\/h3>\n<\/div>\n<div class=\"modal-body\">\n<div class=\"tabel tabel-full\">\n<div class=\"celula\">\n              Trebuie s\u0103 fii <a href=\"https:\/\/ziaruldevrancea.ro\/account\">autentificat<\/a> pentru a putea raporta un comentariu.\n            <\/div>\n<\/div>\n<\/div>\n<div class=\"modal-footer\">\n<div id=\"commentReportPending\" class=\"formPending pull-left\"><img decoding=\"async\" src=\"https:\/\/zdvs.cname.ro\/images\/loader_40.gif\"> In curs de procesare&#8230;<\/div>\n<p><a href=\"https:\/\/ziaruldevrancea.ro\/special\/educatie\/admitere-liceu-2026-in-vrancea-in-ce-situatii-elevii-isi-pot-schimba-liceul-dupa-repartizare-si-care-sunt-conditiile-pentru-transfer\" class=\"btn btn-default\" data-dismiss=\"modal\">Anuleaz\u0103<\/a><\/div>\n<\/div>\n<\/div>\n<\/div>\n<div class=\"modal fade\" id=\"commentLikeModal\" role=\"dialog\" aria-labelledby=\"commentLikeModalLabel\">\n<div class=\"modal-dialog modal-lg\" role=\"document\">\n<div class=\"modal-content\">\n<div class=\"modal-header\">\n<h3 class=\"modal-title\" id=\"commentReportModalLabel\">Apreciaza comentariu<\/h3>\n<\/div>\n<div class=\"modal-body\">\n<div class=\"tabel tabel-full\">\n<div class=\"celula\">\n            Trebuie s\u0103 fii <a href=\"https:\/\/ziaruldevrancea.ro\/account\">autentificat<\/a> pentru a putea aprecia un comentariu.\n          <\/div>\n<\/div>\n<\/div>\n<div class=\"modal-footer\"><a href=\"https:\/\/ziaruldevrancea.ro\/special\/educatie\/admitere-liceu-2026-in-vrancea-in-ce-situatii-elevii-isi-pot-schimba-liceul-dupa-repartizare-si-care-sunt-conditiile-pentru-transfer\" class=\"btn btn-default\" data-dismiss=\"modal\">Anuleaz\u0103<\/a><\/div>\n<\/div>\n<\/div>\n<\/div>\n<div class=\"bloc-widget widget-rosu\"><span><small>Ziarul de Vrancea doreste ca acest site sa fie un spatiu al discutiilor civilizate, al comentariilor de bun simt. Din acest motiv, cei care posteaza comentarii la articole trebuie sa respecte urmatoarele reguli:<br \/>\n1. Sa se refere doar la articolul la care posteaza comentarii.<br \/>\n2. Sa foloseasca un limbaj civilizat, fara injurii, calomnii, comentarii antisemite, xenofobe sau rasiste.<br \/>\n3. Sunt interzise atacurile la adresa autorilor, daca acestea nu au legatura cu textul.<br \/>\n4. Username-ul sa nu fie nume de personalitati ale vietii publice sau parodieri ale acestora.<br \/>\nAutorul unui articol poate fi criticat pentru eventuale greseli, incoerenta, lipsa de documentare etc.<br \/>\nNerespectarea regulilor mentionate mai sus va duce la stergerea comentariilor, fara avertisment si fara explicatii.<br \/>\nAbaterile repetate vor avea drept consecinta interdictia accesului la aceasta facilitate a site-ului.<\/small><\/span><\/div>\n<\/div>\n<p>[analyse_source url=&#8221;https:\/\/ziaruldevrancea.ro\/special\/educatie\/admitere-liceu-2026-in-vrancea-in-ce-situatii-elevii-isi-pot-schimba-liceul-dupa-repartizare-si-care-sunt-conditiile-pentru-transfer&#8221;]<\/p>\n","protected":false},"excerpt":{"rendered":"<p>[analyse_image type=&#8221;featured&#8221; src=&#8221;https:\/\/zdvi.cname.ro\/_\/admitere-liceu-2026-in-vrancea-in-ce-situatii-elevii-isi-pot-schimba-liceul-dupa-repartizare-si-care-sunt-conditiile-pentru-transfer\/mediaPool\/u1nY7Sg.jpg&#8221;] Educa\u021bie Admitere liceu 2026 \u00een Vrancea: \u00een ce situa\u021bii elevii \u00ee\u0219i pot schimba liceul dup\u0103 repartizare \u0219i care sunt condi\u021biile pentru transfer Distribuie: \u00a0 | Maria BRATU 24 iul 2026879 vizualiz\u0103ri Foto:arhiva ZdV.Credit foto:bugetul.ro Absolven\u021bii de gimnaziu din Vrancea care au fost repartiza\u021bi la liceu trebuie s\u0103 \u0219tie c\u0103 schimbarea unit\u0103\u021bii de [&hellip;]<\/p>\n","protected":false},"author":1,"featured_media":0,"comment_status":"open","ping_status":"","sticky":false,"template":"","format":"standard","meta":{"footnotes":""},"categories":[89],"tags":[226,208],"class_list":["post-2072952","post","type-post","status-publish","format-standard","hentry","category-romania","tag-crawlmanager","tag-ziaruldevrancea-ro"],"_links":{"self":[{"href":"https:\/\/analyse.optim.biz\/index.php?rest_route=\/wp\/v2\/posts\/2072952","targetHints":{"allow":["GET"]}}],"collection":[{"href":"https:\/\/analyse.optim.biz\/index.php?rest_route=\/wp\/v2\/posts"}],"about":[{"href":"https:\/\/analyse.optim.biz\/index.php?rest_route=\/wp\/v2\/types\/post"}],"author":[{"embeddable":true,"href":"https:\/\/analyse.optim.biz\/index.php?rest_route=\/wp\/v2\/users\/1"}],"replies":[{"embeddable":true,"href":"https:\/\/analyse.optim.biz\/index.php?rest_route=%2Fwp%2Fv2%2Fcomments&post=2072952"}],"version-history":[{"count":0,"href":"https:\/\/analyse.optim.biz\/index.php?rest_route=\/wp\/v2\/posts\/2072952\/revisions"}],"wp:attachment":[{"href":"https:\/\/analyse.optim.biz\/index.php?rest_route=%2Fwp%2Fv2%2Fmedia&parent=2072952"}],"wp:term":[{"taxonomy":"category","embeddable":true,"href":"https:\/\/analyse.optim.biz\/index.php?rest_route=%2Fwp%2Fv2%2Fcategories&post=2072952"},{"taxonomy":"post_tag","embeddable":true,"href":"https:\/\/analyse.optim.biz\/index.php?rest_route=%2Fwp%2Fv2%2Ftags&post=2072952"}],"curies":[{"name":"wp","href":"https:\/\/api.w.org\/{rel}","templated":true}]}}