{"id":2072951,"date":"2026-07-23T00:00:00","date_gmt":"2026-07-22T21:00:00","guid":{"rendered":"https:\/\/analyse.optim.biz\/?p=2072951"},"modified":"2026-07-23T00:00:00","modified_gmt":"2026-07-22T21:00:00","slug":"foto-admitere-liceu-2026-in-vrancea-colegiul-national-unirea-domina-clasamentul-ultimelor-medii","status":"publish","type":"post","link":"https:\/\/analyse.optim.biz\/?p=2072951","title":{"rendered":"Foto | Admitere liceu 2026 \u00een Vrancea: Colegiul Na\u021bional \u201eUnirea\u201d domin\u0103 clasamentul ultimelor medii"},"content":{"rendered":"<p>[analyse_image type=&#8221;featured&#8221; src=&#8221;https:\/\/zdvi.cname.ro\/_\/foto-admitere-liceu-2026-in-vrancea-colegiul-national-unirea-domina-clasamentul-ultimelor-medii\/mediaPool\/u050jop.jpg&#8221;]<\/p>\n<div class=\"main-content detaliu-articol\"><a class=\"titlu-cat-list\" href=\"https:\/\/ziaruldevrancea.ro\/special\/educatie\">Educa\u021bie<\/a><\/p>\n<h1>Foto | Admitere liceu 2026 \u00een Vrancea: Colegiul Na\u021bional \u201eUnirea\u201d domin\u0103 clasamentul ultimelor medii<\/h1>\n<div class=\"date-articol clearfix\">\n<div class=\"distribuie-articol dropdown\">\n    Distribuie: \u00a0<br \/>\n    <em>|<\/em><\/div>\n<div class=\"autor-articol\"><a href=\"https:\/\/ziaruldevrancea.ro\/autor\/maria-bratu\/\"><img decoding=\"async\" class=\"img-circle\" src=\"https:\/\/zdvi.cname.ro\/50_50\/articleAuthor\/maria-bratu\/articleAuthor\/urTSNay.PNG\" alt><\/a><\/p>\n<h5><a href=\"https:\/\/ziaruldevrancea.ro\/autor\/maria-bratu\/\">Maria BRATU<\/a><\/h5>\n<div class=\"grup-spatiere\"><span class=\"cu-spatiere\">23 iul 2026<\/span><span class=\"cu-spatiere\">1782 vizualiz\u0103ri<\/span><\/div>\n<\/div>\n<\/div>\n<div class=\"poza-mare\"><a href class=\"openGallery\"><img decoding=\"async\" class=\"img-responsive\" src=\"https:\/\/zdvi.cname.ro\/850_530\/foto-admitere-liceu-2026-in-vrancea-colegiul-national-unirea-domina-clasamentul-ultimelor-medii\/article\/mediaPool\/u050jop.jpg\" alt><\/a><\/div>\n<p><strong>\u00a0Elevii au \u00eenceput confirmarea locurilor.<\/strong><\/p>\n<p><strong>Topul specializ\u0103rilor din Vrancea dup\u0103 ultima medie de admitere. Dosarele se depun \u00eentre 23 \u0219i 28 iulie, iar CN \u201eUnirea\u201d Foc\u0219ani ocup\u0103 primele pozi\u021bii<\/strong><\/p>\n<p><strong>FOC\u0218ANI.<\/strong> Dup\u0103 publicarea, miercuri, 22 iulie 2026, a rezultatelor repartiz\u0103rii computerizate \u00een clasa a IX-a, absolven\u021bii de gimnaziu din jude\u021bul Vrancea au intrat \u00een etapa confirm\u0103rii locurilor ob\u021binute la liceu. \u00cen perioada <strong>23\u201328 iulie<\/strong>, candida\u021bii admi\u0219i trebuie s\u0103 depun\u0103 dosarele de \u00eenscriere la unit\u0103\u021bile de \u00eenv\u0103\u021b\u0103m\u00e2nt unde au fost repartiza\u021bi, iar pentru situa\u021biile speciale Ministerul Educa\u021biei a prev\u0103zut o etap\u0103 distinct\u0103 de solu\u021bionare.<\/p>\n<p>Elevii \u0219i p\u0103rin\u021bii din jude\u021bul Vrancea pot verifica rezultatele pe platforma oficial\u0103 <strong><a href=\"https:\/\/admitere.edu.ro\/RapoarteJudet.aspx?jud=41\" target=\"_blank\">admitere.edu.ro<\/a><\/strong>\u00a0, utiliz\u00e2nd codul individual primit la Evaluarea Na\u021bional\u0103. Tot aici sunt disponibile \u0219i rapoartele jude\u021bene, inclusiv situa\u021bia locurilor r\u0103mase libere dup\u0103 prima etap\u0103 de admitere.<\/p>\n<p><strong>Colegiul Na\u021bional \u201eUnirea\u201d Foc\u0219ani conduce clasamentul din Vrancea<\/strong><\/p>\n<p>Potrivit datelor publicate de Ministerul Educa\u021biei, <strong>Colegiul Na\u021bional \u201eUnirea\u201d Foc\u0219ani<\/strong> ocup\u0103 primele patru pozi\u021bii \u00een clasamentul specializ\u0103rilor ordonate dup\u0103 ultima medie de admitere din jude\u021bul Vrancea.<\/p>\n<p>Cea mai mare ultim\u0103 medie de admitere a fost \u00eenregistrat\u0103 la specializarea <strong>\u0218tiin\u021be ale Naturii<\/strong>, unde ultimul candidat admis a avut media <strong>9,17<\/strong>.<\/p>\n<p>Primele zece specializ\u0103ri din jude\u021b sunt:<\/p>\n<ol>\n<li><strong>Colegiul Na\u021bional \u201eUnirea\u201d Foc\u0219ani \u2013 \u0218tiin\u021be ale Naturii<\/strong> \u2013 ultima medie <strong>9,17<\/strong><\/li>\n<li><strong>Colegiul Na\u021bional \u201eUnirea\u201d Foc\u0219ani \u2013 Matematic\u0103-Informatic\u0103<\/strong> \u2013 <strong>8,87<\/strong><\/li>\n<li><strong>Colegiul Na\u021bional \u201eUnirea\u201d Foc\u0219ani \u2013 \u0218tiin\u021be Sociale<\/strong> \u2013 <strong>8,85<\/strong><\/li>\n<li><strong>Colegiul Na\u021bional \u201eUnirea\u201d Foc\u0219ani \u2013 Filologie<\/strong> \u2013 <strong>8,75<\/strong><\/li>\n<li><strong>Colegiul Na\u021bional \u201eAl. I. Cuza\u201d Foc\u0219ani \u2013 \u0218tiin\u021be Sociale<\/strong> \u2013 <strong>8,72<\/strong><\/li>\n<li><strong>Colegiul Na\u021bional \u201eAl. I. Cuza\u201d Foc\u0219ani \u2013 Filologie<\/strong> \u2013 <strong>8,47<\/strong><\/li>\n<li><strong>Colegiul Na\u021bional \u201eAl. I. Cuza\u201d Foc\u0219ani \u2013 \u0218tiin\u021be ale Naturii<\/strong> \u2013 <strong>8,45<\/strong><\/li>\n<li><strong>Colegiul Na\u021bional \u201eAl. I. Cuza\u201d Foc\u0219ani \u2013 Matematic\u0103-Informatic\u0103<\/strong> \u2013 <strong>8,40<\/strong><\/li>\n<li><strong>Colegiul Na\u021bional Pedagogic \u201eSpiru Haret\u201d Foc\u0219ani \u2013 \u0218tiin\u021be Sociale<\/strong> \u2013 <strong>8,30<\/strong><\/li>\n<li><strong>Colegiul Na\u021bional Pedagogic \u201eSpiru Haret\u201d Foc\u0219ani \u2013 Filologie<\/strong> \u2013 <strong>8,20<\/strong><\/li>\n<\/ol>\n<p>Clasamentul eviden\u021biaz\u0103 faptul c\u0103, \u0219i \u00een acest an, specializ\u0103rile teoretice din colegiile na\u021bionale din Foc\u0219ani au atras cele mai mari medii de admitere.<\/p>\n<p><strong>Specializ\u0103rile cu ultimele medii mai reduse<\/strong><\/p>\n<p>La polul opus al clasamentului se afl\u0103 mai multe specializ\u0103ri tehnologice, unde ultimele medii de admitere au fost cuprinse \u00eentre <strong>1,00 \u0219i 2,00<\/strong>.<\/p>\n<p>Printre acestea se reg\u0103sesc:<\/p>\n<ul>\n<li><strong>Liceul Teoretic \u201eGrigore Gheba\u201d Dumitre\u0219ti \u2013 \u0218tiin\u021be ale Naturii (1,00);<\/strong><\/li>\n<li><strong>Colegiul Tehnic Auto \u201eTraian Vuia\u201d Foc\u0219ani \u2013 Tehnician transporturi\/Mecanic auto (1,00);<\/strong><\/li>\n<li><strong>Liceul Tehnologic \u201eEremia Grigorescu\u201d M\u0103r\u0103\u0219e\u0219ti \u2013 Tehnician \u00een activit\u0103\u021bi economice (1,25);<\/strong><\/li>\n<li><strong>Colegiul Tehnic \u201eValeriu D. Cotea\u201d Foc\u0219ani \u2013 Tehnician mecanic pentru \u00eentre\u021binere \u0219i repara\u021bii (1,65);<\/strong><\/li>\n<li><strong>Colegiul Tehnic \u201eValeriu D. Cotea\u201d Foc\u0219ani \u2013 Tehnician veterinar\/Zootehnist (1,77).<\/strong><\/li>\n<\/ul>\n<p>Diferen\u021ba dintre cea mai mare \u0219i cea mai mic\u0103 ultim\u0103 medie de admitere din jude\u021b dep\u0103\u0219e\u0219te opt puncte, ceea ce reflect\u0103 nivelul diferit de concuren\u021b\u0103 dintre specializ\u0103rile liceale.<\/p>\n<p><strong>Urmeaz\u0103 confirmarea locurilor<\/strong><\/p>\n<p>Elevii repartiza\u021bi trebuie s\u0103 depun\u0103 la liceul unde au fost admi\u0219i dosarul de \u00eenscriere \u00een intervalul <strong>23\u201328 iulie 2026<\/strong>. Neprezentarea \u00een termen poate conduce la pierderea locului ob\u021binut prin repartizarea computerizat\u0103.<\/p>\n<p>Dup\u0103 \u00eencheierea acestei etape, inspectoratele \u0219colare vor gestiona cazurile speciale \u0219i vor organiza repartizarea pe locurile r\u0103mase disponibile, conform calendarului stabilit de Ministerul Educa\u021biei.<\/p>\n<p><strong>Ziarul de Vrancea<\/strong> va continua s\u0103 urm\u0103reasc\u0103 evolu\u021bia admiterii la liceu \u0219i va publica informa\u021bii privind locurile r\u0103mase libere, precum \u0219i calendarul etapelor urm\u0103toare.<\/p>\n<p><strong>Maria Bratu\u00a0<\/strong><\/p>\n<p><strong>Citi\u021bi \u00een continuare\u00a0<\/strong><strong>topul specializ\u0103rilor ordonate dup\u0103 ultima medie din jude\u021bul Vrancea la admiterea 2026 \u00een liceu \u00een jude\u021bul Vrancea conform<\/strong>\u00a0<strong><a href=\"https:\/\/admitere.edu.ro\/RapoarteJudet.aspx?jud=41\" target=\"_blank\">admitere.edu.ro<\/a><\/strong>\u00a0<\/p>\n<p><img decoding=\"async\" alt src=\"https:\/\/zdvi.cname.ro\/_\/mediaPool-file\/mediaPool\/uC91qqx.jpg\"><\/p>\n<p><img decoding=\"async\" alt src=\"https:\/\/zdvi.cname.ro\/_\/mediaPool-file\/mediaPool\/uvkLFgp.jpg\"><\/p>\n<p><img decoding=\"async\" alt src=\"https:\/\/zdvi.cname.ro\/_\/mediaPool-file\/mediaPool\/u2pd8Df.jpg\"><\/p>\n<p><img decoding=\"async\" alt src=\"https:\/\/zdvi.cname.ro\/_\/mediaPool-file\/mediaPool\/urJFdT4.jpg\"><\/p>\n<p><strong>Citi\u021bi \u0219i::<a href=\"https:\/\/www.ziaruldevrancea.ro\/special\/educatie\/admiterea-la-liceu-2026-elevii-din-vrancea-isi-pot-afla-repartizarea.-incepe-confirmarea-locurilor-in-licee\" target=\"_blank\">Admiterea la liceu 2026: Elevii din Vrancea \u00ee\u0219i pot afla repartizarea. \u00cencepe confirmarea locurilor \u00een licee<\/a><\/strong><\/p>\n<hr>\n<div class=\"bloc-widget widget-rosu\">\n<p>\u00cen lipsa unui acord scris din partea Ziarului de Vrancea, pute\u0163i prelua maxim 500 de caractere din acest articol dac\u0103 preciza\u0163i sursa \u015fi insera\u0163i vizibil link-ul articolului:\u00a0<span>#insertcurrentlinkhere<\/span><\/p>\n<\/div>\n<div class=\"extra-articol listing-anunturi\">\n<h6>Anun\u021buri <span class=\"text-primary\">ZdV<\/span> Premium<\/h6>\n<div class=\"row\">\n<div class=\"col-lg-4 col-md-6 bloc-egal\"><a class=\"card-anunt\" href=\"https:\/\/ziaruldevrancea.ro\/anunturi\/imobiliare\/vanzari-terenuri\/vand-teren-in-panciu\"><strong class=\"titlu\">V\u00e2nz\u0103ri terenuri<\/strong><span class=\"text-anunt\">Teren Panciu 1170 mp, cu num\u0103r cas\u0103, ap\u0103&#8230;<\/span><span class=\"data-anunt\">29.07.2026  <\/span><\/a><\/div>\n<div class=\"col-lg-4 col-md-6 bloc-egal\"><a class=\"card-anunt\" href=\"https:\/\/ziaruldevrancea.ro\/anunturi\/altele\/anulare-acte\/vand-scrumbii-afumate-capturi-dunare\"><strong class=\"titlu\">Vanzari diverse<\/strong><span class=\"text-anunt\">Pret : 117 lei \/ kg . \u00a0 Este&#8230;<\/span><span class=\"data-anunt\">29.07.2026 , Gala\u021bi , Gala\u021bi<\/span><\/a><\/div>\n<div class=\"col-lg-4 col-md-6 bloc-egal\"><a class=\"card-anunt\" href=\"https:\/\/ziaruldevrancea.ro\/anunturi\/imobiliare\/vanzari-case\/vand-casa-si-teren-in-panciu-anunt-72818\"><strong class=\"titlu\">V\u00e2nz\u0103ri case<\/strong><span class=\"text-anunt\">V\u00e2nd cas\u0103 cu 2 camere, buc\u0103t\u0103rie, baie,&#8230;<\/span><span class=\"data-anunt\">23.07.2026  <\/span><\/a><\/div>\n<\/div>\n<\/div>\n<div class=\"extra-articol alte-articole\">\n<div class=\"row\">\n<div class=\"col-lg-6 bloc-egal\">\n<div class=\"card articol-listing\">\n<h6>\u00cen categoria <a href=\"https:\/\/ziaruldevrancea.ro\/special\/educatie\">Educa\u021bie<\/a><\/h6>\n<div class=\"grup-articol-listing\">\n<div class=\"cont-pils\"><a href=\"https:\/\/ziaruldevrancea.ro\/special\/educatie\/bacalaureat-2026-in-vrancea-incepe-sesiunea-de-toamna\"><img decoding=\"async\" src=\"https:\/\/zdvi.cname.ro\/180_135\/special\/educatie\/bacalaureat-2026-in-vrancea-incepe-sesiunea-de-toamna\/mediaPool\/uRriXdW.jpg\" class=\"img-responsive img-180\" alt><\/a><\/div>\n<h2><a class=\"link-titlu\" href=\"https:\/\/ziaruldevrancea.ro\/special\/educatie\/bacalaureat-2026-in-vrancea-incepe-sesiunea-de-toamna\">Bacalaureat 2026 \u00een Vrancea: \u00eencepe sesiunea de toamn\u0103<\/a><\/h2>\n<div class=\"date-post\"><a href=\"https:\/\/ziaruldevrancea.ro\/autor\/maria-bratu\">Maria BRATU<\/a>,  1 aug 2026  <\/div>\n<\/div>\n<div class=\"grup-articol-listing\">\n<div class=\"cont-pils\"><a href=\"https:\/\/ziaruldevrancea.ro\/special\/educatie\/infoeducatie-2026-s-a-incheiat-la-focsani.-elevii-din-vrancea-printre-laureatii-olimpiadei-nationale-de-inovare-si-creatie-digitala\"><img decoding=\"async\" src=\"https:\/\/zdvi.cname.ro\/180_135\/special\/educatie\/infoeducatie-2026-s-a-incheiat-la-focsani.-elevii-din-vrancea-printre-laureatii-olimpiadei-nationale-de-inovare-si-creatie-digitala\/mediaPool\/uqSpE5C.jpg\" class=\"img-responsive img-180\" alt><\/a><\/div>\n<h2><a class=\"link-titlu\" href=\"https:\/\/ziaruldevrancea.ro\/special\/educatie\/infoeducatie-2026-s-a-incheiat-la-focsani.-elevii-din-vrancea-printre-laureatii-olimpiadei-nationale-de-inovare-si-creatie-digitala\">InfoEduca\u021bie 2026 s-a \u00eencheiat la Foc\u0219ani. Elevii din Vrancea, printre laurea\u021bii Olimpiadei Na\u021bionale de Inovare \u0219i Crea\u021bie Digital\u0103<\/a><\/h2>\n<div class=\"date-post\"><a href=\"https:\/\/ziaruldevrancea.ro\/autor\/maria-bratu\">Maria BRATU<\/a>,  1 aug 2026  <\/div>\n<\/div>\n<div class=\"grup-articol-listing\">\n<div class=\"cont-pils\"><a href=\"https:\/\/ziaruldevrancea.ro\/special\/educatie\/titularizare-2026-in-vrancea-au-fost-publicate-primele-rezultate.-candidatii-pot-depune-contestatii-pana-pe-29-iulie\"><img decoding=\"async\" src=\"https:\/\/zdvi.cname.ro\/180_135\/special\/educatie\/titularizare-2026-in-vrancea-au-fost-publicate-primele-rezultate.-candidatii-pot-depune-contestatii-pana-pe-29-iulie\/mediaPool\/us2m6oB.jpg\" class=\"img-responsive img-180\" alt><\/a><\/div>\n<h2><a class=\"link-titlu\" href=\"https:\/\/ziaruldevrancea.ro\/special\/educatie\/titularizare-2026-in-vrancea-au-fost-publicate-primele-rezultate.-candidatii-pot-depune-contestatii-pana-pe-29-iulie\">Titularizare 2026 \u00een Vrancea: au fost publicate primele rezultate. Candida\u021bii pot depune contesta\u021bii p\u00e2n\u0103 pe 29 iulie<\/a><\/h2>\n<div class=\"date-post\"><a href=\"https:\/\/ziaruldevrancea.ro\/autor\/maria-bratu\">Maria BRATU<\/a>, 29 iul 2026  <\/div>\n<\/div>\n<\/div>\n<\/div>\n<div class=\"col-lg-6 bloc-egal\">\n<div class=\"card articol-listing\">\n<h6>De acela\u0219i <a href=\"https:\/\/ziaruldevrancea.ro\/autor\/maria-bratu\/\">autor<\/a><\/h6>\n<div class=\"grup-articol-listing\">\n<div class=\"cont-pils\"><a href=\"https:\/\/ziaruldevrancea.ro\/promo\/evenimente-speciale\/video--foto-elevii-vranceni-premiati-de-consiliului-judetean-pentru-performanta-obtinuta-la-infoeducatie-2026\"><img decoding=\"async\" src=\"https:\/\/zdvi.cname.ro\/180_135\/promo\/evenimente-speciale\/video--foto-elevii-vranceni-premiati-de-consiliului-judetean-pentru-performanta-obtinuta-la-infoeducatie-2026\/mediaPool\/u6Sjqgn.jpeg\" class=\"img-responsive img-180\" alt><\/a><\/div>\n<h2><a class=\"link-titlu\" href=\"https:\/\/ziaruldevrancea.ro\/promo\/evenimente-speciale\/video--foto-elevii-vranceni-premiati-de-consiliului-judetean-pentru-performanta-obtinuta-la-infoeducatie-2026\">VIDEO + Foto | Elevii vr\u00e2nceni premia\u021bi de Consiliului Jude\u021bean pentru performan\u021ba ob\u021binut\u0103 la InfoEduca\u021bie 2026<\/a><\/h2>\n<div class=\"date-post\"><a href=\"https:\/\/ziaruldevrancea.ro\/autor\/maria-bratu\">Maria BRATU<\/a>,  1 aug 2026  <\/div>\n<\/div>\n<div class=\"grup-articol-listing\">\n<div class=\"cont-pils\"><a href=\"https:\/\/ziaruldevrancea.ro\/special\/educatie\/foto-infoeducatie-2026-a-inceput-la-focsani\"><img decoding=\"async\" src=\"https:\/\/zdvi.cname.ro\/180_135\/special\/educatie\/foto-infoeducatie-2026-a-inceput-la-focsani\/mediaPool\/u2uQ6E6.jpg\" class=\"img-responsive img-180\" alt><\/a><\/div>\n<h2><a class=\"link-titlu\" href=\"https:\/\/ziaruldevrancea.ro\/special\/educatie\/foto-infoeducatie-2026-a-inceput-la-focsani\">Foto | InfoEduca\u021bie 2026 a \u00eenceput la Foc\u0219ani<\/a><\/h2>\n<div class=\"date-post\"><a href=\"https:\/\/ziaruldevrancea.ro\/autor\/maria-bratu\">Maria BRATU<\/a>, 28 iul 2026  <\/div>\n<\/div>\n<div class=\"grup-articol-listing\">\n<div class=\"cont-pils\"><a href=\"https:\/\/ziaruldevrancea.ro\/special\/educatie\/infoeducatie-2026-incepe-la-focsani.-consiliul-judetean-vrancea-ramane-partener-al-competitiei-nationale\"><img decoding=\"async\" src=\"https:\/\/zdvi.cname.ro\/180_135\/special\/educatie\/infoeducatie-2026-incepe-la-focsani.-consiliul-judetean-vrancea-ramane-partener-al-competitiei-nationale\/mediaPool\/uHLcanJ.jpeg\" class=\"img-responsive img-180\" alt><\/a><\/div>\n<h2><a class=\"link-titlu\" href=\"https:\/\/ziaruldevrancea.ro\/special\/educatie\/infoeducatie-2026-incepe-la-focsani.-consiliul-judetean-vrancea-ramane-partener-al-competitiei-nationale\">InfoEduca\u021bie 2026 \u00eencepe la Foc\u0219ani. Consiliul Jude\u021bean Vrancea r\u0103m\u00e2ne partener al competi\u021biei na\u021bionale<\/a><\/h2>\n<div class=\"date-post\"><a href=\"https:\/\/ziaruldevrancea.ro\/autor\/maria-bratu\">Maria BRATU<\/a>, 28 iul 2026  <\/div>\n<\/div>\n<\/div>\n<\/div>\n<\/div>\n<\/div>\n<div class=\"extra-articol listing-anunturi\">\n<h6>Anun\u021buri <span class=\"text-primary\">ZdV<\/span> Premium<\/h6>\n<div class=\"row\">\n<div class=\"col-lg-4 col-md-6 bloc-egal\"><a class=\"card-anunt\" href=\"https:\/\/ziaruldevrancea.ro\/anunturi\/angajari\/cereri-angajari\/doresc-angajare-anunt-72815\"><strong class=\"titlu\">Cereri<\/strong><span class=\"text-anunt\">Doresc s\u0103 am grij\u0103 de un copil de gradini\u021b\u0103&#8230;<\/span><span class=\"data-anunt\">21.07.2026  <\/span><\/a><\/div>\n<div class=\"col-lg-4 col-md-6 bloc-egal\"><a class=\"card-anunt\" href=\"https:\/\/ziaruldevrancea.ro\/anunturi\/inchirieri\/locuinte-oferte\/primesc-in-gazda-anunt-72816\"><strong class=\"titlu\">Locuin\u021be oferte<\/strong><span class=\"text-anunt\">\u00a0Primesc \u00een gazd\u0103 la cas\u0103.<\/p>\n<p>Tel&#8230;.<\/span><span class=\"data-anunt\">21.07.2026  <\/span><\/a><\/div>\n<div class=\"col-lg-4 col-md-6 bloc-egal\"><a class=\"card-anunt\" href=\"https:\/\/ziaruldevrancea.ro\/anunturi\/inchirieri\/locuinte-oferte\/primesc-in-gazda-anunt-72817\"><strong class=\"titlu\">Locuin\u021be oferte<\/strong><span class=\"text-anunt\">Primesc \u00een gazd\u0103 la bloc o elev\u0103. <\/p>\n<p>Tel&#8230;.<\/span><span class=\"data-anunt\">21.07.2026  <\/span><\/a><\/div>\n<\/div>\n<\/div>\n<div class=\"bloc-widget widget-albastru\">\n    Ziarul de Vrancea \u00a0nu este responsabil juridic pentru con\u0163inutul textelor din comentariile de mai jos. Responsabilitatea pentru mesajele dumneavoastra v\u0103 revine \u00een exclusivitate.\n<\/div>\n<div class=\"comentarii-articol\" id=\"comentarii\">\n<h3>Comentarii: <span class=\"text-primary\">0<\/span><\/h3>\n<p><a href=\"https:\/\/ziaruldevrancea.ro\/special\/educatie\/foto-admitere-liceu-2026-in-vrancea-colegiul-national-unirea-domina-clasamentul-ultimelor-medii\" class=\"btn btn-success btn-adauga-com\" data-toggle=\"modal\" data-parent=\"0\" data-target=\"#commentModal\">Adaug\u0103 comentariu<\/a><\/p>\n<div class=\"loadMask comments-mask\"><img decoding=\"async\" src=\"https:\/\/zdvs.cname.ro\/images\/loader_40.gif\"><\/div>\n<div class=\"comenteaza-jos\">Trebuie s\u0103 fii <a href=\"https:\/\/ziaruldevrancea.ro\/account\">autentificat<\/a> pentru a putea <a href=\"https:\/\/ziaruldevrancea.ro\/special\/educatie\/foto-admitere-liceu-2026-in-vrancea-colegiul-national-unirea-domina-clasamentul-ultimelor-medii\" class data-toggle=\"modal\" data-parent=\"0\" data-target=\"#commentModal\">posta un comentariu<\/a>.<\/div>\n<\/div>\n<div class=\"modal fade\" id=\"commentModal\" role=\"dialog\" aria-labelledby=\"commentModalLabel\">\n<div class=\"modal-dialog modal-lg\" role=\"document\">\n<div class=\"modal-content\">\n<div class=\"modal-header\">\n<h3 class=\"modal-title\" id=\"commentModalLabel\">Comenteaz\u0103<\/h3>\n<\/div>\n<div class=\"modal-body\">\n<div class=\"tabel tabel-full\">\n<div class=\"celula\">\n              Trebuie s\u0103 fii <a href=\"https:\/\/ziaruldevrancea.ro\/account\">autentificat<\/a> pentru a putea posta un comentariu.\n            <\/div>\n<\/div>\n<\/div>\n<div class=\"modal-footer\">\n<div id=\"commentPending\" class=\"formPending pull-left\"><img decoding=\"async\" src=\"https:\/\/zdvs.cname.ro\/images\/loader_40.gif\"> In curs de procesare&#8230;<\/div>\n<p><a href=\"https:\/\/ziaruldevrancea.ro\/special\/educatie\/foto-admitere-liceu-2026-in-vrancea-colegiul-national-unirea-domina-clasamentul-ultimelor-medii\" class=\"btn btn-default\" data-dismiss=\"modal\">Anuleaz\u0103<\/a><\/div>\n<\/div>\n<\/div>\n<\/div>\n<div class=\"modal fade\" id=\"commentReportModal\" role=\"dialog\" aria-labelledby=\"commentReportModalLabel\">\n<div class=\"modal-dialog modal-lg\" role=\"document\">\n<div class=\"modal-content\">\n<div class=\"modal-header\">\n<h3 class=\"modal-title\" id=\"commentReportModalLabel\">Raporteaza comentariu<\/h3>\n<\/div>\n<div class=\"modal-body\">\n<div class=\"tabel tabel-full\">\n<div class=\"celula\">\n              Trebuie s\u0103 fii <a href=\"https:\/\/ziaruldevrancea.ro\/account\">autentificat<\/a> pentru a putea raporta un comentariu.\n            <\/div>\n<\/div>\n<\/div>\n<div class=\"modal-footer\">\n<div id=\"commentReportPending\" class=\"formPending pull-left\"><img decoding=\"async\" src=\"https:\/\/zdvs.cname.ro\/images\/loader_40.gif\"> In curs de procesare&#8230;<\/div>\n<p><a href=\"https:\/\/ziaruldevrancea.ro\/special\/educatie\/foto-admitere-liceu-2026-in-vrancea-colegiul-national-unirea-domina-clasamentul-ultimelor-medii\" class=\"btn btn-default\" data-dismiss=\"modal\">Anuleaz\u0103<\/a><\/div>\n<\/div>\n<\/div>\n<\/div>\n<div class=\"modal fade\" id=\"commentLikeModal\" role=\"dialog\" aria-labelledby=\"commentLikeModalLabel\">\n<div class=\"modal-dialog modal-lg\" role=\"document\">\n<div class=\"modal-content\">\n<div class=\"modal-header\">\n<h3 class=\"modal-title\" id=\"commentReportModalLabel\">Apreciaza comentariu<\/h3>\n<\/div>\n<div class=\"modal-body\">\n<div class=\"tabel tabel-full\">\n<div class=\"celula\">\n            Trebuie s\u0103 fii <a href=\"https:\/\/ziaruldevrancea.ro\/account\">autentificat<\/a> pentru a putea aprecia un comentariu.\n          <\/div>\n<\/div>\n<\/div>\n<div class=\"modal-footer\"><a href=\"https:\/\/ziaruldevrancea.ro\/special\/educatie\/foto-admitere-liceu-2026-in-vrancea-colegiul-national-unirea-domina-clasamentul-ultimelor-medii\" class=\"btn btn-default\" data-dismiss=\"modal\">Anuleaz\u0103<\/a><\/div>\n<\/div>\n<\/div>\n<\/div>\n<div class=\"bloc-widget widget-rosu\"><span><small>Ziarul de Vrancea doreste ca acest site sa fie un spatiu al discutiilor civilizate, al comentariilor de bun simt. Din acest motiv, cei care posteaza comentarii la articole trebuie sa respecte urmatoarele reguli:<br \/>\n1. Sa se refere doar la articolul la care posteaza comentarii.<br \/>\n2. Sa foloseasca un limbaj civilizat, fara injurii, calomnii, comentarii antisemite, xenofobe sau rasiste.<br \/>\n3. Sunt interzise atacurile la adresa autorilor, daca acestea nu au legatura cu textul.<br \/>\n4. Username-ul sa nu fie nume de personalitati ale vietii publice sau parodieri ale acestora.<br \/>\nAutorul unui articol poate fi criticat pentru eventuale greseli, incoerenta, lipsa de documentare etc.<br \/>\nNerespectarea regulilor mentionate mai sus va duce la stergerea comentariilor, fara avertisment si fara explicatii.<br \/>\nAbaterile repetate vor avea drept consecinta interdictia accesului la aceasta facilitate a site-ului.<\/small><\/span><\/div>\n<\/div>\n<p>[analyse_source url=&#8221;https:\/\/ziaruldevrancea.ro\/special\/educatie\/foto-admitere-liceu-2026-in-vrancea-colegiul-national-unirea-domina-clasamentul-ultimelor-medii&#8221;]<\/p>\n","protected":false},"excerpt":{"rendered":"<p>[analyse_image type=&#8221;featured&#8221; src=&#8221;https:\/\/zdvi.cname.ro\/_\/foto-admitere-liceu-2026-in-vrancea-colegiul-national-unirea-domina-clasamentul-ultimelor-medii\/mediaPool\/u050jop.jpg&#8221;] Educa\u021bie Foto | Admitere liceu 2026 \u00een Vrancea: Colegiul Na\u021bional \u201eUnirea\u201d domin\u0103 clasamentul ultimelor medii Distribuie: \u00a0 | Maria BRATU 23 iul 20261782 vizualiz\u0103ri \u00a0Elevii au \u00eenceput confirmarea locurilor. Topul specializ\u0103rilor din Vrancea dup\u0103 ultima medie de admitere. Dosarele se depun \u00eentre 23 \u0219i 28 iulie, iar CN \u201eUnirea\u201d Foc\u0219ani ocup\u0103 primele [&hellip;]<\/p>\n","protected":false},"author":1,"featured_media":0,"comment_status":"open","ping_status":"","sticky":false,"template":"","format":"standard","meta":{"footnotes":""},"categories":[89],"tags":[226,208],"class_list":["post-2072951","post","type-post","status-publish","format-standard","hentry","category-romania","tag-crawlmanager","tag-ziaruldevrancea-ro"],"_links":{"self":[{"href":"https:\/\/analyse.optim.biz\/index.php?rest_route=\/wp\/v2\/posts\/2072951","targetHints":{"allow":["GET"]}}],"collection":[{"href":"https:\/\/analyse.optim.biz\/index.php?rest_route=\/wp\/v2\/posts"}],"about":[{"href":"https:\/\/analyse.optim.biz\/index.php?rest_route=\/wp\/v2\/types\/post"}],"author":[{"embeddable":true,"href":"https:\/\/analyse.optim.biz\/index.php?rest_route=\/wp\/v2\/users\/1"}],"replies":[{"embeddable":true,"href":"https:\/\/analyse.optim.biz\/index.php?rest_route=%2Fwp%2Fv2%2Fcomments&post=2072951"}],"version-history":[{"count":0,"href":"https:\/\/analyse.optim.biz\/index.php?rest_route=\/wp\/v2\/posts\/2072951\/revisions"}],"wp:attachment":[{"href":"https:\/\/analyse.optim.biz\/index.php?rest_route=%2Fwp%2Fv2%2Fmedia&parent=2072951"}],"wp:term":[{"taxonomy":"category","embeddable":true,"href":"https:\/\/analyse.optim.biz\/index.php?rest_route=%2Fwp%2Fv2%2Fcategories&post=2072951"},{"taxonomy":"post_tag","embeddable":true,"href":"https:\/\/analyse.optim.biz\/index.php?rest_route=%2Fwp%2Fv2%2Ftags&post=2072951"}],"curies":[{"name":"wp","href":"https:\/\/api.w.org\/{rel}","templated":true}]}}