{"id":2072950,"date":"2026-07-23T00:00:00","date_gmt":"2026-07-22T21:00:00","guid":{"rendered":"https:\/\/analyse.optim.biz\/?p=2072950"},"modified":"2026-07-23T00:00:00","modified_gmt":"2026-07-22T21:00:00","slug":"vrancea-nu-l-a-uitat-21-de-ani-de-la-disparitia-profesorului-ionel-sirbu-istoricul-care-a-marcat-educatia-si-societatea-civila","status":"publish","type":"post","link":"https:\/\/analyse.optim.biz\/?p=2072950","title":{"rendered":"Vrancea nu l-a uitat: 21 de ani de la dispari\u021bia profesorului Ionel S\u00eerbu, istoricul care a marcat educa\u021bia \u0219i societatea civil\u0103"},"content":{"rendered":"<p>[analyse_image type=&#8221;featured&#8221; src=&#8221;https:\/\/zdvi.cname.ro\/_\/vrancea-nu-l-a-uitat-21-de-ani-de-la-disparitia-profesorului-ionel-sirbu-istoricul-care-a-marcat-educatia-si-societatea-civila\/mediaPool\/uwSGE2Q.png&#8221;]<\/p>\n<div class=\"main-content detaliu-articol\"><a class=\"titlu-cat-list\" href=\"https:\/\/ziaruldevrancea.ro\/special\/educatie\">Educa\u021bie<\/a><\/p>\n<h1>Vrancea nu l-a uitat: 21 de ani de la dispari\u021bia profesorului Ionel S\u00eerbu, istoricul care a marcat educa\u021bia \u0219i societatea civil\u0103<\/h1>\n<div class=\"date-articol clearfix\">\n<div class=\"distribuie-articol dropdown\">\n    Distribuie: \u00a0<br \/>\n    <em>|<\/em><\/div>\n<div class=\"autor-articol\"><a href=\"https:\/\/ziaruldevrancea.ro\/autor\/maria-bratu\/\"><img decoding=\"async\" class=\"img-circle\" src=\"https:\/\/zdvi.cname.ro\/50_50\/articleAuthor\/maria-bratu\/articleAuthor\/urTSNay.PNG\" alt><\/a><\/p>\n<h5><a href=\"https:\/\/ziaruldevrancea.ro\/autor\/maria-bratu\/\">Maria BRATU<\/a><\/h5>\n<div class=\"grup-spatiere\"><span class=\"cu-spatiere\">23 iul 2026<\/span><span class=\"cu-spatiere\">1625 vizualiz\u0103ri<\/span><\/div>\n<\/div>\n<\/div>\n<div class=\"poza-mare\"><a href class=\"openGallery\"><img decoding=\"async\" class=\"img-responsive\" src=\"https:\/\/zdvi.cname.ro\/850_530\/vrancea-nu-l-a-uitat-21-de-ani-de-la-disparitia-profesorului-ionel-sirbu-istoricul-care-a-marcat-educatia-si-societatea-civila\/article\/mediaPool\/uwSGE2Q.png\" alt><\/a><\/div>\n<p><strong>\u0218coala Gimnazial\u0103 \u201eIonel S\u00eerbu\u201d din Cior\u0103\u0219ti a evocat memoria profesorului disp\u0103rut prematur la doar 44 de ani. Ziarul de Vrancea readuce \u00een aten\u021bie articolele publicate \u00een 2005 \u0219i contribu\u021bia unuia dintre cei mai aprecia\u021bi intelectuali ai jude\u021bului.<\/strong><\/p>\n<p><strong>Vrancea nu l-a uitat: 21 de ani de la dispari\u021bia profesorului Ionel S\u00eerbu, istoricul care a marcat educa\u021bia \u0219i societatea civil\u0103<\/strong><\/p>\n<p>Au trecut 21 de ani de la dispari\u021bia profesorului de istorie <strong>Ionel S\u00eerbu<\/strong>, unul dintre intelectualii care \u0219i-au pus amprenta asupra vie\u021bii educa\u021bionale, culturale \u0219i civice din jude\u021bul Vrancea. Miercuri, <strong>22 iulie 2026<\/strong>, \u0218coala Gimnazial\u0103 \u201eIonel S\u00eerbu\u201d din comuna Cior\u0103\u0219ti a publicat un mesaj comemorativ prin care i-a adus un nou omagiu celui al c\u0103rui nume \u00eel poart\u0103 institu\u021bia de \u00eenv\u0103\u021b\u0103m\u00e2nt.<\/p>\n<p>\u201e<strong>Dumnezeu s\u0103-l odihneasc\u0103, pe domnul profesor Ionel S\u00eerbu! La numai 44 de ani, pe 22 iulie 2005, via\u021ba a avut alt plan cu domnul profesor<\/strong>\u201d, se arat\u0103 \u00een mesajul publicat pe pagina de Facebook a \u0219colii.<\/p>\n<p>Momentul readuce \u00een aten\u021bia comunit\u0103\u021bii vr\u00e2ncene personalitatea profesorului care, de-a lungul carierei sale, a fost recunoscut at\u00e2t pentru activitatea didactic\u0103 \u0219i \u0219tiin\u021bific\u0103, c\u00e2t \u0219i pentru implicarea \u00een via\u021ba public\u0103 \u0219i \u00een dezvoltarea societ\u0103\u021bii civile.<\/p>\n<p><strong>Ziarul de Vrancea a relatat despre dispari\u021bia profesorului \u00eenc\u0103 din iulie 2005<\/strong><\/p>\n<p>\u00cen <strong>23 iulie 2005<\/strong>, Ziarul de Vrancea publica articolul <strong>\u201e<a href=\"https:\/\/www.ziaruldevrancea.ro\/special\/educatie\/oamenii-buni-mor-tineri.a-murit-profesorul-vrancean-ionel-sirbu\" target=\"_blank\">Oamenii buni mor tineri. A murit profesorul vr\u00e2ncean Ionel S\u00eerbu<\/a>\u201d<\/strong>, consemn\u00e2nd decesul survenit cu o zi \u00eenainte.<\/p>\n<p>Potrivit informa\u021biilor publicate atunci, profesorul Ionel S\u00eerbu s-a stins din via\u021b\u0103 \u00een somn, la doar <strong>44 de ani<\/strong>, cel mai probabil \u00een urma unui stop cardiac. Vestea a provocat un puternic \u0219oc \u00een r\u00e2ndul colegilor, fo\u0219tilor elevi \u0219i colaboratorilor s\u0103i.<\/p>\n<p><strong><em>La momentul dispari\u021biei, Ionel S\u00eerbu era:<\/em><\/strong><\/p>\n<ul>\n<li><strong><em>profesor de istorie;<\/em><\/strong><\/li>\n<li><strong><em>doctor \u00een istorie;<\/em><\/strong><\/li>\n<li><strong><em>lector universitar la Universitatea \u201eDun\u0103rea de Jos\u201d din Gala\u021bi;<\/em><\/strong><\/li>\n<li><strong><em>pre\u0219edintele Clubului Foc\u0219ani al Asocia\u021biei Pro Democra\u021bia;<\/em><\/strong><\/li>\n<li><strong><em>colaborator al Ziarului de Vrancea.<\/em><\/strong><\/li>\n<\/ul>\n<p>De asemenea, activase anterior ca \u0219ef al Inspectoratului Jude\u021bean pentru Cultur\u0103 Vrancea \u0219i fusese consilier jude\u021bean.<\/p>\n<p><strong>O carier\u0103 construit\u0103 prin excelen\u021b\u0103 academic\u0103<\/strong><\/p>\n<p>N\u0103scut la <strong>30 decembrie 1961<\/strong>, \u00een comuna <strong>Cior\u0103\u0219ti<\/strong>, Ionel S\u00eerbu a absolvit Facultatea de Istorie \u0219i Filosofie a Universit\u0103\u021bii \u201eAlexandru Ioan Cuza\u201d din Ia\u0219i, promov\u00e2nd examenul de licen\u021b\u0103 cu nota maxim\u0103. Ulterior, a absolvit \u0219i Facultatea de Drept din cadrul aceleia\u0219i universit\u0103\u021bi.<\/p>\n<p>Cariera didactic\u0103 a \u00eenceput \u00een \u00eenv\u0103\u021b\u0103m\u00e2ntul preuniversitar, iar ulterior a devenit profesor la Liceul Pedagogic \u201eSpiru Haret\u201d din Foc\u0219ani, unde a ob\u021binut toate gradele didactice cu rezultate maxime.<\/p>\n<p>\u00cen anul <strong>1999<\/strong> \u0219i-a sus\u021binut doctoratul \u00een istorie, iar \u00een <strong>2004<\/strong> a devenit lector universitar la Universitatea \u201eDun\u0103rea de Jos\u201d din Gala\u021bi.<\/p>\n<p>Ionel S\u00eerbu este autorul mai multor lucr\u0103ri de specialitate, \u00eentre care <strong>\u201eIstoria \u00eentre destin \u0219i \u00een\u021belepciune\u201d<\/strong> \u0219i <strong>\u201eDocumente britanice despre Rom\u00e2nia anilor 1940\u20131945\u201d<\/strong>, contribuind la cercetarea istoric\u0103 \u0219i la formarea a numeroase genera\u021bii de elevi \u0219i studen\u021bi.<\/p>\n<p><strong>Implicare \u00een via\u021ba public\u0103 \u0219i \u00een societatea civil\u0103<\/strong><\/p>\n<p>Dincolo de activitatea universitar\u0103 \u0219i didactic\u0103, profesorul Ionel S\u00eerbu s-a implicat activ \u00een via\u021ba comunit\u0103\u021bii vr\u00e2ncene.<\/p>\n<p>Dup\u0103 anul 1990, a ocupat func\u021bii administrative \u00een domeniul culturii, a fost consilier jude\u021bean \u0219i, ulterior, s-a dedicat societ\u0103\u021bii civile, devenind pre\u0219edintele Clubului Foc\u0219ani al Asocia\u021biei Pro Democra\u021bia.<\/p>\n<p>\u00cen aceast\u0103 calitate a ini\u021biat \u0219i organizat seria <strong>\u201ePrelegerile pentru Democra\u021bie\u201d<\/strong>, evenimente la care au participat personalit\u0103\u021bi importante ale vie\u021bii academice \u0219i publice din Rom\u00e2nia.<\/p>\n<p>La momentul dispari\u021biei sale, Asocia\u021bia Pro Democra\u021bia \u00eel caracteriza drept \u201eun exemplu de d\u0103ruire, entuziasm \u0219i credin\u021b\u0103 \u00een valorile fundamentale ale unei societ\u0103\u021bi democratice\u201d.<\/p>\n<p><strong>\u00cenmorm\u00e2ntat \u00een comuna natal\u0103 Cior\u0103\u0219ti<\/strong><\/p>\n<p>\u00cen <strong>24 iulie 2005<\/strong>, profesorul Ionel S\u00eerbu a fost condus pe ultimul drum \u00een comuna natal\u0103 <strong>Cior\u0103\u0219ti<\/strong>.<\/p>\n<p>Potrivit<strong><a href=\"https:\/\/www.ziaruldevrancea.ro\/special\/educatie\/profesorul-vrancean-ionel-sirbu-a-fost-condus-pe-ultimul-drum-in-comuna-natala-ciorasti\" target=\"_blank\"> relat\u0103rii publicate de Ziarul de Vrancea \u00een 25 iulie 2005,<\/a><\/strong> peste dou\u0103 sute de persoane \u2013 colegi, prieteni, fo\u0219ti elevi, universitari \u0219i reprezentan\u021bi ai societ\u0103\u021bii civile \u2013 au participat la funeralii, \u00eentr-un gest de respect fa\u021b\u0103 de cel care era considerat unul dintre cei mai aprecia\u021bi profesori de istorie ai jude\u021bului.<\/p>\n<p><strong>\u0218coala din Cior\u0103\u0219ti \u00eei poart\u0103 numele<\/strong><\/p>\n<p><strong><img decoding=\"async\" alt src=\"https:\/\/zdvi.cname.ro\/_\/mediaPool-file\/mediaPool\/uxJQQ5i.JPG\"><\/strong><\/p>\n<p>\u00cen semn de recunoa\u0219tere pentru contribu\u021bia sa la educa\u021bie \u0219i cultur\u0103, din anul <strong>2006<\/strong>, \u0219coala \u00een care Ionel S\u00eerbu a \u00eenv\u0103\u021bat \u00een copil\u0103rie poart\u0103 numele s\u0103u.<\/p>\n<p>\u0218i \u00een ultimii ani, institu\u021bia de \u00eenv\u0103\u021b\u0103m\u00e2nt a marcat constant data de <strong>22 iulie<\/strong>, prin mesaje comemorative dedicate profesorului. <strong><a href=\"https:\/\/www.ziaruldevrancea.ro\/actualitatea\/stiri-locale\/in-memoriam.s-au-scurs-19-ani-de-cand-apreciatul-profesor-de-istorie-vrancean-ionel-sirbu-nu-mai-este-printre-noi\" target=\"_blank\">Un astfel de moment a avut loc \u0219i \u00een 2024,<\/a><\/strong> c\u00e2nd, la \u00eemplinirea a 19 ani de la dispari\u021bia sa, \u0219coala a reamintit parcursul profesional \u0219i uman al celui care r\u0103m\u00e2ne una dintre personalit\u0103\u021bile reprezentative ale \u00eenv\u0103\u021b\u0103m\u00e2ntului vr\u00e2ncean.<\/p>\n<p>La 21 de ani de la trecerea sa \u00een nefiin\u021b\u0103, mesajele comemorative \u0219i readucerea \u00een aten\u021bie a articolelor publicate de <strong>Ziarul de Vrancea<\/strong> confirm\u0103 c\u0103 profesorul Ionel S\u00eerbu continu\u0103 s\u0103 fie prezent \u00een memoria comunit\u0103\u021bii prin activitatea sa didactic\u0103, prin lucr\u0103rile publicate \u0219i prin implicarea \u00een via\u021ba public\u0103 a jude\u021bului.<\/p>\n<p><strong>Maria Bratu<\/strong><\/p>\n<hr>\n<div class=\"bloc-widget widget-rosu\">\n<p>\u00cen lipsa unui acord scris din partea Ziarului de Vrancea, pute\u0163i prelua maxim 500 de caractere din acest articol dac\u0103 preciza\u0163i sursa \u015fi insera\u0163i vizibil link-ul articolului:\u00a0<span>#insertcurrentlinkhere<\/span><\/p>\n<\/div>\n<div class=\"extra-articol listing-anunturi\">\n<h6>Anun\u021buri <span class=\"text-primary\">ZdV<\/span> Premium<\/h6>\n<div class=\"row\">\n<div class=\"col-lg-4 col-md-6 bloc-egal\"><a class=\"card-anunt\" href=\"https:\/\/ziaruldevrancea.ro\/anunturi\/imobiliare\/vanzari-terenuri\/vand-teren-in-panciu\"><strong class=\"titlu\">V\u00e2nz\u0103ri terenuri<\/strong><span class=\"text-anunt\">Teren Panciu 1170 mp, cu num\u0103r cas\u0103, ap\u0103&#8230;<\/span><span class=\"data-anunt\">29.07.2026  <\/span><\/a><\/div>\n<div class=\"col-lg-4 col-md-6 bloc-egal\"><a class=\"card-anunt\" href=\"https:\/\/ziaruldevrancea.ro\/anunturi\/altele\/anulare-acte\/vand-scrumbii-afumate-capturi-dunare\"><strong class=\"titlu\">Vanzari diverse<\/strong><span class=\"text-anunt\">Pret : 117 lei \/ kg . \u00a0 Este&#8230;<\/span><span class=\"data-anunt\">29.07.2026 , Gala\u021bi , Gala\u021bi<\/span><\/a><\/div>\n<div class=\"col-lg-4 col-md-6 bloc-egal\"><a class=\"card-anunt\" href=\"https:\/\/ziaruldevrancea.ro\/anunturi\/imobiliare\/vanzari-case\/vand-casa-si-teren-in-panciu-anunt-72818\"><strong class=\"titlu\">V\u00e2nz\u0103ri case<\/strong><span class=\"text-anunt\">V\u00e2nd cas\u0103 cu 2 camere, buc\u0103t\u0103rie, baie,&#8230;<\/span><span class=\"data-anunt\">23.07.2026  <\/span><\/a><\/div>\n<\/div>\n<\/div>\n<div class=\"extra-articol alte-articole\">\n<div class=\"row\">\n<div class=\"col-lg-6 bloc-egal\">\n<div class=\"card articol-listing\">\n<h6>\u00cen categoria <a href=\"https:\/\/ziaruldevrancea.ro\/special\/educatie\">Educa\u021bie<\/a><\/h6>\n<div class=\"grup-articol-listing\">\n<div class=\"cont-pils\"><a href=\"https:\/\/ziaruldevrancea.ro\/special\/educatie\/bacalaureat-2026-in-vrancea-incepe-sesiunea-de-toamna\"><img decoding=\"async\" src=\"https:\/\/zdvi.cname.ro\/180_135\/special\/educatie\/bacalaureat-2026-in-vrancea-incepe-sesiunea-de-toamna\/mediaPool\/uRriXdW.jpg\" class=\"img-responsive img-180\" alt><\/a><\/div>\n<h2><a class=\"link-titlu\" href=\"https:\/\/ziaruldevrancea.ro\/special\/educatie\/bacalaureat-2026-in-vrancea-incepe-sesiunea-de-toamna\">Bacalaureat 2026 \u00een Vrancea: \u00eencepe sesiunea de toamn\u0103<\/a><\/h2>\n<div class=\"date-post\"><a href=\"https:\/\/ziaruldevrancea.ro\/autor\/maria-bratu\">Maria BRATU<\/a>,  1 aug 2026  <\/div>\n<\/div>\n<div class=\"grup-articol-listing\">\n<div class=\"cont-pils\"><a href=\"https:\/\/ziaruldevrancea.ro\/special\/educatie\/infoeducatie-2026-s-a-incheiat-la-focsani.-elevii-din-vrancea-printre-laureatii-olimpiadei-nationale-de-inovare-si-creatie-digitala\"><img decoding=\"async\" src=\"https:\/\/zdvi.cname.ro\/180_135\/special\/educatie\/infoeducatie-2026-s-a-incheiat-la-focsani.-elevii-din-vrancea-printre-laureatii-olimpiadei-nationale-de-inovare-si-creatie-digitala\/mediaPool\/uqSpE5C.jpg\" class=\"img-responsive img-180\" alt><\/a><\/div>\n<h2><a class=\"link-titlu\" href=\"https:\/\/ziaruldevrancea.ro\/special\/educatie\/infoeducatie-2026-s-a-incheiat-la-focsani.-elevii-din-vrancea-printre-laureatii-olimpiadei-nationale-de-inovare-si-creatie-digitala\">InfoEduca\u021bie 2026 s-a \u00eencheiat la Foc\u0219ani. Elevii din Vrancea, printre laurea\u021bii Olimpiadei Na\u021bionale de Inovare \u0219i Crea\u021bie Digital\u0103<\/a><\/h2>\n<div class=\"date-post\"><a href=\"https:\/\/ziaruldevrancea.ro\/autor\/maria-bratu\">Maria BRATU<\/a>,  1 aug 2026  <\/div>\n<\/div>\n<div class=\"grup-articol-listing\">\n<div class=\"cont-pils\"><a href=\"https:\/\/ziaruldevrancea.ro\/special\/educatie\/titularizare-2026-in-vrancea-au-fost-publicate-primele-rezultate.-candidatii-pot-depune-contestatii-pana-pe-29-iulie\"><img decoding=\"async\" src=\"https:\/\/zdvi.cname.ro\/180_135\/special\/educatie\/titularizare-2026-in-vrancea-au-fost-publicate-primele-rezultate.-candidatii-pot-depune-contestatii-pana-pe-29-iulie\/mediaPool\/us2m6oB.jpg\" class=\"img-responsive img-180\" alt><\/a><\/div>\n<h2><a class=\"link-titlu\" href=\"https:\/\/ziaruldevrancea.ro\/special\/educatie\/titularizare-2026-in-vrancea-au-fost-publicate-primele-rezultate.-candidatii-pot-depune-contestatii-pana-pe-29-iulie\">Titularizare 2026 \u00een Vrancea: au fost publicate primele rezultate. Candida\u021bii pot depune contesta\u021bii p\u00e2n\u0103 pe 29 iulie<\/a><\/h2>\n<div class=\"date-post\"><a href=\"https:\/\/ziaruldevrancea.ro\/autor\/maria-bratu\">Maria BRATU<\/a>, 29 iul 2026  <\/div>\n<\/div>\n<\/div>\n<\/div>\n<div class=\"col-lg-6 bloc-egal\">\n<div class=\"card articol-listing\">\n<h6>De acela\u0219i <a href=\"https:\/\/ziaruldevrancea.ro\/autor\/maria-bratu\/\">autor<\/a><\/h6>\n<div class=\"grup-articol-listing\">\n<div class=\"cont-pils\"><a href=\"https:\/\/ziaruldevrancea.ro\/promo\/evenimente-speciale\/video--foto-elevii-vranceni-premiati-de-consiliului-judetean-pentru-performanta-obtinuta-la-infoeducatie-2026\"><img decoding=\"async\" src=\"https:\/\/zdvi.cname.ro\/180_135\/promo\/evenimente-speciale\/video--foto-elevii-vranceni-premiati-de-consiliului-judetean-pentru-performanta-obtinuta-la-infoeducatie-2026\/mediaPool\/u6Sjqgn.jpeg\" class=\"img-responsive img-180\" alt><\/a><\/div>\n<h2><a class=\"link-titlu\" href=\"https:\/\/ziaruldevrancea.ro\/promo\/evenimente-speciale\/video--foto-elevii-vranceni-premiati-de-consiliului-judetean-pentru-performanta-obtinuta-la-infoeducatie-2026\">VIDEO + Foto | Elevii vr\u00e2nceni premia\u021bi de Consiliului Jude\u021bean pentru performan\u021ba ob\u021binut\u0103 la InfoEduca\u021bie 2026<\/a><\/h2>\n<div class=\"date-post\"><a href=\"https:\/\/ziaruldevrancea.ro\/autor\/maria-bratu\">Maria BRATU<\/a>,  1 aug 2026  <\/div>\n<\/div>\n<div class=\"grup-articol-listing\">\n<div class=\"cont-pils\"><a href=\"https:\/\/ziaruldevrancea.ro\/special\/educatie\/foto-infoeducatie-2026-a-inceput-la-focsani\"><img decoding=\"async\" src=\"https:\/\/zdvi.cname.ro\/180_135\/special\/educatie\/foto-infoeducatie-2026-a-inceput-la-focsani\/mediaPool\/u2uQ6E6.jpg\" class=\"img-responsive img-180\" alt><\/a><\/div>\n<h2><a class=\"link-titlu\" href=\"https:\/\/ziaruldevrancea.ro\/special\/educatie\/foto-infoeducatie-2026-a-inceput-la-focsani\">Foto | InfoEduca\u021bie 2026 a \u00eenceput la Foc\u0219ani<\/a><\/h2>\n<div class=\"date-post\"><a href=\"https:\/\/ziaruldevrancea.ro\/autor\/maria-bratu\">Maria BRATU<\/a>, 28 iul 2026  <\/div>\n<\/div>\n<div class=\"grup-articol-listing\">\n<div class=\"cont-pils\"><a href=\"https:\/\/ziaruldevrancea.ro\/special\/educatie\/infoeducatie-2026-incepe-la-focsani.-consiliul-judetean-vrancea-ramane-partener-al-competitiei-nationale\"><img decoding=\"async\" src=\"https:\/\/zdvi.cname.ro\/180_135\/special\/educatie\/infoeducatie-2026-incepe-la-focsani.-consiliul-judetean-vrancea-ramane-partener-al-competitiei-nationale\/mediaPool\/uHLcanJ.jpeg\" class=\"img-responsive img-180\" alt><\/a><\/div>\n<h2><a class=\"link-titlu\" href=\"https:\/\/ziaruldevrancea.ro\/special\/educatie\/infoeducatie-2026-incepe-la-focsani.-consiliul-judetean-vrancea-ramane-partener-al-competitiei-nationale\">InfoEduca\u021bie 2026 \u00eencepe la Foc\u0219ani. Consiliul Jude\u021bean Vrancea r\u0103m\u00e2ne partener al competi\u021biei na\u021bionale<\/a><\/h2>\n<div class=\"date-post\"><a href=\"https:\/\/ziaruldevrancea.ro\/autor\/maria-bratu\">Maria BRATU<\/a>, 28 iul 2026  <\/div>\n<\/div>\n<\/div>\n<\/div>\n<\/div>\n<\/div>\n<div class=\"extra-articol listing-anunturi\">\n<h6>Anun\u021buri <span class=\"text-primary\">ZdV<\/span> Premium<\/h6>\n<div class=\"row\">\n<div class=\"col-lg-4 col-md-6 bloc-egal\"><a class=\"card-anunt\" href=\"https:\/\/ziaruldevrancea.ro\/anunturi\/angajari\/cereri-angajari\/doresc-angajare-anunt-72815\"><strong class=\"titlu\">Cereri<\/strong><span class=\"text-anunt\">Doresc s\u0103 am grij\u0103 de un copil de gradini\u021b\u0103&#8230;<\/span><span class=\"data-anunt\">21.07.2026  <\/span><\/a><\/div>\n<div class=\"col-lg-4 col-md-6 bloc-egal\"><a class=\"card-anunt\" href=\"https:\/\/ziaruldevrancea.ro\/anunturi\/inchirieri\/locuinte-oferte\/primesc-in-gazda-anunt-72816\"><strong class=\"titlu\">Locuin\u021be oferte<\/strong><span class=\"text-anunt\">\u00a0Primesc \u00een gazd\u0103 la cas\u0103.<\/p>\n<p>Tel&#8230;.<\/span><span class=\"data-anunt\">21.07.2026  <\/span><\/a><\/div>\n<div class=\"col-lg-4 col-md-6 bloc-egal\"><a class=\"card-anunt\" href=\"https:\/\/ziaruldevrancea.ro\/anunturi\/inchirieri\/locuinte-oferte\/primesc-in-gazda-anunt-72817\"><strong class=\"titlu\">Locuin\u021be oferte<\/strong><span class=\"text-anunt\">Primesc \u00een gazd\u0103 la bloc o elev\u0103. <\/p>\n<p>Tel&#8230;.<\/span><span class=\"data-anunt\">21.07.2026  <\/span><\/a><\/div>\n<\/div>\n<\/div>\n<div class=\"bloc-widget widget-albastru\">\n    Ziarul de Vrancea \u00a0nu este responsabil juridic pentru con\u0163inutul textelor din comentariile de mai jos. Responsabilitatea pentru mesajele dumneavoastra v\u0103 revine \u00een exclusivitate.\n<\/div>\n<div class=\"comentarii-articol\" id=\"comentarii\">\n<h3>Comentarii: <span class=\"text-primary\">0<\/span><\/h3>\n<p><a href=\"https:\/\/ziaruldevrancea.ro\/special\/educatie\/vrancea-nu-l-a-uitat-21-de-ani-de-la-disparitia-profesorului-ionel-sirbu-istoricul-care-a-marcat-educatia-si-societatea-civila\" class=\"btn btn-success btn-adauga-com\" data-toggle=\"modal\" data-parent=\"0\" data-target=\"#commentModal\">Adaug\u0103 comentariu<\/a><\/p>\n<div class=\"loadMask comments-mask\"><img decoding=\"async\" src=\"https:\/\/zdvs.cname.ro\/images\/loader_40.gif\"><\/div>\n<div class=\"comenteaza-jos\">Trebuie s\u0103 fii <a href=\"https:\/\/ziaruldevrancea.ro\/account\">autentificat<\/a> pentru a putea <a href=\"https:\/\/ziaruldevrancea.ro\/special\/educatie\/vrancea-nu-l-a-uitat-21-de-ani-de-la-disparitia-profesorului-ionel-sirbu-istoricul-care-a-marcat-educatia-si-societatea-civila\" class data-toggle=\"modal\" data-parent=\"0\" data-target=\"#commentModal\">posta un comentariu<\/a>.<\/div>\n<\/div>\n<div class=\"modal fade\" id=\"commentModal\" role=\"dialog\" aria-labelledby=\"commentModalLabel\">\n<div class=\"modal-dialog modal-lg\" role=\"document\">\n<div class=\"modal-content\">\n<div class=\"modal-header\">\n<h3 class=\"modal-title\" id=\"commentModalLabel\">Comenteaz\u0103<\/h3>\n<\/div>\n<div class=\"modal-body\">\n<div class=\"tabel tabel-full\">\n<div class=\"celula\">\n              Trebuie s\u0103 fii <a href=\"https:\/\/ziaruldevrancea.ro\/account\">autentificat<\/a> pentru a putea posta un comentariu.\n            <\/div>\n<\/div>\n<\/div>\n<div class=\"modal-footer\">\n<div id=\"commentPending\" class=\"formPending pull-left\"><img decoding=\"async\" src=\"https:\/\/zdvs.cname.ro\/images\/loader_40.gif\"> In curs de procesare&#8230;<\/div>\n<p><a href=\"https:\/\/ziaruldevrancea.ro\/special\/educatie\/vrancea-nu-l-a-uitat-21-de-ani-de-la-disparitia-profesorului-ionel-sirbu-istoricul-care-a-marcat-educatia-si-societatea-civila\" class=\"btn btn-default\" data-dismiss=\"modal\">Anuleaz\u0103<\/a><\/div>\n<\/div>\n<\/div>\n<\/div>\n<div class=\"modal fade\" id=\"commentReportModal\" role=\"dialog\" aria-labelledby=\"commentReportModalLabel\">\n<div class=\"modal-dialog modal-lg\" role=\"document\">\n<div class=\"modal-content\">\n<div class=\"modal-header\">\n<h3 class=\"modal-title\" id=\"commentReportModalLabel\">Raporteaza comentariu<\/h3>\n<\/div>\n<div class=\"modal-body\">\n<div class=\"tabel tabel-full\">\n<div class=\"celula\">\n              Trebuie s\u0103 fii <a href=\"https:\/\/ziaruldevrancea.ro\/account\">autentificat<\/a> pentru a putea raporta un comentariu.\n            <\/div>\n<\/div>\n<\/div>\n<div class=\"modal-footer\">\n<div id=\"commentReportPending\" class=\"formPending pull-left\"><img decoding=\"async\" src=\"https:\/\/zdvs.cname.ro\/images\/loader_40.gif\"> In curs de procesare&#8230;<\/div>\n<p><a href=\"https:\/\/ziaruldevrancea.ro\/special\/educatie\/vrancea-nu-l-a-uitat-21-de-ani-de-la-disparitia-profesorului-ionel-sirbu-istoricul-care-a-marcat-educatia-si-societatea-civila\" class=\"btn btn-default\" data-dismiss=\"modal\">Anuleaz\u0103<\/a><\/div>\n<\/div>\n<\/div>\n<\/div>\n<div class=\"modal fade\" id=\"commentLikeModal\" role=\"dialog\" aria-labelledby=\"commentLikeModalLabel\">\n<div class=\"modal-dialog modal-lg\" role=\"document\">\n<div class=\"modal-content\">\n<div class=\"modal-header\">\n<h3 class=\"modal-title\" id=\"commentReportModalLabel\">Apreciaza comentariu<\/h3>\n<\/div>\n<div class=\"modal-body\">\n<div class=\"tabel tabel-full\">\n<div class=\"celula\">\n            Trebuie s\u0103 fii <a href=\"https:\/\/ziaruldevrancea.ro\/account\">autentificat<\/a> pentru a putea aprecia un comentariu.\n          <\/div>\n<\/div>\n<\/div>\n<div class=\"modal-footer\"><a href=\"https:\/\/ziaruldevrancea.ro\/special\/educatie\/vrancea-nu-l-a-uitat-21-de-ani-de-la-disparitia-profesorului-ionel-sirbu-istoricul-care-a-marcat-educatia-si-societatea-civila\" class=\"btn btn-default\" data-dismiss=\"modal\">Anuleaz\u0103<\/a><\/div>\n<\/div>\n<\/div>\n<\/div>\n<div class=\"bloc-widget widget-rosu\"><span><small>Ziarul de Vrancea doreste ca acest site sa fie un spatiu al discutiilor civilizate, al comentariilor de bun simt. Din acest motiv, cei care posteaza comentarii la articole trebuie sa respecte urmatoarele reguli:<br \/>\n1. Sa se refere doar la articolul la care posteaza comentarii.<br \/>\n2. Sa foloseasca un limbaj civilizat, fara injurii, calomnii, comentarii antisemite, xenofobe sau rasiste.<br \/>\n3. Sunt interzise atacurile la adresa autorilor, daca acestea nu au legatura cu textul.<br \/>\n4. Username-ul sa nu fie nume de personalitati ale vietii publice sau parodieri ale acestora.<br \/>\nAutorul unui articol poate fi criticat pentru eventuale greseli, incoerenta, lipsa de documentare etc.<br \/>\nNerespectarea regulilor mentionate mai sus va duce la stergerea comentariilor, fara avertisment si fara explicatii.<br \/>\nAbaterile repetate vor avea drept consecinta interdictia accesului la aceasta facilitate a site-ului.<\/small><\/span><\/div>\n<\/div>\n<p>[analyse_source url=&#8221;https:\/\/ziaruldevrancea.ro\/special\/educatie\/vrancea-nu-l-a-uitat-21-de-ani-de-la-disparitia-profesorului-ionel-sirbu-istoricul-care-a-marcat-educatia-si-societatea-civila&#8221;]<\/p>\n","protected":false},"excerpt":{"rendered":"<p>[analyse_image type=&#8221;featured&#8221; src=&#8221;https:\/\/zdvi.cname.ro\/_\/vrancea-nu-l-a-uitat-21-de-ani-de-la-disparitia-profesorului-ionel-sirbu-istoricul-care-a-marcat-educatia-si-societatea-civila\/mediaPool\/uwSGE2Q.png&#8221;] Educa\u021bie Vrancea nu l-a uitat: 21 de ani de la dispari\u021bia profesorului Ionel S\u00eerbu, istoricul care a marcat educa\u021bia \u0219i societatea civil\u0103 Distribuie: \u00a0 | Maria BRATU 23 iul 20261625 vizualiz\u0103ri \u0218coala Gimnazial\u0103 \u201eIonel S\u00eerbu\u201d din Cior\u0103\u0219ti a evocat memoria profesorului disp\u0103rut prematur la doar 44 de ani. Ziarul de Vrancea readuce [&hellip;]<\/p>\n","protected":false},"author":1,"featured_media":0,"comment_status":"open","ping_status":"","sticky":false,"template":"","format":"standard","meta":{"footnotes":""},"categories":[89],"tags":[226,208],"class_list":["post-2072950","post","type-post","status-publish","format-standard","hentry","category-romania","tag-crawlmanager","tag-ziaruldevrancea-ro"],"_links":{"self":[{"href":"https:\/\/analyse.optim.biz\/index.php?rest_route=\/wp\/v2\/posts\/2072950","targetHints":{"allow":["GET"]}}],"collection":[{"href":"https:\/\/analyse.optim.biz\/index.php?rest_route=\/wp\/v2\/posts"}],"about":[{"href":"https:\/\/analyse.optim.biz\/index.php?rest_route=\/wp\/v2\/types\/post"}],"author":[{"embeddable":true,"href":"https:\/\/analyse.optim.biz\/index.php?rest_route=\/wp\/v2\/users\/1"}],"replies":[{"embeddable":true,"href":"https:\/\/analyse.optim.biz\/index.php?rest_route=%2Fwp%2Fv2%2Fcomments&post=2072950"}],"version-history":[{"count":0,"href":"https:\/\/analyse.optim.biz\/index.php?rest_route=\/wp\/v2\/posts\/2072950\/revisions"}],"wp:attachment":[{"href":"https:\/\/analyse.optim.biz\/index.php?rest_route=%2Fwp%2Fv2%2Fmedia&parent=2072950"}],"wp:term":[{"taxonomy":"category","embeddable":true,"href":"https:\/\/analyse.optim.biz\/index.php?rest_route=%2Fwp%2Fv2%2Fcategories&post=2072950"},{"taxonomy":"post_tag","embeddable":true,"href":"https:\/\/analyse.optim.biz\/index.php?rest_route=%2Fwp%2Fv2%2Ftags&post=2072950"}],"curies":[{"name":"wp","href":"https:\/\/api.w.org\/{rel}","templated":true}]}}