{"id":2072949,"date":"2026-07-23T00:00:00","date_gmt":"2026-07-22T21:00:00","guid":{"rendered":"https:\/\/analyse.optim.biz\/?p=2072949"},"modified":"2026-07-23T00:00:00","modified_gmt":"2026-07-22T21:00:00","slug":"admiterea-la-liceu-2026-elevii-din-vrancea-isi-pot-afla-repartizarea-incepe-confirmarea-locurilor-in-licee","status":"publish","type":"post","link":"https:\/\/analyse.optim.biz\/?p=2072949","title":{"rendered":"Admiterea la liceu 2026: Elevii din Vrancea \u00ee\u0219i pot afla repartizarea. \u00cencepe confirmarea locurilor \u00een licee"},"content":{"rendered":"<p>[analyse_image type=&#8221;featured&#8221; src=&#8221;https:\/\/zdvi.cname.ro\/_\/admiterea-la-liceu-2026-elevii-din-vrancea-isi-pot-afla-repartizarea.-incepe-confirmarea-locurilor-in-licee\/mediaPool\/ukGiqE7.jpg&#8221;]<\/p>\n<div class=\"main-content detaliu-articol\"><a class=\"titlu-cat-list\" href=\"https:\/\/ziaruldevrancea.ro\/special\/educatie\">Educa\u021bie<\/a><\/p>\n<h1>Admiterea la liceu 2026: Elevii din Vrancea \u00ee\u0219i pot afla repartizarea. \u00cencepe confirmarea locurilor \u00een licee<\/h1>\n<div class=\"date-articol clearfix\">\n<div class=\"distribuie-articol dropdown\">\n    Distribuie: \u00a0<br \/>\n    <em>|<\/em><\/div>\n<div class=\"autor-articol\"><a href=\"https:\/\/ziaruldevrancea.ro\/autor\/maria-bratu\/\"><img decoding=\"async\" class=\"img-circle\" src=\"https:\/\/zdvi.cname.ro\/50_50\/articleAuthor\/maria-bratu\/articleAuthor\/urTSNay.PNG\" alt><\/a><\/p>\n<h5><a href=\"https:\/\/ziaruldevrancea.ro\/autor\/maria-bratu\/\">Maria BRATU<\/a><\/h5>\n<div class=\"grup-spatiere\"><span class=\"cu-spatiere\">23 iul 2026<\/span><span class=\"cu-spatiere\">1010 vizualiz\u0103ri<\/span><\/div>\n<\/div>\n<\/div>\n<div class=\"poza-mare\"><a href class=\"openGallery\"><img decoding=\"async\" class=\"img-responsive\" src=\"https:\/\/zdvi.cname.ro\/850_530\/admiterea-la-liceu-2026-elevii-din-vrancea-isi-pot-afla-repartizarea.-incepe-confirmarea-locurilor-in-licee\/article\/mediaPool\/ukGiqE7.jpg\" alt=\"Foto:arhiva ZdV.Credit foto:ziarulprofit.ro\"><\/a><\/p>\n<div class=\"caption-poza\">Foto:arhiva ZdV.Credit foto:ziarulprofit.ro<\/div>\n<\/div>\n<p><strong>Rezultatele repartiz\u0103rii computerizate \u00een clasa a IX-a au fost publicate. Absolven\u021bii de gimnaziu din Vrancea trebuie s\u0103 \u00ee\u0219i depun\u0103 dosarele \u00eentre 23 \u0219i 28 iulie, iar pentru situa\u021biile speciale este prev\u0103zut\u0103 o etap\u0103 distinct\u0103 de solu\u021bionare.<\/strong><\/p>\n<p><strong>Admiterea la liceu 2026: Elevii din Vrancea \u00ee\u0219i pot afla repartizarea. \u00cencepe confirmarea locurilor \u00een licee<\/strong><\/p>\n<p>Absolven\u021bii clasei a VIII-a din jude\u021bul Vrancea au aflat miercuri, 22 iulie 2026, rezultatul repartiz\u0103rii computerizate \u00een \u00eenv\u0103\u021b\u0103m\u00e2ntul liceal de stat. Ministerul Educa\u021biei a publicat listele oficiale pe platforma admitere.edu.ro, iar elevii pot verifica liceul la care au fost repartiza\u021bi folosind codul individual primit la Evaluarea Na\u021bional\u0103.<\/p>\n<p>Pentru candida\u021bii din jude\u021bul Vrancea, repartizarea poate fi consultat\u0103 \u0219i \u00een raportul dedicat jude\u021bului, unde sunt afi\u0219ate at\u00e2t listele de admitere, c\u00e2t \u0219i locurile r\u0103mase disponibile dup\u0103 prima etap\u0103. acces\u00e2nd titlul al\u0103turat:<strong><a href=\"https:\/\/admitere.edu.ro\/RapoarteJudet.aspx?jud=41\" target=\"_blank\">admitere.edu.ro<\/a><\/strong>\u00a0\u00a0<\/p>\n<p><strong>Ce trebuie s\u0103 fac\u0103 elevii din Vrancea dup\u0103 afi\u0219area rezultatelor<\/strong><\/p>\n<p>Dup\u0103 publicarea repartiz\u0103rii computerizate, urmeaz\u0103 etapa confirm\u0103rii locurilor. \u00cen perioada <strong>23-28 iulie 2026<\/strong>, elevii declara\u021bi admi\u0219i trebuie s\u0103 se prezinte la liceul unde au fost repartiza\u021bi pentru depunerea dosarului de \u00eenscriere.<\/p>\n<p>Nedepunerea dosarului \u00een termenul stabilit poate conduce la pierderea locului ob\u021binut \u00een prima etap\u0103 a admiterii.<\/p>\n<p><strong>Ce documente sunt necesare pentru \u00eenscriere<\/strong><\/p>\n<p>Potrivit Ordinului nr. 6060\/2025, dosarul de \u00eenscriere trebuie s\u0103 con\u021bin\u0103:<\/p>\n<ul>\n<li>cererea de \u00eenscriere;<\/li>\n<li>copia certificatului de na\u0219tere;<\/li>\n<li>copia c\u0103r\u021bii de identitate, dac\u0103 este cazul;<\/li>\n<li>fi\u0219a medical\u0103.<\/li>\n<\/ul>\n<p>\u00cen func\u021bie de regulamentele fiec\u0103rui liceu, pot fi solicitate \u0219i alte documente, precum:<\/p>\n<ul>\n<li>copii dup\u0103 actele de identitate ale p\u0103rin\u021bilor;<\/li>\n<li>foaia matricol\u0103;<\/li>\n<li>adeverin\u021ba cu rezultatele Evalu\u0103rii Na\u021bionale;<\/li>\n<li>adeverin\u021b\u0103 medical\u0103 \u0219i fi\u0219a de vaccin\u0103ri;<\/li>\n<li>acordul privind prelucrarea datelor cu caracter personal;<\/li>\n<li>documente privind exercitarea autorit\u0103\u021bii p\u0103rinte\u0219ti, \u00een cazul p\u0103rin\u021bilor divor\u021ba\u021bi.<\/li>\n<\/ul>\n<p>Reprezentan\u021bii unit\u0103\u021bilor de \u00eenv\u0103\u021b\u0103m\u00e2nt recomand\u0103 elevilor \u0219i p\u0103rin\u021bilor s\u0103 consulte site-ul liceului sau programul afi\u0219at la secretariat \u00eenainte de depunerea documentelor.<\/p>\n<p><strong>Calendarul urm\u0103toarelor etape<\/strong><\/p>\n<p>Procesul de admitere continu\u0103 dup\u0103 urm\u0103torul calendar:<\/p>\n<ul>\n<li><strong>23-28 iulie<\/strong> \u2013 depunerea dosarelor de \u00eenscriere;<\/li>\n<li><strong>28 iulie<\/strong> \u2013 liceele transmit situa\u021bia locurilor r\u0103mase libere;<\/li>\n<li><strong>29-31 iulie<\/strong> \u2013 solu\u021bionarea situa\u021biilor speciale de c\u0103tre comisiile jude\u021bene de admitere;<\/li>\n<li><strong>31 iulie<\/strong> \u2013 \u00eencepe a doua etap\u0103 de admitere pentru elevii nerepartiza\u021bi sau care nu \u0219i-au confirmat locul.<\/li>\n<\/ul>\n<p><strong>Ce se \u00eent\u00e2mpl\u0103 \u00een situa\u021biile speciale<\/strong><\/p>\n<p>Ministerul Educa\u021biei precizeaz\u0103 c\u0103 exist\u0103 o etap\u0103 dedicat\u0103 rezolv\u0103rii situa\u021biilor speciale ap\u0103rute dup\u0103 repartizarea computerizat\u0103.<\/p>\n<p>Pot fi analizate cazuri precum:<\/p>\n<ul>\n<li>repartizarea la un liceu aflat la mare distan\u021b\u0103 de domiciliu;<\/li>\n<li>probleme medicale;<\/li>\n<li>redistribuirea gemenilor;<\/li>\n<li>schimburi \u00eentre elevi;<\/li>\n<li>corectarea unor erori materiale.<\/li>\n<\/ul>\n<p>Secretarul de stat \u00een Ministerul Educa\u021biei, Sorin Ion, a explicat c\u0103 elevii care au fost repartiza\u021bi la un liceu aflat departe de cas\u0103, de\u0219i media le-ar fi permis accesul la o unitate mai apropiat\u0103, pot solicita solu\u021bionarea situa\u021biei \u00een aceast\u0103 etap\u0103.<\/p>\n<p>Oficialul a subliniat c\u0103 \u00eenv\u0103\u021b\u0103m\u00e2ntul obligatoriu garanteaz\u0103 existen\u021ba unui loc pentru fiecare elev \u0219i c\u0103 procedurile permit corectarea unor situa\u021bii excep\u021bionale.<\/p>\n<p><strong>Cum sunt departaja\u021bi candida\u021bii cu medii egale<\/strong><\/p>\n<p>\u00cen cazul mediilor de admitere identice, departajarea se realizeaz\u0103 \u00een urm\u0103toarea ordine:<\/p>\n<ul>\n<li>media general\u0103 a claselor V-VIII;<\/li>\n<li>nota la Limba \u0219i literatura rom\u00e2n\u0103;<\/li>\n<li>nota la Matematic\u0103;<\/li>\n<li>nota la Limba matern\u0103, acolo unde este cazul.<\/li>\n<\/ul>\n<p><strong>Unde pot consulta elevii din Vrancea rezultatele<\/strong><\/p>\n<p>Elevii \u0219i p\u0103rin\u021bii pot verifica repartizarea computerizat\u0103 folosind codul individual primit la Evaluarea Na\u021bional\u0103 pe platforma oficial\u0103 <strong><a href=\"https:\/\/admitere.edu.ro\/RapoarteJudet.aspx?jud=41\" target=\"_blank\">admitere.edu.ro.<\/a><\/strong> Totodat\u0103, pentru jude\u021bul Vrancea sunt disponibile listele complete cu repartizarea pe licee \u0219i situa\u021bia locurilor r\u0103mase dup\u0103 prima etap\u0103.<\/p>\n<p>Urm\u0103toarele zile sunt importante pentru finalizarea procesului de \u00eenscriere, iar reprezentan\u021bii unit\u0103\u021bilor de \u00eenv\u0103\u021b\u0103m\u00e2nt recomand\u0103 respectarea calendarului oficial \u0219i verificarea atent\u0103 a documentelor necesare \u00eenainte de depunerea dosarului.<\/p>\n<p><strong>Maria Bratu<\/strong><\/p>\n<hr>\n<div class=\"bloc-widget widget-rosu\">\n<p>\u00cen lipsa unui acord scris din partea Ziarului de Vrancea, pute\u0163i prelua maxim 500 de caractere din acest articol dac\u0103 preciza\u0163i sursa \u015fi insera\u0163i vizibil link-ul articolului:\u00a0<span>#insertcurrentlinkhere<\/span><\/p>\n<\/div>\n<div class=\"extra-articol listing-anunturi\">\n<h6>Anun\u021buri <span class=\"text-primary\">ZdV<\/span> Premium<\/h6>\n<div class=\"row\">\n<div class=\"col-lg-4 col-md-6 bloc-egal\"><a class=\"card-anunt\" href=\"https:\/\/ziaruldevrancea.ro\/anunturi\/imobiliare\/vanzari-terenuri\/vand-teren-in-panciu\"><strong class=\"titlu\">V\u00e2nz\u0103ri terenuri<\/strong><span class=\"text-anunt\">Teren Panciu 1170 mp, cu num\u0103r cas\u0103, ap\u0103&#8230;<\/span><span class=\"data-anunt\">29.07.2026  <\/span><\/a><\/div>\n<div class=\"col-lg-4 col-md-6 bloc-egal\"><a class=\"card-anunt\" href=\"https:\/\/ziaruldevrancea.ro\/anunturi\/altele\/anulare-acte\/vand-scrumbii-afumate-capturi-dunare\"><strong class=\"titlu\">Vanzari diverse<\/strong><span class=\"text-anunt\">Pret : 117 lei \/ kg . \u00a0 Este&#8230;<\/span><span class=\"data-anunt\">29.07.2026 , Gala\u021bi , Gala\u021bi<\/span><\/a><\/div>\n<div class=\"col-lg-4 col-md-6 bloc-egal\"><a class=\"card-anunt\" href=\"https:\/\/ziaruldevrancea.ro\/anunturi\/imobiliare\/vanzari-case\/vand-casa-si-teren-in-panciu-anunt-72818\"><strong class=\"titlu\">V\u00e2nz\u0103ri case<\/strong><span class=\"text-anunt\">V\u00e2nd cas\u0103 cu 2 camere, buc\u0103t\u0103rie, baie,&#8230;<\/span><span class=\"data-anunt\">23.07.2026  <\/span><\/a><\/div>\n<\/div>\n<\/div>\n<div class=\"extra-articol alte-articole\">\n<div class=\"row\">\n<div class=\"col-lg-6 bloc-egal\">\n<div class=\"card articol-listing\">\n<h6>\u00cen categoria <a href=\"https:\/\/ziaruldevrancea.ro\/special\/educatie\">Educa\u021bie<\/a><\/h6>\n<div class=\"grup-articol-listing\">\n<div class=\"cont-pils\"><a href=\"https:\/\/ziaruldevrancea.ro\/special\/educatie\/bacalaureat-2026-in-vrancea-incepe-sesiunea-de-toamna\"><img decoding=\"async\" src=\"https:\/\/zdvi.cname.ro\/180_135\/special\/educatie\/bacalaureat-2026-in-vrancea-incepe-sesiunea-de-toamna\/mediaPool\/uRriXdW.jpg\" class=\"img-responsive img-180\" alt><\/a><\/div>\n<h2><a class=\"link-titlu\" href=\"https:\/\/ziaruldevrancea.ro\/special\/educatie\/bacalaureat-2026-in-vrancea-incepe-sesiunea-de-toamna\">Bacalaureat 2026 \u00een Vrancea: \u00eencepe sesiunea de toamn\u0103<\/a><\/h2>\n<div class=\"date-post\"><a href=\"https:\/\/ziaruldevrancea.ro\/autor\/maria-bratu\">Maria BRATU<\/a>,  1 aug 2026  <\/div>\n<\/div>\n<div class=\"grup-articol-listing\">\n<div class=\"cont-pils\"><a href=\"https:\/\/ziaruldevrancea.ro\/special\/educatie\/infoeducatie-2026-s-a-incheiat-la-focsani.-elevii-din-vrancea-printre-laureatii-olimpiadei-nationale-de-inovare-si-creatie-digitala\"><img decoding=\"async\" src=\"https:\/\/zdvi.cname.ro\/180_135\/special\/educatie\/infoeducatie-2026-s-a-incheiat-la-focsani.-elevii-din-vrancea-printre-laureatii-olimpiadei-nationale-de-inovare-si-creatie-digitala\/mediaPool\/uqSpE5C.jpg\" class=\"img-responsive img-180\" alt><\/a><\/div>\n<h2><a class=\"link-titlu\" href=\"https:\/\/ziaruldevrancea.ro\/special\/educatie\/infoeducatie-2026-s-a-incheiat-la-focsani.-elevii-din-vrancea-printre-laureatii-olimpiadei-nationale-de-inovare-si-creatie-digitala\">InfoEduca\u021bie 2026 s-a \u00eencheiat la Foc\u0219ani. Elevii din Vrancea, printre laurea\u021bii Olimpiadei Na\u021bionale de Inovare \u0219i Crea\u021bie Digital\u0103<\/a><\/h2>\n<div class=\"date-post\"><a href=\"https:\/\/ziaruldevrancea.ro\/autor\/maria-bratu\">Maria BRATU<\/a>,  1 aug 2026  <\/div>\n<\/div>\n<div class=\"grup-articol-listing\">\n<div class=\"cont-pils\"><a href=\"https:\/\/ziaruldevrancea.ro\/special\/educatie\/titularizare-2026-in-vrancea-au-fost-publicate-primele-rezultate.-candidatii-pot-depune-contestatii-pana-pe-29-iulie\"><img decoding=\"async\" src=\"https:\/\/zdvi.cname.ro\/180_135\/special\/educatie\/titularizare-2026-in-vrancea-au-fost-publicate-primele-rezultate.-candidatii-pot-depune-contestatii-pana-pe-29-iulie\/mediaPool\/us2m6oB.jpg\" class=\"img-responsive img-180\" alt><\/a><\/div>\n<h2><a class=\"link-titlu\" href=\"https:\/\/ziaruldevrancea.ro\/special\/educatie\/titularizare-2026-in-vrancea-au-fost-publicate-primele-rezultate.-candidatii-pot-depune-contestatii-pana-pe-29-iulie\">Titularizare 2026 \u00een Vrancea: au fost publicate primele rezultate. Candida\u021bii pot depune contesta\u021bii p\u00e2n\u0103 pe 29 iulie<\/a><\/h2>\n<div class=\"date-post\"><a href=\"https:\/\/ziaruldevrancea.ro\/autor\/maria-bratu\">Maria BRATU<\/a>, 29 iul 2026  <\/div>\n<\/div>\n<\/div>\n<\/div>\n<div class=\"col-lg-6 bloc-egal\">\n<div class=\"card articol-listing\">\n<h6>De acela\u0219i <a href=\"https:\/\/ziaruldevrancea.ro\/autor\/maria-bratu\/\">autor<\/a><\/h6>\n<div class=\"grup-articol-listing\">\n<div class=\"cont-pils\"><a href=\"https:\/\/ziaruldevrancea.ro\/promo\/evenimente-speciale\/video--foto-elevii-vranceni-premiati-de-consiliului-judetean-pentru-performanta-obtinuta-la-infoeducatie-2026\"><img decoding=\"async\" src=\"https:\/\/zdvi.cname.ro\/180_135\/promo\/evenimente-speciale\/video--foto-elevii-vranceni-premiati-de-consiliului-judetean-pentru-performanta-obtinuta-la-infoeducatie-2026\/mediaPool\/u6Sjqgn.jpeg\" class=\"img-responsive img-180\" alt><\/a><\/div>\n<h2><a class=\"link-titlu\" href=\"https:\/\/ziaruldevrancea.ro\/promo\/evenimente-speciale\/video--foto-elevii-vranceni-premiati-de-consiliului-judetean-pentru-performanta-obtinuta-la-infoeducatie-2026\">VIDEO + Foto | Elevii vr\u00e2nceni premia\u021bi de Consiliului Jude\u021bean pentru performan\u021ba ob\u021binut\u0103 la InfoEduca\u021bie 2026<\/a><\/h2>\n<div class=\"date-post\"><a href=\"https:\/\/ziaruldevrancea.ro\/autor\/maria-bratu\">Maria BRATU<\/a>,  1 aug 2026  <\/div>\n<\/div>\n<div class=\"grup-articol-listing\">\n<div class=\"cont-pils\"><a href=\"https:\/\/ziaruldevrancea.ro\/special\/educatie\/foto-infoeducatie-2026-a-inceput-la-focsani\"><img decoding=\"async\" src=\"https:\/\/zdvi.cname.ro\/180_135\/special\/educatie\/foto-infoeducatie-2026-a-inceput-la-focsani\/mediaPool\/u2uQ6E6.jpg\" class=\"img-responsive img-180\" alt><\/a><\/div>\n<h2><a class=\"link-titlu\" href=\"https:\/\/ziaruldevrancea.ro\/special\/educatie\/foto-infoeducatie-2026-a-inceput-la-focsani\">Foto | InfoEduca\u021bie 2026 a \u00eenceput la Foc\u0219ani<\/a><\/h2>\n<div class=\"date-post\"><a href=\"https:\/\/ziaruldevrancea.ro\/autor\/maria-bratu\">Maria BRATU<\/a>, 28 iul 2026  <\/div>\n<\/div>\n<div class=\"grup-articol-listing\">\n<div class=\"cont-pils\"><a href=\"https:\/\/ziaruldevrancea.ro\/special\/educatie\/infoeducatie-2026-incepe-la-focsani.-consiliul-judetean-vrancea-ramane-partener-al-competitiei-nationale\"><img decoding=\"async\" src=\"https:\/\/zdvi.cname.ro\/180_135\/special\/educatie\/infoeducatie-2026-incepe-la-focsani.-consiliul-judetean-vrancea-ramane-partener-al-competitiei-nationale\/mediaPool\/uHLcanJ.jpeg\" class=\"img-responsive img-180\" alt><\/a><\/div>\n<h2><a class=\"link-titlu\" href=\"https:\/\/ziaruldevrancea.ro\/special\/educatie\/infoeducatie-2026-incepe-la-focsani.-consiliul-judetean-vrancea-ramane-partener-al-competitiei-nationale\">InfoEduca\u021bie 2026 \u00eencepe la Foc\u0219ani. Consiliul Jude\u021bean Vrancea r\u0103m\u00e2ne partener al competi\u021biei na\u021bionale<\/a><\/h2>\n<div class=\"date-post\"><a href=\"https:\/\/ziaruldevrancea.ro\/autor\/maria-bratu\">Maria BRATU<\/a>, 28 iul 2026  <\/div>\n<\/div>\n<\/div>\n<\/div>\n<\/div>\n<\/div>\n<div class=\"extra-articol listing-anunturi\">\n<h6>Anun\u021buri <span class=\"text-primary\">ZdV<\/span> Premium<\/h6>\n<div class=\"row\">\n<div class=\"col-lg-4 col-md-6 bloc-egal\"><a class=\"card-anunt\" href=\"https:\/\/ziaruldevrancea.ro\/anunturi\/angajari\/cereri-angajari\/doresc-angajare-anunt-72815\"><strong class=\"titlu\">Cereri<\/strong><span class=\"text-anunt\">Doresc s\u0103 am grij\u0103 de un copil de gradini\u021b\u0103&#8230;<\/span><span class=\"data-anunt\">21.07.2026  <\/span><\/a><\/div>\n<div class=\"col-lg-4 col-md-6 bloc-egal\"><a class=\"card-anunt\" href=\"https:\/\/ziaruldevrancea.ro\/anunturi\/inchirieri\/locuinte-oferte\/primesc-in-gazda-anunt-72816\"><strong class=\"titlu\">Locuin\u021be oferte<\/strong><span class=\"text-anunt\">\u00a0Primesc \u00een gazd\u0103 la cas\u0103.<\/p>\n<p>Tel&#8230;.<\/span><span class=\"data-anunt\">21.07.2026  <\/span><\/a><\/div>\n<div class=\"col-lg-4 col-md-6 bloc-egal\"><a class=\"card-anunt\" href=\"https:\/\/ziaruldevrancea.ro\/anunturi\/inchirieri\/locuinte-oferte\/primesc-in-gazda-anunt-72817\"><strong class=\"titlu\">Locuin\u021be oferte<\/strong><span class=\"text-anunt\">Primesc \u00een gazd\u0103 la bloc o elev\u0103. <\/p>\n<p>Tel&#8230;.<\/span><span class=\"data-anunt\">21.07.2026  <\/span><\/a><\/div>\n<\/div>\n<\/div>\n<div class=\"bloc-widget widget-albastru\">\n    Ziarul de Vrancea \u00a0nu este responsabil juridic pentru con\u0163inutul textelor din comentariile de mai jos. Responsabilitatea pentru mesajele dumneavoastra v\u0103 revine \u00een exclusivitate.\n<\/div>\n<div class=\"comentarii-articol\" id=\"comentarii\">\n<h3>Comentarii: <span class=\"text-primary\">0<\/span><\/h3>\n<p><a href=\"https:\/\/ziaruldevrancea.ro\/special\/educatie\/admiterea-la-liceu-2026-elevii-din-vrancea-isi-pot-afla-repartizarea.-incepe-confirmarea-locurilor-in-licee\" class=\"btn btn-success btn-adauga-com\" data-toggle=\"modal\" data-parent=\"0\" data-target=\"#commentModal\">Adaug\u0103 comentariu<\/a><\/p>\n<div class=\"loadMask comments-mask\"><img decoding=\"async\" src=\"https:\/\/zdvs.cname.ro\/images\/loader_40.gif\"><\/div>\n<div class=\"comenteaza-jos\">Trebuie s\u0103 fii <a href=\"https:\/\/ziaruldevrancea.ro\/account\">autentificat<\/a> pentru a putea <a href=\"https:\/\/ziaruldevrancea.ro\/special\/educatie\/admiterea-la-liceu-2026-elevii-din-vrancea-isi-pot-afla-repartizarea.-incepe-confirmarea-locurilor-in-licee\" class data-toggle=\"modal\" data-parent=\"0\" data-target=\"#commentModal\">posta un comentariu<\/a>.<\/div>\n<\/div>\n<div class=\"modal fade\" id=\"commentModal\" role=\"dialog\" aria-labelledby=\"commentModalLabel\">\n<div class=\"modal-dialog modal-lg\" role=\"document\">\n<div class=\"modal-content\">\n<div class=\"modal-header\">\n<h3 class=\"modal-title\" id=\"commentModalLabel\">Comenteaz\u0103<\/h3>\n<\/div>\n<div class=\"modal-body\">\n<div class=\"tabel tabel-full\">\n<div class=\"celula\">\n              Trebuie s\u0103 fii <a href=\"https:\/\/ziaruldevrancea.ro\/account\">autentificat<\/a> pentru a putea posta un comentariu.\n            <\/div>\n<\/div>\n<\/div>\n<div class=\"modal-footer\">\n<div id=\"commentPending\" class=\"formPending pull-left\"><img decoding=\"async\" src=\"https:\/\/zdvs.cname.ro\/images\/loader_40.gif\"> In curs de procesare&#8230;<\/div>\n<p><a href=\"https:\/\/ziaruldevrancea.ro\/special\/educatie\/admiterea-la-liceu-2026-elevii-din-vrancea-isi-pot-afla-repartizarea.-incepe-confirmarea-locurilor-in-licee\" class=\"btn btn-default\" data-dismiss=\"modal\">Anuleaz\u0103<\/a><\/div>\n<\/div>\n<\/div>\n<\/div>\n<div class=\"modal fade\" id=\"commentReportModal\" role=\"dialog\" aria-labelledby=\"commentReportModalLabel\">\n<div class=\"modal-dialog modal-lg\" role=\"document\">\n<div class=\"modal-content\">\n<div class=\"modal-header\">\n<h3 class=\"modal-title\" id=\"commentReportModalLabel\">Raporteaza comentariu<\/h3>\n<\/div>\n<div class=\"modal-body\">\n<div class=\"tabel tabel-full\">\n<div class=\"celula\">\n              Trebuie s\u0103 fii <a href=\"https:\/\/ziaruldevrancea.ro\/account\">autentificat<\/a> pentru a putea raporta un comentariu.\n            <\/div>\n<\/div>\n<\/div>\n<div class=\"modal-footer\">\n<div id=\"commentReportPending\" class=\"formPending pull-left\"><img decoding=\"async\" src=\"https:\/\/zdvs.cname.ro\/images\/loader_40.gif\"> In curs de procesare&#8230;<\/div>\n<p><a href=\"https:\/\/ziaruldevrancea.ro\/special\/educatie\/admiterea-la-liceu-2026-elevii-din-vrancea-isi-pot-afla-repartizarea.-incepe-confirmarea-locurilor-in-licee\" class=\"btn btn-default\" data-dismiss=\"modal\">Anuleaz\u0103<\/a><\/div>\n<\/div>\n<\/div>\n<\/div>\n<div class=\"modal fade\" id=\"commentLikeModal\" role=\"dialog\" aria-labelledby=\"commentLikeModalLabel\">\n<div class=\"modal-dialog modal-lg\" role=\"document\">\n<div class=\"modal-content\">\n<div class=\"modal-header\">\n<h3 class=\"modal-title\" id=\"commentReportModalLabel\">Apreciaza comentariu<\/h3>\n<\/div>\n<div class=\"modal-body\">\n<div class=\"tabel tabel-full\">\n<div class=\"celula\">\n            Trebuie s\u0103 fii <a href=\"https:\/\/ziaruldevrancea.ro\/account\">autentificat<\/a> pentru a putea aprecia un comentariu.\n          <\/div>\n<\/div>\n<\/div>\n<div class=\"modal-footer\"><a href=\"https:\/\/ziaruldevrancea.ro\/special\/educatie\/admiterea-la-liceu-2026-elevii-din-vrancea-isi-pot-afla-repartizarea.-incepe-confirmarea-locurilor-in-licee\" class=\"btn btn-default\" data-dismiss=\"modal\">Anuleaz\u0103<\/a><\/div>\n<\/div>\n<\/div>\n<\/div>\n<div class=\"bloc-widget widget-rosu\"><span><small>Ziarul de Vrancea doreste ca acest site sa fie un spatiu al discutiilor civilizate, al comentariilor de bun simt. Din acest motiv, cei care posteaza comentarii la articole trebuie sa respecte urmatoarele reguli:<br \/>\n1. Sa se refere doar la articolul la care posteaza comentarii.<br \/>\n2. Sa foloseasca un limbaj civilizat, fara injurii, calomnii, comentarii antisemite, xenofobe sau rasiste.<br \/>\n3. Sunt interzise atacurile la adresa autorilor, daca acestea nu au legatura cu textul.<br \/>\n4. Username-ul sa nu fie nume de personalitati ale vietii publice sau parodieri ale acestora.<br \/>\nAutorul unui articol poate fi criticat pentru eventuale greseli, incoerenta, lipsa de documentare etc.<br \/>\nNerespectarea regulilor mentionate mai sus va duce la stergerea comentariilor, fara avertisment si fara explicatii.<br \/>\nAbaterile repetate vor avea drept consecinta interdictia accesului la aceasta facilitate a site-ului.<\/small><\/span><\/div>\n<\/div>\n<p>[analyse_source url=&#8221;https:\/\/ziaruldevrancea.ro\/special\/educatie\/admiterea-la-liceu-2026-elevii-din-vrancea-isi-pot-afla-repartizarea.-incepe-confirmarea-locurilor-in-licee&#8221;]<\/p>\n","protected":false},"excerpt":{"rendered":"<p>[analyse_image type=&#8221;featured&#8221; src=&#8221;https:\/\/zdvi.cname.ro\/_\/admiterea-la-liceu-2026-elevii-din-vrancea-isi-pot-afla-repartizarea.-incepe-confirmarea-locurilor-in-licee\/mediaPool\/ukGiqE7.jpg&#8221;] Educa\u021bie Admiterea la liceu 2026: Elevii din Vrancea \u00ee\u0219i pot afla repartizarea. \u00cencepe confirmarea locurilor \u00een licee Distribuie: \u00a0 | Maria BRATU 23 iul 20261010 vizualiz\u0103ri Foto:arhiva ZdV.Credit foto:ziarulprofit.ro Rezultatele repartiz\u0103rii computerizate \u00een clasa a IX-a au fost publicate. Absolven\u021bii de gimnaziu din Vrancea trebuie s\u0103 \u00ee\u0219i depun\u0103 dosarele \u00eentre 23 \u0219i [&hellip;]<\/p>\n","protected":false},"author":1,"featured_media":0,"comment_status":"open","ping_status":"","sticky":false,"template":"","format":"standard","meta":{"footnotes":""},"categories":[89],"tags":[226,208],"class_list":["post-2072949","post","type-post","status-publish","format-standard","hentry","category-romania","tag-crawlmanager","tag-ziaruldevrancea-ro"],"_links":{"self":[{"href":"https:\/\/analyse.optim.biz\/index.php?rest_route=\/wp\/v2\/posts\/2072949","targetHints":{"allow":["GET"]}}],"collection":[{"href":"https:\/\/analyse.optim.biz\/index.php?rest_route=\/wp\/v2\/posts"}],"about":[{"href":"https:\/\/analyse.optim.biz\/index.php?rest_route=\/wp\/v2\/types\/post"}],"author":[{"embeddable":true,"href":"https:\/\/analyse.optim.biz\/index.php?rest_route=\/wp\/v2\/users\/1"}],"replies":[{"embeddable":true,"href":"https:\/\/analyse.optim.biz\/index.php?rest_route=%2Fwp%2Fv2%2Fcomments&post=2072949"}],"version-history":[{"count":0,"href":"https:\/\/analyse.optim.biz\/index.php?rest_route=\/wp\/v2\/posts\/2072949\/revisions"}],"wp:attachment":[{"href":"https:\/\/analyse.optim.biz\/index.php?rest_route=%2Fwp%2Fv2%2Fmedia&parent=2072949"}],"wp:term":[{"taxonomy":"category","embeddable":true,"href":"https:\/\/analyse.optim.biz\/index.php?rest_route=%2Fwp%2Fv2%2Fcategories&post=2072949"},{"taxonomy":"post_tag","embeddable":true,"href":"https:\/\/analyse.optim.biz\/index.php?rest_route=%2Fwp%2Fv2%2Ftags&post=2072949"}],"curies":[{"name":"wp","href":"https:\/\/api.w.org\/{rel}","templated":true}]}}