{"id":2072946,"date":"2026-07-23T00:00:00","date_gmt":"2026-07-22T21:00:00","guid":{"rendered":"https:\/\/analyse.optim.biz\/?p=2072946"},"modified":"2026-07-23T00:00:00","modified_gmt":"2026-07-22T21:00:00","slug":"doi-olimpici-din-focsani-admisi-fara-concurs-la-umf-carol-davila","status":"publish","type":"post","link":"https:\/\/analyse.optim.biz\/?p=2072946","title":{"rendered":"Doi olimpici din Foc\u0219ani, admi\u0219i f\u0103r\u0103 concurs la UMF \u201eCarol Davila\u201d"},"content":{"rendered":"<p>[analyse_image type=&#8221;featured&#8221; src=&#8221;https:\/\/zdvi.cname.ro\/_\/doi-olimpici-din-focsani-admisi-fara-concurs-la-umf-carol-davila\/mediaPool\/unxFdCU.jpg&#8221;]<\/p>\n<div class=\"main-content detaliu-articol\"><a class=\"titlu-cat-list\" href=\"https:\/\/ziaruldevrancea.ro\/special\/educatie\">Educa\u021bie<\/a><\/p>\n<h1>Doi olimpici din Foc\u0219ani, admi\u0219i f\u0103r\u0103 concurs la UMF \u201eCarol Davila\u201d<\/h1>\n<div class=\"date-articol clearfix\">\n<div class=\"distribuie-articol dropdown\">\n    Distribuie: \u00a0<br \/>\n    <em>|<\/em><\/div>\n<div class=\"autor-articol\"><a href=\"https:\/\/ziaruldevrancea.ro\/autor\/maria-bratu\/\"><img decoding=\"async\" class=\"img-circle\" src=\"https:\/\/zdvi.cname.ro\/50_50\/articleAuthor\/maria-bratu\/articleAuthor\/urTSNay.PNG\" alt><\/a><\/p>\n<h5><a href=\"https:\/\/ziaruldevrancea.ro\/autor\/maria-bratu\/\">Maria BRATU<\/a><\/h5>\n<div class=\"grup-spatiere\"><span class=\"cu-spatiere\">23 iul 2026<\/span><span class=\"cu-spatiere\">1873 vizualiz\u0103ri<\/span><\/div>\n<\/div>\n<\/div>\n<div class=\"poza-mare\"><a href class=\"openGallery\"><img decoding=\"async\" class=\"img-responsive\" src=\"https:\/\/zdvi.cname.ro\/850_530\/doi-olimpici-din-focsani-admisi-fara-concurs-la-umf-carol-davila\/article\/mediaPool\/unxFdCU.jpg\" alt><\/a><\/div>\n<p><strong>Performan\u021b\u0103 care reconfirm\u0103 valoarea educa\u021biei din Vrancea.<\/strong><\/p>\n<p><strong>Teodora Rali \u0219i \u0218tefan Alexandru Porumb, absolven\u021bi ai Colegiului Na\u021bional \u201eAl. I. Cuza\u201d din Foc\u0219ani, \u00ee\u0219i continu\u0103 parcursul academic la una dintre cele mai prestigioase universit\u0103\u021bi de medicin\u0103 din Rom\u00e2nia, dup\u0103 rezultate ob\u021binute la olimpiadele na\u021bionale.<\/strong><\/p>\n<hr>\n<p><strong>Doi olimpici din Foc\u0219ani, admi\u0219i f\u0103r\u0103 concurs la UMF \u201eCarol Davila\u201d. Performan\u021b\u0103 care reconfirm\u0103 valoarea educa\u021biei din Vrancea<\/strong><\/p>\n<p>Dou\u0103 dintre cele mai cunoscute nume ale olimpismului \u0219colar vr\u00e2ncean, <strong>Teodora Rali<\/strong> \u0219i <strong>\u0218tefan Alexandru Porumb<\/strong>, absolven\u021bi ai <strong>Colegiului Na\u021bional \u201eAl. I. Cuza\u201d din Foc\u0219ani<\/strong>, au fost admi\u0219i f\u0103r\u0103 concurs la <strong>Universitatea de Medicin\u0103 \u0219i Farmacie \u201eCarol Davila\u201d din Bucure\u0219ti<\/strong>, beneficiind de facilit\u0103\u021bile acordate elevilor cu rezultate deosebite la olimpiadele na\u021bionale.<\/p>\n<p>Informa\u021bia a fost f\u0103cut\u0103 public\u0103 mar\u021bi diminea\u021b\u0103, <strong>21 iulie 2026<\/strong>, \u00eentr-o postare pe pagina de Facebook a primarului municipiului Foc\u0219ani, <strong>Cristi Valentin Mis\u0103il\u0103<\/strong>, care a felicitat cei doi absolven\u021bi \u0219i le-a urat succes \u00een noua etap\u0103 a parcursului lor profesional.<\/p>\n<p>Edilul a subliniat c\u0103 performan\u021bele ob\u021binute de cei doi tineri \u00een timpul liceului reprezint\u0103 o confirmare a nivelului \u00eenalt al educa\u021biei din municipiul Foc\u0219ani \u0219i a transmis, totodat\u0103, un mesaj de \u00eencurajare tuturor absolven\u021bilor foc\u0219\u0103neni care sus\u021bin \u00een aceast\u0103 perioad\u0103 examenele de admitere la facultate.<\/p>\n<p><strong>Un parcurs academic construit prin rezultate constante<\/strong><\/p>\n<p>Admiterea f\u0103r\u0103 concurs la UMF \u201eCarol Davila\u201d nu reprezint\u0103 o performan\u021b\u0103 izolat\u0103, ci este rezultatul unui parcurs construit \u00een ani de munc\u0103 \u0219i particip\u0103ri la competi\u021bii \u0219colare de nivel na\u021bional.<\/p>\n<p><strong>Teodora Rali \u2013 dou\u0103 calific\u0103ri consecutive \u00een lotul l\u0103rgit al Olimpiadei Interna\u021bionale de Biologie<\/strong><\/p>\n<p><strong><img decoding=\"async\" alt src=\"https:\/\/zdvi.cname.ro\/_\/mediaPool-file\/mediaPool\/unYKcm2.jpg\"><\/strong><\/p>\n<p>Cititorii <strong>Ziarului de Vrancea<\/strong> au urm\u0103rit \u00een ultimii ani <strong>evolu\u021bia Teodorei Rali.<\/strong><\/p>\n<p>\u00cen luna mai 2026, publica\u021bia noastr\u0103 relata despre calificarea, pentru al doilea an consecutiv, \u00een lotul l\u0103rgit al <strong>Olimpiadei Interna\u021bionale de Biologie<\/strong>, performan\u021b\u0103 ob\u021binut\u0103 dup\u0103 rezultatele excelente de la etapa na\u021bional\u0103. Eleva a fost preg\u0103tit\u0103 de profesoara <strong>Mariana Hu\u021banu<\/strong>, iar participarea la stagiul na\u021bional de preg\u0103tire de la Cluj a reprezentat un nou pas \u00een dezvoltarea sa academic\u0103.<\/p>\n<p>Cu un an \u00eenainte, \u00een 2025, <strong>Teodora Rali <\/strong>ob\u021binuse <strong>Premiul al II-lea la Olimpiada Na\u021bional\u0103 de Biologie<\/strong>, calific\u00e2ndu-se \u00een lotul extins al Rom\u00e2niei \u0219i confirm\u00e2ndu-\u0219i statutul de una dintre cele mai valoroase eleve din domeniul biologiei la nivel na\u021bional.<\/p>\n<p><strong>\u0218tefan Alexandru Porumb \u2013 performan\u021be constante la chimie \u0219i biologie<\/strong><\/p>\n<p>\u0218i parcursul lui <strong>\u0218tefan Alexandru Porumb<\/strong> este unul remarcabil.<\/p>\n<p>\u00cenc\u0103 din 2022, pe c\u00e2nd era elev \u00een clasa a VIII-a, acesta a ob\u021binut <strong>Premiul al III-lea la Olimpiada Na\u021bional\u0103 de Chimie<\/strong>, remarc\u00e2ndu-se \u0219i prin <strong>cel mai mare punctaj la proba practic\u0103<\/strong>, fiind preg\u0103tit de profesoara <strong>Alina Maiereanu<\/strong>.<\/p>\n<p>\u00cen 2023, Ziarul de Vrancea consemna calificarea sa la etapa na\u021bional\u0103 a Olimpiadei de Chimie, iar \u00een 2025, Colegiul Na\u021bional \u201eAl. I. Cuza\u201d anun\u021ba c\u0103 elevul a ob\u021binut <strong>Men\u021biune la etapa na\u021bional\u0103 a Olimpiadei de Chimie<\/strong>, particip\u00e2nd \u00een acela\u0219i timp \u0219i la <strong>etapa na\u021bional\u0103 a Olimpiadei de Biologie<\/strong>, o performan\u021b\u0103 rar \u00eent\u00e2lnit\u0103, care eviden\u021biaz\u0103 preg\u0103tirea sa interdisciplinar\u0103.<\/p>\n<p><strong>O confirmare pentru \u00eenv\u0103\u021b\u0103m\u00e2ntul din Foc\u0219ani<\/strong><\/p>\n<p>Reu\u0219ita celor doi absolven\u021bi reflect\u0103 rezultatele unei preg\u0103tiri desf\u0103\u0219urate pe parcursul mai multor ani \u0219i completeaz\u0103 seria performan\u021belor ob\u021binute de elevii Colegiului Na\u021bional \u201eAl. I. Cuza\u201d, institu\u021bie care continu\u0103 s\u0103 fie reprezentat\u0103 constant la olimpiadele na\u021bionale \u0219i interna\u021bionale.<\/p>\n<p>Admiterea f\u0103r\u0103 concurs la una dintre cele mai competitive facult\u0103\u021bi de medicin\u0103 din Rom\u00e2nia reprezint\u0103 o recunoa\u0219tere oficial\u0103 a rezultatelor ob\u021binute \u00een competi\u021biile \u0219colare \u0219i un nou exemplu al contribu\u021biei pe care elevii vr\u00e2nceni o au la imaginea educa\u021biei din jude\u021b.<\/p>\n<p>\u00cen acela\u0219i timp, succesul Teodorei Rali \u0219i al lui \u0218tefan Alexandru Porumb eviden\u021biaz\u0103 rolul profesorilor coordonatori, al familiilor \u0219i al comunit\u0103\u021bii \u0219colare \u00een sus\u021binerea performan\u021bei, demonstr\u00e2nd c\u0103 investi\u021bia \u00een educa\u021bie poate produce rezultate care dep\u0103\u0219esc grani\u021bele jude\u021bului \u0219i deschid drumul c\u0103tre institu\u021bii universitare de prestigiu.<\/p>\n<p><strong>Maria Bratu<\/strong><\/p>\n<p><strong>Citi\u021bi \u0219i:<a href=\"https:\/\/www.ziaruldevrancea.ro\/special\/educatie\/eleva-din-focsani-din-nou-in-elita-biologiei-performanta-de-top-pentru-vrancea-la-nivel-national\" target=\"_blank\">Elev\u0103 din Foc\u0219ani, din nou \u00een elita biologiei: performan\u021b\u0103 de top pentru Vrancea la nivel na\u021bional<\/a>;<\/strong><\/p>\n<p><a href=\"https:\/\/www.ziaruldevrancea.ro\/special\/educatie\/performanta-de-exceptie-pentru-vrancea-eleva-teodora-rali-in-lotul-extins-al-olimpiadei-nationale-de-biologie\" target=\"_blank\"><strong>Performan\u021b\u0103 de excep\u021bie pentru Vrancea: Eleva Teodora Rali, \u00een lotul extins al Olimpiadei Na\u021bionale de Biologie<\/strong><\/a>;<\/p>\n<p><strong><a href=\"https:\/\/www.ziaruldevrancea.ro\/special\/educatie\/cine-s-cei-cinci-elevi-vranceni-care-s-au-calificat-la-faza-nationala-a-olimpiadei-de-chimie\" target=\"_blank\">Cine sunt cei cinci elevi din Vrancea care s-au calificat la faza na\u021bional\u0103 a Olimpiadei de Chimie\u00a0<\/a>;<\/strong><\/p>\n<p><a href=\"https:\/\/www.ziaruldevrancea.ro\/special\/educatie\/rezultate-exceptionale-obtinute-de-elevii-vranceni-la-etapa-nationala-a-olimpiadei-de-chimie\" target=\"_blank\"><strong>Rezultate excep\u021bionale ob\u021binute de elevii vr\u00e2nceni la etapa na\u021bional\u0103 a Olimpiadei de Chimie<\/strong><\/a><\/p>\n<hr>\n<div class=\"bloc-widget widget-rosu\">\n<p>\u00cen lipsa unui acord scris din partea Ziarului de Vrancea, pute\u0163i prelua maxim 500 de caractere din acest articol dac\u0103 preciza\u0163i sursa \u015fi insera\u0163i vizibil link-ul articolului:\u00a0<span>#insertcurrentlinkhere<\/span><\/p>\n<\/div>\n<div class=\"extra-articol listing-anunturi\">\n<h6>Anun\u021buri <span class=\"text-primary\">ZdV<\/span> Premium<\/h6>\n<div class=\"row\">\n<div class=\"col-lg-4 col-md-6 bloc-egal\"><a class=\"card-anunt\" href=\"https:\/\/ziaruldevrancea.ro\/anunturi\/imobiliare\/vanzari-terenuri\/vand-teren-in-panciu\"><strong class=\"titlu\">V\u00e2nz\u0103ri terenuri<\/strong><span class=\"text-anunt\">Teren Panciu 1170 mp, cu num\u0103r cas\u0103, ap\u0103&#8230;<\/span><span class=\"data-anunt\">29.07.2026  <\/span><\/a><\/div>\n<div class=\"col-lg-4 col-md-6 bloc-egal\"><a class=\"card-anunt\" href=\"https:\/\/ziaruldevrancea.ro\/anunturi\/altele\/anulare-acte\/vand-scrumbii-afumate-capturi-dunare\"><strong class=\"titlu\">Vanzari diverse<\/strong><span class=\"text-anunt\">Pret : 117 lei \/ kg . \u00a0 Este&#8230;<\/span><span class=\"data-anunt\">29.07.2026 , Gala\u021bi , Gala\u021bi<\/span><\/a><\/div>\n<div class=\"col-lg-4 col-md-6 bloc-egal\"><a class=\"card-anunt\" href=\"https:\/\/ziaruldevrancea.ro\/anunturi\/imobiliare\/vanzari-case\/vand-casa-si-teren-in-panciu-anunt-72818\"><strong class=\"titlu\">V\u00e2nz\u0103ri case<\/strong><span class=\"text-anunt\">V\u00e2nd cas\u0103 cu 2 camere, buc\u0103t\u0103rie, baie,&#8230;<\/span><span class=\"data-anunt\">23.07.2026  <\/span><\/a><\/div>\n<\/div>\n<\/div>\n<div class=\"extra-articol alte-articole\">\n<div class=\"row\">\n<div class=\"col-lg-6 bloc-egal\">\n<div class=\"card articol-listing\">\n<h6>\u00cen categoria <a href=\"https:\/\/ziaruldevrancea.ro\/special\/educatie\">Educa\u021bie<\/a><\/h6>\n<div class=\"grup-articol-listing\">\n<div class=\"cont-pils\"><a href=\"https:\/\/ziaruldevrancea.ro\/special\/educatie\/bacalaureat-2026-in-vrancea-incepe-sesiunea-de-toamna\"><img decoding=\"async\" src=\"https:\/\/zdvi.cname.ro\/180_135\/special\/educatie\/bacalaureat-2026-in-vrancea-incepe-sesiunea-de-toamna\/mediaPool\/uRriXdW.jpg\" class=\"img-responsive img-180\" alt><\/a><\/div>\n<h2><a class=\"link-titlu\" href=\"https:\/\/ziaruldevrancea.ro\/special\/educatie\/bacalaureat-2026-in-vrancea-incepe-sesiunea-de-toamna\">Bacalaureat 2026 \u00een Vrancea: \u00eencepe sesiunea de toamn\u0103<\/a><\/h2>\n<div class=\"date-post\"><a href=\"https:\/\/ziaruldevrancea.ro\/autor\/maria-bratu\">Maria BRATU<\/a>,  1 aug 2026  <\/div>\n<\/div>\n<div class=\"grup-articol-listing\">\n<div class=\"cont-pils\"><a href=\"https:\/\/ziaruldevrancea.ro\/special\/educatie\/infoeducatie-2026-s-a-incheiat-la-focsani.-elevii-din-vrancea-printre-laureatii-olimpiadei-nationale-de-inovare-si-creatie-digitala\"><img decoding=\"async\" src=\"https:\/\/zdvi.cname.ro\/180_135\/special\/educatie\/infoeducatie-2026-s-a-incheiat-la-focsani.-elevii-din-vrancea-printre-laureatii-olimpiadei-nationale-de-inovare-si-creatie-digitala\/mediaPool\/uqSpE5C.jpg\" class=\"img-responsive img-180\" alt><\/a><\/div>\n<h2><a class=\"link-titlu\" href=\"https:\/\/ziaruldevrancea.ro\/special\/educatie\/infoeducatie-2026-s-a-incheiat-la-focsani.-elevii-din-vrancea-printre-laureatii-olimpiadei-nationale-de-inovare-si-creatie-digitala\">InfoEduca\u021bie 2026 s-a \u00eencheiat la Foc\u0219ani. Elevii din Vrancea, printre laurea\u021bii Olimpiadei Na\u021bionale de Inovare \u0219i Crea\u021bie Digital\u0103<\/a><\/h2>\n<div class=\"date-post\"><a href=\"https:\/\/ziaruldevrancea.ro\/autor\/maria-bratu\">Maria BRATU<\/a>,  1 aug 2026  <\/div>\n<\/div>\n<div class=\"grup-articol-listing\">\n<div class=\"cont-pils\"><a href=\"https:\/\/ziaruldevrancea.ro\/special\/educatie\/titularizare-2026-in-vrancea-au-fost-publicate-primele-rezultate.-candidatii-pot-depune-contestatii-pana-pe-29-iulie\"><img decoding=\"async\" src=\"https:\/\/zdvi.cname.ro\/180_135\/special\/educatie\/titularizare-2026-in-vrancea-au-fost-publicate-primele-rezultate.-candidatii-pot-depune-contestatii-pana-pe-29-iulie\/mediaPool\/us2m6oB.jpg\" class=\"img-responsive img-180\" alt><\/a><\/div>\n<h2><a class=\"link-titlu\" href=\"https:\/\/ziaruldevrancea.ro\/special\/educatie\/titularizare-2026-in-vrancea-au-fost-publicate-primele-rezultate.-candidatii-pot-depune-contestatii-pana-pe-29-iulie\">Titularizare 2026 \u00een Vrancea: au fost publicate primele rezultate. Candida\u021bii pot depune contesta\u021bii p\u00e2n\u0103 pe 29 iulie<\/a><\/h2>\n<div class=\"date-post\"><a href=\"https:\/\/ziaruldevrancea.ro\/autor\/maria-bratu\">Maria BRATU<\/a>, 29 iul 2026  <\/div>\n<\/div>\n<\/div>\n<\/div>\n<div class=\"col-lg-6 bloc-egal\">\n<div class=\"card articol-listing\">\n<h6>De acela\u0219i <a href=\"https:\/\/ziaruldevrancea.ro\/autor\/maria-bratu\/\">autor<\/a><\/h6>\n<div class=\"grup-articol-listing\">\n<div class=\"cont-pils\"><a href=\"https:\/\/ziaruldevrancea.ro\/promo\/evenimente-speciale\/video--foto-elevii-vranceni-premiati-de-consiliului-judetean-pentru-performanta-obtinuta-la-infoeducatie-2026\"><img decoding=\"async\" src=\"https:\/\/zdvi.cname.ro\/180_135\/promo\/evenimente-speciale\/video--foto-elevii-vranceni-premiati-de-consiliului-judetean-pentru-performanta-obtinuta-la-infoeducatie-2026\/mediaPool\/u6Sjqgn.jpeg\" class=\"img-responsive img-180\" alt><\/a><\/div>\n<h2><a class=\"link-titlu\" href=\"https:\/\/ziaruldevrancea.ro\/promo\/evenimente-speciale\/video--foto-elevii-vranceni-premiati-de-consiliului-judetean-pentru-performanta-obtinuta-la-infoeducatie-2026\">VIDEO + Foto | Elevii vr\u00e2nceni premia\u021bi de Consiliului Jude\u021bean pentru performan\u021ba ob\u021binut\u0103 la InfoEduca\u021bie 2026<\/a><\/h2>\n<div class=\"date-post\"><a href=\"https:\/\/ziaruldevrancea.ro\/autor\/maria-bratu\">Maria BRATU<\/a>,  1 aug 2026  <\/div>\n<\/div>\n<div class=\"grup-articol-listing\">\n<div class=\"cont-pils\"><a href=\"https:\/\/ziaruldevrancea.ro\/special\/educatie\/foto-infoeducatie-2026-a-inceput-la-focsani\"><img decoding=\"async\" src=\"https:\/\/zdvi.cname.ro\/180_135\/special\/educatie\/foto-infoeducatie-2026-a-inceput-la-focsani\/mediaPool\/u2uQ6E6.jpg\" class=\"img-responsive img-180\" alt><\/a><\/div>\n<h2><a class=\"link-titlu\" href=\"https:\/\/ziaruldevrancea.ro\/special\/educatie\/foto-infoeducatie-2026-a-inceput-la-focsani\">Foto | InfoEduca\u021bie 2026 a \u00eenceput la Foc\u0219ani<\/a><\/h2>\n<div class=\"date-post\"><a href=\"https:\/\/ziaruldevrancea.ro\/autor\/maria-bratu\">Maria BRATU<\/a>, 28 iul 2026  <\/div>\n<\/div>\n<div class=\"grup-articol-listing\">\n<div class=\"cont-pils\"><a href=\"https:\/\/ziaruldevrancea.ro\/special\/educatie\/infoeducatie-2026-incepe-la-focsani.-consiliul-judetean-vrancea-ramane-partener-al-competitiei-nationale\"><img decoding=\"async\" src=\"https:\/\/zdvi.cname.ro\/180_135\/special\/educatie\/infoeducatie-2026-incepe-la-focsani.-consiliul-judetean-vrancea-ramane-partener-al-competitiei-nationale\/mediaPool\/uHLcanJ.jpeg\" class=\"img-responsive img-180\" alt><\/a><\/div>\n<h2><a class=\"link-titlu\" href=\"https:\/\/ziaruldevrancea.ro\/special\/educatie\/infoeducatie-2026-incepe-la-focsani.-consiliul-judetean-vrancea-ramane-partener-al-competitiei-nationale\">InfoEduca\u021bie 2026 \u00eencepe la Foc\u0219ani. Consiliul Jude\u021bean Vrancea r\u0103m\u00e2ne partener al competi\u021biei na\u021bionale<\/a><\/h2>\n<div class=\"date-post\"><a href=\"https:\/\/ziaruldevrancea.ro\/autor\/maria-bratu\">Maria BRATU<\/a>, 28 iul 2026  <\/div>\n<\/div>\n<\/div>\n<\/div>\n<\/div>\n<\/div>\n<div class=\"extra-articol listing-anunturi\">\n<h6>Anun\u021buri <span class=\"text-primary\">ZdV<\/span> Premium<\/h6>\n<div class=\"row\">\n<div class=\"col-lg-4 col-md-6 bloc-egal\"><a class=\"card-anunt\" href=\"https:\/\/ziaruldevrancea.ro\/anunturi\/angajari\/cereri-angajari\/doresc-angajare-anunt-72815\"><strong class=\"titlu\">Cereri<\/strong><span class=\"text-anunt\">Doresc s\u0103 am grij\u0103 de un copil de gradini\u021b\u0103&#8230;<\/span><span class=\"data-anunt\">21.07.2026  <\/span><\/a><\/div>\n<div class=\"col-lg-4 col-md-6 bloc-egal\"><a class=\"card-anunt\" href=\"https:\/\/ziaruldevrancea.ro\/anunturi\/inchirieri\/locuinte-oferte\/primesc-in-gazda-anunt-72816\"><strong class=\"titlu\">Locuin\u021be oferte<\/strong><span class=\"text-anunt\">\u00a0Primesc \u00een gazd\u0103 la cas\u0103.<\/p>\n<p>Tel&#8230;.<\/span><span class=\"data-anunt\">21.07.2026  <\/span><\/a><\/div>\n<div class=\"col-lg-4 col-md-6 bloc-egal\"><a class=\"card-anunt\" href=\"https:\/\/ziaruldevrancea.ro\/anunturi\/inchirieri\/locuinte-oferte\/primesc-in-gazda-anunt-72817\"><strong class=\"titlu\">Locuin\u021be oferte<\/strong><span class=\"text-anunt\">Primesc \u00een gazd\u0103 la bloc o elev\u0103. <\/p>\n<p>Tel&#8230;.<\/span><span class=\"data-anunt\">21.07.2026  <\/span><\/a><\/div>\n<\/div>\n<\/div>\n<div class=\"bloc-widget widget-albastru\">\n    Ziarul de Vrancea \u00a0nu este responsabil juridic pentru con\u0163inutul textelor din comentariile de mai jos. Responsabilitatea pentru mesajele dumneavoastra v\u0103 revine \u00een exclusivitate.\n<\/div>\n<div class=\"comentarii-articol\" id=\"comentarii\">\n<h3>Comentarii: <span class=\"text-primary\">0<\/span><\/h3>\n<p><a href=\"https:\/\/ziaruldevrancea.ro\/special\/educatie\/doi-olimpici-din-focsani-admisi-fara-concurs-la-umf-carol-davila\" class=\"btn btn-success btn-adauga-com\" data-toggle=\"modal\" data-parent=\"0\" data-target=\"#commentModal\">Adaug\u0103 comentariu<\/a><\/p>\n<div class=\"loadMask comments-mask\"><img decoding=\"async\" src=\"https:\/\/zdvs.cname.ro\/images\/loader_40.gif\"><\/div>\n<div class=\"comenteaza-jos\">Trebuie s\u0103 fii <a href=\"https:\/\/ziaruldevrancea.ro\/account\">autentificat<\/a> pentru a putea <a href=\"https:\/\/ziaruldevrancea.ro\/special\/educatie\/doi-olimpici-din-focsani-admisi-fara-concurs-la-umf-carol-davila\" class data-toggle=\"modal\" data-parent=\"0\" data-target=\"#commentModal\">posta un comentariu<\/a>.<\/div>\n<\/div>\n<div class=\"modal fade\" id=\"commentModal\" role=\"dialog\" aria-labelledby=\"commentModalLabel\">\n<div class=\"modal-dialog modal-lg\" role=\"document\">\n<div class=\"modal-content\">\n<div class=\"modal-header\">\n<h3 class=\"modal-title\" id=\"commentModalLabel\">Comenteaz\u0103<\/h3>\n<\/div>\n<div class=\"modal-body\">\n<div class=\"tabel tabel-full\">\n<div class=\"celula\">\n              Trebuie s\u0103 fii <a href=\"https:\/\/ziaruldevrancea.ro\/account\">autentificat<\/a> pentru a putea posta un comentariu.\n            <\/div>\n<\/div>\n<\/div>\n<div class=\"modal-footer\">\n<div id=\"commentPending\" class=\"formPending pull-left\"><img decoding=\"async\" src=\"https:\/\/zdvs.cname.ro\/images\/loader_40.gif\"> In curs de procesare&#8230;<\/div>\n<p><a href=\"https:\/\/ziaruldevrancea.ro\/special\/educatie\/doi-olimpici-din-focsani-admisi-fara-concurs-la-umf-carol-davila\" class=\"btn btn-default\" data-dismiss=\"modal\">Anuleaz\u0103<\/a><\/div>\n<\/div>\n<\/div>\n<\/div>\n<div class=\"modal fade\" id=\"commentReportModal\" role=\"dialog\" aria-labelledby=\"commentReportModalLabel\">\n<div class=\"modal-dialog modal-lg\" role=\"document\">\n<div class=\"modal-content\">\n<div class=\"modal-header\">\n<h3 class=\"modal-title\" id=\"commentReportModalLabel\">Raporteaza comentariu<\/h3>\n<\/div>\n<div class=\"modal-body\">\n<div class=\"tabel tabel-full\">\n<div class=\"celula\">\n              Trebuie s\u0103 fii <a href=\"https:\/\/ziaruldevrancea.ro\/account\">autentificat<\/a> pentru a putea raporta un comentariu.\n            <\/div>\n<\/div>\n<\/div>\n<div class=\"modal-footer\">\n<div id=\"commentReportPending\" class=\"formPending pull-left\"><img decoding=\"async\" src=\"https:\/\/zdvs.cname.ro\/images\/loader_40.gif\"> In curs de procesare&#8230;<\/div>\n<p><a href=\"https:\/\/ziaruldevrancea.ro\/special\/educatie\/doi-olimpici-din-focsani-admisi-fara-concurs-la-umf-carol-davila\" class=\"btn btn-default\" data-dismiss=\"modal\">Anuleaz\u0103<\/a><\/div>\n<\/div>\n<\/div>\n<\/div>\n<div class=\"modal fade\" id=\"commentLikeModal\" role=\"dialog\" aria-labelledby=\"commentLikeModalLabel\">\n<div class=\"modal-dialog modal-lg\" role=\"document\">\n<div class=\"modal-content\">\n<div class=\"modal-header\">\n<h3 class=\"modal-title\" id=\"commentReportModalLabel\">Apreciaza comentariu<\/h3>\n<\/div>\n<div class=\"modal-body\">\n<div class=\"tabel tabel-full\">\n<div class=\"celula\">\n            Trebuie s\u0103 fii <a href=\"https:\/\/ziaruldevrancea.ro\/account\">autentificat<\/a> pentru a putea aprecia un comentariu.\n          <\/div>\n<\/div>\n<\/div>\n<div class=\"modal-footer\"><a href=\"https:\/\/ziaruldevrancea.ro\/special\/educatie\/doi-olimpici-din-focsani-admisi-fara-concurs-la-umf-carol-davila\" class=\"btn btn-default\" data-dismiss=\"modal\">Anuleaz\u0103<\/a><\/div>\n<\/div>\n<\/div>\n<\/div>\n<div class=\"bloc-widget widget-rosu\"><span><small>Ziarul de Vrancea doreste ca acest site sa fie un spatiu al discutiilor civilizate, al comentariilor de bun simt. Din acest motiv, cei care posteaza comentarii la articole trebuie sa respecte urmatoarele reguli:<br \/>\n1. Sa se refere doar la articolul la care posteaza comentarii.<br \/>\n2. Sa foloseasca un limbaj civilizat, fara injurii, calomnii, comentarii antisemite, xenofobe sau rasiste.<br \/>\n3. Sunt interzise atacurile la adresa autorilor, daca acestea nu au legatura cu textul.<br \/>\n4. Username-ul sa nu fie nume de personalitati ale vietii publice sau parodieri ale acestora.<br \/>\nAutorul unui articol poate fi criticat pentru eventuale greseli, incoerenta, lipsa de documentare etc.<br \/>\nNerespectarea regulilor mentionate mai sus va duce la stergerea comentariilor, fara avertisment si fara explicatii.<br \/>\nAbaterile repetate vor avea drept consecinta interdictia accesului la aceasta facilitate a site-ului.<\/small><\/span><\/div>\n<\/div>\n<p>[analyse_source url=&#8221;https:\/\/ziaruldevrancea.ro\/special\/educatie\/doi-olimpici-din-focsani-admisi-fara-concurs-la-umf-carol-davila&#8221;]<\/p>\n","protected":false},"excerpt":{"rendered":"<p>[analyse_image type=&#8221;featured&#8221; src=&#8221;https:\/\/zdvi.cname.ro\/_\/doi-olimpici-din-focsani-admisi-fara-concurs-la-umf-carol-davila\/mediaPool\/unxFdCU.jpg&#8221;] Educa\u021bie Doi olimpici din Foc\u0219ani, admi\u0219i f\u0103r\u0103 concurs la UMF \u201eCarol Davila\u201d Distribuie: \u00a0 | Maria BRATU 23 iul 20261873 vizualiz\u0103ri Performan\u021b\u0103 care reconfirm\u0103 valoarea educa\u021biei din Vrancea. Teodora Rali \u0219i \u0218tefan Alexandru Porumb, absolven\u021bi ai Colegiului Na\u021bional \u201eAl. I. Cuza\u201d din Foc\u0219ani, \u00ee\u0219i continu\u0103 parcursul academic la una dintre cele mai [&hellip;]<\/p>\n","protected":false},"author":1,"featured_media":0,"comment_status":"open","ping_status":"","sticky":false,"template":"","format":"standard","meta":{"footnotes":""},"categories":[89],"tags":[226,208],"class_list":["post-2072946","post","type-post","status-publish","format-standard","hentry","category-romania","tag-crawlmanager","tag-ziaruldevrancea-ro"],"_links":{"self":[{"href":"https:\/\/analyse.optim.biz\/index.php?rest_route=\/wp\/v2\/posts\/2072946","targetHints":{"allow":["GET"]}}],"collection":[{"href":"https:\/\/analyse.optim.biz\/index.php?rest_route=\/wp\/v2\/posts"}],"about":[{"href":"https:\/\/analyse.optim.biz\/index.php?rest_route=\/wp\/v2\/types\/post"}],"author":[{"embeddable":true,"href":"https:\/\/analyse.optim.biz\/index.php?rest_route=\/wp\/v2\/users\/1"}],"replies":[{"embeddable":true,"href":"https:\/\/analyse.optim.biz\/index.php?rest_route=%2Fwp%2Fv2%2Fcomments&post=2072946"}],"version-history":[{"count":0,"href":"https:\/\/analyse.optim.biz\/index.php?rest_route=\/wp\/v2\/posts\/2072946\/revisions"}],"wp:attachment":[{"href":"https:\/\/analyse.optim.biz\/index.php?rest_route=%2Fwp%2Fv2%2Fmedia&parent=2072946"}],"wp:term":[{"taxonomy":"category","embeddable":true,"href":"https:\/\/analyse.optim.biz\/index.php?rest_route=%2Fwp%2Fv2%2Fcategories&post=2072946"},{"taxonomy":"post_tag","embeddable":true,"href":"https:\/\/analyse.optim.biz\/index.php?rest_route=%2Fwp%2Fv2%2Ftags&post=2072946"}],"curies":[{"name":"wp","href":"https:\/\/api.w.org\/{rel}","templated":true}]}}