{"id":2072943,"date":"2026-07-21T00:00:00","date_gmt":"2026-07-20T21:00:00","guid":{"rendered":"https:\/\/analyse.optim.biz\/?p=2072943"},"modified":"2026-07-21T00:00:00","modified_gmt":"2026-07-20T21:00:00","slug":"schimbari-importante-pentru-elevii-din-vrancea-evaluarea-la-scoala-va-urma-standarde-nationale-din-noul-an-scolar","status":"publish","type":"post","link":"https:\/\/analyse.optim.biz\/?p=2072943","title":{"rendered":"Schimb\u0103ri importante pentru elevii din Vrancea: evaluarea la \u0219coal\u0103 va urma standarde na\u021bionale din noul an \u0219colar"},"content":{"rendered":"<p>[analyse_image type=&#8221;featured&#8221; src=&#8221;https:\/\/zdvi.cname.ro\/_\/schimbari-importante-pentru-elevii-din-vrancea-evaluarea-la-scoala-va-urma-standarde-nationale-din-noul-an-scolar\/mediaPool\/uptzNUb.jpg&#8221;]<\/p>\n<div class=\"main-content detaliu-articol\"><a class=\"titlu-cat-list\" href=\"https:\/\/ziaruldevrancea.ro\/special\/educatie\">Educa\u021bie<\/a><\/p>\n<h1>Schimb\u0103ri importante pentru elevii din Vrancea: evaluarea la \u0219coal\u0103 va urma standarde na\u021bionale din noul an \u0219colar<\/h1>\n<div class=\"date-articol clearfix\">\n<div class=\"distribuie-articol dropdown\">\n    Distribuie: \u00a0<br \/>\n    <em>|<\/em><\/div>\n<div class=\"autor-articol\"><a href=\"https:\/\/ziaruldevrancea.ro\/autor\/ionel-sclavone\/\"><img decoding=\"async\" class=\"img-circle\" src=\"https:\/\/zdvi.cname.ro\/50_50\/articleAuthor\/ionel-sclavone\/articleAuthor\/uE4otUS.jpg\" alt><\/a><\/p>\n<h5><a href=\"https:\/\/ziaruldevrancea.ro\/autor\/ionel-sclavone\/\">Ionel Sclavone<\/a><\/h5>\n<div class=\"grup-spatiere\"><span class=\"cu-spatiere\">21 iul 2026<\/span><span class=\"cu-spatiere\">891 vizualiz\u0103ri<\/span><\/div>\n<\/div>\n<\/div>\n<div class=\"poza-mare\"><a href class=\"openGallery\"><img decoding=\"async\" class=\"img-responsive\" src=\"https:\/\/zdvi.cname.ro\/850_530\/schimbari-importante-pentru-elevii-din-vrancea-evaluarea-la-scoala-va-urma-standarde-nationale-din-noul-an-scolar\/article\/mediaPool\/uptzNUb.jpg\" alt><\/a><\/div>\n<p><strong>Elevii din \u00eenv\u0103\u021b\u0103m\u00e2ntul primar \u0219i gimnazial din Vrancea vor fi evalua\u021bi dup\u0103 criterii unitare la nivel na\u021bional. Noile standarde urm\u0103resc aprecierea competen\u021belor, a progresului \u0219i a aplic\u0103rii cuno\u0219tin\u021belor, f\u0103r\u0103 modificarea sistemului de notare.<\/strong><\/p>\n<p><strong>Elevii vr\u00e2nceni vor fi evalua\u021bi dup\u0103 standarde stabilite la nivel na\u021bional. Ce se urm\u0103re\u0219te prin aceast\u0103 m\u0103sur\u0103<\/strong><\/p>\n<p><strong>Elevii vr\u00e2nceni din \u00eenv\u0103\u021b\u0103m\u00e2ntul primar \u0219i gimnazial vor fi evalua\u021bi dup\u0103 standarde na\u021bionale care vor descrie ceea ce \u0219tiu \u0219i ce pot face pentru a dob\u00e2ndi \u0219i pentru a aplica competen\u021bele specifice. M\u0103sura se va aplica din toamn\u0103, \u00eencep\u00e2nd cu urm\u0103torul an \u0219colar.<\/strong><\/p>\n<p>\u00cencep\u00e2nd cu anul \u0219colar viitor, din toamn\u0103, evaluarea elevilor din ciclurile primar \u0219i gimnazial vor fi evalua\u021bi dup\u0103 noi standarde, stabilite la nivel na\u021bionl. Modificarea este de natur\u0103 s\u0103 ajute profesorii s\u0103 evalueze mai u\u0219or competen\u021bele specifice ale elevilor.<\/p>\n<p>Noile standarde vor fi introduse printr-un proiect de ordin pus \u00een dezbatere de Ministerul Educa\u021biei \u0219i Cercet\u0103rii (MEC) ce are la baz\u0103 prevederile legii 198\/2023 a \u00eenv\u0103\u021b\u0103m\u00e2ntului preuniversitar. Actul normativ prevede stabilirea unor metodologii \u0219i standarde na\u021bionale de evaluare pentru fiecare nivel de \u00eenv\u0103\u021b\u0103m\u00e2nt \u0219i fiecare disciplin\u0103.<\/p>\n<p>\u201eStandardele de evaluare descriu ce \u0219tie \u0219i ce poate face un elev pentru fiecare competen\u021b\u0103 specific\u0103 din programa \u0219colar\u0103, pentru trei niveluri de performan\u021b\u0103 (de baz\u0103, consolidat \u0219i avansat). Ele nu \u00eenlocuiesc competen\u021bele specifice, ci le fac evaluabile \u00een mod clar, unitar \u0219i coerent\u201d, se arat\u0103 \u00een proiectul de ordin.<\/p>\n<p>Acestea \u2013 standardele de evaluare \u2013 sunt definite ca instrumente de lucru pentru justificarea notelor acordate elevilor, \u00een mod obiectiv \u0219i transparent. Implementarea acestor instrumente nu implic\u0103 nici \u00eenlocuirea notelor \u0219i nici schimbarea sistemului de notare \u00een \u00eenv\u0103\u021b\u0103m\u00e2ntul preuniversitar. Ele reprezint\u0103 o component\u0103 de reglare \u0219i de corelare a curriculumului na\u021bional, al\u0103turi de planurile-cadru de \u00eenv\u0103\u021b\u0103m\u00e2nt \u0219i programele \u0219colare.<\/p>\n<p>Asfel, conform legii, curriculumul na\u021bional este ansamblul coerent al elementelor care reglementeaz\u0103 activitatea personalului didactic din \u00eenv\u0103\u021b\u0103m\u00e2ntul preuniversitar \u0219i include planurile-cadru de \u00eenv\u0103\u021b\u0103m\u00e2nt, programele \u0219colare \u0219i standardele na\u021bionale de evaluare.<\/p>\n<p>\u00cen acest context, standardele propuse vor asigura aplicarea curriculumlui, respectiv a procesului de predare \u0219i evaluare unitar, transparent \u0219i comparabil la nivel na\u021bional.<\/p>\n<p>\u201e<strong><em>Modelul propus promoveaz\u0103 trecerea de la evaluarea predominant normativ\u0103 la evaluarea criterial\u0103, centrat\u0103 pe competen\u021be, progres \u0219i feedback\u201c<\/em><\/strong>, conform<strong> ministerului.<\/strong><\/p>\n<p>Concret, proiectul stabile\u0219te un cadru unic al criteriillor de performan\u021b\u0103 ce vor fi urm\u0103rite de profesori \u00een evaluarea elevilor, menit s\u0103 fundamenteze dezvoltarea instrumente standardizate de evaluare \u0219i interpretarea rezultatelor elevilor.<\/p>\n<p>Totodat\u0103 aceste standarde vor fi aplicate \u0219i \u00een procesul de elaborare a viitoarelor examene de evaluare \u00a0na\u021bional\u0103, \u00een scopul dezvolt\u0103rii unei culturi a evalu\u0103rii elevilor centrat\u0103 pe competen\u021be.<\/p>\n<hr>\n<div class=\"bloc-widget widget-rosu\">\n<p>\u00cen lipsa unui acord scris din partea Ziarului de Vrancea, pute\u0163i prelua maxim 500 de caractere din acest articol dac\u0103 preciza\u0163i sursa \u015fi insera\u0163i vizibil link-ul articolului:\u00a0<span>#insertcurrentlinkhere<\/span><\/p>\n<\/div>\n<div class=\"extra-articol listing-anunturi\">\n<h6>Anun\u021buri <span class=\"text-primary\">ZdV<\/span> Premium<\/h6>\n<div class=\"row\">\n<div class=\"col-lg-4 col-md-6 bloc-egal\"><a class=\"card-anunt\" href=\"https:\/\/ziaruldevrancea.ro\/anunturi\/imobiliare\/vanzari-terenuri\/vand-teren-in-panciu\"><strong class=\"titlu\">V\u00e2nz\u0103ri terenuri<\/strong><span class=\"text-anunt\">Teren Panciu 1170 mp, cu num\u0103r cas\u0103, ap\u0103&#8230;<\/span><span class=\"data-anunt\">29.07.2026  <\/span><\/a><\/div>\n<div class=\"col-lg-4 col-md-6 bloc-egal\"><a class=\"card-anunt\" href=\"https:\/\/ziaruldevrancea.ro\/anunturi\/altele\/anulare-acte\/vand-scrumbii-afumate-capturi-dunare\"><strong class=\"titlu\">Vanzari diverse<\/strong><span class=\"text-anunt\">Pret : 117 lei \/ kg . \u00a0 Este&#8230;<\/span><span class=\"data-anunt\">29.07.2026 , Gala\u021bi , Gala\u021bi<\/span><\/a><\/div>\n<div class=\"col-lg-4 col-md-6 bloc-egal\"><a class=\"card-anunt\" href=\"https:\/\/ziaruldevrancea.ro\/anunturi\/imobiliare\/vanzari-case\/vand-casa-si-teren-in-panciu-anunt-72818\"><strong class=\"titlu\">V\u00e2nz\u0103ri case<\/strong><span class=\"text-anunt\">V\u00e2nd cas\u0103 cu 2 camere, buc\u0103t\u0103rie, baie,&#8230;<\/span><span class=\"data-anunt\">23.07.2026  <\/span><\/a><\/div>\n<\/div>\n<\/div>\n<div class=\"extra-articol alte-articole\">\n<div class=\"row\">\n<div class=\"col-lg-6 bloc-egal\">\n<div class=\"card articol-listing\">\n<h6>\u00cen categoria <a href=\"https:\/\/ziaruldevrancea.ro\/special\/educatie\">Educa\u021bie<\/a><\/h6>\n<div class=\"grup-articol-listing\">\n<div class=\"cont-pils\"><a href=\"https:\/\/ziaruldevrancea.ro\/special\/educatie\/bacalaureat-2026-in-vrancea-incepe-sesiunea-de-toamna\"><img decoding=\"async\" src=\"https:\/\/zdvi.cname.ro\/180_135\/special\/educatie\/bacalaureat-2026-in-vrancea-incepe-sesiunea-de-toamna\/mediaPool\/uRriXdW.jpg\" class=\"img-responsive img-180\" alt><\/a><\/div>\n<h2><a class=\"link-titlu\" href=\"https:\/\/ziaruldevrancea.ro\/special\/educatie\/bacalaureat-2026-in-vrancea-incepe-sesiunea-de-toamna\">Bacalaureat 2026 \u00een Vrancea: \u00eencepe sesiunea de toamn\u0103<\/a><\/h2>\n<div class=\"date-post\"><a href=\"https:\/\/ziaruldevrancea.ro\/autor\/maria-bratu\">Maria BRATU<\/a>,  1 aug 2026  <\/div>\n<\/div>\n<div class=\"grup-articol-listing\">\n<div class=\"cont-pils\"><a href=\"https:\/\/ziaruldevrancea.ro\/special\/educatie\/infoeducatie-2026-s-a-incheiat-la-focsani.-elevii-din-vrancea-printre-laureatii-olimpiadei-nationale-de-inovare-si-creatie-digitala\"><img decoding=\"async\" src=\"https:\/\/zdvi.cname.ro\/180_135\/special\/educatie\/infoeducatie-2026-s-a-incheiat-la-focsani.-elevii-din-vrancea-printre-laureatii-olimpiadei-nationale-de-inovare-si-creatie-digitala\/mediaPool\/uqSpE5C.jpg\" class=\"img-responsive img-180\" alt><\/a><\/div>\n<h2><a class=\"link-titlu\" href=\"https:\/\/ziaruldevrancea.ro\/special\/educatie\/infoeducatie-2026-s-a-incheiat-la-focsani.-elevii-din-vrancea-printre-laureatii-olimpiadei-nationale-de-inovare-si-creatie-digitala\">InfoEduca\u021bie 2026 s-a \u00eencheiat la Foc\u0219ani. Elevii din Vrancea, printre laurea\u021bii Olimpiadei Na\u021bionale de Inovare \u0219i Crea\u021bie Digital\u0103<\/a><\/h2>\n<div class=\"date-post\"><a href=\"https:\/\/ziaruldevrancea.ro\/autor\/maria-bratu\">Maria BRATU<\/a>,  1 aug 2026  <\/div>\n<\/div>\n<div class=\"grup-articol-listing\">\n<div class=\"cont-pils\"><a href=\"https:\/\/ziaruldevrancea.ro\/special\/educatie\/titularizare-2026-in-vrancea-au-fost-publicate-primele-rezultate.-candidatii-pot-depune-contestatii-pana-pe-29-iulie\"><img decoding=\"async\" src=\"https:\/\/zdvi.cname.ro\/180_135\/special\/educatie\/titularizare-2026-in-vrancea-au-fost-publicate-primele-rezultate.-candidatii-pot-depune-contestatii-pana-pe-29-iulie\/mediaPool\/us2m6oB.jpg\" class=\"img-responsive img-180\" alt><\/a><\/div>\n<h2><a class=\"link-titlu\" href=\"https:\/\/ziaruldevrancea.ro\/special\/educatie\/titularizare-2026-in-vrancea-au-fost-publicate-primele-rezultate.-candidatii-pot-depune-contestatii-pana-pe-29-iulie\">Titularizare 2026 \u00een Vrancea: au fost publicate primele rezultate. Candida\u021bii pot depune contesta\u021bii p\u00e2n\u0103 pe 29 iulie<\/a><\/h2>\n<div class=\"date-post\"><a href=\"https:\/\/ziaruldevrancea.ro\/autor\/maria-bratu\">Maria BRATU<\/a>, 29 iul 2026  <\/div>\n<\/div>\n<\/div>\n<\/div>\n<div class=\"col-lg-6 bloc-egal\">\n<div class=\"card articol-listing\">\n<h6>De acela\u0219i <a href=\"https:\/\/ziaruldevrancea.ro\/autor\/ionel-sclavone\/\">autor<\/a><\/h6>\n<div class=\"grup-articol-listing\">\n<div class=\"cont-pils\"><a href=\"https:\/\/ziaruldevrancea.ro\/actualitatea\/stiri-locale\/vrancea-soferii-cu-permis-categoria-b-care-fac-transport-contra-cost-trebuie-sa-obtina-un-document-obligatoriu.\"><img decoding=\"async\" src=\"https:\/\/zdvi.cname.ro\/180_135\/actualitatea\/stiri-locale\/vrancea-soferii-cu-permis-categoria-b-care-fac-transport-contra-cost-trebuie-sa-obtina-un-document-obligatoriu.\/mediaPool\/uABp3Hl.jpg\" class=\"img-responsive img-180\" alt><\/a><\/div>\n<h2><a class=\"link-titlu\" href=\"https:\/\/ziaruldevrancea.ro\/actualitatea\/stiri-locale\/vrancea-soferii-cu-permis-categoria-b-care-fac-transport-contra-cost-trebuie-sa-obtina-un-document-obligatoriu.\">Vrancea: \u0218oferii cu permis categoria B care fac transport contra cost trebuie s\u0103 ob\u021bin\u0103 un document obligatoriu<\/a><\/h2>\n<div class=\"date-post\"><a href=\"https:\/\/ziaruldevrancea.ro\/autor\/ionel-sclavone\">Ionel Sclavone<\/a>, 31 iul 2026  <\/div>\n<\/div>\n<div class=\"grup-articol-listing\">\n<div class=\"cont-pils\"><a href=\"https:\/\/ziaruldevrancea.ro\/actualitatea\/stiri-locale\/ajutor-de-la-stat-pentru-fermierii-din-vrancea-afectati-de-seceta-din-2025.-cine-primeste-pana-la-333-de-lei-pe-hectar\"><img decoding=\"async\" src=\"https:\/\/zdvi.cname.ro\/180_135\/actualitatea\/stiri-locale\/ajutor-de-la-stat-pentru-fermierii-din-vrancea-afectati-de-seceta-din-2025.-cine-primeste-pana-la-333-de-lei-pe-hectar\/mediaPool\/uDTACZ7.jpg\" class=\"img-responsive img-180\" alt><\/a><\/div>\n<h2><a class=\"link-titlu\" href=\"https:\/\/ziaruldevrancea.ro\/actualitatea\/stiri-locale\/ajutor-de-la-stat-pentru-fermierii-din-vrancea-afectati-de-seceta-din-2025.-cine-primeste-pana-la-333-de-lei-pe-hectar\">Ajutor de la stat pentru fermierii din Vrancea afecta\u021bi de seceta din 2025. Cine prime\u0219te p\u00e2n\u0103 la 333 de lei pe hectar<\/a><\/h2>\n<div class=\"date-post\"><a href=\"https:\/\/ziaruldevrancea.ro\/autor\/ionel-sclavone\">Ionel Sclavone<\/a>, 30 iul 2026  <\/div>\n<\/div>\n<div class=\"grup-articol-listing\">\n<div class=\"cont-pils\"><a href=\"https:\/\/ziaruldevrancea.ro\/actualitatea\/stiri-locale\/vrancea-cum-poti-trece-mai-usor-examenul-auto-sfaturi-utile-pentru-proba-teoretica-a-permisului-de-conducere\"><img decoding=\"async\" src=\"https:\/\/zdvi.cname.ro\/180_135\/actualitatea\/stiri-locale\/vrancea-cum-poti-trece-mai-usor-examenul-auto-sfaturi-utile-pentru-proba-teoretica-a-permisului-de-conducere\/mediaPool\/u0J5PXW.jpg\" class=\"img-responsive img-180\" alt><\/a><\/div>\n<h2><a class=\"link-titlu\" href=\"https:\/\/ziaruldevrancea.ro\/actualitatea\/stiri-locale\/vrancea-cum-poti-trece-mai-usor-examenul-auto-sfaturi-utile-pentru-proba-teoretica-a-permisului-de-conducere\">Vrancea | Cum po\u021bi trece mai u\u0219or examenul auto: sfaturi utile pentru proba teoretic\u0103 a permisului de conducere<\/a><\/h2>\n<div class=\"date-post\"><a href=\"https:\/\/ziaruldevrancea.ro\/autor\/ionel-sclavone\">Ionel Sclavone<\/a>, 29 iul 2026  <\/div>\n<\/div>\n<\/div>\n<\/div>\n<\/div>\n<\/div>\n<div class=\"extra-articol listing-anunturi\">\n<h6>Anun\u021buri <span class=\"text-primary\">ZdV<\/span> Premium<\/h6>\n<div class=\"row\">\n<div class=\"col-lg-4 col-md-6 bloc-egal\"><a class=\"card-anunt\" href=\"https:\/\/ziaruldevrancea.ro\/anunturi\/angajari\/cereri-angajari\/doresc-angajare-anunt-72815\"><strong class=\"titlu\">Cereri<\/strong><span class=\"text-anunt\">Doresc s\u0103 am grij\u0103 de un copil de gradini\u021b\u0103&#8230;<\/span><span class=\"data-anunt\">21.07.2026  <\/span><\/a><\/div>\n<div class=\"col-lg-4 col-md-6 bloc-egal\"><a class=\"card-anunt\" href=\"https:\/\/ziaruldevrancea.ro\/anunturi\/inchirieri\/locuinte-oferte\/primesc-in-gazda-anunt-72816\"><strong class=\"titlu\">Locuin\u021be oferte<\/strong><span class=\"text-anunt\">\u00a0Primesc \u00een gazd\u0103 la cas\u0103.<\/p>\n<p>Tel&#8230;.<\/span><span class=\"data-anunt\">21.07.2026  <\/span><\/a><\/div>\n<div class=\"col-lg-4 col-md-6 bloc-egal\"><a class=\"card-anunt\" href=\"https:\/\/ziaruldevrancea.ro\/anunturi\/inchirieri\/locuinte-oferte\/primesc-in-gazda-anunt-72817\"><strong class=\"titlu\">Locuin\u021be oferte<\/strong><span class=\"text-anunt\">Primesc \u00een gazd\u0103 la bloc o elev\u0103. <\/p>\n<p>Tel&#8230;.<\/span><span class=\"data-anunt\">21.07.2026  <\/span><\/a><\/div>\n<\/div>\n<\/div>\n<div class=\"bloc-widget widget-albastru\">\n    Ziarul de Vrancea \u00a0nu este responsabil juridic pentru con\u0163inutul textelor din comentariile de mai jos. Responsabilitatea pentru mesajele dumneavoastra v\u0103 revine \u00een exclusivitate.\n<\/div>\n<div class=\"comentarii-articol\" id=\"comentarii\">\n<h3>Comentarii: <span class=\"text-primary\">0<\/span><\/h3>\n<p><a href=\"https:\/\/ziaruldevrancea.ro\/special\/educatie\/schimbari-importante-pentru-elevii-din-vrancea-evaluarea-la-scoala-va-urma-standarde-nationale-din-noul-an-scolar\" class=\"btn btn-success btn-adauga-com\" data-toggle=\"modal\" data-parent=\"0\" data-target=\"#commentModal\">Adaug\u0103 comentariu<\/a><\/p>\n<div class=\"loadMask comments-mask\"><img decoding=\"async\" src=\"https:\/\/zdvs.cname.ro\/images\/loader_40.gif\"><\/div>\n<div class=\"comenteaza-jos\">Trebuie s\u0103 fii <a href=\"https:\/\/ziaruldevrancea.ro\/account\">autentificat<\/a> pentru a putea <a href=\"https:\/\/ziaruldevrancea.ro\/special\/educatie\/schimbari-importante-pentru-elevii-din-vrancea-evaluarea-la-scoala-va-urma-standarde-nationale-din-noul-an-scolar\" class data-toggle=\"modal\" data-parent=\"0\" data-target=\"#commentModal\">posta un comentariu<\/a>.<\/div>\n<\/div>\n<div class=\"modal fade\" id=\"commentModal\" role=\"dialog\" aria-labelledby=\"commentModalLabel\">\n<div class=\"modal-dialog modal-lg\" role=\"document\">\n<div class=\"modal-content\">\n<div class=\"modal-header\">\n<h3 class=\"modal-title\" id=\"commentModalLabel\">Comenteaz\u0103<\/h3>\n<\/div>\n<div class=\"modal-body\">\n<div class=\"tabel tabel-full\">\n<div class=\"celula\">\n              Trebuie s\u0103 fii <a href=\"https:\/\/ziaruldevrancea.ro\/account\">autentificat<\/a> pentru a putea posta un comentariu.\n            <\/div>\n<\/div>\n<\/div>\n<div class=\"modal-footer\">\n<div id=\"commentPending\" class=\"formPending pull-left\"><img decoding=\"async\" src=\"https:\/\/zdvs.cname.ro\/images\/loader_40.gif\"> In curs de procesare&#8230;<\/div>\n<p><a href=\"https:\/\/ziaruldevrancea.ro\/special\/educatie\/schimbari-importante-pentru-elevii-din-vrancea-evaluarea-la-scoala-va-urma-standarde-nationale-din-noul-an-scolar\" class=\"btn btn-default\" data-dismiss=\"modal\">Anuleaz\u0103<\/a><\/div>\n<\/div>\n<\/div>\n<\/div>\n<div class=\"modal fade\" id=\"commentReportModal\" role=\"dialog\" aria-labelledby=\"commentReportModalLabel\">\n<div class=\"modal-dialog modal-lg\" role=\"document\">\n<div class=\"modal-content\">\n<div class=\"modal-header\">\n<h3 class=\"modal-title\" id=\"commentReportModalLabel\">Raporteaza comentariu<\/h3>\n<\/div>\n<div class=\"modal-body\">\n<div class=\"tabel tabel-full\">\n<div class=\"celula\">\n              Trebuie s\u0103 fii <a href=\"https:\/\/ziaruldevrancea.ro\/account\">autentificat<\/a> pentru a putea raporta un comentariu.\n            <\/div>\n<\/div>\n<\/div>\n<div class=\"modal-footer\">\n<div id=\"commentReportPending\" class=\"formPending pull-left\"><img decoding=\"async\" src=\"https:\/\/zdvs.cname.ro\/images\/loader_40.gif\"> In curs de procesare&#8230;<\/div>\n<p><a href=\"https:\/\/ziaruldevrancea.ro\/special\/educatie\/schimbari-importante-pentru-elevii-din-vrancea-evaluarea-la-scoala-va-urma-standarde-nationale-din-noul-an-scolar\" class=\"btn btn-default\" data-dismiss=\"modal\">Anuleaz\u0103<\/a><\/div>\n<\/div>\n<\/div>\n<\/div>\n<div class=\"modal fade\" id=\"commentLikeModal\" role=\"dialog\" aria-labelledby=\"commentLikeModalLabel\">\n<div class=\"modal-dialog modal-lg\" role=\"document\">\n<div class=\"modal-content\">\n<div class=\"modal-header\">\n<h3 class=\"modal-title\" id=\"commentReportModalLabel\">Apreciaza comentariu<\/h3>\n<\/div>\n<div class=\"modal-body\">\n<div class=\"tabel tabel-full\">\n<div class=\"celula\">\n            Trebuie s\u0103 fii <a href=\"https:\/\/ziaruldevrancea.ro\/account\">autentificat<\/a> pentru a putea aprecia un comentariu.\n          <\/div>\n<\/div>\n<\/div>\n<div class=\"modal-footer\"><a href=\"https:\/\/ziaruldevrancea.ro\/special\/educatie\/schimbari-importante-pentru-elevii-din-vrancea-evaluarea-la-scoala-va-urma-standarde-nationale-din-noul-an-scolar\" class=\"btn btn-default\" data-dismiss=\"modal\">Anuleaz\u0103<\/a><\/div>\n<\/div>\n<\/div>\n<\/div>\n<div class=\"bloc-widget widget-rosu\"><span><small>Ziarul de Vrancea doreste ca acest site sa fie un spatiu al discutiilor civilizate, al comentariilor de bun simt. Din acest motiv, cei care posteaza comentarii la articole trebuie sa respecte urmatoarele reguli:<br \/>\n1. Sa se refere doar la articolul la care posteaza comentarii.<br \/>\n2. Sa foloseasca un limbaj civilizat, fara injurii, calomnii, comentarii antisemite, xenofobe sau rasiste.<br \/>\n3. Sunt interzise atacurile la adresa autorilor, daca acestea nu au legatura cu textul.<br \/>\n4. Username-ul sa nu fie nume de personalitati ale vietii publice sau parodieri ale acestora.<br \/>\nAutorul unui articol poate fi criticat pentru eventuale greseli, incoerenta, lipsa de documentare etc.<br \/>\nNerespectarea regulilor mentionate mai sus va duce la stergerea comentariilor, fara avertisment si fara explicatii.<br \/>\nAbaterile repetate vor avea drept consecinta interdictia accesului la aceasta facilitate a site-ului.<\/small><\/span><\/div>\n<\/div>\n<p>[analyse_source url=&#8221;https:\/\/ziaruldevrancea.ro\/special\/educatie\/schimbari-importante-pentru-elevii-din-vrancea-evaluarea-la-scoala-va-urma-standarde-nationale-din-noul-an-scolar&#8221;]<\/p>\n","protected":false},"excerpt":{"rendered":"<p>[analyse_image type=&#8221;featured&#8221; src=&#8221;https:\/\/zdvi.cname.ro\/_\/schimbari-importante-pentru-elevii-din-vrancea-evaluarea-la-scoala-va-urma-standarde-nationale-din-noul-an-scolar\/mediaPool\/uptzNUb.jpg&#8221;] Educa\u021bie Schimb\u0103ri importante pentru elevii din Vrancea: evaluarea la \u0219coal\u0103 va urma standarde na\u021bionale din noul an \u0219colar Distribuie: \u00a0 | Ionel Sclavone 21 iul 2026891 vizualiz\u0103ri Elevii din \u00eenv\u0103\u021b\u0103m\u00e2ntul primar \u0219i gimnazial din Vrancea vor fi evalua\u021bi dup\u0103 criterii unitare la nivel na\u021bional. Noile standarde urm\u0103resc aprecierea competen\u021belor, a progresului \u0219i [&hellip;]<\/p>\n","protected":false},"author":1,"featured_media":0,"comment_status":"open","ping_status":"","sticky":false,"template":"","format":"standard","meta":{"footnotes":""},"categories":[89],"tags":[226,208],"class_list":["post-2072943","post","type-post","status-publish","format-standard","hentry","category-romania","tag-crawlmanager","tag-ziaruldevrancea-ro"],"_links":{"self":[{"href":"https:\/\/analyse.optim.biz\/index.php?rest_route=\/wp\/v2\/posts\/2072943","targetHints":{"allow":["GET"]}}],"collection":[{"href":"https:\/\/analyse.optim.biz\/index.php?rest_route=\/wp\/v2\/posts"}],"about":[{"href":"https:\/\/analyse.optim.biz\/index.php?rest_route=\/wp\/v2\/types\/post"}],"author":[{"embeddable":true,"href":"https:\/\/analyse.optim.biz\/index.php?rest_route=\/wp\/v2\/users\/1"}],"replies":[{"embeddable":true,"href":"https:\/\/analyse.optim.biz\/index.php?rest_route=%2Fwp%2Fv2%2Fcomments&post=2072943"}],"version-history":[{"count":0,"href":"https:\/\/analyse.optim.biz\/index.php?rest_route=\/wp\/v2\/posts\/2072943\/revisions"}],"wp:attachment":[{"href":"https:\/\/analyse.optim.biz\/index.php?rest_route=%2Fwp%2Fv2%2Fmedia&parent=2072943"}],"wp:term":[{"taxonomy":"category","embeddable":true,"href":"https:\/\/analyse.optim.biz\/index.php?rest_route=%2Fwp%2Fv2%2Fcategories&post=2072943"},{"taxonomy":"post_tag","embeddable":true,"href":"https:\/\/analyse.optim.biz\/index.php?rest_route=%2Fwp%2Fv2%2Ftags&post=2072943"}],"curies":[{"name":"wp","href":"https:\/\/api.w.org\/{rel}","templated":true}]}}