{"id":2072942,"date":"2026-08-01T00:00:00","date_gmt":"2026-07-31T21:00:00","guid":{"rendered":"https:\/\/analyse.optim.biz\/?p=2072942"},"modified":"2026-08-01T00:00:00","modified_gmt":"2026-07-31T21:00:00","slug":"bacalaureat-2026-in-vrancea-incepe-sesiunea-de-toamna","status":"publish","type":"post","link":"https:\/\/analyse.optim.biz\/?p=2072942","title":{"rendered":"Bacalaureat 2026 \u00een Vrancea: \u00eencepe sesiunea de toamn\u0103"},"content":{"rendered":"<p>[analyse_image type=&#8221;featured&#8221; src=&#8221;https:\/\/zdvi.cname.ro\/_\/bacalaureat-2026-in-vrancea-incepe-sesiunea-de-toamna\/mediaPool\/uRriXdW.jpg&#8221;]<\/p>\n<div class=\"main-content detaliu-articol\"><a class=\"titlu-cat-list\" href=\"https:\/\/ziaruldevrancea.ro\/special\/educatie\">Educa\u021bie<\/a><\/p>\n<h1>Bacalaureat 2026 \u00een Vrancea: \u00eencepe sesiunea de toamn\u0103<\/h1>\n<div class=\"date-articol clearfix\">\n<div class=\"distribuie-articol dropdown\">\n    Distribuie: \u00a0<br \/>\n    <em>|<\/em><\/div>\n<div class=\"autor-articol\"><a href=\"https:\/\/ziaruldevrancea.ro\/autor\/maria-bratu\/\"><img decoding=\"async\" class=\"img-circle\" src=\"https:\/\/zdvi.cname.ro\/50_50\/articleAuthor\/maria-bratu\/articleAuthor\/urTSNay.PNG\" alt><\/a><\/p>\n<h5><a href=\"https:\/\/ziaruldevrancea.ro\/autor\/maria-bratu\/\">Maria BRATU<\/a><\/h5>\n<div class=\"grup-spatiere\"><span class=\"cu-spatiere\"> 1 aug 2026<\/span><span class=\"cu-spatiere\">137 vizualiz\u0103ri<\/span><\/div>\n<\/div>\n<\/div>\n<div class=\"poza-mare\"><a href class=\"openGallery\"><img decoding=\"async\" class=\"img-responsive\" src=\"https:\/\/zdvi.cname.ro\/850_530\/bacalaureat-2026-in-vrancea-incepe-sesiunea-de-toamna\/article\/mediaPool\/uRriXdW.jpg\" alt=\"Foto:arhiva ZdV.Credit foto:alephnews.ro\"><\/a><\/p>\n<div class=\"caption-poza\">Foto:arhiva ZdV.Credit foto:alephnews.ro<\/div>\n<\/div>\n<p><strong>\u00a0Calendarul complet al probelor de competen\u021be, la Colegiul Tehnic \u201eGh. Asachi\u201d Foc\u0219ani.<\/strong><\/p>\n<p><strong>Candida\u021bii din Vrancea sus\u021bin, \u00een perioada 3\u20137 august, probele de evaluare a competen\u021belor lingvistice \u0219i digitale din cadrul celei de-a doua sesiuni a examenului na\u021bional de bacalaureat. Inspectoratul \u0218colar Jude\u021bean Vrancea a publicat calendarul \u0219i principalele informa\u021bii privind desf\u0103\u0219urarea examenului.<\/strong><\/p>\n<hr>\n<p><strong>Bacalaureat 2026 \u00een Vrancea: \u00eencepe sesiunea de toamn\u0103. Calendarul complet al probelor de competen\u021be, la Colegiul Tehnic \u201eGh. Asachi\u201d Foc\u0219ani<\/strong><\/p>\n<p>Sesiunea iulie\u2013august a examenului na\u021bional de bacalaureat 2026 debuteaz\u0103 luni, 3 august, \u00een jude\u021bul Vrancea, cu probele de evaluare a competen\u021belor lingvistice \u0219i digitale. Potrivit unui comunicat transmis de Inspectoratul \u0218colar Jude\u021bean (ISJ) Vrancea, toate probele de competen\u021be vor avea loc la Colegiul Tehnic \u201eGh. Asachi\u201d din Foc\u0219ani.<\/p>\n<p>Evalu\u0103rile se vor desf\u0103\u0219ura \u00een intervalul <strong>3\u20137 august 2026<\/strong>, conform calendarului stabilit la nivel na\u021bional.<\/p>\n<p><strong>Calendarul probelor de competen\u021be<\/strong><\/p>\n<p>Programul anun\u021bat de ISJ Vrancea este urm\u0103torul:<\/p>\n<ul>\n<li><strong>3\u20134 august<\/strong> \u2013 Evaluarea competen\u021belor lingvistice de comunicare oral\u0103 \u00een limba rom\u00e2n\u0103 (Proba A);<\/li>\n<li><strong>4\u20135 august<\/strong> \u2013 Evaluarea competen\u021belor lingvistice de comunicare oral\u0103 \u00een limba matern\u0103 (Proba B);<\/li>\n<li><strong>5\u20136 august<\/strong> \u2013 Evaluarea competen\u021belor lingvistice \u00eentr-o limb\u0103 de circula\u021bie interna\u021bional\u0103 (Proba C);<\/li>\n<li><strong>6\u20137 august<\/strong> \u2013 Evaluarea competen\u021belor digitale (Proba D).<\/li>\n<\/ul>\n<p><strong>Cum sunt evaluate competen\u021bele<\/strong><\/p>\n<p>Inspectoratul \u0218colar Jude\u021bean Vrancea reaminte\u0219te c\u0103, \u00een cazul probelor de competen\u021be, <strong>nu se acord\u0103 note \u0219i nici calificative de tip \u201eadmis\u201d sau \u201erespins\u201d<\/strong>.<\/p>\n<p>Rezultatele sunt exprimate prin stabilirea nivelului de competen\u021b\u0103 al fiec\u0103rui candidat, \u00een conformitate cu grilele na\u021bionale sau europene. Acela\u0219i principiu se aplic\u0103 \u0219i \u00een cazul probei de evaluare a competen\u021belor digitale, unde nivelul este stabilit \u00een raport cu standardele europene recunoscute \u00een domeniu \u0219i cu metodologia examenului.<\/p>\n<p><strong>Probele sunt \u00eenregistrate audio-video<\/strong><\/p>\n<p>ISJ Vrancea precizeaz\u0103 c\u0103 toate probele de evaluare a competen\u021belor sunt monitorizate \u0219i \u00eenregistrate audio-video, m\u0103sur\u0103 aplicat\u0103 pentru asigurarea desf\u0103\u0219ur\u0103rii examenului \u00een condi\u021bii de transparen\u021b\u0103 \u0219i respectare a procedurilor.<\/p>\n<p>La finalul comunicatului, reprezentan\u021bii Inspectoratului \u0218colar Jude\u021bean transmit un mesaj de \u00eencurajare tuturor absolven\u021bilor care particip\u0103 la sesiunea de toamn\u0103 a examenului de bacalaureat.<\/p>\n<p>Comunicatul este semnat de inspectorul \u0219colar general, <strong>prof. dr. Livia-Silvia Marcu<\/strong>, \u0219i de pre\u0219edintele Comisiei Jude\u021bene de Bacalaureat, inspectorul \u0219colar general adjunct <strong>prof. Lauriana Ailincu\u021bei<\/strong>.<\/p>\n<p>Pentru numero\u0219i candida\u021bi din jude\u021bul Vrancea, sesiunea din august reprezint\u0103 o nou\u0103 oportunitate de a ob\u021bine diploma de bacalaureat \u0219i de a continua studiile sau accesul pe pia\u021ba muncii.<\/p>\n<p><strong>Maria Bratu\u00a0<\/strong><\/p>\n<hr>\n<div class=\"bloc-widget widget-rosu\">\n<p>\u00cen lipsa unui acord scris din partea Ziarului de Vrancea, pute\u0163i prelua maxim 500 de caractere din acest articol dac\u0103 preciza\u0163i sursa \u015fi insera\u0163i vizibil link-ul articolului:\u00a0<span>#insertcurrentlinkhere<\/span><\/p>\n<\/div>\n<div class=\"extra-articol listing-anunturi\">\n<h6>Anun\u021buri <span class=\"text-primary\">ZdV<\/span> Premium<\/h6>\n<div class=\"row\">\n<div class=\"col-lg-4 col-md-6 bloc-egal\"><a class=\"card-anunt\" href=\"https:\/\/ziaruldevrancea.ro\/anunturi\/imobiliare\/vanzari-terenuri\/vand-teren-in-panciu\"><strong class=\"titlu\">V\u00e2nz\u0103ri terenuri<\/strong><span class=\"text-anunt\">Teren Panciu 1170 mp, cu num\u0103r cas\u0103, ap\u0103&#8230;<\/span><span class=\"data-anunt\">29.07.2026  <\/span><\/a><\/div>\n<div class=\"col-lg-4 col-md-6 bloc-egal\"><a class=\"card-anunt\" href=\"https:\/\/ziaruldevrancea.ro\/anunturi\/altele\/anulare-acte\/vand-scrumbii-afumate-capturi-dunare\"><strong class=\"titlu\">Vanzari diverse<\/strong><span class=\"text-anunt\">Pret : 117 lei \/ kg . \u00a0 Este&#8230;<\/span><span class=\"data-anunt\">29.07.2026 , Gala\u021bi , Gala\u021bi<\/span><\/a><\/div>\n<div class=\"col-lg-4 col-md-6 bloc-egal\"><a class=\"card-anunt\" href=\"https:\/\/ziaruldevrancea.ro\/anunturi\/imobiliare\/vanzari-case\/vand-casa-si-teren-in-panciu-anunt-72818\"><strong class=\"titlu\">V\u00e2nz\u0103ri case<\/strong><span class=\"text-anunt\">V\u00e2nd cas\u0103 cu 2 camere, buc\u0103t\u0103rie, baie,&#8230;<\/span><span class=\"data-anunt\">23.07.2026  <\/span><\/a><\/div>\n<\/div>\n<\/div>\n<div class=\"extra-articol alte-articole\">\n<div class=\"row\">\n<div class=\"col-lg-6 bloc-egal\">\n<div class=\"card articol-listing\">\n<h6>\u00cen categoria <a href=\"https:\/\/ziaruldevrancea.ro\/special\/educatie\">Educa\u021bie<\/a><\/h6>\n<div class=\"grup-articol-listing\">\n<div class=\"cont-pils\"><a href=\"https:\/\/ziaruldevrancea.ro\/special\/educatie\/infoeducatie-2026-s-a-incheiat-la-focsani.-elevii-din-vrancea-printre-laureatii-olimpiadei-nationale-de-inovare-si-creatie-digitala\"><img decoding=\"async\" src=\"https:\/\/zdvi.cname.ro\/180_135\/special\/educatie\/infoeducatie-2026-s-a-incheiat-la-focsani.-elevii-din-vrancea-printre-laureatii-olimpiadei-nationale-de-inovare-si-creatie-digitala\/mediaPool\/uqSpE5C.jpg\" class=\"img-responsive img-180\" alt><\/a><\/div>\n<h2><a class=\"link-titlu\" href=\"https:\/\/ziaruldevrancea.ro\/special\/educatie\/infoeducatie-2026-s-a-incheiat-la-focsani.-elevii-din-vrancea-printre-laureatii-olimpiadei-nationale-de-inovare-si-creatie-digitala\">InfoEduca\u021bie 2026 s-a \u00eencheiat la Foc\u0219ani. Elevii din Vrancea, printre laurea\u021bii Olimpiadei Na\u021bionale de Inovare \u0219i Crea\u021bie Digital\u0103<\/a><\/h2>\n<div class=\"date-post\"><a href=\"https:\/\/ziaruldevrancea.ro\/autor\/maria-bratu\">Maria BRATU<\/a>,  1 aug 2026  <\/div>\n<\/div>\n<div class=\"grup-articol-listing\">\n<div class=\"cont-pils\"><a href=\"https:\/\/ziaruldevrancea.ro\/special\/educatie\/titularizare-2026-in-vrancea-au-fost-publicate-primele-rezultate.-candidatii-pot-depune-contestatii-pana-pe-29-iulie\"><img decoding=\"async\" src=\"https:\/\/zdvi.cname.ro\/180_135\/special\/educatie\/titularizare-2026-in-vrancea-au-fost-publicate-primele-rezultate.-candidatii-pot-depune-contestatii-pana-pe-29-iulie\/mediaPool\/us2m6oB.jpg\" class=\"img-responsive img-180\" alt><\/a><\/div>\n<h2><a class=\"link-titlu\" href=\"https:\/\/ziaruldevrancea.ro\/special\/educatie\/titularizare-2026-in-vrancea-au-fost-publicate-primele-rezultate.-candidatii-pot-depune-contestatii-pana-pe-29-iulie\">Titularizare 2026 \u00een Vrancea: au fost publicate primele rezultate. Candida\u021bii pot depune contesta\u021bii p\u00e2n\u0103 pe 29 iulie<\/a><\/h2>\n<div class=\"date-post\"><a href=\"https:\/\/ziaruldevrancea.ro\/autor\/maria-bratu\">Maria BRATU<\/a>, 29 iul 2026  <\/div>\n<\/div>\n<div class=\"grup-articol-listing\">\n<div class=\"cont-pils\"><a href=\"https:\/\/ziaruldevrancea.ro\/special\/educatie\/inca-o-echipa-de-elevi-ai-colegiului-national-unirea-din-focsani-pe-podium-la-festivalul-international-boovie-2026\"><img decoding=\"async\" src=\"https:\/\/zdvi.cname.ro\/180_135\/special\/educatie\/inca-o-echipa-de-elevi-ai-colegiului-national-unirea-din-focsani-pe-podium-la-festivalul-international-boovie-2026\/mediaPool\/utlFpD9.jpg\" class=\"img-responsive img-180\" alt><\/a><\/div>\n<h2><a class=\"link-titlu\" href=\"https:\/\/ziaruldevrancea.ro\/special\/educatie\/inca-o-echipa-de-elevi-ai-colegiului-national-unirea-din-focsani-pe-podium-la-festivalul-international-boovie-2026\">\u00cenc\u0103 o echip\u0103 de elevi ai Colegiului Na\u021bional \u201eUnirea\u201d din Foc\u0219ani pe podium la Festivalul Interna\u021bional Boovie 2026<\/a><\/h2>\n<div class=\"date-post\"><a href=\"https:\/\/ziaruldevrancea.ro\/autor\/anca-vasiliu\">Anca Vasiliu<\/a>, 29 iul 2026  <\/div>\n<\/div>\n<\/div>\n<\/div>\n<div class=\"col-lg-6 bloc-egal\">\n<div class=\"card articol-listing\">\n<h6>De acela\u0219i <a href=\"https:\/\/ziaruldevrancea.ro\/autor\/maria-bratu\/\">autor<\/a><\/h6>\n<div class=\"grup-articol-listing\">\n<div class=\"cont-pils\"><a href=\"https:\/\/ziaruldevrancea.ro\/promo\/evenimente-speciale\/video--foto-elevii-vranceni-premiati-de-consiliului-judetean-pentru-performanta-obtinuta-la-infoeducatie-2026\"><img decoding=\"async\" src=\"https:\/\/zdvi.cname.ro\/180_135\/promo\/evenimente-speciale\/video--foto-elevii-vranceni-premiati-de-consiliului-judetean-pentru-performanta-obtinuta-la-infoeducatie-2026\/mediaPool\/u6Sjqgn.jpeg\" class=\"img-responsive img-180\" alt><\/a><\/div>\n<h2><a class=\"link-titlu\" href=\"https:\/\/ziaruldevrancea.ro\/promo\/evenimente-speciale\/video--foto-elevii-vranceni-premiati-de-consiliului-judetean-pentru-performanta-obtinuta-la-infoeducatie-2026\">VIDEO + Foto | Elevii vr\u00e2nceni premia\u021bi de Consiliului Jude\u021bean pentru performan\u021ba ob\u021binut\u0103 la InfoEduca\u021bie 2026<\/a><\/h2>\n<div class=\"date-post\"><a href=\"https:\/\/ziaruldevrancea.ro\/autor\/maria-bratu\">Maria BRATU<\/a>,  1 aug 2026  <\/div>\n<\/div>\n<div class=\"grup-articol-listing\">\n<div class=\"cont-pils\"><a href=\"https:\/\/ziaruldevrancea.ro\/special\/educatie\/foto-infoeducatie-2026-a-inceput-la-focsani\"><img decoding=\"async\" src=\"https:\/\/zdvi.cname.ro\/180_135\/special\/educatie\/foto-infoeducatie-2026-a-inceput-la-focsani\/mediaPool\/u2uQ6E6.jpg\" class=\"img-responsive img-180\" alt><\/a><\/div>\n<h2><a class=\"link-titlu\" href=\"https:\/\/ziaruldevrancea.ro\/special\/educatie\/foto-infoeducatie-2026-a-inceput-la-focsani\">Foto | InfoEduca\u021bie 2026 a \u00eenceput la Foc\u0219ani<\/a><\/h2>\n<div class=\"date-post\"><a href=\"https:\/\/ziaruldevrancea.ro\/autor\/maria-bratu\">Maria BRATU<\/a>, 28 iul 2026  <\/div>\n<\/div>\n<div class=\"grup-articol-listing\">\n<div class=\"cont-pils\"><a href=\"https:\/\/ziaruldevrancea.ro\/special\/educatie\/infoeducatie-2026-incepe-la-focsani.-consiliul-judetean-vrancea-ramane-partener-al-competitiei-nationale\"><img decoding=\"async\" src=\"https:\/\/zdvi.cname.ro\/180_135\/special\/educatie\/infoeducatie-2026-incepe-la-focsani.-consiliul-judetean-vrancea-ramane-partener-al-competitiei-nationale\/mediaPool\/uHLcanJ.jpeg\" class=\"img-responsive img-180\" alt><\/a><\/div>\n<h2><a class=\"link-titlu\" href=\"https:\/\/ziaruldevrancea.ro\/special\/educatie\/infoeducatie-2026-incepe-la-focsani.-consiliul-judetean-vrancea-ramane-partener-al-competitiei-nationale\">InfoEduca\u021bie 2026 \u00eencepe la Foc\u0219ani. Consiliul Jude\u021bean Vrancea r\u0103m\u00e2ne partener al competi\u021biei na\u021bionale<\/a><\/h2>\n<div class=\"date-post\"><a href=\"https:\/\/ziaruldevrancea.ro\/autor\/maria-bratu\">Maria BRATU<\/a>, 28 iul 2026  <\/div>\n<\/div>\n<\/div>\n<\/div>\n<\/div>\n<\/div>\n<div class=\"extra-articol listing-anunturi\">\n<h6>Anun\u021buri <span class=\"text-primary\">ZdV<\/span> Premium<\/h6>\n<div class=\"row\">\n<div class=\"col-lg-4 col-md-6 bloc-egal\"><a class=\"card-anunt\" href=\"https:\/\/ziaruldevrancea.ro\/anunturi\/angajari\/cereri-angajari\/doresc-angajare-anunt-72815\"><strong class=\"titlu\">Cereri<\/strong><span class=\"text-anunt\">Doresc s\u0103 am grij\u0103 de un copil de gradini\u021b\u0103&#8230;<\/span><span class=\"data-anunt\">21.07.2026  <\/span><\/a><\/div>\n<div class=\"col-lg-4 col-md-6 bloc-egal\"><a class=\"card-anunt\" href=\"https:\/\/ziaruldevrancea.ro\/anunturi\/inchirieri\/locuinte-oferte\/primesc-in-gazda-anunt-72816\"><strong class=\"titlu\">Locuin\u021be oferte<\/strong><span class=\"text-anunt\">\u00a0Primesc \u00een gazd\u0103 la cas\u0103.<\/p>\n<p>Tel&#8230;.<\/span><span class=\"data-anunt\">21.07.2026  <\/span><\/a><\/div>\n<div class=\"col-lg-4 col-md-6 bloc-egal\"><a class=\"card-anunt\" href=\"https:\/\/ziaruldevrancea.ro\/anunturi\/inchirieri\/locuinte-oferte\/primesc-in-gazda-anunt-72817\"><strong class=\"titlu\">Locuin\u021be oferte<\/strong><span class=\"text-anunt\">Primesc \u00een gazd\u0103 la bloc o elev\u0103. <\/p>\n<p>Tel&#8230;.<\/span><span class=\"data-anunt\">21.07.2026  <\/span><\/a><\/div>\n<\/div>\n<\/div>\n<div class=\"bloc-widget widget-albastru\">\n    Ziarul de Vrancea \u00a0nu este responsabil juridic pentru con\u0163inutul textelor din comentariile de mai jos. Responsabilitatea pentru mesajele dumneavoastra v\u0103 revine \u00een exclusivitate.\n<\/div>\n<div class=\"comentarii-articol\" id=\"comentarii\">\n<h3>Comentarii: <span class=\"text-primary\">0<\/span><\/h3>\n<p><a href=\"https:\/\/ziaruldevrancea.ro\/special\/educatie\/bacalaureat-2026-in-vrancea-incepe-sesiunea-de-toamna\" class=\"btn btn-success btn-adauga-com\" data-toggle=\"modal\" data-parent=\"0\" data-target=\"#commentModal\">Adaug\u0103 comentariu<\/a><\/p>\n<div class=\"loadMask comments-mask\"><img decoding=\"async\" src=\"https:\/\/zdvs.cname.ro\/images\/loader_40.gif\"><\/div>\n<div class=\"comenteaza-jos\">Trebuie s\u0103 fii <a href=\"https:\/\/ziaruldevrancea.ro\/account\">autentificat<\/a> pentru a putea <a href=\"https:\/\/ziaruldevrancea.ro\/special\/educatie\/bacalaureat-2026-in-vrancea-incepe-sesiunea-de-toamna\" class data-toggle=\"modal\" data-parent=\"0\" data-target=\"#commentModal\">posta un comentariu<\/a>.<\/div>\n<\/div>\n<div class=\"modal fade\" id=\"commentModal\" role=\"dialog\" aria-labelledby=\"commentModalLabel\">\n<div class=\"modal-dialog modal-lg\" role=\"document\">\n<div class=\"modal-content\">\n<div class=\"modal-header\">\n<h3 class=\"modal-title\" id=\"commentModalLabel\">Comenteaz\u0103<\/h3>\n<\/div>\n<div class=\"modal-body\">\n<div class=\"tabel tabel-full\">\n<div class=\"celula\">\n              Trebuie s\u0103 fii <a href=\"https:\/\/ziaruldevrancea.ro\/account\">autentificat<\/a> pentru a putea posta un comentariu.\n            <\/div>\n<\/div>\n<\/div>\n<div class=\"modal-footer\">\n<div id=\"commentPending\" class=\"formPending pull-left\"><img decoding=\"async\" src=\"https:\/\/zdvs.cname.ro\/images\/loader_40.gif\"> In curs de procesare&#8230;<\/div>\n<p><a href=\"https:\/\/ziaruldevrancea.ro\/special\/educatie\/bacalaureat-2026-in-vrancea-incepe-sesiunea-de-toamna\" class=\"btn btn-default\" data-dismiss=\"modal\">Anuleaz\u0103<\/a><\/div>\n<\/div>\n<\/div>\n<\/div>\n<div class=\"modal fade\" id=\"commentReportModal\" role=\"dialog\" aria-labelledby=\"commentReportModalLabel\">\n<div class=\"modal-dialog modal-lg\" role=\"document\">\n<div class=\"modal-content\">\n<div class=\"modal-header\">\n<h3 class=\"modal-title\" id=\"commentReportModalLabel\">Raporteaza comentariu<\/h3>\n<\/div>\n<div class=\"modal-body\">\n<div class=\"tabel tabel-full\">\n<div class=\"celula\">\n              Trebuie s\u0103 fii <a href=\"https:\/\/ziaruldevrancea.ro\/account\">autentificat<\/a> pentru a putea raporta un comentariu.\n            <\/div>\n<\/div>\n<\/div>\n<div class=\"modal-footer\">\n<div id=\"commentReportPending\" class=\"formPending pull-left\"><img decoding=\"async\" src=\"https:\/\/zdvs.cname.ro\/images\/loader_40.gif\"> In curs de procesare&#8230;<\/div>\n<p><a href=\"https:\/\/ziaruldevrancea.ro\/special\/educatie\/bacalaureat-2026-in-vrancea-incepe-sesiunea-de-toamna\" class=\"btn btn-default\" data-dismiss=\"modal\">Anuleaz\u0103<\/a><\/div>\n<\/div>\n<\/div>\n<\/div>\n<div class=\"modal fade\" id=\"commentLikeModal\" role=\"dialog\" aria-labelledby=\"commentLikeModalLabel\">\n<div class=\"modal-dialog modal-lg\" role=\"document\">\n<div class=\"modal-content\">\n<div class=\"modal-header\">\n<h3 class=\"modal-title\" id=\"commentReportModalLabel\">Apreciaza comentariu<\/h3>\n<\/div>\n<div class=\"modal-body\">\n<div class=\"tabel tabel-full\">\n<div class=\"celula\">\n            Trebuie s\u0103 fii <a href=\"https:\/\/ziaruldevrancea.ro\/account\">autentificat<\/a> pentru a putea aprecia un comentariu.\n          <\/div>\n<\/div>\n<\/div>\n<div class=\"modal-footer\"><a href=\"https:\/\/ziaruldevrancea.ro\/special\/educatie\/bacalaureat-2026-in-vrancea-incepe-sesiunea-de-toamna\" class=\"btn btn-default\" data-dismiss=\"modal\">Anuleaz\u0103<\/a><\/div>\n<\/div>\n<\/div>\n<\/div>\n<div class=\"bloc-widget widget-rosu\"><span><small>Ziarul de Vrancea doreste ca acest site sa fie un spatiu al discutiilor civilizate, al comentariilor de bun simt. Din acest motiv, cei care posteaza comentarii la articole trebuie sa respecte urmatoarele reguli:<br \/>\n1. Sa se refere doar la articolul la care posteaza comentarii.<br \/>\n2. Sa foloseasca un limbaj civilizat, fara injurii, calomnii, comentarii antisemite, xenofobe sau rasiste.<br \/>\n3. Sunt interzise atacurile la adresa autorilor, daca acestea nu au legatura cu textul.<br \/>\n4. Username-ul sa nu fie nume de personalitati ale vietii publice sau parodieri ale acestora.<br \/>\nAutorul unui articol poate fi criticat pentru eventuale greseli, incoerenta, lipsa de documentare etc.<br \/>\nNerespectarea regulilor mentionate mai sus va duce la stergerea comentariilor, fara avertisment si fara explicatii.<br \/>\nAbaterile repetate vor avea drept consecinta interdictia accesului la aceasta facilitate a site-ului.<\/small><\/span><\/div>\n<\/div>\n<p>[analyse_source url=&#8221;https:\/\/ziaruldevrancea.ro\/special\/educatie\/bacalaureat-2026-in-vrancea-incepe-sesiunea-de-toamna&#8221;]<\/p>\n","protected":false},"excerpt":{"rendered":"<p>[analyse_image type=&#8221;featured&#8221; src=&#8221;https:\/\/zdvi.cname.ro\/_\/bacalaureat-2026-in-vrancea-incepe-sesiunea-de-toamna\/mediaPool\/uRriXdW.jpg&#8221;] Educa\u021bie Bacalaureat 2026 \u00een Vrancea: \u00eencepe sesiunea de toamn\u0103 Distribuie: \u00a0 | Maria BRATU 1 aug 2026137 vizualiz\u0103ri Foto:arhiva ZdV.Credit foto:alephnews.ro \u00a0Calendarul complet al probelor de competen\u021be, la Colegiul Tehnic \u201eGh. Asachi\u201d Foc\u0219ani. Candida\u021bii din Vrancea sus\u021bin, \u00een perioada 3\u20137 august, probele de evaluare a competen\u021belor lingvistice \u0219i digitale din cadrul celei [&hellip;]<\/p>\n","protected":false},"author":1,"featured_media":0,"comment_status":"open","ping_status":"","sticky":false,"template":"","format":"standard","meta":{"footnotes":""},"categories":[89],"tags":[226,208],"class_list":["post-2072942","post","type-post","status-publish","format-standard","hentry","category-romania","tag-crawlmanager","tag-ziaruldevrancea-ro"],"_links":{"self":[{"href":"https:\/\/analyse.optim.biz\/index.php?rest_route=\/wp\/v2\/posts\/2072942","targetHints":{"allow":["GET"]}}],"collection":[{"href":"https:\/\/analyse.optim.biz\/index.php?rest_route=\/wp\/v2\/posts"}],"about":[{"href":"https:\/\/analyse.optim.biz\/index.php?rest_route=\/wp\/v2\/types\/post"}],"author":[{"embeddable":true,"href":"https:\/\/analyse.optim.biz\/index.php?rest_route=\/wp\/v2\/users\/1"}],"replies":[{"embeddable":true,"href":"https:\/\/analyse.optim.biz\/index.php?rest_route=%2Fwp%2Fv2%2Fcomments&post=2072942"}],"version-history":[{"count":0,"href":"https:\/\/analyse.optim.biz\/index.php?rest_route=\/wp\/v2\/posts\/2072942\/revisions"}],"wp:attachment":[{"href":"https:\/\/analyse.optim.biz\/index.php?rest_route=%2Fwp%2Fv2%2Fmedia&parent=2072942"}],"wp:term":[{"taxonomy":"category","embeddable":true,"href":"https:\/\/analyse.optim.biz\/index.php?rest_route=%2Fwp%2Fv2%2Fcategories&post=2072942"},{"taxonomy":"post_tag","embeddable":true,"href":"https:\/\/analyse.optim.biz\/index.php?rest_route=%2Fwp%2Fv2%2Ftags&post=2072942"}],"curies":[{"name":"wp","href":"https:\/\/api.w.org\/{rel}","templated":true}]}}