{"id":2072894,"date":"2026-08-01T16:23:41","date_gmt":"2026-08-01T13:23:41","guid":{"rendered":"https:\/\/analyse.optim.biz\/?p=2072894"},"modified":"2026-08-01T16:23:41","modified_gmt":"2026-08-01T13:23:41","slug":"tour-de-france-femmes-stage-1-wiebes-wallops-rivals-for-first-yellow-jersey","status":"publish","type":"post","link":"https:\/\/analyse.optim.biz\/?p=2072894","title":{"rendered":"Tour de France Femmes Stage 1: Wiebes Wallops Rivals for First Yellow Jersey"},"content":{"rendered":"<p>[analyse_image type=&#8221;featured&#8221; src=&#8221;https:\/\/velo-cdn.outsideonline.com\/wp-content\/uploads\/2026\/08\/GettyImages-2287881159.jpg&#8221;]<\/p>\n<div class=\"content-wrap fp-contentTarget\">\n<div class=\"article-body\">\n<div class=\"mb-base-loose flex flex-wrap gap-(--spacing-base)\">\n<div class=\"fp-remove flex items-center justify-start gap-(--spacing-base-tight)\"><span class=\"font-utility-2 font-bold text-primary\">Shane Stokes<\/span><\/div>\n<\/div>\n<div class=\"pub-date font-utility-2 text-secondary\">Updated August 1, 2026 11:39AM<\/div>\n<\/div>\n<p>Lorena Wiebes won the opening stage of the Tour de France Femmes avec Zwift on Saturday, further underlining her status as the best sprinter in the sport, but she had to work hard for the maillot jaune.<\/p>\n<p>Weibes came under pressure in the hilly finale to the stage to Lausanne, with an attack inside the final kilometer by 2023 Tour champion Demi Vollering causing hurt. She was able to get back into contention, though, and was unmatched in the finishing sprint.<\/p>\n<p>The SD Worx \u2013 Protime rider raced in ahead of Kim Le Court (AG Insurance \u2013 Soudal) and Demi Vollering (FDJ United \u2013 Suez), with Puck Pieterse (Fenix \u2013 Premier Tech) and Noemi R\u00fcegg (EF Education-Oatly) next home.<\/p>\n<p>The stage was marked by a long range four-woman breakaway, with Amanda Spratt joining them in the finale. However they were recaptured close to the line, with the subsequent climb not tough enough to get rid of the Dutch super sprinter Wiebes.<\/p>\n<div class=\"ad-placeholder-wrapper relative w-full border-t border-b border-border-light col-span-full my-3 md:col-span-10 md:col-start-2\">\n<div class=\"mb-[30px] min-h-[30px] text-center\"><span class=\"font-utility-4 font-medium tracking-[1px] text-neutral-500 uppercase\">ADVERTISEMENT<\/span><\/div>\n<\/div>\n<p>\u201cI almost cannot believe it,\u201d a beaming Wiebes said. \u201cTeam SD Worx Protime worked super hard today. Anna [van der Breggen] came also still to the front with 1km to go, and then Demi [Vollering] attacked. I was like, \u2018I need to follow.\u2019 It is such a long sprint, I am super happy with this.<\/p>\n<p>She is now four seconds clear of Le Court in the overall, with Vollering two seconds further back. GC favorites such as Pieterse, Elisa Longo Borghini (UAE Team l\u2019Imad), Kasia Niewiadoma (Canyon-SRAM), Pauline Ferrand-Pr\u00e9vot (Visma-Lease a Bike), C\u00e9drine Kerbaol (EF Education-Oatly) are all ten seconds behind, having missed out on the time bonuses.<\/p>\n<p>However that\u2019s better than Paula Blasi (UAE Team l\u2019Imad) and Anna van der Breggen (SD Worx-Protime), who both finished eight seconds back and are now 18 seconds behind Wiebes.<\/p>\n<p>The latter won\u2019t win overall but Blasi and Van der Breggen will rue losing time to their general classification rivals.<\/p>\n<h2>Four forge clear early on<\/h2>\n<figure id=\"attachment_995901\" class=\"pom-image-wrap photo-alignnone\"><img decoding=\"async\" alt=\"The break had spectacular views o in Switzerland on the opening day of the Tour de Suisse (Photo: Alex Broadway\/Getty Images)\" loading=\"lazy\" width=\"2400\" height=\"1600\" class=\"alignnone size-full wp-image-995901\" src=\"https:\/\/velo-cdn.outsideonline.com\/wp-content\/uploads\/2026\/08\/GettyImages-2288602814.jpg?width=3840&amp;auto=webp&amp;quality=75&amp;fit=cover\"><figcaption class=\"pom-caption\"><span class=\"article__caption\">The break had spectacular views in Switzerland on the opening day of the Tour de Suisse (Photo: Alex Broadway\/Getty Images)<\/span><\/figcaption><\/figure>\n<p>Stage 1 of the Tour de France Femmes looked likely to end in a sprint but that didn\u2019t discourage Maud Rijnbeek (Volkerwessels) and Idoia Eraso (Laboral Kutxa-Fundaci\u00f3n Euskadi), who leaped clear very soon after the start. They were joined minutes later by Nikola Noskov\u00e1 (Cofidis) and Oc\u00e9ane Mahe (Ma Petite Entreprise).<\/p>\n<div class=\"ad-placeholder-wrapper relative w-full border-t border-b border-border-light col-span-full my-3 md:col-span-10 md:col-start-2\">\n<div class=\"mb-[30px] min-h-[30px] text-center\"><span class=\"font-utility-4 font-medium tracking-[1px] text-neutral-500 uppercase\">ADVERTISEMENT<\/span><\/div>\n<\/div>\n<p>Canadian rider Alison Jackson (St Michel-Preference Home-Auber93) put in a belated, sustained and ultimately unsuccessful attempt to bridge, while the peloton would drop six minutes to the break at one point.<\/p>\n<p>Eraso took the intermediate sprint and Mahe led over the first two of the day\u2019s four categorized climbs.<\/p>\n<p>Amanda Spratt leaped clear of the peloton prior to the day\u2019s final hill, the C\u00f4te de Vulliens. Mah\u00e9 went solo there, while Spratt caught and passed a dropped Mah\u00e9 and then joined up with Rijnbeek. Those two then caught Eraso, with the three chasers sitting 30 seconds behind Noskov\u00e1 with 25km to go.<\/p>\n<p>Soon afterwards one of the big race favorites Marlen Reusser fell on a fast descent, but the Movistar rider was fortunately able to remount and chase back on.<\/p>\n<p>Noskov\u00e1 was mopped up by the chasers with 17km to go, and this group were finally caught 6km from the line.<\/p>\n<p>Kim Le Court was prominent 1.5km from the line, then Celia G\u00e9ry (FDJ United \u2013 Suez) attacked 1.2km out but didn\u2019t get far.<\/p>\n<div class=\"ad-placeholder-wrapper relative w-full border-t border-b border-border-light col-span-full my-3 md:col-span-10 md:col-start-2\">\n<div class=\"mb-[30px] min-h-[30px] text-center\"><span class=\"font-utility-4 font-medium tracking-[1px] text-neutral-500 uppercase\">ADVERTISEMENT<\/span><\/div>\n<\/div>\n<p>Demi Vollering then attacked 800 meters to go, with Le Court latching onto her wheel. Longo Borghini got up to them, as did Wiebes.<\/p>\n<p>Wiebes launched and won easily, taking the yellow jersey, with Le Court second and Vollering third.<\/p>\n<p>\u201cI expected that there were some attacks but at the first attack of Gery I still felt good,\u201d Wiebes said. \u201cThen I was like, \u2018okay, it is 1K to go, I need to hold on. I cannot drop any more.<\/p>\n<p>\u201cI was a bit blocked because EF started on the right side. Then I found my way. I started a bit early, but I was like, \u2018okay, I need to go now.\u2019\u201d<\/p>\n<p>She did, she won, and she now wears Tour de France Femmes yellow for the second time in her career.<\/p>\n\n<\/div>\n<div class=\"article-body\">\n<div class=\"mb-base-loose flex flex-wrap gap-(--spacing-base)\">\n<div class=\"fp-remove flex items-center justify-start gap-(--spacing-base-tight)\"><span class=\"font-utility-2 font-bold text-primary\">Shane Stokes<\/span><\/div>\n<\/div>\n<div class=\"pub-date font-utility-2 text-secondary\">Updated August 1, 2026 11:39AM<\/div>\n<\/div>\n<p>[analyse_source url=&#8221;https:\/\/velo.outsideonline.com\/road\/road-racing\/tour-de-france-femmes\/wiebes-wins-stage-1\/&#8221;]<\/p>\n","protected":false},"excerpt":{"rendered":"<p>[analyse_image type=&#8221;featured&#8221; src=&#8221;https:\/\/velo-cdn.outsideonline.com\/wp-content\/uploads\/2026\/08\/GettyImages-2287881159.jpg&#8221;] Shane Stokes Updated August 1, 2026 11:39AM Lorena Wiebes won the opening stage of the Tour de France Femmes avec Zwift on Saturday, further underlining her status as the best sprinter in the sport, but she had to work hard for the maillot jaune. Weibes came under pressure in the hilly finale [&hellip;]<\/p>\n","protected":false},"author":1,"featured_media":0,"comment_status":"open","ping_status":"","sticky":false,"template":"","format":"standard","meta":{"footnotes":""},"categories":[2],"tags":[226,71],"class_list":["post-2072894","post","type-post","status-publish","format-standard","hentry","category-politics","tag-crawlmanager","tag-velo-outsideonline-com"],"_links":{"self":[{"href":"https:\/\/analyse.optim.biz\/index.php?rest_route=\/wp\/v2\/posts\/2072894","targetHints":{"allow":["GET"]}}],"collection":[{"href":"https:\/\/analyse.optim.biz\/index.php?rest_route=\/wp\/v2\/posts"}],"about":[{"href":"https:\/\/analyse.optim.biz\/index.php?rest_route=\/wp\/v2\/types\/post"}],"author":[{"embeddable":true,"href":"https:\/\/analyse.optim.biz\/index.php?rest_route=\/wp\/v2\/users\/1"}],"replies":[{"embeddable":true,"href":"https:\/\/analyse.optim.biz\/index.php?rest_route=%2Fwp%2Fv2%2Fcomments&post=2072894"}],"version-history":[{"count":0,"href":"https:\/\/analyse.optim.biz\/index.php?rest_route=\/wp\/v2\/posts\/2072894\/revisions"}],"wp:attachment":[{"href":"https:\/\/analyse.optim.biz\/index.php?rest_route=%2Fwp%2Fv2%2Fmedia&parent=2072894"}],"wp:term":[{"taxonomy":"category","embeddable":true,"href":"https:\/\/analyse.optim.biz\/index.php?rest_route=%2Fwp%2Fv2%2Fcategories&post=2072894"},{"taxonomy":"post_tag","embeddable":true,"href":"https:\/\/analyse.optim.biz\/index.php?rest_route=%2Fwp%2Fv2%2Ftags&post=2072894"}],"curies":[{"name":"wp","href":"https:\/\/api.w.org\/{rel}","templated":true}]}}