{"id":2072820,"date":"2026-07-31T16:28:54","date_gmt":"2026-07-31T13:28:54","guid":{"rendered":"https:\/\/analyse.optim.biz\/?p=2072820"},"modified":"2026-07-31T16:28:54","modified_gmt":"2026-07-31T13:28:54","slug":"primarul-nicolae-popescu-despre-proiectul-social-de-la-berislavesti-locuinte-reparate-si-sprijin-pentru-copiii-din-familiile-vulnerabile","status":"publish","type":"post","link":"https:\/\/analyse.optim.biz\/?p=2072820","title":{"rendered":"Primarul Nicolae Popescu, despre proiectul social de la Berisl\u0103ve\u0219ti: locuin\u021be reparate \u0219i sprijin pentru copiii din familiile vulnerabile"},"content":{"rendered":"<p>[analyse_image type=&#8221;featured&#8221; src=&#8221;https:\/\/www.impactreal.ro\/wp-content\/uploads\/2024\/11\/berislavesti-Nicolae-Popescu-02.jpeg&#8221;]<\/p>\n<div class=\"single-news-content\">\n<div class=\"news-image\"><img loading=\"lazy\" decoding=\"async\" width=\"1600\" height=\"1200\" src=\"https:\/\/www.impactreal.ro\/wp-content\/uploads\/2024\/11\/berislavesti-Nicolae-Popescu-02.jpeg\" class=\"img-responsive wp-post-image\" alt=\"Primarul Nicolae Popescu, despre proiectul social de la Berisl\u0103ve\u0219ti: locuin\u021be reparate \u0219i sprijin pentru copiii din familiile vulnerabile\"><\/div>\n<div class=\"news-detail clearfix\">\n<div class=\"entry-meta\"><span class=\"posted-date\"><a href=\"https:\/\/www.impactreal.ro\/2026\/07\/31\/primarul-nicolae-popescu-despre-proiectul-social-de-la-berislavesti-locuinte-reparate-si-sprijin-pentru-copiii-din-familiile-vulnerabile\/\" rel=\"bookmark\"><time class=\"entry-date published\" datetime=\"2026-07-31T19:28:54+03:00\">31 iulie 2026<\/time><time class=\"updated\" datetime=\"2026-08-01T20:07:56+03:00\">1 august 2026<\/time><\/a><\/span><span class=\"author vcard\"><a href=\"https:\/\/www.impactreal.ro\/author\/claudia-schiopu\/\">Claudia Schiopu<\/a><\/span><span class=\"cat-links\"><a href=\"https:\/\/www.impactreal.ro\/category\/administratie\/\" rel=\"category tag\">Administra\u0163ie<\/a><a href=\"https:\/\/www.impactreal.ro\/category\/berislavesti\/\" rel=\"category tag\">Berislavesti<\/a><\/span><\/div>\n<div class=\"news-content editor-content-entry\">\n<p>Prim\u0103ria Berisl\u0103ve\u0219ti preg\u0103te\u0219te un proiect social prin care familiile aflate \u00een pragul s\u0103r\u0103ciei vor primi ajutor \u00een func\u021bie de problemele fiec\u0103rei gospod\u0103rii. Unele locuin\u021be vor fi reparate, altele vor fi racordate la ap\u0103 sau energie electric\u0103, iar copiii vor primi haine, ghiozdane, rechizite \u0219i mobilier pentru studiu.<\/p>\n<p><strong>Ajutor pentru familiile vulnerabile<\/strong><\/p>\n<p>Proiectul se adreseaz\u0103, \u00een prima etap\u0103, unui num\u0103r de 25 de familii cu o situa\u021bie financiar\u0103 foarte grea. Sprijinul va fi stabilit dup\u0103 verificarea fiec\u0103rui caz, deoarece nevoile difer\u0103 de la o gospod\u0103rie la alta.<\/p>\n<p>\u00cen unele locuin\u021be trebuie reparat acoperi\u0219ul, \u00een altele este nevoie de montarea parchetului, deoarece podeaua este \u00eenc\u0103 din p\u0103m\u00e2nt. Familiile care nu au ap\u0103 sau energie electric\u0103 vor fi ajutate s\u0103 \u00ee\u0219i racordeze casele la aceste utilit\u0103\u021bi.<\/p>\n<p>\u201e<strong><em>Noi am accesat un proiect pe partea social\u0103 pentru sprijinirea persoanelor defavorizate. Grupul \u021bint\u0103 este format din familiile vulnerabile, c\u0103rora le putem renova locuin\u021bele. Avem 25 de familii aflate \u00een pragul s\u0103r\u0103ciei \u0219i c\u00e2teva case care trebuie reparate. La o gospod\u0103rie trebuie ref\u0103cut acoperi\u0219ul, la alta trebuie pus parchet, pentru c\u0103 oamenii au p\u0103m\u00e2nt pe jos. Fiecare caz are nevoile sale. Acolo unde nu exist\u0103 ap\u0103 sau curent electric, vom face racord\u0103rile necesare<\/em><\/strong>\u201d, a declarat primarul comunei Berisl\u0103ve\u0219ti, Nicolae Popescu.<\/p>\n<p><strong><u>Sprijin pentru copii<\/u><\/strong><\/p>\n<p>Proiectul prevede \u0219i ajutoare pentru copiii din familiile selectate. \u00cen prima etap\u0103 au fost identifica\u021bi 60 de copii care vor primi haine \u0219i lucrurile necesare pentru \u0219coal\u0103, printre care ghiozdane \u0219i rechizite.<\/p>\n<p>\u00cen locuin\u021bele \u00een care copiii nu au un spa\u021biu potrivit pentru teme va fi cump\u0103rat c\u00e2te un birou. Ajutorul nu va fi acordat dup\u0103 acela\u0219i model \u00een toate cazurile, ci va \u021bine cont de situa\u021bia g\u0103sit\u0103 \u00een fiecare cas\u0103.<\/p>\n<p>\u201e<strong><em>Avem, \u00een prim\u0103 faz\u0103, 60 de copii pe care \u00eei vom ajuta cu h\u0103inu\u021be \u0219i cu tot ce le trebuie pentru \u0219coal\u0103, de la ghiozdane \u0219i rechizite p\u00e2n\u0103 la c\u00e2te un birou \u00een casele unde nu exist\u0103. Vrem ca sprijinul s\u0103 ajung\u0103 acolo unde este cu adev\u0103rat nevoie\u201d<\/em><\/strong>, a explicat Nicolae Popescu.<\/p>\n<p><strong><u>Echip\u0103 nou\u0103 \u00een cadrul proiectului<\/u><\/strong><\/p>\n<p>Pentru aplicarea m\u0103surilor a fost format\u0103 o echip\u0103 din care fac parte un asistent social, un asistent medical comunitar \u0219i un mediator \u0219colar. Salariile speciali\u0219tilor sunt asigurate prin proiect, care se va desf\u0103\u0219ura p\u00e2n\u0103 \u00een anul 2029.<\/p>\n<p>Primarul spune c\u0103 angajarea acestor persoane este important\u0103 pentru administra\u021bia local\u0103, deoarece Prim\u0103ria Berisl\u0103ve\u0219ti nu avea p\u00e2n\u0103 acum un asistent medical comunitar. Echipa va primi \u0219i o ma\u0219in\u0103 a institu\u021biei pentru deplas\u0103rile la domiciliul beneficiarilor \u201e<strong><em>Angaj\u0103rile sunt sus\u021binute din proiect. Pentru noi este un lucru bun, fiindc\u0103 prim\u0103ria nu avea asistent medical comunitar. Echipa va avea la dispozi\u021bie \u0219i o ma\u0219in\u0103 a prim\u0103riei, astfel \u00eenc\u00e2t speciali\u0219tii s\u0103 poat\u0103 ajunge la familiile incluse \u00een proiect\u201d<\/em><\/strong>, a precizat primarul.<\/p>\n<p><strong><u>Fosta \u0219coal\u0103 va fi amenajat\u0103<\/u><\/strong><\/p>\n<p>Angaja\u021bii din cadrul proiectului \u00ee\u0219i vor desf\u0103\u0219ura activitatea \u00een cl\u0103direa fostei \u0219coli din satul Lunca. Spa\u021biul va fi amenajat \u0219i dotat cu mobilier, calculatoare \u0219i echipamentele necesare. \u00a0\u00a0Nicolae Popescu estimeaz\u0103 c\u0103 sediul va fi preg\u0103tit p\u00e2n\u0103 \u00een toamna acestui an. Dup\u0103 \u00eencheierea acestei etape vor \u00eencepe lucr\u0103rile la locuin\u021be \u0219i acordarea ajutoarelor pentru copii \u0219i familii: \u00a0\u201e<strong><em>\u00cen prezent finaliz\u0103m echipa, dup\u0103 care vom amenaja spa\u021biul din cl\u0103direa unde a func\u021bionat \u0219coala din Lunca. Vom cump\u0103ra mobilierul, calculatoarele \u0219i toate dot\u0103rile prev\u0103zute. Eu cred c\u0103 p\u00e2n\u0103 \u00een toamn\u0103 vom avea totul pus la punct, apoi vom \u00eencepe partea de sprijin pentru persoanele greu \u00eencercate<\/em><\/strong>\u201d, a mai spus primarul comunei Berisl\u0103ve\u0219ti.<\/p>\n<p>\u00a0<\/p>\n<\/div>\n<\/div>\n<\/div>\n<div class=\"news-content editor-content-entry\">\n<p>Prim\u0103ria Berisl\u0103ve\u0219ti preg\u0103te\u0219te un proiect social prin care familiile aflate \u00een pragul s\u0103r\u0103ciei vor primi ajutor \u00een func\u021bie de problemele fiec\u0103rei gospod\u0103rii. Unele locuin\u021be vor fi reparate, altele vor fi racordate la ap\u0103 sau energie electric\u0103, iar copiii vor primi haine, ghiozdane, rechizite \u0219i mobilier pentru studiu.<\/p>\n<p><strong>Ajutor pentru familiile vulnerabile<\/strong><\/p>\n<p>Proiectul se adreseaz\u0103, \u00een prima etap\u0103, unui num\u0103r de 25 de familii cu o situa\u021bie financiar\u0103 foarte grea. Sprijinul va fi stabilit dup\u0103 verificarea fiec\u0103rui caz, deoarece nevoile difer\u0103 de la o gospod\u0103rie la alta.<\/p>\n<p>\u00cen unele locuin\u021be trebuie reparat acoperi\u0219ul, \u00een altele este nevoie de montarea parchetului, deoarece podeaua este \u00eenc\u0103 din p\u0103m\u00e2nt. Familiile care nu au ap\u0103 sau energie electric\u0103 vor fi ajutate s\u0103 \u00ee\u0219i racordeze casele la aceste utilit\u0103\u021bi.<\/p>\n<p>\u201e<strong><em>Noi am accesat un proiect pe partea social\u0103 pentru sprijinirea persoanelor defavorizate. Grupul \u021bint\u0103 este format din familiile vulnerabile, c\u0103rora le putem renova locuin\u021bele. Avem 25 de familii aflate \u00een pragul s\u0103r\u0103ciei \u0219i c\u00e2teva case care trebuie reparate. La o gospod\u0103rie trebuie ref\u0103cut acoperi\u0219ul, la alta trebuie pus parchet, pentru c\u0103 oamenii au p\u0103m\u00e2nt pe jos. Fiecare caz are nevoile sale. Acolo unde nu exist\u0103 ap\u0103 sau curent electric, vom face racord\u0103rile necesare<\/em><\/strong>\u201d, a declarat primarul comunei Berisl\u0103ve\u0219ti, Nicolae Popescu.<\/p>\n<p><strong><u>Sprijin pentru copii<\/u><\/strong><\/p>\n<p>Proiectul prevede \u0219i ajutoare pentru copiii din familiile selectate. \u00cen prima etap\u0103 au fost identifica\u021bi 60 de copii care vor primi haine \u0219i lucrurile necesare pentru \u0219coal\u0103, printre care ghiozdane \u0219i rechizite.<\/p>\n<p>\u00cen locuin\u021bele \u00een care copiii nu au un spa\u021biu potrivit pentru teme va fi cump\u0103rat c\u00e2te un birou. Ajutorul nu va fi acordat dup\u0103 acela\u0219i model \u00een toate cazurile, ci va \u021bine cont de situa\u021bia g\u0103sit\u0103 \u00een fiecare cas\u0103.<\/p>\n<p>\u201e<strong><em>Avem, \u00een prim\u0103 faz\u0103, 60 de copii pe care \u00eei vom ajuta cu h\u0103inu\u021be \u0219i cu tot ce le trebuie pentru \u0219coal\u0103, de la ghiozdane \u0219i rechizite p\u00e2n\u0103 la c\u00e2te un birou \u00een casele unde nu exist\u0103. Vrem ca sprijinul s\u0103 ajung\u0103 acolo unde este cu adev\u0103rat nevoie\u201d<\/em><\/strong>, a explicat Nicolae Popescu.<\/p>\n<p><strong><u>Echip\u0103 nou\u0103 \u00een cadrul proiectului<\/u><\/strong><\/p>\n<p>Pentru aplicarea m\u0103surilor a fost format\u0103 o echip\u0103 din care fac parte un asistent social, un asistent medical comunitar \u0219i un mediator \u0219colar. Salariile speciali\u0219tilor sunt asigurate prin proiect, care se va desf\u0103\u0219ura p\u00e2n\u0103 \u00een anul 2029.<\/p>\n<p>Primarul spune c\u0103 angajarea acestor persoane este important\u0103 pentru administra\u021bia local\u0103, deoarece Prim\u0103ria Berisl\u0103ve\u0219ti nu avea p\u00e2n\u0103 acum un asistent medical comunitar. Echipa va primi \u0219i o ma\u0219in\u0103 a institu\u021biei pentru deplas\u0103rile la domiciliul beneficiarilor \u201e<strong><em>Angaj\u0103rile sunt sus\u021binute din proiect. Pentru noi este un lucru bun, fiindc\u0103 prim\u0103ria nu avea asistent medical comunitar. Echipa va avea la dispozi\u021bie \u0219i o ma\u0219in\u0103 a prim\u0103riei, astfel \u00eenc\u00e2t speciali\u0219tii s\u0103 poat\u0103 ajunge la familiile incluse \u00een proiect\u201d<\/em><\/strong>, a precizat primarul.<\/p>\n<p><strong><u>Fosta \u0219coal\u0103 va fi amenajat\u0103<\/u><\/strong><\/p>\n<p>Angaja\u021bii din cadrul proiectului \u00ee\u0219i vor desf\u0103\u0219ura activitatea \u00een cl\u0103direa fostei \u0219coli din satul Lunca. Spa\u021biul va fi amenajat \u0219i dotat cu mobilier, calculatoare \u0219i echipamentele necesare. \u00a0\u00a0Nicolae Popescu estimeaz\u0103 c\u0103 sediul va fi preg\u0103tit p\u00e2n\u0103 \u00een toamna acestui an. Dup\u0103 \u00eencheierea acestei etape vor \u00eencepe lucr\u0103rile la locuin\u021be \u0219i acordarea ajutoarelor pentru copii \u0219i familii: \u00a0\u201e<strong><em>\u00cen prezent finaliz\u0103m echipa, dup\u0103 care vom amenaja spa\u021biul din cl\u0103direa unde a func\u021bionat \u0219coala din Lunca. Vom cump\u0103ra mobilierul, calculatoarele \u0219i toate dot\u0103rile prev\u0103zute. Eu cred c\u0103 p\u00e2n\u0103 \u00een toamn\u0103 vom avea totul pus la punct, apoi vom \u00eencepe partea de sprijin pentru persoanele greu \u00eencercate<\/em><\/strong>\u201d, a mai spus primarul comunei Berisl\u0103ve\u0219ti.<\/p>\n<p>\u00a0<\/p>\n<\/div>\n<div class=\"news-content editor-content-entry\">\n<p>Prim\u0103ria Berisl\u0103ve\u0219ti preg\u0103te\u0219te un proiect social prin care familiile aflate \u00een pragul s\u0103r\u0103ciei vor primi ajutor \u00een func\u021bie de problemele fiec\u0103rei gospod\u0103rii. Unele locuin\u021be vor fi reparate, altele vor fi racordate la ap\u0103 sau energie electric\u0103, iar copiii vor primi haine, ghiozdane, rechizite \u0219i mobilier pentru studiu.<\/p>\n<p><strong>Ajutor pentru familiile vulnerabile<\/strong><\/p>\n<p>Proiectul se adreseaz\u0103, \u00een prima etap\u0103, unui num\u0103r de 25 de familii cu o situa\u021bie financiar\u0103 foarte grea. Sprijinul va fi stabilit dup\u0103 verificarea fiec\u0103rui caz, deoarece nevoile difer\u0103 de la o gospod\u0103rie la alta.<\/p>\n<p>\u00cen unele locuin\u021be trebuie reparat acoperi\u0219ul, \u00een altele este nevoie de montarea parchetului, deoarece podeaua este \u00eenc\u0103 din p\u0103m\u00e2nt. Familiile care nu au ap\u0103 sau energie electric\u0103 vor fi ajutate s\u0103 \u00ee\u0219i racordeze casele la aceste utilit\u0103\u021bi.<\/p>\n<p>\u201e<strong><em>Noi am accesat un proiect pe partea social\u0103 pentru sprijinirea persoanelor defavorizate. Grupul \u021bint\u0103 este format din familiile vulnerabile, c\u0103rora le putem renova locuin\u021bele. Avem 25 de familii aflate \u00een pragul s\u0103r\u0103ciei \u0219i c\u00e2teva case care trebuie reparate. La o gospod\u0103rie trebuie ref\u0103cut acoperi\u0219ul, la alta trebuie pus parchet, pentru c\u0103 oamenii au p\u0103m\u00e2nt pe jos. Fiecare caz are nevoile sale. Acolo unde nu exist\u0103 ap\u0103 sau curent electric, vom face racord\u0103rile necesare<\/em><\/strong>\u201d, a declarat primarul comunei Berisl\u0103ve\u0219ti, Nicolae Popescu.<\/p>\n<p><strong><u>Sprijin pentru copii<\/u><\/strong><\/p>\n<p>Proiectul prevede \u0219i ajutoare pentru copiii din familiile selectate. \u00cen prima etap\u0103 au fost identifica\u021bi 60 de copii care vor primi haine \u0219i lucrurile necesare pentru \u0219coal\u0103, printre care ghiozdane \u0219i rechizite.<\/p>\n<p>\u00cen locuin\u021bele \u00een care copiii nu au un spa\u021biu potrivit pentru teme va fi cump\u0103rat c\u00e2te un birou. Ajutorul nu va fi acordat dup\u0103 acela\u0219i model \u00een toate cazurile, ci va \u021bine cont de situa\u021bia g\u0103sit\u0103 \u00een fiecare cas\u0103.<\/p>\n<p>\u201e<strong><em>Avem, \u00een prim\u0103 faz\u0103, 60 de copii pe care \u00eei vom ajuta cu h\u0103inu\u021be \u0219i cu tot ce le trebuie pentru \u0219coal\u0103, de la ghiozdane \u0219i rechizite p\u00e2n\u0103 la c\u00e2te un birou \u00een casele unde nu exist\u0103. Vrem ca sprijinul s\u0103 ajung\u0103 acolo unde este cu adev\u0103rat nevoie\u201d<\/em><\/strong>, a explicat Nicolae Popescu.<\/p>\n<p><strong><u>Echip\u0103 nou\u0103 \u00een cadrul proiectului<\/u><\/strong><\/p>\n<p>Pentru aplicarea m\u0103surilor a fost format\u0103 o echip\u0103 din care fac parte un asistent social, un asistent medical comunitar \u0219i un mediator \u0219colar. Salariile speciali\u0219tilor sunt asigurate prin proiect, care se va desf\u0103\u0219ura p\u00e2n\u0103 \u00een anul 2029.<\/p>\n<p>Primarul spune c\u0103 angajarea acestor persoane este important\u0103 pentru administra\u021bia local\u0103, deoarece Prim\u0103ria Berisl\u0103ve\u0219ti nu avea p\u00e2n\u0103 acum un asistent medical comunitar. Echipa va primi \u0219i o ma\u0219in\u0103 a institu\u021biei pentru deplas\u0103rile la domiciliul beneficiarilor \u201e<strong><em>Angaj\u0103rile sunt sus\u021binute din proiect. Pentru noi este un lucru bun, fiindc\u0103 prim\u0103ria nu avea asistent medical comunitar. Echipa va avea la dispozi\u021bie \u0219i o ma\u0219in\u0103 a prim\u0103riei, astfel \u00eenc\u00e2t speciali\u0219tii s\u0103 poat\u0103 ajunge la familiile incluse \u00een proiect\u201d<\/em><\/strong>, a precizat primarul.<\/p>\n<p><strong><u>Fosta \u0219coal\u0103 va fi amenajat\u0103<\/u><\/strong><\/p>\n<p>Angaja\u021bii din cadrul proiectului \u00ee\u0219i vor desf\u0103\u0219ura activitatea \u00een cl\u0103direa fostei \u0219coli din satul Lunca. Spa\u021biul va fi amenajat \u0219i dotat cu mobilier, calculatoare \u0219i echipamentele necesare. \u00a0\u00a0Nicolae Popescu estimeaz\u0103 c\u0103 sediul va fi preg\u0103tit p\u00e2n\u0103 \u00een toamna acestui an. Dup\u0103 \u00eencheierea acestei etape vor \u00eencepe lucr\u0103rile la locuin\u021be \u0219i acordarea ajutoarelor pentru copii \u0219i familii: \u00a0\u201e<strong><em>\u00cen prezent finaliz\u0103m echipa, dup\u0103 care vom amenaja spa\u021biul din cl\u0103direa unde a func\u021bionat \u0219coala din Lunca. Vom cump\u0103ra mobilierul, calculatoarele \u0219i toate dot\u0103rile prev\u0103zute. Eu cred c\u0103 p\u00e2n\u0103 \u00een toamn\u0103 vom avea totul pus la punct, apoi vom \u00eencepe partea de sprijin pentru persoanele greu \u00eencercate<\/em><\/strong>\u201d, a mai spus primarul comunei Berisl\u0103ve\u0219ti.<\/p>\n<p>\u00a0<\/p>\n<\/div>\n<p>[analyse_source url=&#8221;https:\/\/www.impactreal.ro\/2026\/07\/31\/primarul-nicolae-popescu-despre-proiectul-social-de-la-berislavesti-locuinte-reparate-si-sprijin-pentru-copiii-din-familiile-vulnerabile\/&#8221;]<\/p>\n","protected":false},"excerpt":{"rendered":"<p>[analyse_image type=&#8221;featured&#8221; src=&#8221;https:\/\/www.impactreal.ro\/wp-content\/uploads\/2024\/11\/berislavesti-Nicolae-Popescu-02.jpeg&#8221;] 31 iulie 20261 august 2026Claudia SchiopuAdministra\u0163ieBerislavesti Prim\u0103ria Berisl\u0103ve\u0219ti preg\u0103te\u0219te un proiect social prin care familiile aflate \u00een pragul s\u0103r\u0103ciei vor primi ajutor \u00een func\u021bie de problemele fiec\u0103rei gospod\u0103rii. Unele locuin\u021be vor fi reparate, altele vor fi racordate la ap\u0103 sau energie electric\u0103, iar copiii vor primi haine, ghiozdane, rechizite \u0219i mobilier pentru [&hellip;]<\/p>\n","protected":false},"author":1,"featured_media":0,"comment_status":"open","ping_status":"","sticky":false,"template":"","format":"standard","meta":{"footnotes":""},"categories":[89],"tags":[226,212],"class_list":["post-2072820","post","type-post","status-publish","format-standard","hentry","category-romania","tag-crawlmanager","tag-impactreal-ro"],"_links":{"self":[{"href":"https:\/\/analyse.optim.biz\/index.php?rest_route=\/wp\/v2\/posts\/2072820","targetHints":{"allow":["GET"]}}],"collection":[{"href":"https:\/\/analyse.optim.biz\/index.php?rest_route=\/wp\/v2\/posts"}],"about":[{"href":"https:\/\/analyse.optim.biz\/index.php?rest_route=\/wp\/v2\/types\/post"}],"author":[{"embeddable":true,"href":"https:\/\/analyse.optim.biz\/index.php?rest_route=\/wp\/v2\/users\/1"}],"replies":[{"embeddable":true,"href":"https:\/\/analyse.optim.biz\/index.php?rest_route=%2Fwp%2Fv2%2Fcomments&post=2072820"}],"version-history":[{"count":0,"href":"https:\/\/analyse.optim.biz\/index.php?rest_route=\/wp\/v2\/posts\/2072820\/revisions"}],"wp:attachment":[{"href":"https:\/\/analyse.optim.biz\/index.php?rest_route=%2Fwp%2Fv2%2Fmedia&parent=2072820"}],"wp:term":[{"taxonomy":"category","embeddable":true,"href":"https:\/\/analyse.optim.biz\/index.php?rest_route=%2Fwp%2Fv2%2Fcategories&post=2072820"},{"taxonomy":"post_tag","embeddable":true,"href":"https:\/\/analyse.optim.biz\/index.php?rest_route=%2Fwp%2Fv2%2Ftags&post=2072820"}],"curies":[{"name":"wp","href":"https:\/\/api.w.org\/{rel}","templated":true}]}}