{"id":2072818,"date":"2026-07-30T18:40:19","date_gmt":"2026-07-30T15:40:19","guid":{"rendered":"https:\/\/analyse.optim.biz\/?p=2072818"},"modified":"2026-07-30T18:40:19","modified_gmt":"2026-07-30T15:40:19","slug":"primarul-florinel-constantinescu-aduce-in-consiliul-local-proiecte-pentru-investitii-transport-si-festivalul-cantecele-oltului","status":"publish","type":"post","link":"https:\/\/analyse.optim.biz\/?p=2072818","title":{"rendered":"Primarul Florinel Constantinescu aduce \u00een Consiliul Local proiecte pentru investi\u021bii, transport \u0219i Festivalul \u201eC\u00e2ntecele Oltului\u201d"},"content":{"rendered":"<p>[analyse_image type=&#8221;featured&#8221; src=&#8221;https:\/\/www.impactreal.ro\/wp-content\/uploads\/2026\/06\/calimanesti-22.jpeg&#8221;]<\/p>\n<div class=\"single-news-content\">\n<div class=\"news-image\"><img loading=\"lazy\" decoding=\"async\" width=\"2048\" height=\"1150\" src=\"https:\/\/www.impactreal.ro\/wp-content\/uploads\/2026\/06\/calimanesti-22.jpeg\" class=\"img-responsive wp-post-image\" alt=\"Primarul Florinel Constantinescu aduce \u00een Consiliul Local proiecte pentru investi\u021bii, transport \u0219i Festivalul \u201eC\u00e2ntecele Oltului\u201d\"><\/div>\n<div class=\"news-detail clearfix\">\n<div class=\"entry-meta\"><span class=\"posted-date\"><a href=\"https:\/\/www.impactreal.ro\/2026\/07\/30\/primarul-florinel-constantinescu-aduce-in-consiliul-local-proiecte-pentru-investitii-transport-si-festivalul-cantecele-oltului\/\" rel=\"bookmark\"><time class=\"entry-date published updated\" datetime=\"2026-07-30T21:40:19+03:00\">30 iulie 2026<\/time><\/a><\/span><span class=\"author vcard\"><a href=\"https:\/\/www.impactreal.ro\/author\/claudia-schiopu\/\">Claudia Schiopu<\/a><\/span><span class=\"cat-links\"><a href=\"https:\/\/www.impactreal.ro\/category\/administratie\/\" rel=\"category tag\">Administra\u0163ie<\/a><a href=\"https:\/\/www.impactreal.ro\/category\/calimanesti\/\" rel=\"category tag\">Calimanesti<\/a><\/span><\/div>\n<div class=\"news-content editor-content-entry\">\n<p>Primarul ora\u0219ului C\u0103lim\u0103ne\u0219ti, Florinel Constantinescu, a convocat Consiliul Local \u00een \u0219edin\u021b\u0103 ordinar\u0103 pentru vineri, 31 iulie 2026. \u00a0Pe ordinea de zi se afl\u0103 13 puncte care privesc bugetul local, investi\u021biile, transportul public, preg\u0103tirea noului an \u0219colar \u0219i organizarea celui mai cunoscut festival folcloric al ora\u0219ului.<\/p>\n<p>Una dintre principalele propuneri vizeaz\u0103 rectificarea bugetului local pentru anul 2026 \u0219i modificarea listei de investi\u021bii. Consilierii vor analiza \u0219i modul \u00een care au fost folosi\u021bi banii ora\u0219ului \u00een prima jum\u0103tate a anului, prin aprobarea contului de execu\u021bie bugetar\u0103 la data de 30 iunie.<\/p>\n<p>Transportul public c\u0103tre zonele turistice ocup\u0103 un loc important pe agenda \u0219edin\u021bei. Primarul Florinel Constantinescu propune ca bunurile cump\u0103rate prin proiectul \u201eExtinderea transportului public de c\u0103l\u0103tori c\u0103tre zonele turistice din jude\u021bul V\u00e2lcea\u201d s\u0103 fie puse la dispozi\u021bia societ\u0103\u021bii ETA SA, operatorul care asigur\u0103 serviciul local de transport.<\/p>\n<p>Consilierii vor vota \u0219i colaborarea dintre Prim\u0103ria C\u0103lim\u0103ne\u0219ti, Consiliul Jude\u021bean V\u00e2lcea \u0219i Centrul Jude\u021bean pentru Conservarea \u0219i Promovarea Culturii Tradi\u021bionale V\u00e2lcea pentru organizarea celei de-a 58-a edi\u021bii a Festivalului Na\u021bional de Folclor \u201eC\u00e2ntecele Oltului\u201d.<\/p>\n<p>Pe ordinea de zi se g\u0103se\u0219te \u0219i acordarea pachetului de rechizite \u201ePrimul meu ghiozdan\u201d elevilor care vor intra \u00een clasa preg\u0103titoare \u00een anul \u0219colar 2026-2027. Sprijinul este destinat copiilor \u00eenscri\u0219i \u00een unit\u0103\u021bile de \u00eenv\u0103\u021b\u0103m\u00e2nt din C\u0103lim\u0103ne\u0219ti.<\/p>\n<p>Administra\u021bia local\u0103 urm\u0103re\u0219te \u0219i o colaborare cu Uniunea Na\u021bional\u0103 a Notarilor Publici din Rom\u00e2nia \u0219i Camera Notarilor Publici Pite\u0219ti. Protocolul propus ar permite schimbul de informa\u021bii necesare activit\u0103\u021bii notariale.<\/p>\n<p>Lista proiectelor cuprinde modificarea organigramei Direc\u021biei de Administrare a Domeniului Public \u0219i Privat \u0219i Alimentare cu Energie Termic\u0103, analiza Registrului agricol, evaluarea activit\u0103\u021bii asisten\u021bilor personali ai persoanelor cu handicap grav \u0219i alegerea pre\u0219edintelui de \u0219edin\u021b\u0103 pentru lunile august, septembrie \u0219i octombrie.<\/p>\n<p>\u0218edin\u021ba convocat\u0103 de primarul Florinel Constantinescu va \u00eencepe la ora 16.00 \u0219i se va desf\u0103\u0219ura cu participarea fizic\u0103 a consilierilor locali, \u00een sala de \u0219edin\u021be a Consiliului Local C\u0103lim\u0103ne\u0219ti.<\/p>\n<\/div>\n<\/div>\n<\/div>\n<div class=\"news-content editor-content-entry\">\n<p>Primarul ora\u0219ului C\u0103lim\u0103ne\u0219ti, Florinel Constantinescu, a convocat Consiliul Local \u00een \u0219edin\u021b\u0103 ordinar\u0103 pentru vineri, 31 iulie 2026. \u00a0Pe ordinea de zi se afl\u0103 13 puncte care privesc bugetul local, investi\u021biile, transportul public, preg\u0103tirea noului an \u0219colar \u0219i organizarea celui mai cunoscut festival folcloric al ora\u0219ului.<\/p>\n<p>Una dintre principalele propuneri vizeaz\u0103 rectificarea bugetului local pentru anul 2026 \u0219i modificarea listei de investi\u021bii. Consilierii vor analiza \u0219i modul \u00een care au fost folosi\u021bi banii ora\u0219ului \u00een prima jum\u0103tate a anului, prin aprobarea contului de execu\u021bie bugetar\u0103 la data de 30 iunie.<\/p>\n<p>Transportul public c\u0103tre zonele turistice ocup\u0103 un loc important pe agenda \u0219edin\u021bei. Primarul Florinel Constantinescu propune ca bunurile cump\u0103rate prin proiectul \u201eExtinderea transportului public de c\u0103l\u0103tori c\u0103tre zonele turistice din jude\u021bul V\u00e2lcea\u201d s\u0103 fie puse la dispozi\u021bia societ\u0103\u021bii ETA SA, operatorul care asigur\u0103 serviciul local de transport.<\/p>\n<p>Consilierii vor vota \u0219i colaborarea dintre Prim\u0103ria C\u0103lim\u0103ne\u0219ti, Consiliul Jude\u021bean V\u00e2lcea \u0219i Centrul Jude\u021bean pentru Conservarea \u0219i Promovarea Culturii Tradi\u021bionale V\u00e2lcea pentru organizarea celei de-a 58-a edi\u021bii a Festivalului Na\u021bional de Folclor \u201eC\u00e2ntecele Oltului\u201d.<\/p>\n<p>Pe ordinea de zi se g\u0103se\u0219te \u0219i acordarea pachetului de rechizite \u201ePrimul meu ghiozdan\u201d elevilor care vor intra \u00een clasa preg\u0103titoare \u00een anul \u0219colar 2026-2027. Sprijinul este destinat copiilor \u00eenscri\u0219i \u00een unit\u0103\u021bile de \u00eenv\u0103\u021b\u0103m\u00e2nt din C\u0103lim\u0103ne\u0219ti.<\/p>\n<p>Administra\u021bia local\u0103 urm\u0103re\u0219te \u0219i o colaborare cu Uniunea Na\u021bional\u0103 a Notarilor Publici din Rom\u00e2nia \u0219i Camera Notarilor Publici Pite\u0219ti. Protocolul propus ar permite schimbul de informa\u021bii necesare activit\u0103\u021bii notariale.<\/p>\n<p>Lista proiectelor cuprinde modificarea organigramei Direc\u021biei de Administrare a Domeniului Public \u0219i Privat \u0219i Alimentare cu Energie Termic\u0103, analiza Registrului agricol, evaluarea activit\u0103\u021bii asisten\u021bilor personali ai persoanelor cu handicap grav \u0219i alegerea pre\u0219edintelui de \u0219edin\u021b\u0103 pentru lunile august, septembrie \u0219i octombrie.<\/p>\n<p>\u0218edin\u021ba convocat\u0103 de primarul Florinel Constantinescu va \u00eencepe la ora 16.00 \u0219i se va desf\u0103\u0219ura cu participarea fizic\u0103 a consilierilor locali, \u00een sala de \u0219edin\u021be a Consiliului Local C\u0103lim\u0103ne\u0219ti.<\/p>\n<\/div>\n<div class=\"news-content editor-content-entry\">\n<p>Primarul ora\u0219ului C\u0103lim\u0103ne\u0219ti, Florinel Constantinescu, a convocat Consiliul Local \u00een \u0219edin\u021b\u0103 ordinar\u0103 pentru vineri, 31 iulie 2026. \u00a0Pe ordinea de zi se afl\u0103 13 puncte care privesc bugetul local, investi\u021biile, transportul public, preg\u0103tirea noului an \u0219colar \u0219i organizarea celui mai cunoscut festival folcloric al ora\u0219ului.<\/p>\n<p>Una dintre principalele propuneri vizeaz\u0103 rectificarea bugetului local pentru anul 2026 \u0219i modificarea listei de investi\u021bii. Consilierii vor analiza \u0219i modul \u00een care au fost folosi\u021bi banii ora\u0219ului \u00een prima jum\u0103tate a anului, prin aprobarea contului de execu\u021bie bugetar\u0103 la data de 30 iunie.<\/p>\n<p>Transportul public c\u0103tre zonele turistice ocup\u0103 un loc important pe agenda \u0219edin\u021bei. Primarul Florinel Constantinescu propune ca bunurile cump\u0103rate prin proiectul \u201eExtinderea transportului public de c\u0103l\u0103tori c\u0103tre zonele turistice din jude\u021bul V\u00e2lcea\u201d s\u0103 fie puse la dispozi\u021bia societ\u0103\u021bii ETA SA, operatorul care asigur\u0103 serviciul local de transport.<\/p>\n<p>Consilierii vor vota \u0219i colaborarea dintre Prim\u0103ria C\u0103lim\u0103ne\u0219ti, Consiliul Jude\u021bean V\u00e2lcea \u0219i Centrul Jude\u021bean pentru Conservarea \u0219i Promovarea Culturii Tradi\u021bionale V\u00e2lcea pentru organizarea celei de-a 58-a edi\u021bii a Festivalului Na\u021bional de Folclor \u201eC\u00e2ntecele Oltului\u201d.<\/p>\n<p>Pe ordinea de zi se g\u0103se\u0219te \u0219i acordarea pachetului de rechizite \u201ePrimul meu ghiozdan\u201d elevilor care vor intra \u00een clasa preg\u0103titoare \u00een anul \u0219colar 2026-2027. Sprijinul este destinat copiilor \u00eenscri\u0219i \u00een unit\u0103\u021bile de \u00eenv\u0103\u021b\u0103m\u00e2nt din C\u0103lim\u0103ne\u0219ti.<\/p>\n<p>Administra\u021bia local\u0103 urm\u0103re\u0219te \u0219i o colaborare cu Uniunea Na\u021bional\u0103 a Notarilor Publici din Rom\u00e2nia \u0219i Camera Notarilor Publici Pite\u0219ti. Protocolul propus ar permite schimbul de informa\u021bii necesare activit\u0103\u021bii notariale.<\/p>\n<p>Lista proiectelor cuprinde modificarea organigramei Direc\u021biei de Administrare a Domeniului Public \u0219i Privat \u0219i Alimentare cu Energie Termic\u0103, analiza Registrului agricol, evaluarea activit\u0103\u021bii asisten\u021bilor personali ai persoanelor cu handicap grav \u0219i alegerea pre\u0219edintelui de \u0219edin\u021b\u0103 pentru lunile august, septembrie \u0219i octombrie.<\/p>\n<p>\u0218edin\u021ba convocat\u0103 de primarul Florinel Constantinescu va \u00eencepe la ora 16.00 \u0219i se va desf\u0103\u0219ura cu participarea fizic\u0103 a consilierilor locali, \u00een sala de \u0219edin\u021be a Consiliului Local C\u0103lim\u0103ne\u0219ti.<\/p>\n<\/div>\n<p>[analyse_source url=&#8221;https:\/\/www.impactreal.ro\/2026\/07\/30\/primarul-florinel-constantinescu-aduce-in-consiliul-local-proiecte-pentru-investitii-transport-si-festivalul-cantecele-oltului\/&#8221;]<\/p>\n","protected":false},"excerpt":{"rendered":"<p>[analyse_image type=&#8221;featured&#8221; src=&#8221;https:\/\/www.impactreal.ro\/wp-content\/uploads\/2026\/06\/calimanesti-22.jpeg&#8221;] 30 iulie 2026Claudia SchiopuAdministra\u0163ieCalimanesti Primarul ora\u0219ului C\u0103lim\u0103ne\u0219ti, Florinel Constantinescu, a convocat Consiliul Local \u00een \u0219edin\u021b\u0103 ordinar\u0103 pentru vineri, 31 iulie 2026. \u00a0Pe ordinea de zi se afl\u0103 13 puncte care privesc bugetul local, investi\u021biile, transportul public, preg\u0103tirea noului an \u0219colar \u0219i organizarea celui mai cunoscut festival folcloric al ora\u0219ului. Una dintre principalele [&hellip;]<\/p>\n","protected":false},"author":1,"featured_media":0,"comment_status":"open","ping_status":"","sticky":false,"template":"","format":"standard","meta":{"footnotes":""},"categories":[89],"tags":[226,212],"class_list":["post-2072818","post","type-post","status-publish","format-standard","hentry","category-romania","tag-crawlmanager","tag-impactreal-ro"],"_links":{"self":[{"href":"https:\/\/analyse.optim.biz\/index.php?rest_route=\/wp\/v2\/posts\/2072818","targetHints":{"allow":["GET"]}}],"collection":[{"href":"https:\/\/analyse.optim.biz\/index.php?rest_route=\/wp\/v2\/posts"}],"about":[{"href":"https:\/\/analyse.optim.biz\/index.php?rest_route=\/wp\/v2\/types\/post"}],"author":[{"embeddable":true,"href":"https:\/\/analyse.optim.biz\/index.php?rest_route=\/wp\/v2\/users\/1"}],"replies":[{"embeddable":true,"href":"https:\/\/analyse.optim.biz\/index.php?rest_route=%2Fwp%2Fv2%2Fcomments&post=2072818"}],"version-history":[{"count":0,"href":"https:\/\/analyse.optim.biz\/index.php?rest_route=\/wp\/v2\/posts\/2072818\/revisions"}],"wp:attachment":[{"href":"https:\/\/analyse.optim.biz\/index.php?rest_route=%2Fwp%2Fv2%2Fmedia&parent=2072818"}],"wp:term":[{"taxonomy":"category","embeddable":true,"href":"https:\/\/analyse.optim.biz\/index.php?rest_route=%2Fwp%2Fv2%2Fcategories&post=2072818"},{"taxonomy":"post_tag","embeddable":true,"href":"https:\/\/analyse.optim.biz\/index.php?rest_route=%2Fwp%2Fv2%2Ftags&post=2072818"}],"curies":[{"name":"wp","href":"https:\/\/api.w.org\/{rel}","templated":true}]}}