{"id":2072769,"date":"2026-07-31T19:47:24","date_gmt":"2026-07-31T16:47:24","guid":{"rendered":"https:\/\/analyse.optim.biz\/?p=2072769"},"modified":"2026-07-31T19:47:24","modified_gmt":"2026-07-31T16:47:24","slug":"dezvoltarea-turismului-in-tinutul-buzaului-o-promisiune-si-o-provocare-pentru-marcel-ciolacu","status":"publish","type":"post","link":"https:\/\/analyse.optim.biz\/?p=2072769","title":{"rendered":"Dezvoltarea turismului \u00een \u201d\u021ainutul Buz\u0103ului\u201d, o promisiune \u0219i o provocare pentru Marcel Ciolacu"},"content":{"rendered":"<p>[analyse_image type=&#8221;featured&#8221; src=&#8221;https:\/\/revistaverde.ro\/wp-content\/uploads\/2023\/10\/vulcan-1.jpg&#8221;]<\/p>\n<article id=\"post-15767\" class=\"post-15767 post type-post status-publish format-standard has-post-thumbnail hentry category-evnimente category-international category-turism\">\n<header class=\"entry-header mh-clearfix\">\n<h1 class=\"entry-title\">Dezvoltarea turismului \u00een \u201d\u021ainutul Buz\u0103ului\u201d, o promisiune \u0219i o provocare pentru Marcel Ciolacu<\/h1>\n<p class=\"mh-meta entry-meta\"><span class=\"entry-meta-date updated\"><a href=\"https:\/\/revistaverde.ro\/2026\/07\/\">iulie 31, 2026<\/a><\/span><span class=\"entry-meta-author author vcard\"><a class=\"fn\" href=\"https:\/\/revistaverde.ro\/author\/revistaverdefrumoasa2017\/\">M\u0103rg\u0103rit GROSU<\/a><\/span><span class=\"entry-meta-categories\"><a href=\"https:\/\/revistaverde.ro\/category\/local\/evnimente\/\" rel=\"category tag\">Evenimente<\/a>, <a href=\"https:\/\/revistaverde.ro\/category\/international\/\" rel=\"category tag\">international<\/a>, <a href=\"https:\/\/revistaverde.ro\/category\/turism\/\" rel=\"category tag\">TURISM<\/a><\/span><span class=\"entry-meta-comments\"><a class=\"mh-comment-scroll\" href=\"https:\/\/revistaverde.ro\/2026\/07\/31\/dezvoltarea-turismului-in-tinutul-buzaului-o-promisiune-si-o-provocare-pentru-marcel-ciolacu\/#mh-comments\">0<\/a><\/span><\/p>\n<\/header>\n<div class=\"entry-content mh-clearfix\">\n<figure class=\"entry-thumbnail\"><img decoding=\"async\" src=\"https:\/\/revistaverde.ro\/wp-content\/uploads\/2023\/10\/vulcan-1-678x381.jpg\" alt title=\"vulcan 1\"><\/figure>\n<p>Pre\u0219edintele Consiliului Jude\u021bean Buz\u0103u, Marcel Ciolacu, a promis, la \u00eenceput de mandat, c\u0103 se va implica activ pentru dezvoltarea turismului \u00een \u201d\u021ainutul Buz\u0103ului\u201d. \u00cen acest sens, a demarat lucr\u0103ri de reabilitare a c\u0103ilor de acces c\u0103tre obiective turistice importante. Cea mai important\u0103 investi\u021bie fiind \u00een curs de derulare pentru obiectivul turistic \u201dVulcanii Noroio\u0219i\u201d.Dar \u0219i de stimulare a investitorilor \u00een domeniul HORECA. De\u0219i nu este de interes, pentru natur\u0103 \u0219i ariile protejate din jude\u021bul Buz\u0103u \u0219i \u00een mod special pentru \u201d\u021ainutul Buz\u0103ului\u201d, pentru buzoieni \u0219i pentru economia local\u0103, este vital ca acest segment de pia\u021b\u0103, cu un poten\u021bial economic uria\u0219, s\u0103 fie stimulat prin implicarea Consiliului Jude\u021bean Buz\u0103u.<\/p>\n<h4 class=\"wp-block-heading\">\u00a0Comunit\u0103\u021bile locale trebuie s\u0103 fie implicate<\/h4>\n<p>Strategia de implicare \u00een acest proiect este \u00eenc\u0103 la secret la nivelul Consiliului Jude\u021bean Buz\u0103u. Vedem doar proiecte dispersate, care chiar dac\u0103 au acela\u0219i scop final, ele trebuie cunoscute at\u00e2t de investitori, dar mai ales de comunit\u0103\u021bile locale. Mai bine zis, trebuie implementat un program de cultur\u0103 a turismului, \u0219i de a ar\u0103ta cam care sunt avantajele abord\u0103rii unei astfel de problematici la nivel local. Ici, colo, c\u00e2te un investitor cu viziune, implementeaz\u0103 deja proiecte de dezvoltare a turismului local, cu rezultate remarcabile. \u00cens\u0103, pentru a avea succes trebuie ca viziunea fostului premier s\u0103 fie cunoscut\u0103 \u00een ansamblu de fiecare cet\u0103\u021bean, care prin mica lui contribu\u021bie \u0219i atitudine s\u0103 se implice activ pentru \u00eendeplinirea acestui deziderat. \u00a0\u00a0<\/p>\n<div class=\"col-md-2 col-sm-4 col-xs-4\"> .col-md-2 { float:left; width: 16.6667%; } <\/div>\n<div class=\"col-md-2 col-sm-4 col-xs-4\"> .col-md-2 { float:left; width: 16.6667%; } <\/p>\n<div class=\"fb-share-button\" data-href=\"https:\/\/revistaverde.ro\/2026\/07\/31\/dezvoltarea-turismului-in-tinutul-buzaului-o-promisiune-si-o-provocare-pentru-marcel-ciolacu\/\" data-layout=\"button\" data-size=\"large\" data-mobile-iframe=\"true\"><a class=\"fb-xfbml-parse-ignore\" target=\"_blank\" href=\"https:\/\/www.facebook.com\/sharer\/sharer.php?u=https%3A%2F%2Frevistaverde.ro%2F2026%2F07%2F31%2Fdezvoltarea-turismului-in-tinutul-buzaului-o-promisiune-si-o-provocare-pentru-marcel-ciolacu%2F&amp;src=sdkpreparse\">Share<\/a><\/div>\n<\/div>\n<div class=\"col-md-2 col-sm-4 col-xs-4\"> .col-md-2 { float:left; width: 16.6667%; } <\/div>\n<\/div>\n<\/article>\n<div class=\"entry-content mh-clearfix\">\n<figure class=\"entry-thumbnail\"><img decoding=\"async\" src=\"https:\/\/revistaverde.ro\/wp-content\/uploads\/2023\/10\/vulcan-1-678x381.jpg\" alt title=\"vulcan 1\"><\/figure>\n<p>Pre\u0219edintele Consiliului Jude\u021bean Buz\u0103u, Marcel Ciolacu, a promis, la \u00eenceput de mandat, c\u0103 se va implica activ pentru dezvoltarea turismului \u00een \u201d\u021ainutul Buz\u0103ului\u201d. \u00cen acest sens, a demarat lucr\u0103ri de reabilitare a c\u0103ilor de acces c\u0103tre obiective turistice importante. Cea mai important\u0103 investi\u021bie fiind \u00een curs de derulare pentru obiectivul turistic \u201dVulcanii Noroio\u0219i\u201d.Dar \u0219i de stimulare a investitorilor \u00een domeniul HORECA. De\u0219i nu este de interes, pentru natur\u0103 \u0219i ariile protejate din jude\u021bul Buz\u0103u \u0219i \u00een mod special pentru \u201d\u021ainutul Buz\u0103ului\u201d, pentru buzoieni \u0219i pentru economia local\u0103, este vital ca acest segment de pia\u021b\u0103, cu un poten\u021bial economic uria\u0219, s\u0103 fie stimulat prin implicarea Consiliului Jude\u021bean Buz\u0103u.<\/p>\n<h4 class=\"wp-block-heading\">\u00a0Comunit\u0103\u021bile locale trebuie s\u0103 fie implicate<\/h4>\n<p>Strategia de implicare \u00een acest proiect este \u00eenc\u0103 la secret la nivelul Consiliului Jude\u021bean Buz\u0103u. Vedem doar proiecte dispersate, care chiar dac\u0103 au acela\u0219i scop final, ele trebuie cunoscute at\u00e2t de investitori, dar mai ales de comunit\u0103\u021bile locale. Mai bine zis, trebuie implementat un program de cultur\u0103 a turismului, \u0219i de a ar\u0103ta cam care sunt avantajele abord\u0103rii unei astfel de problematici la nivel local. Ici, colo, c\u00e2te un investitor cu viziune, implementeaz\u0103 deja proiecte de dezvoltare a turismului local, cu rezultate remarcabile. \u00cens\u0103, pentru a avea succes trebuie ca viziunea fostului premier s\u0103 fie cunoscut\u0103 \u00een ansamblu de fiecare cet\u0103\u021bean, care prin mica lui contribu\u021bie \u0219i atitudine s\u0103 se implice activ pentru \u00eendeplinirea acestui deziderat. \u00a0\u00a0<\/p>\n<div class=\"col-md-2 col-sm-4 col-xs-4\"> .col-md-2 { float:left; width: 16.6667%; } <\/div>\n<div class=\"col-md-2 col-sm-4 col-xs-4\"> .col-md-2 { float:left; width: 16.6667%; } <\/p>\n<div class=\"fb-share-button\" data-href=\"https:\/\/revistaverde.ro\/2026\/07\/31\/dezvoltarea-turismului-in-tinutul-buzaului-o-promisiune-si-o-provocare-pentru-marcel-ciolacu\/\" data-layout=\"button\" data-size=\"large\" data-mobile-iframe=\"true\"><a class=\"fb-xfbml-parse-ignore\" target=\"_blank\" href=\"https:\/\/www.facebook.com\/sharer\/sharer.php?u=https%3A%2F%2Frevistaverde.ro%2F2026%2F07%2F31%2Fdezvoltarea-turismului-in-tinutul-buzaului-o-promisiune-si-o-provocare-pentru-marcel-ciolacu%2F&amp;src=sdkpreparse\">Share<\/a><\/div>\n<\/div>\n<div class=\"col-md-2 col-sm-4 col-xs-4\"> .col-md-2 { float:left; width: 16.6667%; } <\/div>\n<\/div>\n<p>[analyse_source url=&#8221;https:\/\/revistaverde.ro\/2026\/07\/31\/dezvoltarea-turismului-in-tinutul-buzaului-o-promisiune-si-o-provocare-pentru-marcel-ciolacu\/&#8221;]<\/p>\n","protected":false},"excerpt":{"rendered":"<p>[analyse_image type=&#8221;featured&#8221; src=&#8221;https:\/\/revistaverde.ro\/wp-content\/uploads\/2023\/10\/vulcan-1.jpg&#8221;] Dezvoltarea turismului \u00een \u201d\u021ainutul Buz\u0103ului\u201d, o promisiune \u0219i o provocare pentru Marcel Ciolacu iulie 31, 2026M\u0103rg\u0103rit GROSUEvenimente, international, TURISM0 Pre\u0219edintele Consiliului Jude\u021bean Buz\u0103u, Marcel Ciolacu, a promis, la \u00eenceput de mandat, c\u0103 se va implica activ pentru dezvoltarea turismului \u00een \u201d\u021ainutul Buz\u0103ului\u201d. \u00cen acest sens, a demarat lucr\u0103ri de reabilitare a c\u0103ilor [&hellip;]<\/p>\n","protected":false},"author":1,"featured_media":0,"comment_status":"open","ping_status":"","sticky":false,"template":"","format":"standard","meta":{"footnotes":""},"categories":[2],"tags":[226,57],"class_list":["post-2072769","post","type-post","status-publish","format-standard","hentry","category-politics","tag-crawlmanager","tag-revistaverde-ro"],"_links":{"self":[{"href":"https:\/\/analyse.optim.biz\/index.php?rest_route=\/wp\/v2\/posts\/2072769","targetHints":{"allow":["GET"]}}],"collection":[{"href":"https:\/\/analyse.optim.biz\/index.php?rest_route=\/wp\/v2\/posts"}],"about":[{"href":"https:\/\/analyse.optim.biz\/index.php?rest_route=\/wp\/v2\/types\/post"}],"author":[{"embeddable":true,"href":"https:\/\/analyse.optim.biz\/index.php?rest_route=\/wp\/v2\/users\/1"}],"replies":[{"embeddable":true,"href":"https:\/\/analyse.optim.biz\/index.php?rest_route=%2Fwp%2Fv2%2Fcomments&post=2072769"}],"version-history":[{"count":0,"href":"https:\/\/analyse.optim.biz\/index.php?rest_route=\/wp\/v2\/posts\/2072769\/revisions"}],"wp:attachment":[{"href":"https:\/\/analyse.optim.biz\/index.php?rest_route=%2Fwp%2Fv2%2Fmedia&parent=2072769"}],"wp:term":[{"taxonomy":"category","embeddable":true,"href":"https:\/\/analyse.optim.biz\/index.php?rest_route=%2Fwp%2Fv2%2Fcategories&post=2072769"},{"taxonomy":"post_tag","embeddable":true,"href":"https:\/\/analyse.optim.biz\/index.php?rest_route=%2Fwp%2Fv2%2Ftags&post=2072769"}],"curies":[{"name":"wp","href":"https:\/\/api.w.org\/{rel}","templated":true}]}}