{"id":2072682,"date":"2026-07-31T00:00:00","date_gmt":"2026-07-30T21:00:00","guid":{"rendered":"https:\/\/analyse.optim.biz\/?p=2072682"},"modified":"2026-07-31T00:00:00","modified_gmt":"2026-07-30T21:00:00","slug":"festivalul-pestisorul-de-aur-a-ajuns-la-editia-a-xxxii-a","status":"publish","type":"post","link":"https:\/\/analyse.optim.biz\/?p=2072682","title":{"rendered":"Festivalul \u201ePe\u0219ti\u0219orul de Aur\u201d a ajuns la edi\u021bia a XXXII-a"},"content":{"rendered":"<p>[analyse_image type=&#8221;featured&#8221; src=&#8221;https:\/\/ziaruldetulcea.ro\/wp-content\/uploads\/2026\/07\/FB_IMG_1784026602496-640&#215;300.jpg&#8221;]<\/p>\n<div class=\"post\">\n<p class=\"MsoNormal\" align=\"center\"><span><img loading=\"lazy\" decoding=\"async\" class=\"alignleft size-full wp-image-43830\" src=\"https:\/\/ziaruldetulcea.ro\/wp-content\/uploads\/2026\/07\/FB_IMG_1784026602496.jpg\" alt width=\"1600\" height=\"1131\"><\/span><span>Consiliul Jude\u021bean Tulcea, Prim\u0103ria Municipiului Tulcea, Ansamblul Artistic Profesionist \u201eBaladele Deltei\u201d, Ministerul Educa\u021biei \u0219i Cercet\u0103rii, Inspectoratul \u0218colar Jude\u021bean Tulcea \u0219i Palatul Copiilor Tulcea <\/span><span>\u00a0<\/span><span>organizeaz\u0103 \u00een perioada <\/span><span>\u00a0<\/span><span>7-12 august 2026, \u00een Tulcea, edi\u021bia a XXXII-a a Festivalului-Concurs Interna\u021bional de Folclor \u201ePe\u0219ti\u0219orul de Aur\u201d.<\/span><\/p>\n<p class=\"MsoNormal\"><span><span>\u00a0\u00a0\u00a0\u00a0\u00a0 <\/span>De peste hotare vor sosi Ansamblul de dans popular \u201eLozioara\u201d din Republica Moldova, Ansamblul \u201eMezdra\u201d din Bulgaria, Ansamblul \u201ePolatli Belediyesi Halk Danslari Topluluglu\u201d din Turcia, Ansamblul \u201eEscola De Ball De Bot Calabruix\u201d din Spania, Ansamblul \u201eSonecho\u201d din Ukraina, Ansamblul \u201eTecniart Dance Studio\u201d din Mexic, Ansamblul \u201eFolklorna Niza\u201d din Macedonia de Nord.<\/span><\/p>\n<p class=\"MsoNormal\"><span><span>\u00a0\u00a0\u00a0\u00a0\u00a0\u00a0 <\/span>Din Rom\u00e2nia vor participa ansambluri din urm\u0103toarele jude\u021be: Ansamblul Folcloric \u201ePoiana\u201d din Arge\u0219, Ansamblul Folcloric \u201eFiricel de Busuioc\u201d din Bac\u0103u, <span>\u00a0<\/span>Ansamblul Folcloric \u201ePoieni\u021ba\u201d din <span>\u00a0<\/span>Bra\u0219ov, Ansamblul Folcloric \u201eMugura\u0219ul\u201d din Br\u0103ila, Ansamblul Folcloric \u201eMo\u0219tenirea\u201d din Cluj, Ansamblul Artistic \u201eFlorile Moldovei\u201d din Ia\u0219i, Ansamblul Folcloric \u201ePlaiurile S\u00e2mbure\u0219tilor\u201d din Olt, Ansamblul Folcloric \u201eCri\u0219ana\u201d din Bihor, Ansamblul Folcloric \u201eCiob\u0103na\u0219ul\u201d din Suceava, Ansamblul Folcloric \u201eConstantin Condruz\u201d din Br\u0103ila, Fanfara \u201eRotaria\u201d din Vaslui.<\/span><\/p>\n<p class=\"MsoNormal\"><span><span>\u00a0\u00a0\u00a0\u00a0\u00a0\u00a0 <\/span>Din jude\u021bul Tulcea vor lua parte \u0219apte ansambluri, \u0219i anume: Ansamblul Folcloric \u201eGhiocel de la Luncavi\u021ba\u201d din Luncavi\u021ba, <span>\u00a0<\/span>Ansamblul Folcloric \u201eDanubius\u201d, Ansamblul Folcloric \u201eDorule\u021bul\u201d, Ansamblul Folcloric \u201eAlti\u021be Dobrogene\u201d din Jijila, Ansamblul \u201eFlori<span>\u00a0 <\/span>de Cimbri\u0219or\u201ddin Isaccea, Ansamblul Folcloric \u201ePlai de Dor\u201d din Niculi\u021bel \u0219i Ansamblul Folcloric \u201eMl\u0103di\u021be Dobrogene\u201d din V\u0103c\u0103reni.<\/span><span>\u00a0 \u00a0 \u00a0 \u00a0 \u00a0 \u00a0<\/span><\/p>\n<p class=\"MsoNormal\"><span>Juriul acestei edi\u021bii va fi format din pre\u0219edinte \u2013 <\/span><\/p>\n<p class=\"MsoNormal\" align=\"center\"><span>1. <b>PETRE \u0218U\u0218U<\/b>, maestrul coregraf \u0219i<span>\u00a0 <\/span>manager al<span>\u00a0 <\/span>Ansamblului Artistic Profesionist \u201eConstantin Arvinte\u201d al Consiliului Jude\u021bean Ia\u0219i;<\/span><\/p>\n<p class=\"MsoNormal\"><b><span>MEMBRI<\/span><\/b><\/p>\n<p class=\"MsoListParagraphCxSpFirst\"><b><span><span>2.<span>\u00a0\u00a0\u00a0 <\/span><\/span><\/span><\/b><b><span>LAURA FELEA,<\/span><\/b><span> director al Palatului Copiilor<span>\u00a0 <\/span>Tulcea.<\/span><span>\u00a0<\/span><\/p>\n<p class=\"MsoListParagraphCxSpMiddle\"><b><span><span>3.<span>\u00a0\u00a0\u00a0 <\/span><\/span><\/span><\/b><b><span>IOAN SIMIONCA, <\/span><\/b><span>maestru<span>coregraf \u0219i specialist \u00een comunicare, Bistri\u021ba;<\/span><\/span><\/p>\n<p class=\"MsoListParagraphCxSpMiddle\"><b><span lang=\"EN-US\"><span>4.<span>\u00a0\u00a0\u00a0 <\/span><\/span><\/span><\/b><b><span lang=\"EN-US\">LILIANA MARIA VLASE, <\/span><\/b><span lang=\"EN-US\">manager al Ansamblului Folcloric Profesionist <span>\u00a0\u00a0\u00a0\u00a0\u00a0\u00a0\u00a0\u00a0\u00a0\u00a0\u00a0\u00a0\u00a0\u00a0\u00a0\u00a0\u00a0\u00a0\u00a0\u00a0\u00a0\u00a0\u00a0\u00a0\u00a0\u00a0\u00a0\u00a0\u00a0\u00a0\u00a0\u00a0\u00a0\u00a0\u00a0\u00a0\u00a0<\/span><span>\u00a0\u00a0\u00a0\u00a0\u00a0\u00a0\u00a0<\/span>\u201eBusuiocul\u201d din Bac\u0103u;<\/span><\/p>\n<p class=\"MsoListParagraphCxSpLast\"><b><span lang=\"EN-US\"><span>5.<span>\u00a0\u00a0\u00a0 <\/span><\/span><\/span><\/b><b><span lang=\"EN-US\">IONEL GAROAF\u0102, <\/span><\/b><span lang=\"EN-US\">\u0219ef sec\u021bie al Ansamblului de dans Popular \u201eMaria T\u0103nase\u201d al<span>\u00a0 <\/span>Centrului Jude\u021bean de Cultur\u0103 \u0219i Art\u0103 Dolj.<\/span><\/p>\n<p class=\"MsoNormal\"><i><span lang=\"EN-US\"><span>\u00a0<\/span><\/span><\/i><i><span>\u201eDesf\u0103\u0219urat din 1992 \u00eencoace, cu o \u00eentrerupere de doi ani \u00een pandemie, festivalul \u00eempline\u0219te 31 de edi\u021bii. E o longevitate pentru care le mul\u021bumesc tuturor celor care, de-a lungul anilor, au avut grij\u0103 ca evenimentul s\u0103 se \u00eent\u00e2mple \u0219i s\u0103 sporeasc\u0103 valoric. Este limpede c\u0103 aten\u021bia de care se bucur\u0103 se datoreaz\u0103 faptului c\u0103 prin selectarea riguroas\u0103 a participan\u021bilor am (re)orientat publicul c\u0103tre valorile populare autentice rom\u00e2ne\u0219ti, c\u0103tre ceea ce \u00eenseamn\u0103 tradi\u021bie, iar spectatorul tulcean a devenit, din an \u00een an, din ce \u00een ce mai preten\u021bios. Pe de alt\u0103 parte, spectatorul despre care vorbesc a fost educat \u00een timp s\u0103 pre\u021buiasc\u0103 diversitatea etnic\u0103 \u0219i na\u021bional\u0103, referindu-m\u0103 aici la ansamblurile din str\u0103in\u0103tate, s\u0103 ia contact cu alte culturi tradi\u021bionale, s\u0103 aib\u0103 cuno\u0219tin\u021b\u0103, adic\u0103, de crea\u021bii artistice ale altor culturi spirituale populare\u201d, <\/span><\/i><span>a declarat managerul Ansamblului Artistic Profesionist \u201eBaladele Deltei\u201d, prof. Aurelian Croitoru.<\/span><\/p>\n<p class=\"MsoNormal\"><span>Programul Festivalului Interna\u021bional de Folclor \u201ePe\u0219ti\u0219orul de Aur\u201d, edi\u021bia a XXXII-a: <span>\u00a0<\/span><\/span><\/p>\n<p class=\"MsoNormal\"><b><span>S\u00e2mb\u0103t\u0103, 8 august 2026<\/span><\/b><\/p>\n<p class=\"MsoNormal\"><span>\u2013 ora 18:00 \u2013 Parada portului \u0219i dansului popular pe traseul:<\/span><\/p>\n<p class=\"MsoNormal\"><span>Biblioteca Jude\u021bean\u0103 \u201ePanait Cerna\u201e \u2013 str. Isaccei \u2013 str. Unirii- str. Babadag \u2013 str. Dobrogeanu Gherea \u2013 str. P\u0103cii \u2013<span>\u00a0 <\/span>Pia\u021ba Civic\u0103 Tulcea.<\/span><\/p>\n<p class=\"MsoNormal\"><span>\u2013 ora 18:30 \u2013 Pia\u021ba Civic\u0103 \u2013 Deschiderea Festivalului \u2013 Concurs Interna\u021bional de Folclor \u201ePe\u0219ti\u0219orul de Aur\u201d, a XXXII-a edi\u021bie.<\/span><\/p>\n<p class=\"MsoNormal\"><span>-ora 19:30 \u2013 Scena din Pia\u021ba Civic\u0103 Tulcea \u2013 Spectacol \u2013 Concurs<\/span><\/p>\n<p class=\"MsoNormal\"><b><span>Duminic\u0103, 9 august 2026<\/span><\/b><\/p>\n<p class=\"MsoNormal\"><span>\u2013 ora18:30 \u2013 Faleza \u201eIvan Patzaichin\u201d- Spectacol folcloric<\/span><\/p>\n<p class=\"MsoNormal\"><span>\u2013 ora19:30 \u2013 Pia\u021ba Civic\u0103 Tulcea \u2013 Spectacol \u2013 Concurs<\/span><\/p>\n<p class=\"MsoNormal\"><b><span>Luni, 10 august 2026<\/span><\/b><\/p>\n<p class=\"MsoNormal\"><span>\u2013 ora 18:30 \u2013 Faleza \u201eIvan Patzaichin\u201d- Spectacol Folcloric <\/span><\/p>\n<p class=\"MsoNormal\"><span>\u2013 ora 19:30 \u2013 Pia\u021ba Civic\u0103 Tulcea \u2013 Spectacol \u2013 Concurs<\/span><\/p>\n<p class=\"MsoNormal\"><b><span>Mar\u021bi, 11 august 2026<\/span><\/b><\/p>\n<p class=\"MsoNormal\"><b><span>\u2013 <\/span><\/b><span>Festivitatea de premiere \u0219i Spectacolul de Gal\u0103.<\/span><\/p>\n<p class=\"MsoNormal\"><span><span>\u00a0\u00a0\u00a0\u00a0\u00a0\u00a0\u00a0\u00a0\u00a0\u00a0\u00a0 <\/span>Anul trecut, MARELE PREMIU a fost acordat Ansamblului Folcloric \u201eDanubius\u201d din Tulcea.<\/span><span>\u00a0<\/span><\/p>\n<p class=\"MsoNormal\" align=\"center\"><b><span>Manager,<\/span><\/b><\/p>\n<p class=\"MsoNormal\" align=\"center\"><b><span>Prof. Aurelian Croitoru<\/span><\/b><\/p>\n<\/div>\n<p>[analyse_source url=&#8221;https:\/\/ziaruldetulcea.ro\/festivalul-pestisorul-de-aur-a-ajuns-la-editia-a-xxxii-a\/&#8221;]<\/p>\n","protected":false},"excerpt":{"rendered":"<p>[analyse_image type=&#8221;featured&#8221; src=&#8221;https:\/\/ziaruldetulcea.ro\/wp-content\/uploads\/2026\/07\/FB_IMG_1784026602496-640&#215;300.jpg&#8221;] Consiliul Jude\u021bean Tulcea, Prim\u0103ria Municipiului Tulcea, Ansamblul Artistic Profesionist \u201eBaladele Deltei\u201d, Ministerul Educa\u021biei \u0219i Cercet\u0103rii, Inspectoratul \u0218colar Jude\u021bean Tulcea \u0219i Palatul Copiilor Tulcea \u00a0organizeaz\u0103 \u00een perioada \u00a07-12 august 2026, \u00een Tulcea, edi\u021bia a XXXII-a a Festivalului-Concurs Interna\u021bional de Folclor \u201ePe\u0219ti\u0219orul de Aur\u201d. \u00a0\u00a0\u00a0\u00a0\u00a0 De peste hotare vor sosi Ansamblul de dans popular [&hellip;]<\/p>\n","protected":false},"author":1,"featured_media":0,"comment_status":"open","ping_status":"","sticky":false,"template":"","format":"standard","meta":{"footnotes":""},"categories":[89],"tags":[226,205],"class_list":["post-2072682","post","type-post","status-publish","format-standard","hentry","category-romania","tag-crawlmanager","tag-ziaruldetulcea-ro"],"_links":{"self":[{"href":"https:\/\/analyse.optim.biz\/index.php?rest_route=\/wp\/v2\/posts\/2072682","targetHints":{"allow":["GET"]}}],"collection":[{"href":"https:\/\/analyse.optim.biz\/index.php?rest_route=\/wp\/v2\/posts"}],"about":[{"href":"https:\/\/analyse.optim.biz\/index.php?rest_route=\/wp\/v2\/types\/post"}],"author":[{"embeddable":true,"href":"https:\/\/analyse.optim.biz\/index.php?rest_route=\/wp\/v2\/users\/1"}],"replies":[{"embeddable":true,"href":"https:\/\/analyse.optim.biz\/index.php?rest_route=%2Fwp%2Fv2%2Fcomments&post=2072682"}],"version-history":[{"count":0,"href":"https:\/\/analyse.optim.biz\/index.php?rest_route=\/wp\/v2\/posts\/2072682\/revisions"}],"wp:attachment":[{"href":"https:\/\/analyse.optim.biz\/index.php?rest_route=%2Fwp%2Fv2%2Fmedia&parent=2072682"}],"wp:term":[{"taxonomy":"category","embeddable":true,"href":"https:\/\/analyse.optim.biz\/index.php?rest_route=%2Fwp%2Fv2%2Fcategories&post=2072682"},{"taxonomy":"post_tag","embeddable":true,"href":"https:\/\/analyse.optim.biz\/index.php?rest_route=%2Fwp%2Fv2%2Ftags&post=2072682"}],"curies":[{"name":"wp","href":"https:\/\/api.w.org\/{rel}","templated":true}]}}