{"id":2072652,"date":"2026-08-01T13:16:29","date_gmt":"2026-08-01T10:16:29","guid":{"rendered":"https:\/\/analyse.optim.biz\/?p=2072652"},"modified":"2026-08-01T13:16:29","modified_gmt":"2026-08-01T10:16:29","slug":"timisoara-restrictii-de-trafic-pentru-lucrari-la-infrastructura-rutiera","status":"publish","type":"post","link":"https:\/\/analyse.optim.biz\/?p=2072652","title":{"rendered":"Timi\u0219oara: Restric\u021bii de trafic pentru lucr\u0103ri la infrastructura rutier\u0103"},"content":{"rendered":"<p>[analyse_image type=&#8221;featured&#8221; src=&#8221;http:\/\/www.banatulmeu.ro\/wp-content\/uploads\/2026\/07\/lucrari-e1784715531392.jpg&#8221;]<\/p>\n<div class=\"post-content-bd\">\n<p>\u00cencep\u00e2nd de luni, 3 august, \u00een Timi\u0219oara vor intra \u00een vigoare mai multe restric\u021bii de circula\u021bie, ca urmare a lucr\u0103rilor de infrastructur\u0103 \u0219i repara\u021bii avizate de Comisia de Circula\u021bie din cadrul Prim\u0103riei Timi\u0219oara. M\u0103surile vizeaz\u0103 mai multe artere importante din ora\u0219 \u0219i vor fi aplicate etapizat.<span class=\"Apple-converted-space\">\u00a0<\/span><\/p>\n<p>Cea mai important\u0103 interven\u021bie va avea loc pe bulevardul Liviu Rebreanu. La solicitarea SDM, luni, <strong>3 august<\/strong>, circula\u021bia rutier\u0103 va fi \u00eenchis\u0103 \u00een intersec\u021bia bulevardului Liviu Rebreanu cu strada Arie\u0219, iar traficul va fi deviat pe Calea Martirilor.<\/p>\n<p>Totodat\u0103, din <strong>7 august<\/strong>, \u0219oferii care circul\u0103 pe Calea Martirilor vor putea vira la st\u00e2nga pe bulevardul Liviu Rebreanu, iar la ie\u0219irea din parcarea stadionului va fi permis doar virajul la dreapta.<span class=\"Apple-converted-space\">\u00a0<\/span><\/p>\n<p>Tot din <strong>3 august, p\u00e2n\u0103 \u00een 18 august<\/strong>, traficul va fi deviat pe contrasens pe bulevardul Republicii, pe tronsonul cuprins \u00eentre bulevardul General Ion Dragalina \u0219i strada Jiul, pentru lucr\u0103ri de asfaltare a carosabilului.<span class=\"Apple-converted-space\">\u00a0<\/span><\/p>\n<p>\u00cen aceea\u0219i perioad\u0103, \u00eentre <strong>3 \u0219i 14 august<\/strong>, circula\u021bia va fi restric\u021bionat\u0103 pe strada Crizantemelor, pentru finalizarea lucr\u0103rilor de introducere \u0219i montare \u00een subteran a cablurilor electrice de medie tensiune.<span class=\"Apple-converted-space\">\u00a0<\/span><\/p>\n<p>De asemenea, \u00eentre <strong>5 august \u0219i 30 septembrie<\/strong>, vor exista restric\u021bii de trafic pe strada Vulturilor, unde vor fi ref\u0103cute trotuarele. Tot din <strong>5 p\u00e2n\u0103 \u00een 13 august<\/strong>, circula\u021bia va fi \u00eenchis\u0103 pe strada Salc\u00e2milor, \u00eentre strada Mare\u0219al Alexandru Averescu \u0219i bulevardul Liviu Rebreanu, pentru refacerea asfaltului \u0219i aducerea capacelor de canalizare la nivelul carosabilului.<span class=\"Apple-converted-space\">\u00a0<\/span><\/p>\n<p>Prim\u0103ria anun\u021b\u0103 \u0219i restric\u021bii temporare \u00een <strong>7 august<\/strong>, \u00eentre orele 18:30 \u0219i 21:00, c\u00e2nd se va desf\u0103\u0219ura Parada ISWinT. Participan\u021bii vor parcurge traseul: Cantina Politehnica \u2013 Colegiul Na\u021bional de Art\u0103 \u201eIon Vidu\u201d \u2013 Universitatea de Vest din Timi\u0219oara \u2013 Universitatea Politehnica Timi\u0219oara \u2013 Pia\u021ba Victoriei \u2013 Pia\u021ba Libert\u0103\u021bii \u2013 Pia\u021ba Unirii \u2013 Parcul Botanic \u2013 Iulius Gardens.<span class=\"Apple-converted-space\">\u00a0<\/span><\/p>\n<\/div>\n<p>[analyse_source url=&#8221;http:\/\/www.banatulmeu.ro\/timisoara-restrictii-de-trafic-pentru-lucrari-la-infrastructura-rutiera\/&#8221;]<\/p>\n","protected":false},"excerpt":{"rendered":"<p>[analyse_image type=&#8221;featured&#8221; src=&#8221;http:\/\/www.banatulmeu.ro\/wp-content\/uploads\/2026\/07\/lucrari-e1784715531392.jpg&#8221;] \u00cencep\u00e2nd de luni, 3 august, \u00een Timi\u0219oara vor intra \u00een vigoare mai multe restric\u021bii de circula\u021bie, ca urmare a lucr\u0103rilor de infrastructur\u0103 \u0219i repara\u021bii avizate de Comisia de Circula\u021bie din cadrul Prim\u0103riei Timi\u0219oara. M\u0103surile vizeaz\u0103 mai multe artere importante din ora\u0219 \u0219i vor fi aplicate etapizat.\u00a0 Cea mai important\u0103 interven\u021bie va avea [&hellip;]<\/p>\n","protected":false},"author":1,"featured_media":0,"comment_status":"open","ping_status":"","sticky":false,"template":"","format":"standard","meta":{"footnotes":""},"categories":[89],"tags":[204,226],"class_list":["post-2072652","post","type-post","status-publish","format-standard","hentry","category-romania","tag-banatulmeu-ro","tag-crawlmanager"],"_links":{"self":[{"href":"https:\/\/analyse.optim.biz\/index.php?rest_route=\/wp\/v2\/posts\/2072652","targetHints":{"allow":["GET"]}}],"collection":[{"href":"https:\/\/analyse.optim.biz\/index.php?rest_route=\/wp\/v2\/posts"}],"about":[{"href":"https:\/\/analyse.optim.biz\/index.php?rest_route=\/wp\/v2\/types\/post"}],"author":[{"embeddable":true,"href":"https:\/\/analyse.optim.biz\/index.php?rest_route=\/wp\/v2\/users\/1"}],"replies":[{"embeddable":true,"href":"https:\/\/analyse.optim.biz\/index.php?rest_route=%2Fwp%2Fv2%2Fcomments&post=2072652"}],"version-history":[{"count":0,"href":"https:\/\/analyse.optim.biz\/index.php?rest_route=\/wp\/v2\/posts\/2072652\/revisions"}],"wp:attachment":[{"href":"https:\/\/analyse.optim.biz\/index.php?rest_route=%2Fwp%2Fv2%2Fmedia&parent=2072652"}],"wp:term":[{"taxonomy":"category","embeddable":true,"href":"https:\/\/analyse.optim.biz\/index.php?rest_route=%2Fwp%2Fv2%2Fcategories&post=2072652"},{"taxonomy":"post_tag","embeddable":true,"href":"https:\/\/analyse.optim.biz\/index.php?rest_route=%2Fwp%2Fv2%2Ftags&post=2072652"}],"curies":[{"name":"wp","href":"https:\/\/api.w.org\/{rel}","templated":true}]}}