{"id":2072647,"date":"2026-07-31T14:03:23","date_gmt":"2026-07-31T11:03:23","guid":{"rendered":"https:\/\/analyse.optim.biz\/?p=2072647"},"modified":"2026-07-31T14:03:23","modified_gmt":"2026-07-31T11:03:23","slug":"restrictii-in-zeci-de-localitati-din-timis-dupa-confirmarea-unui-focar-de-pesta-a-micilor-rumegatoare","status":"publish","type":"post","link":"https:\/\/analyse.optim.biz\/?p=2072647","title":{"rendered":"Restric\u021bii \u00een zeci de localit\u0103\u021bi din Timi\u0219 dup\u0103 confirmarea unui focar de pest\u0103 a micilor rumeg\u0103toare"},"content":{"rendered":"<p>[analyse_image type=&#8221;featured&#8221; src=&#8221;https:\/\/orasul-timisoara.ro\/wp-content\/uploads\/2026\/07\/focar-pesta.jpg&#8221;]<\/p>\n<article id=\"post-39945\" class=\"td-post-template-7 post-39945 post type-post status-publish format-standard has-post-thumbnail category-administratie category-featured category-sanatate category-stiri-timisoara tag-caprine tag-ciacova tag-dsvsa-timis tag-giulvaz tag-ovine tag-peciu-nou tag-pesta-micilor-rumegatoare tag-restrictii-2 tag-uivar td-container-wrap\">\n<div class=\"td-full-screen-header-image-wrap\">\n<div class=\"td-container td-post-header\">\n<div class=\"td-crumb-container\">\n<div class=\"entry-crumbs\"><span><a title=\"Vede\u021bi toate articolele \u00een Administra\u021bie local\u0103\" class=\"entry-crumb\" href=\"https:\/\/orasul-timisoara.ro\/local-category\/administratie\/\">Administra\u021bie local\u0103<\/a><\/span><span class=\"td-bred-no-url-last\">Restric\u021bii \u00een zeci de localit\u0103\u021bi din Timi\u0219 dup\u0103 confirmarea unui focar de&#8230;<\/span><\/div>\n<\/div>\n<div class=\"td-post-header-holder\">\n<div class=\"td-parallax-header\">\n<header class=\"td-post-title\">\n<ul class=\"td-category\">\n<li class=\"entry-category\"><a href=\"https:\/\/orasul-timisoara.ro\/local-category\/administratie\/\">Administra\u021bie local\u0103<\/a><\/li>\n<li class=\"entry-category\"><a href=\"https:\/\/orasul-timisoara.ro\/local-category\/sanatate\/\">S\u0103n\u0103tate<\/a><\/li>\n<li class=\"entry-category\"><a href=\"https:\/\/orasul-timisoara.ro\/local-category\/stiri-timisoara\/\">\u0218tiri Locale<\/a><\/li>\n<\/ul>\n<h1 class=\"entry-title\">Restric\u021bii \u00een zeci de localit\u0103\u021bi din Timi\u0219 dup\u0103 confirmarea unui focar de pest\u0103 a micilor rumeg\u0103toare<\/h1>\n<div class=\"td-module-meta-info\">\n<div class=\"td-post-author-name\">\n<div class=\"td-author-by\">De c\u0103tre<\/div>\n<p><a href=\"https:\/\/orasul-timisoara.ro\/author\/timisoara\/\">redactia<\/a><\/p>\n<div class=\"td-author-line\"> &#8211; <\/div>\n<\/div>\n<p><span class=\"td-post-date\"><time class=\"entry-date updated td-module-date\" datetime=\"2026-07-31T17:03:23+03:00\">31\/07\/2026<\/time><\/span><\/div>\n<\/header>\n<\/div>\n<\/div>\n<\/div>\n<div id=\"td-full-screen-header-image\" class=\"td-image-gradient-style7\"><img decoding=\"async\" class=\"td-backstretch\" src=\"https:\/\/orasul-timisoara.ro\/wp-content\/uploads\/2026\/07\/focar-pesta.jpg\"><\/div>\n<\/div>\n<div class=\"td-container\">\n<div class=\"td-pb-row\">\n<div class=\"td-pb-span8 td-main-content\" role=\"main\">\n<div class=\"td-ss-main-content\">\n<div class=\"td-post-sharing-top\">\n<div class=\"td-post-sharing-classic\"><iframe title=\"topFacebookLike\" frameborder src=\"https:\/\/www.facebook.com\/plugins\/like.php?href=https:\/\/orasul-timisoara.ro\/local-39945\/&amp;layout=button_count&amp;show_faces=false&amp;width=105&amp;action=like&amp;colorscheme=light&amp;height=21\"><\/iframe><\/div>\n<div id=\"td_social_sharing_article_top\" class=\"td-post-sharing td-ps-bg td-ps-notext td-post-sharing-style1 \">\n<div class=\"td-post-sharing-visible\"><a class=\"td-social-sharing-button td-social-sharing-button-js td-social-network td-social-facebook\" href=\"https:\/\/www.facebook.com\/sharer.php?u=https%3A%2F%2Forasul-timisoara.ro%2Flocal-39945%2F\" title=\"Facebook\"><\/p>\n<div class=\"td-social-but-text\">Facebook<\/div>\n<p><\/a><a class=\"td-social-sharing-button td-social-sharing-button-js td-social-network td-social-twitter\" href=\"https:\/\/twitter.com\/intent\/tweet?text=Restric%C8%9Bii+%C3%AEn+zeci+de+localit%C4%83%C8%9Bi+din+Timi%C8%99+dup%C4%83+confirmarea+unui+focar+de+pest%C4%83+a+micilor+rumeg%C4%83toare&amp;url=https%3A%2F%2Forasul-timisoara.ro%2Flocal-39945%2F&amp;via=orasultm\" title=\"Twitter\"><\/p>\n<div class=\"td-social-but-text\">Twitter<\/div>\n<p><\/a><a class=\"td-social-sharing-button td-social-sharing-button-js td-social-network td-social-whatsapp\" href=\"https:\/\/api.whatsapp.com\/send?text=Restric%C8%9Bii+%C3%AEn+zeci+de+localit%C4%83%C8%9Bi+din+Timi%C8%99+dup%C4%83+confirmarea+unui+focar+de+pest%C4%83+a+micilor+rumeg%C4%83toare%20%0A%0A%20https:\/\/orasul-timisoara.ro\/local-39945\/\" title=\"WhatsApp\"><\/p>\n<div class=\"td-social-but-text\">WhatsApp<\/div>\n<p><\/a><a class=\"td-social-sharing-button td-social-sharing-button-js td-social-network td-social-linkedin\" href=\"https:\/\/www.linkedin.com\/shareArticle?mini=true&amp;url=https:\/\/orasul-timisoara.ro\/local-39945\/&amp;title=Restric%C8%9Bii+%C3%AEn+zeci+de+localit%C4%83%C8%9Bi+din+Timi%C8%99+dup%C4%83+confirmarea+unui+focar+de+pest%C4%83+a+micilor+rumeg%C4%83toare\" title=\"Linkedin\"><\/p>\n<div class=\"td-social-but-text\">Linkedin<\/div>\n<p><\/a><a class=\"td-social-sharing-button td-social-sharing-button-js td-social-network td-social-reddit\" href=\"https:\/\/reddit.com\/submit?url=https:\/\/orasul-timisoara.ro\/local-39945\/&amp;title=Restric%C8%9Bii+%C3%AEn+zeci+de+localit%C4%83%C8%9Bi+din+Timi%C8%99+dup%C4%83+confirmarea+unui+focar+de+pest%C4%83+a+micilor+rumeg%C4%83toare\" title=\"ReddIt\"><\/p>\n<div class=\"td-social-but-text\">ReddIt<\/div>\n<p><\/a><a class=\"td-social-sharing-button td-social-sharing-button-js td-social-network td-social-mail\" href=\"mailto:?subject=Restric%C8%9Bii%20%C3%AEn%20zeci%20de%20localit%C4%83%C8%9Bi%20din%20Timi%C8%99%20dup%C4%83%20confirmarea%20unui%20focar%20de%20pest%C4%83%20a%20micilor%20rumeg%C4%83toare&amp;body=https:\/\/orasul-timisoara.ro\/local-39945\/\" title=\"Email\"><\/p>\n<div class=\"td-social-but-text\">Email<\/div>\n<p><\/a><a class=\"td-social-sharing-button td-social-sharing-button-js td-social-network td-social-print\" href=\"https:\/\/orasul-timisoara.ro\/local-39945\/\" title=\"Imprimare\"><\/p>\n<div class=\"td-social-but-text\">Imprimare<\/div>\n<p><\/a><\/div>\n<\/div>\n<\/div>\n<div class=\"td-post-content tagdiv-type\">\n<p class=\"wp-block-paragraph\">Direc\u021bia Sanitar\u0103 Veterinar\u0103 \u0219i pentru Siguran\u021ba Alimentelor (DSVSA) Timi\u0219 a confirmat apari\u021bia unui <strong>focar de pest\u0103 a micilor rumeg\u0103toare<\/strong> \u00eentr-o exploata\u021bie de ovine din localitatea <strong>Giulv\u0103z<\/strong>. \u00cen urma confirm\u0103rii bolii, Centrul Local de Combatere a Bolilor (CLCB) s-a reunit \u00een \u0219edin\u021b\u0103 pentru aprobarea m\u0103surilor de interven\u021bie \u0219i limitare a r\u0103sp\u00e2ndirii virusului.<\/p>\n<p class=\"wp-block-paragraph\">Autorit\u0103\u021bile au decis instituirea unor zone de protec\u021bie \u0219i supraveghere, precum \u0219i aplicarea m\u0103surilor prev\u0103zute de legisla\u021bia sanitar-<\/p>\n<p class=\"wp-block-paragraph\">veterinar\u0103 pentru eradicarea focarului.<\/p>\n<h2 class=\"wp-block-heading\">Zone de protec\u021bie \u0219i supraveghere \u00een jurul focarului<\/h2>\n<p class=\"wp-block-paragraph\">Pentru limitarea r\u0103sp\u00e2ndirii virusului au fost stabilite dou\u0103 perimetre de restric\u021bie \u00een jurul exploata\u021biei afectate.<\/p>\n<p class=\"wp-block-paragraph\"><strong>Zona de protec\u021bie (0\u20135 km)<\/strong> include localit\u0103\u021bile:<\/p>\n<ul class=\"wp-block-list\">\n<li>Giulv\u0103z;<\/li>\n<li>Ivanda.<\/li>\n<\/ul>\n<p class=\"wp-block-paragraph\"><strong>Zona de supraveghere (0\u201320 km)<\/strong> cuprinde urm\u0103toarele localit\u0103\u021bi:<br \/>Cebza, Livezile, Ofseni\u021ba, Giera, Toager, Dola\u021b, Ghilad, Ciacova, Gad, Crai Nou, Rudna, Macedonia, Obad, Petroman, Cruceni, Foeni, Jebel, P\u0103dureni, Iohanisfeld, Otelec, Pustini\u0219, Peciu Nou, S\u00e2nmartinu Maghiar, Par\u021ba, Uivar, \u0218ag, R\u0103u\u021bi, Dinia\u0219, Cenei, Utvin, S\u00e2nmihaiu Rom\u00e2n, S\u00e2nmihaiu German \u0219i Bobda.<\/p>\n<h2 class=\"wp-block-heading\">Restric\u021bii stricte pentru cresc\u0103torii de ovine \u0219i caprine<\/h2>\n<p class=\"wp-block-paragraph\">\u00cen zona de protec\u021bie este interzis\u0103 circula\u021bia \u0219i transportul ovinelor \u0219i caprinelor pe drumurile publice sau private, cu excep\u021bia celor care deservesc exploata\u021biile.<\/p>\n<p class=\"wp-block-paragraph\">De asemenea:<\/p>\n<ul class=\"wp-block-list\">\n<li>toate exploata\u021biile cu animale receptive vor fi recenzate;<\/li>\n<li>orice animal bolnav sau mort trebuie anun\u021bat imediat medicului veterinar sau DSVSA;<\/li>\n<li>animalele din exploata\u021bia afectat\u0103 vor fi ucise sub control oficial, iar cadavrele vor fi neutralizate prin incinerare \u00eentr-o unitate autorizat\u0103.<\/li>\n<\/ul>\n<p class=\"wp-block-paragraph\">M\u0103surile din zona de protec\u021bie vor r\u0103m\u00e2ne \u00een vigoare timp de <strong>33 de zile dup\u0103 dezinfec\u021bia final\u0103<\/strong>, efectuat\u0103 dup\u0103 eliminarea animalelor \u0219i finalizarea opera\u021biunilor sanitare.<\/p>\n<h2 class=\"wp-block-heading\">Restric\u021bii \u0219i \u00een zona de supraveghere<\/h2>\n<p class=\"wp-block-paragraph\">\u0218i \u00een zona de supraveghere vor fi aplicate m\u0103suri speciale.<\/p>\n<p class=\"wp-block-paragraph\">Autorit\u0103\u021bile vor efectua recens\u0103m\u00e2ntul exploata\u021biilor cu animale receptive, iar f\u0103r\u0103 avizul DSVSA Timi\u0219 va fi interzis\u0103 scoaterea din zon\u0103 a:<\/p>\n<ul class=\"wp-block-list\">\n<li>c\u0103rnii de ovine \u0219i caprine;<\/li>\n<li>preparatelor \u0219i produselor din carne;<\/li>\n<li>subproduselor de origine animal\u0103;<\/li>\n<li>materialului seminal;<\/li>\n<li>embrionilor;<\/li>\n<li>ovulelor provenite de la speciile receptive.<\/li>\n<\/ul>\n<h2 class=\"wp-block-heading\">Controale intensificate \u00een trafic<\/h2>\n<p class=\"wp-block-paragraph\">Pentru prevenirea comer\u021bului ilegal cu animale \u0219i produse provenite de la acestea, DSVSA Timi\u0219 anun\u021b\u0103 intensificarea controalelor \u00een trafic pe \u00eentreg teritoriul jude\u021bului.<\/p>\n<p class=\"wp-block-paragraph\">Ac\u021biunile vor urm\u0103ri respectarea restric\u021biilor privind transportul animalelor vii, precum \u0219i al produselor de origine animal\u0103 provenite din zonele aflate sub restric\u021bii.<\/p>\n<h2 class=\"wp-block-heading\">Boala nu se transmite la oameni<\/h2>\n<p class=\"wp-block-paragraph\">DSVSA Timi\u0219 subliniaz\u0103 c\u0103 <strong>virusul pestei micilor rumeg\u0103toare nu este transmisibil la om<\/strong>, astfel c\u0103 nu exist\u0103 risc pentru s\u0103n\u0103tatea popula\u021biei.<\/p>\n<p class=\"wp-block-paragraph\">Boala afecteaz\u0103 exclusiv ovinele \u0219i caprinele, \u00eens\u0103 poate produce pierderi economice importante pentru cresc\u0103torii de animale \u0219i pentru sectorul zootehnic, motiv pentru care m\u0103surile de combatere sunt aplicate cu maxim\u0103 stricte\u021be.<\/p>\n<\/div>\n<footer>\n<div class=\"td-post-source-tags\">\n<ul class=\"td-tags td-post-small-box clearfix\">\n<li><span>ETICHETE<\/span><\/li>\n<li><a href=\"https:\/\/orasul-timisoara.ro\/local-tag\/caprine\/\">caprine<\/a><\/li>\n<li><a href=\"https:\/\/orasul-timisoara.ro\/local-tag\/ciacova\/\">ciacova<\/a><\/li>\n<li><a href=\"https:\/\/orasul-timisoara.ro\/local-tag\/dsvsa-timis\/\">DSVSA Timi\u0219<\/a><\/li>\n<li><a href=\"https:\/\/orasul-timisoara.ro\/local-tag\/giulvaz\/\">Giulv\u0103z<\/a><\/li>\n<li><a href=\"https:\/\/orasul-timisoara.ro\/local-tag\/ovine\/\">ovine<\/a><\/li>\n<li><a href=\"https:\/\/orasul-timisoara.ro\/local-tag\/peciu-nou\/\">peciu nou<\/a><\/li>\n<li><a href=\"https:\/\/orasul-timisoara.ro\/local-tag\/pesta-micilor-rumegatoare\/\">pesta micilor rumeg\u0103toare<\/a><\/li>\n<li><a href=\"https:\/\/orasul-timisoara.ro\/local-tag\/restrictii-2\/\">restric\u021bii<\/a><\/li>\n<li><a href=\"https:\/\/orasul-timisoara.ro\/local-tag\/uivar\/\">uivar<\/a><\/li>\n<\/ul>\n<\/div>\n<div class=\"td-post-sharing-bottom\">\n<div class=\"td-post-sharing-classic\"><iframe title=\"bottomFacebookLike\" frameborder src=\"https:\/\/www.facebook.com\/plugins\/like.php?href=https:\/\/orasul-timisoara.ro\/local-39945\/&amp;layout=button_count&amp;show_faces=false&amp;width=105&amp;action=like&amp;colorscheme=light&amp;height=21\"><\/iframe><\/div>\n<div id=\"td_social_sharing_article_bottom\" class=\"td-post-sharing td-ps-bg td-ps-notext td-post-sharing-style1 \">\n<div class=\"td-post-sharing-visible\"><a class=\"td-social-sharing-button td-social-sharing-button-js td-social-network td-social-facebook\" href=\"https:\/\/www.facebook.com\/sharer.php?u=https%3A%2F%2Forasul-timisoara.ro%2Flocal-39945%2F\" title=\"Facebook\"><\/p>\n<div class=\"td-social-but-text\">Facebook<\/div>\n<p><\/a><a class=\"td-social-sharing-button td-social-sharing-button-js td-social-network td-social-twitter\" href=\"https:\/\/twitter.com\/intent\/tweet?text=Restric%C8%9Bii+%C3%AEn+zeci+de+localit%C4%83%C8%9Bi+din+Timi%C8%99+dup%C4%83+confirmarea+unui+focar+de+pest%C4%83+a+micilor+rumeg%C4%83toare&amp;url=https%3A%2F%2Forasul-timisoara.ro%2Flocal-39945%2F&amp;via=orasultm\" title=\"Twitter\"><\/p>\n<div class=\"td-social-but-text\">Twitter<\/div>\n<p><\/a><a class=\"td-social-sharing-button td-social-sharing-button-js td-social-network td-social-whatsapp\" href=\"https:\/\/api.whatsapp.com\/send?text=Restric%C8%9Bii+%C3%AEn+zeci+de+localit%C4%83%C8%9Bi+din+Timi%C8%99+dup%C4%83+confirmarea+unui+focar+de+pest%C4%83+a+micilor+rumeg%C4%83toare%20%0A%0A%20https:\/\/orasul-timisoara.ro\/local-39945\/\" title=\"WhatsApp\"><\/p>\n<div class=\"td-social-but-text\">WhatsApp<\/div>\n<p><\/a><a class=\"td-social-sharing-button td-social-sharing-button-js td-social-network td-social-linkedin\" href=\"https:\/\/www.linkedin.com\/shareArticle?mini=true&amp;url=https:\/\/orasul-timisoara.ro\/local-39945\/&amp;title=Restric%C8%9Bii+%C3%AEn+zeci+de+localit%C4%83%C8%9Bi+din+Timi%C8%99+dup%C4%83+confirmarea+unui+focar+de+pest%C4%83+a+micilor+rumeg%C4%83toare\" title=\"Linkedin\"><\/p>\n<div class=\"td-social-but-text\">Linkedin<\/div>\n<p><\/a><a class=\"td-social-sharing-button td-social-sharing-button-js td-social-network td-social-reddit\" href=\"https:\/\/reddit.com\/submit?url=https:\/\/orasul-timisoara.ro\/local-39945\/&amp;title=Restric%C8%9Bii+%C3%AEn+zeci+de+localit%C4%83%C8%9Bi+din+Timi%C8%99+dup%C4%83+confirmarea+unui+focar+de+pest%C4%83+a+micilor+rumeg%C4%83toare\" title=\"ReddIt\"><\/p>\n<div class=\"td-social-but-text\">ReddIt<\/div>\n<p><\/a><a class=\"td-social-sharing-button td-social-sharing-button-js td-social-network td-social-mail\" href=\"mailto:?subject=Restric%C8%9Bii%20%C3%AEn%20zeci%20de%20localit%C4%83%C8%9Bi%20din%20Timi%C8%99%20dup%C4%83%20confirmarea%20unui%20focar%20de%20pest%C4%83%20a%20micilor%20rumeg%C4%83toare&amp;body=https:\/\/orasul-timisoara.ro\/local-39945\/\" title=\"Email\"><\/p>\n<div class=\"td-social-but-text\">Email<\/div>\n<p><\/a><a class=\"td-social-sharing-button td-social-sharing-button-js td-social-network td-social-print\" href=\"https:\/\/orasul-timisoara.ro\/local-39945\/\" title=\"Imprimare\"><\/p>\n<div class=\"td-social-but-text\">Imprimare<\/div>\n<p><\/a><\/div>\n<\/div>\n<\/div>\n<div class=\"td-block-row td-post-next-prev\">\n<div class=\"td-block-span6 td-post-prev-post\">\n<div class=\"td-post-next-prev-content\"><span>Articolul precedent<\/span><a href=\"https:\/\/orasul-timisoara.ro\/local-39943\/\">Opt proiecte importante pe masa Consiliului Local Timi\u0219oara \u00een \u0219edin\u021ba extraordinar\u0103 din 4 august<\/a><\/div>\n<\/div>\n<div class=\"td-block-span6 td-post-next-post\">\n<div class=\"td-post-next-prev-content\"><span>Articolul urm\u0103tor<\/span><a href=\"https:\/\/orasul-timisoara.ro\/local-39948\/\">SCM USV Timi\u0219oara a transferat unul dintre cei mai promi\u021b\u0103tori rugbi\u0219ti rom\u00e2ni<\/a><\/div>\n<\/div>\n<\/div>\n<div class=\"td-author-name vcard author\"><span class=\"fn\"><a href=\"https:\/\/orasul-timisoara.ro\/author\/timisoara\/\">redactia<\/a><\/span><\/div>\n<p><span class=\"td-page-meta\"><\/span><span class=\"td-page-meta\"><span class=\"td-page-meta\"><\/span><\/span><span class=\"td-page-meta\"><\/span><\/footer>\n<div class=\"td_block_wrap td_block_related_posts tdi_3 td_with_ajax_pagination td-pb-border-top td_block_template_8\" data-td-block-uid=\"tdi_3\">\n<h4 class=\"td-related-title td-block-title\"><a id=\"tdi_4\" class=\"td-related-left td-cur-simple-item\" data-td_filter_value data-td_block_id=\"tdi_3\" href=\"https:\/\/orasul-timisoara.ro\/local-39945\/\">ARTICOLE SIMILARE<\/a><a id=\"tdi_5\" class=\"td-related-right\" data-td_filter_value=\"td_related_more_from_author\" data-td_block_id=\"tdi_3\" href=\"https:\/\/orasul-timisoara.ro\/local-39945\/\">DE LA ACELA\u0218I AUTOR<\/a><\/h4>\n<div id=\"tdi_3\" class=\"td_block_inner\">\n<div class=\"td-related-row\">\n<div class=\"td-related-span4\">\n<div class=\"td_module_related_posts td-animation-stack td_mod_related_posts\">\n<div class=\"td-module-image\">\n<div class=\"td-module-thumb\"><a href=\"https:\/\/orasul-timisoara.ro\/local-39869\/\" rel=\"bookmark\" class=\"td-image-wrap \" title=\"Summer Beach Cup 2026 revine la Ciacova cu sport, concerte \u0219i mii de participan\u021bi\"><img loading=\"lazy\" decoding=\"async\" class=\"entry-thumb\" src=\"https:\/\/orasul-timisoara.ro\/wp-content\/uploads\/2026\/07\/ciacova-summer-beach-436x300.jpg\" alt title=\"Summer Beach Cup 2026 revine la Ciacova cu sport, concerte \u0219i mii de participan\u021bi\" width=\"218\" height=\"150\"><\/a><\/div>\n<\/div>\n<div class=\"item-details\">\n<h3 class=\"entry-title td-module-title\"><a href=\"https:\/\/orasul-timisoara.ro\/local-39869\/\" rel=\"bookmark\" title=\"Summer Beach Cup 2026 revine la Ciacova cu sport, concerte \u0219i mii de participan\u021bi\">Summer Beach Cup 2026 revine la Ciacova cu sport, concerte \u0219i mii de participan\u021bi<\/a><\/h3>\n<\/div>\n<\/div>\n<\/div>\n<div class=\"td-related-span4\">\n<div class=\"td_module_related_posts td-animation-stack td_mod_related_posts\">\n<div class=\"td-module-image\">\n<div class=\"td-module-thumb\"><a href=\"https:\/\/orasul-timisoara.ro\/local-39799\/\" rel=\"bookmark\" class=\"td-image-wrap \" title=\"Summer Beach Cup 2026 aduce trei zile de sport \u0219i concerte la Ciacova\"><img loading=\"lazy\" decoding=\"async\" class=\"entry-thumb\" src=\"https:\/\/orasul-timisoara.ro\/wp-content\/uploads\/2026\/07\/WhatsApp-Image-2026-07-20-at-22.08.56-436x300.jpg\" alt title=\"Summer Beach Cup 2026 aduce trei zile de sport \u0219i concerte la Ciacova\" width=\"218\" height=\"150\"><\/a><\/div>\n<\/div>\n<div class=\"item-details\">\n<h3 class=\"entry-title td-module-title\"><a href=\"https:\/\/orasul-timisoara.ro\/local-39799\/\" rel=\"bookmark\" title=\"Summer Beach Cup 2026 aduce trei zile de sport \u0219i concerte la Ciacova\">Summer Beach Cup 2026 aduce trei zile de sport \u0219i concerte la Ciacova<\/a><\/h3>\n<\/div>\n<\/div>\n<\/div>\n<div class=\"td-related-span4\">\n<div class=\"td_module_related_posts td-animation-stack td_mod_related_posts\">\n<div class=\"td-module-image\">\n<div class=\"td-module-thumb\"><a href=\"https:\/\/orasul-timisoara.ro\/local-39642\/\" rel=\"bookmark\" class=\"td-image-wrap \" title=\"Dou\u0103 focare de pest\u0103 porcin\u0103 african\u0103, stinse oficial \u00een Timi\u0219. Ce m\u0103suri r\u0103m\u00e2n \u00een vigoare\"><img loading=\"lazy\" decoding=\"async\" class=\"entry-thumb\" src=\"https:\/\/orasul-timisoara.ro\/wp-content\/uploads\/2026\/07\/medic-pesta-porcina-porci-436x300.jpg\" alt title=\"Dou\u0103 focare de pest\u0103 porcin\u0103 african\u0103, stinse oficial \u00een Timi\u0219. Ce m\u0103suri r\u0103m\u00e2n \u00een vigoare\" width=\"218\" height=\"150\"><\/a><\/div>\n<\/div>\n<div class=\"item-details\">\n<h3 class=\"entry-title td-module-title\"><a href=\"https:\/\/orasul-timisoara.ro\/local-39642\/\" rel=\"bookmark\" title=\"Dou\u0103 focare de pest\u0103 porcin\u0103 african\u0103, stinse oficial \u00een Timi\u0219. Ce m\u0103suri r\u0103m\u00e2n \u00een vigoare\">Dou\u0103 focare de pest\u0103 porcin\u0103 african\u0103, stinse oficial \u00een Timi\u0219. Ce m\u0103suri r\u0103m\u00e2n \u00een vigoare<\/a><\/h3>\n<\/div>\n<\/div>\n<\/div>\n<\/div>\n<\/div>\n<\/div>\n<div class=\"comments\" id=\"comments\">\n<div id=\"respond\" class=\"comment-respond\">\n<h3 id=\"reply-title\" class=\"comment-reply-title\">L\u0102SA\u021aI UN MESAJ<\/h3>\n<div class=\"comment-form-input-wrap td-form-comment\">\n<div class=\"td-warning-comment\">V\u0103 rug\u0103m s\u0103 introduce\u021bi comentariul dvs.!<\/div>\n<\/div>\n<div class=\"comment-form-input-wrap td-form-author\">\n<div class=\"td-warning-author\">Introduce\u021bi aici numele dvs.<\/div>\n<\/div>\n<div class=\"comment-form-input-wrap td-form-email\">\n<div class=\"td-warning-email-error\">A\u021bi introdus o adres\u0103 de e-mail incorect\u0103!<\/div>\n<div class=\"td-warning-email\">V\u0103 rug\u0103m s\u0103 introduce\u021bi adresa dvs. de e-mail aici<\/div>\n<\/div>\n<\/div>\n<p class=\"akismet_comment_form_privacy_notice\">Acest site folose\u0219te Akismet pentru a reduce spamul. <a href=\"https:\/\/akismet.com\/privacy\/\" target=\"_blank\" rel=\"nofollow noopener\">Afl\u0103 cum sunt procesate datele comentariilor tale<\/a>.<\/p>\n<\/div>\n<\/div>\n<\/div>\n<div class=\"td-pb-span4 td-main-sidebar\" role=\"complementary\">\n<div class=\"td-ss-main-sidebar\">\n<aside id=\"block-4\" class=\"td_block_template_8 widget block-4 widget_block widget_media_image\">\n<figure class=\"wp-block-image size-full\"><img loading=\"lazy\" decoding=\"async\" width=\"336\" height=\"280\" src=\"https:\/\/orasul-timisoara.ro\/wp-content\/uploads\/2024\/11\/ReTIM-Abonamentul-Verde-Google-Ads-336x280px.gif\" alt class=\"wp-image-29257\"><\/figure>\n<\/aside>\n<div class=\"td_block_wrap td_block_social_counter td_block_widget tdi_6 td-social-style5 td-social-boxed td-pb-border-top td_block_template_8\">\n<div class=\"td-block-title-wrap\">\n<h4 class=\"td-block-title\"><span>Urm\u0103re\u0219te-ne pe Social Media<\/span><\/h4>\n<\/div>\n<div class=\"td-social-list\">\n<div class=\"td_social_type td-pb-margin-side td_social_facebook\">\n<div class=\"td-social-box\"><span class=\"td_social_info td_social_info_counter\">344,595<\/span><span class=\"td_social_info td_social_info_name\">Fani<\/span><span class=\"td_social_button\"><a href=\"https:\/\/www.facebook.com\/247timisoara\" target=\"_blank\" rel=\"nofollow\">\u00cemi place<\/a><\/span><\/div>\n<\/div>\n<div class=\"td_social_type td-pb-margin-side td_social_instagram\">\n<div class=\"td-social-box\"><span class=\"td_social_info td_social_info_counter\">4,416<\/span><span class=\"td_social_info td_social_info_name\">Cititori<\/span><span class=\"td_social_button\"><a href=\"https:\/\/instagram.com\/orasultimisoararo\/\" target=\"_blank\" rel=\"nofollow\">Conecta\u021bi-v\u0103<\/a><\/span><\/div>\n<\/div>\n<div class=\"td_social_type td-pb-margin-side td_social_rss\">\n<div class=\"td-social-box\"><span class=\"td_social_info td_social_info_counter\">12,506<\/span><span class=\"td_social_info td_social_info_name\">Cititori<\/span><span class=\"td_social_button\"><a href=\"https:\/\/orasul-timisoara.ro\/feed\/\" target=\"_blank\" rel=\"nofollow\">Conecta\u021bi-v\u0103<\/a><\/span><\/div>\n<\/div>\n<div class=\"td_social_type td-pb-margin-side td_social_tiktok\">\n<div class=\"td-social-box\"><span class=\"td_social_info td_social_info_counter\">1,500<\/span><span class=\"td_social_info td_social_info_name\">Cititori<\/span><span class=\"td_social_button\"><a href=\"https:\/\/www.tiktok.com\/@orasultimisoara\" target=\"_blank\" rel=\"nofollow\">Conecta\u021bi-v\u0103<\/a><\/span><\/div>\n<\/div>\n<div class=\"td_social_type td-pb-margin-side td_social_twitter\">\n<div class=\"td-social-box\"><span class=\"td_social_info td_social_info_counter\">1,595<\/span><span class=\"td_social_info td_social_info_name\">Cititori<\/span><span class=\"td_social_button\"><a href=\"https:\/\/twitter.com\/orasultm\" target=\"_blank\" rel=\"nofollow\">Conecta\u021bi-v\u0103<\/a><\/span><\/div>\n<\/div>\n<div class=\"td_social_type td-pb-margin-side td_social_youtube\">\n<div class=\"td-social-box\"><span class=\"td_social_info td_social_info_counter\">3,506<\/span><span class=\"td_social_info td_social_info_name\">Abona\u021bi<\/span><span class=\"td_social_button\"><a href=\"https:\/\/www.youtube.com\/channel\/UCQNsQvs2XCSIm1Z-AHRturw?sub_confirmation=1\" target=\"_blank\" rel=\"nofollow\">Abona\u021bi-v\u0103<\/a><\/span><\/div>\n<\/div>\n<\/div>\n<\/div>\n<aside id=\"text-7\" class=\"td_block_template_8 widget text-7 widget_text\">\n<h4 class=\"td-block-title\"><span>C\u0103ut\u0103ri populare pe OTM<\/span><\/h4>\n<div class=\"textwidget\"><a href=\"https:\/\/orasul-timisoara.ro\/?s=timisoara\"><span>Timisoara<\/span><\/a><a href=\"https:\/\/orasul-timisoara.ro\/?s=calin+dobra\"><span>Calin Dobra<\/span><\/a><a href=\"https:\/\/orasul-timisoara.ro\/?s=primaria+timisoara\"><span>Primaria Timisoara<\/span><\/a><a href=\"https:\/\/orasul-timisoara.ro\/?s=dominic+fritz\"><span>Dominic Fritz<\/span><\/a><a href=\"https:\/\/orasul-timisoara.ro\/?s=nicolae+robu\"><span>Nicolae Robu<\/span><\/a><a href=\"https:\/\/orasul-timisoara.ro\/?s=consiliul+local+timisoara\">Consiliul Local Timisoara<\/a><a href=\"https:\/\/orasul-timisoara.ro\/?s=consiliul+judetean+timis\"><span>Consiliul Judetean Timis<\/span><\/a><a href=\"https:\/\/orasul-timisoara.ro\/?s=cjt\"><span>CJT<\/span><\/a><a href=\"https:\/\/orasul-timisoara.ro\/?s=Alfred+Simonis\"><span>Alfred Simonis<\/span><\/a><a href=\"https:\/\/orasul-timisoara.ro\/?s=PNL\"><span>PNL<\/span><\/a><a href=\"https:\/\/orasul-timisoara.ro\/?s=coronavirus\"><span>coronavirus<\/span><\/a><a href=\"https:\/\/orasul-timisoara.ro\/?s=teatru+timisoara\">teatru Timisoara<\/a><a href=\"https:\/\/orasul-timisoara.ro\/?s=restaurante\"><span>restaurante Timisoara<\/span><\/a><a href=\"https:\/\/orasul-timisoara.ro\/?s=diskoteka\"><span>Diskoteka<\/span><\/a><a href=\"https:\/\/orasul-timisoara.ro\/?s=iulius+town\"><span>Iulius Town<\/span><\/a><a href=\"https:\/\/orasul-timisoara.ro\/?s=iulius+mall\"><span>Iulius Mall<\/span><\/a><a href=\"https:\/\/orasul-timisoara.ro\/?s=stpt\"><span>STPT<\/span><\/a><a href=\"https:\/\/orasul-timisoara.ro\/?s=alin+nica\"><span>Alin Nica<\/span><\/a><a href=\"https:\/\/orasul-timisoara.ro\/?s=psd\"><span>PSD<\/span><\/a><a href=\"https:\/\/orasul-timisoara.ro\/?s=aeroport\"><span>Aeroportul International Timisoara<\/span><\/a><a href=\"https:\/\/orasul-timisoara.ro\/?s=babes\"><span>Spitalul Victor Babes Timisoara<\/span><\/a><a href=\"https:\/\/orasul-timisoara.ro\/?s=poli\"><span>Poli Timi\u0219oara<\/span><\/a><a href=\"https:\/\/orasul-timisoara.ro\/?s=carantina\"><span>carantina<\/span><\/a><a href=\"https:\/\/orasul-timisoara.ro\/?s=aquatim\"><span>Aquatim<\/span><\/a><a href=\"https:\/\/orasul-timisoara.ro\/local-category\/stiri-timisoara\/\"><span>Stiri Timisoara<\/span><\/a><a href=\"https:\/\/orasul-timisoara.ro\/local-category\/investitii-in-timisoara\/\"><span>Investi\u021bii in Timi\u0219oara<\/span><\/a><a href=\"https:\/\/orasul-timisoara.ro\/local-9463\/\"><span>shaorma<\/span><\/a><a href=\"https:\/\/orasul-timisoara.ro\/?s=trafic\"><span>trafic rutier<\/span><\/a><a href=\"https:\/\/orasul-timisoara.ro\/?s=politia\"><span>politia locala timisoara<\/span><\/a><a href=\"https:\/\/orasul-timisoara.ro\/?s=roxana\"><span>Roxana Iliescu<\/span><\/a><a href=\"https:\/\/orasul-timisoara.ro\/?s=colterm\"><span>Colterm<\/span><\/a><a href=\"https:\/\/orasul-timisoara.ro\/?s=latcau\"><span>Ruben La\u021bc\u0103u<\/span><\/a><a href=\"https:\/\/orasul-timisoara.ro\/?s=timis\"><span>\u0218tiri din Timi\u0219<\/span><\/a><a href=\"https:\/\/orasul-timisoara.ro\/?s=spital\"><span>Spitale din Timi\u0219oara<\/span><\/a><a href=\"https:\/\/orasul-timisoara.ro\/?s=tabara\"><span>Cosmin Tab\u0103r\u0103<\/span><\/a><\/div>\n<\/aside>\n<aside id=\"rss-2\" class=\"td_block_template_8 widget rss-2 widget_rss\">\n<h4 class=\"td-block-title\"><span><a class=\"rsswidget rss-widget-feed\" href=\"https:\/\/fashionfridays.ro\/feed\"><img decoding=\"async\" class=\"rss-widget-icon\" width=\"14\" height=\"14\" src=\"https:\/\/orasul-timisoara.ro\/wp-includes\/images\/rss.png\" alt=\"RSS\" loading=\"lazy\"><\/a><a class=\"rsswidget rss-widget-title\" href=\"https:\/\/fashionfridays.ro\/\">Fashion Fridays<\/a><\/span><\/h4>\n<ul>\n<li><a class=\"rsswidget\" href=\"https:\/\/fashionfridays.ro\/romania-devine-a-29-a-piata-vogue-o-noua-era-pentru-industria-locala-de-moda\/\">Rom\u00e2nia devine a 29-a pia\u021b\u0103 Vogue: o nou\u0103 er\u0103 pentru industria local\u0103 de mod\u0103<\/a>\n<div class=\"rssSummary\">Revista Vogue \u00ee\u0219i extinde prezen\u021ba global\u0103 \u0219i va fi lansat\u0103 oficial \u00een Rom\u00e2nia \u00een prim\u0103vara anului 2027, marc\u00e2nd intrarea pe cea de-a 29-a pia\u021b\u0103 interna\u021bional\u0103. Proiectul este realizat \u00een parteneriat cu AEMME Publishing, o companie media recent \u00eenfiin\u021bat\u0103, care va publica edi\u021bia local\u0103 sub licen\u021b\u0103. Noua edi\u021bie, Vogue Rom\u00e2nia, \u00ee\u0219i propune s\u0103 combine autoritatea global\u0103 [\u2026]<\/div>\n<\/li>\n<\/ul>\n<\/aside>\n<aside id=\"rss-4\" class=\"td_block_template_8 widget rss-4 widget_rss\">\n<h4 class=\"td-block-title\"><span><a class=\"rsswidget rss-widget-feed\" href=\"https:\/\/emasini.ro\/feed\"><img decoding=\"async\" class=\"rss-widget-icon\" width=\"14\" height=\"14\" src=\"https:\/\/orasul-timisoara.ro\/wp-includes\/images\/rss.png\" alt=\"RSS\" loading=\"lazy\"><\/a><a class=\"rsswidget rss-widget-title\" href=\"https:\/\/emasini.ro\/\">eMasini<\/a><\/span><\/h4>\n<ul>\n<li><a class=\"rsswidget\" href=\"https:\/\/emasini.ro\/bmw-testeaza-noul-i4-convertible-primul-cabrio-electric-accesibil-al-marcii\/\">BMW testeaz\u0103 noul i4 Convertible, primul cabrio electric accesibil al m\u0103rcii<\/a>\n<div class=\"rssSummary\">BMW accelereaz\u0103 dezvoltarea noii genera\u021bii de modele electrice bazate pe platforma Neue Klasse, iar unul dintre cele mai interesante proiecte aflate \u00een teste este viitorul BMW i4 Convertible. Prototipul camuflat a fost surprins pe \u0219osele, confirm\u00e2nd c\u0103 produc\u0103torul german preg\u0103te\u0219te o decapotabil\u0103 electric\u0103 destinat\u0103 unui segment \u00een care oferta este, \u00een prezent, extrem de limitat\u0103. [\u2026]<\/div>\n<\/li>\n<\/ul>\n<\/aside>\n<\/div>\n<\/div>\n<\/div>\n<\/div>\n<\/article>\n<div class=\"td-post-content tagdiv-type\">\n<p class=\"wp-block-paragraph\">Direc\u021bia Sanitar\u0103 Veterinar\u0103 \u0219i pentru Siguran\u021ba Alimentelor (DSVSA) Timi\u0219 a confirmat apari\u021bia unui <strong>focar de pest\u0103 a micilor rumeg\u0103toare<\/strong> \u00eentr-o exploata\u021bie de ovine din localitatea <strong>Giulv\u0103z<\/strong>. \u00cen urma confirm\u0103rii bolii, Centrul Local de Combatere a Bolilor (CLCB) s-a reunit \u00een \u0219edin\u021b\u0103 pentru aprobarea m\u0103surilor de interven\u021bie \u0219i limitare a r\u0103sp\u00e2ndirii virusului.<\/p>\n<p class=\"wp-block-paragraph\">Autorit\u0103\u021bile au decis instituirea unor zone de protec\u021bie \u0219i supraveghere, precum \u0219i aplicarea m\u0103surilor prev\u0103zute de legisla\u021bia sanitar-<\/p>\n<p class=\"wp-block-paragraph\">veterinar\u0103 pentru eradicarea focarului.<\/p>\n<h2 class=\"wp-block-heading\">Zone de protec\u021bie \u0219i supraveghere \u00een jurul focarului<\/h2>\n<p class=\"wp-block-paragraph\">Pentru limitarea r\u0103sp\u00e2ndirii virusului au fost stabilite dou\u0103 perimetre de restric\u021bie \u00een jurul exploata\u021biei afectate.<\/p>\n<p class=\"wp-block-paragraph\"><strong>Zona de protec\u021bie (0\u20135 km)<\/strong> include localit\u0103\u021bile:<\/p>\n<ul class=\"wp-block-list\">\n<li>Giulv\u0103z;<\/li>\n<li>Ivanda.<\/li>\n<\/ul>\n<p class=\"wp-block-paragraph\"><strong>Zona de supraveghere (0\u201320 km)<\/strong> cuprinde urm\u0103toarele localit\u0103\u021bi:<br \/>Cebza, Livezile, Ofseni\u021ba, Giera, Toager, Dola\u021b, Ghilad, Ciacova, Gad, Crai Nou, Rudna, Macedonia, Obad, Petroman, Cruceni, Foeni, Jebel, P\u0103dureni, Iohanisfeld, Otelec, Pustini\u0219, Peciu Nou, S\u00e2nmartinu Maghiar, Par\u021ba, Uivar, \u0218ag, R\u0103u\u021bi, Dinia\u0219, Cenei, Utvin, S\u00e2nmihaiu Rom\u00e2n, S\u00e2nmihaiu German \u0219i Bobda.<\/p>\n<h2 class=\"wp-block-heading\">Restric\u021bii stricte pentru cresc\u0103torii de ovine \u0219i caprine<\/h2>\n<p class=\"wp-block-paragraph\">\u00cen zona de protec\u021bie este interzis\u0103 circula\u021bia \u0219i transportul ovinelor \u0219i caprinelor pe drumurile publice sau private, cu excep\u021bia celor care deservesc exploata\u021biile.<\/p>\n<p class=\"wp-block-paragraph\">De asemenea:<\/p>\n<ul class=\"wp-block-list\">\n<li>toate exploata\u021biile cu animale receptive vor fi recenzate;<\/li>\n<li>orice animal bolnav sau mort trebuie anun\u021bat imediat medicului veterinar sau DSVSA;<\/li>\n<li>animalele din exploata\u021bia afectat\u0103 vor fi ucise sub control oficial, iar cadavrele vor fi neutralizate prin incinerare \u00eentr-o unitate autorizat\u0103.<\/li>\n<\/ul>\n<p class=\"wp-block-paragraph\">M\u0103surile din zona de protec\u021bie vor r\u0103m\u00e2ne \u00een vigoare timp de <strong>33 de zile dup\u0103 dezinfec\u021bia final\u0103<\/strong>, efectuat\u0103 dup\u0103 eliminarea animalelor \u0219i finalizarea opera\u021biunilor sanitare.<\/p>\n<h2 class=\"wp-block-heading\">Restric\u021bii \u0219i \u00een zona de supraveghere<\/h2>\n<p class=\"wp-block-paragraph\">\u0218i \u00een zona de supraveghere vor fi aplicate m\u0103suri speciale.<\/p>\n<p class=\"wp-block-paragraph\">Autorit\u0103\u021bile vor efectua recens\u0103m\u00e2ntul exploata\u021biilor cu animale receptive, iar f\u0103r\u0103 avizul DSVSA Timi\u0219 va fi interzis\u0103 scoaterea din zon\u0103 a:<\/p>\n<ul class=\"wp-block-list\">\n<li>c\u0103rnii de ovine \u0219i caprine;<\/li>\n<li>preparatelor \u0219i produselor din carne;<\/li>\n<li>subproduselor de origine animal\u0103;<\/li>\n<li>materialului seminal;<\/li>\n<li>embrionilor;<\/li>\n<li>ovulelor provenite de la speciile receptive.<\/li>\n<\/ul>\n<h2 class=\"wp-block-heading\">Controale intensificate \u00een trafic<\/h2>\n<p class=\"wp-block-paragraph\">Pentru prevenirea comer\u021bului ilegal cu animale \u0219i produse provenite de la acestea, DSVSA Timi\u0219 anun\u021b\u0103 intensificarea controalelor \u00een trafic pe \u00eentreg teritoriul jude\u021bului.<\/p>\n<p class=\"wp-block-paragraph\">Ac\u021biunile vor urm\u0103ri respectarea restric\u021biilor privind transportul animalelor vii, precum \u0219i al produselor de origine animal\u0103 provenite din zonele aflate sub restric\u021bii.<\/p>\n<h2 class=\"wp-block-heading\">Boala nu se transmite la oameni<\/h2>\n<p class=\"wp-block-paragraph\">DSVSA Timi\u0219 subliniaz\u0103 c\u0103 <strong>virusul pestei micilor rumeg\u0103toare nu este transmisibil la om<\/strong>, astfel c\u0103 nu exist\u0103 risc pentru s\u0103n\u0103tatea popula\u021biei.<\/p>\n<p class=\"wp-block-paragraph\">Boala afecteaz\u0103 exclusiv ovinele \u0219i caprinele, \u00eens\u0103 poate produce pierderi economice importante pentru cresc\u0103torii de animale \u0219i pentru sectorul zootehnic, motiv pentru care m\u0103surile de combatere sunt aplicate cu maxim\u0103 stricte\u021be.<\/p>\n<\/div>\n<p>[analyse_source url=&#8221;https:\/\/orasul-timisoara.ro\/local-39945\/&#8221;]<\/p>\n","protected":false},"excerpt":{"rendered":"<p>[analyse_image type=&#8221;featured&#8221; src=&#8221;https:\/\/orasul-timisoara.ro\/wp-content\/uploads\/2026\/07\/focar-pesta.jpg&#8221;] Administra\u021bie local\u0103Restric\u021bii \u00een zeci de localit\u0103\u021bi din Timi\u0219 dup\u0103 confirmarea unui focar de&#8230; Administra\u021bie local\u0103 S\u0103n\u0103tate \u0218tiri Locale Restric\u021bii \u00een zeci de localit\u0103\u021bi din Timi\u0219 dup\u0103 confirmarea unui focar de pest\u0103 a micilor rumeg\u0103toare De c\u0103tre redactia &#8211; 31\/07\/2026 Facebook Twitter WhatsApp Linkedin ReddIt Email Imprimare Direc\u021bia Sanitar\u0103 Veterinar\u0103 \u0219i pentru Siguran\u021ba [&hellip;]<\/p>\n","protected":false},"author":1,"featured_media":0,"comment_status":"open","ping_status":"","sticky":false,"template":"","format":"standard","meta":{"footnotes":""},"categories":[89],"tags":[226,189],"class_list":["post-2072647","post","type-post","status-publish","format-standard","hentry","category-romania","tag-crawlmanager","tag-orasul-timisoara-ro"],"_links":{"self":[{"href":"https:\/\/analyse.optim.biz\/index.php?rest_route=\/wp\/v2\/posts\/2072647","targetHints":{"allow":["GET"]}}],"collection":[{"href":"https:\/\/analyse.optim.biz\/index.php?rest_route=\/wp\/v2\/posts"}],"about":[{"href":"https:\/\/analyse.optim.biz\/index.php?rest_route=\/wp\/v2\/types\/post"}],"author":[{"embeddable":true,"href":"https:\/\/analyse.optim.biz\/index.php?rest_route=\/wp\/v2\/users\/1"}],"replies":[{"embeddable":true,"href":"https:\/\/analyse.optim.biz\/index.php?rest_route=%2Fwp%2Fv2%2Fcomments&post=2072647"}],"version-history":[{"count":0,"href":"https:\/\/analyse.optim.biz\/index.php?rest_route=\/wp\/v2\/posts\/2072647\/revisions"}],"wp:attachment":[{"href":"https:\/\/analyse.optim.biz\/index.php?rest_route=%2Fwp%2Fv2%2Fmedia&parent=2072647"}],"wp:term":[{"taxonomy":"category","embeddable":true,"href":"https:\/\/analyse.optim.biz\/index.php?rest_route=%2Fwp%2Fv2%2Fcategories&post=2072647"},{"taxonomy":"post_tag","embeddable":true,"href":"https:\/\/analyse.optim.biz\/index.php?rest_route=%2Fwp%2Fv2%2Ftags&post=2072647"}],"curies":[{"name":"wp","href":"https:\/\/api.w.org\/{rel}","templated":true}]}}