{"id":2072592,"date":"2026-07-31T16:50:23","date_gmt":"2026-07-31T13:50:23","guid":{"rendered":"https:\/\/analyse.optim.biz\/?p=2072592"},"modified":"2026-07-31T16:50:23","modified_gmt":"2026-07-31T13:50:23","slug":"primoz-roglic-hit-by-driver-throwing-vuelta-a-espana-preparations-into-chaos","status":"publish","type":"post","link":"https:\/\/analyse.optim.biz\/?p=2072592","title":{"rendered":"Primo\u017e Rogli\u010d Hit by Driver, Throwing Vuelta a Espa\u00f1a Preparations Into Chaos"},"content":{"rendered":"<p>[analyse_image type=&#8221;featured&#8221; src=&#8221;https:\/\/velo-cdn.outsideonline.com\/wp-content\/uploads\/2026\/07\/roglic-crash-hit-by-car.jpg&#8221;]<\/p>\n<div class=\"content-wrap fp-contentTarget\">\n<div class=\"article-body\">\n<div class=\"mb-base-loose flex flex-wrap gap-(--spacing-base)\">\n<div class=\"fp-remove flex items-center justify-start gap-(--spacing-base-tight)\"><span class=\"font-utility-2 font-bold text-primary\">Andrew Hood<\/span><\/div>\n<\/div>\n<div class=\"pub-date font-utility-2 text-secondary\">Updated August 1, 2026 02:12AM<\/div>\n<\/div>\n<p>Primo\u017e Rogli\u010d revealed Friday that he was struck by a car while training and will miss both the Cl\u00e1sica San Sebasti\u00e1n and the Vuelta a Burgos ahead of next month\u2019s Vuelta a Espa\u00f1a.<\/p>\n<p>In a message shared on social media, the Slovenian star showed heavy bruising to his legs and hip.<\/p>\n<p>\u201cGot hit by a car a few days ago,\u201d Rogli\u010d wrote. \u201cI won\u2019t be participating in San Sebastian and in Burgos unfortunately \u2026 not the best scenario, but it\u2019s life, eh.\u201d<\/p>\n<p>There were no immediate details about what happened and his Red Bull-Bora-Hansgrohe team did not have additional information.<\/p>\n<p>Rogli\u010d did not reveal if he was seriously injured, but instead turned his attention on returning in time for the Vuelta, the race he has won a record four times.<\/p>\n<p>\u201cNow it\u2019s all systems go towards La Vuelta, we work and hope things will turn around,\u201d Rogli\u010d wrote.<\/p>\n<p>The timing is another blow for the 36-year-old, who\u2019s endured more than his share of crashes and bad luck throughout his career.<\/p>\n<div class=\"ad-placeholder-wrapper relative w-full border-t border-b border-border-light col-span-full my-3 md:col-span-10 md:col-start-2\">\n<div class=\"mb-[30px] min-h-[30px] text-center\"><span class=\"font-utility-4 font-medium tracking-[1px] text-neutral-500 uppercase\">ADVERTISEMENT<\/span><\/div>\n<\/div>\n<p>Rogli\u010d did not race this year\u2019s Tour de France and was preparing for a run at the Spanish grand tour and a possible face-off against compatriot Tadej Poga\u010dar.<\/p>\n<p>Missing the Cl\u00e1sica San Sebasti\u00e1n and the Vuelta a Burgos means Rogli\u010d will lose two key opportunities to sharpen his form ahead of the 2026 Vuelta, which begins August 22 in Monaco.<\/p>\n<p>The setback comes amid growing speculation that Poga\u010dar could race the Vuelta for the first time since his 2019 Vuelta debut. That year, Rogli\u010d claimed the overall, but Poga\u010dar won three stages and finished third overall.<\/p>\n<\/div>\n<div class=\"article-body\">\n<div class=\"mb-base-loose flex flex-wrap gap-(--spacing-base)\">\n<div class=\"fp-remove flex items-center justify-start gap-(--spacing-base-tight)\"><span class=\"font-utility-2 font-bold text-primary\">Andrew Hood<\/span><\/div>\n<\/div>\n<div class=\"pub-date font-utility-2 text-secondary\">Updated August 1, 2026 02:12AM<\/div>\n<\/div>\n<p>[analyse_source url=&#8221;https:\/\/velo.outsideonline.com\/road\/road-racing\/vuelta-a-espana\/primoz-roglic-hit-by-car-throwing-vuelta-a-espana-preparations-into-chaos\/&#8221;]<\/p>\n","protected":false},"excerpt":{"rendered":"<p>[analyse_image type=&#8221;featured&#8221; src=&#8221;https:\/\/velo-cdn.outsideonline.com\/wp-content\/uploads\/2026\/07\/roglic-crash-hit-by-car.jpg&#8221;] Andrew Hood Updated August 1, 2026 02:12AM Primo\u017e Rogli\u010d revealed Friday that he was struck by a car while training and will miss both the Cl\u00e1sica San Sebasti\u00e1n and the Vuelta a Burgos ahead of next month\u2019s Vuelta a Espa\u00f1a. In a message shared on social media, the Slovenian star showed heavy [&hellip;]<\/p>\n","protected":false},"author":1,"featured_media":0,"comment_status":"open","ping_status":"","sticky":false,"template":"","format":"standard","meta":{"footnotes":""},"categories":[2],"tags":[226,71],"class_list":["post-2072592","post","type-post","status-publish","format-standard","hentry","category-politics","tag-crawlmanager","tag-velo-outsideonline-com"],"_links":{"self":[{"href":"https:\/\/analyse.optim.biz\/index.php?rest_route=\/wp\/v2\/posts\/2072592","targetHints":{"allow":["GET"]}}],"collection":[{"href":"https:\/\/analyse.optim.biz\/index.php?rest_route=\/wp\/v2\/posts"}],"about":[{"href":"https:\/\/analyse.optim.biz\/index.php?rest_route=\/wp\/v2\/types\/post"}],"author":[{"embeddable":true,"href":"https:\/\/analyse.optim.biz\/index.php?rest_route=\/wp\/v2\/users\/1"}],"replies":[{"embeddable":true,"href":"https:\/\/analyse.optim.biz\/index.php?rest_route=%2Fwp%2Fv2%2Fcomments&post=2072592"}],"version-history":[{"count":0,"href":"https:\/\/analyse.optim.biz\/index.php?rest_route=\/wp\/v2\/posts\/2072592\/revisions"}],"wp:attachment":[{"href":"https:\/\/analyse.optim.biz\/index.php?rest_route=%2Fwp%2Fv2%2Fmedia&parent=2072592"}],"wp:term":[{"taxonomy":"category","embeddable":true,"href":"https:\/\/analyse.optim.biz\/index.php?rest_route=%2Fwp%2Fv2%2Fcategories&post=2072592"},{"taxonomy":"post_tag","embeddable":true,"href":"https:\/\/analyse.optim.biz\/index.php?rest_route=%2Fwp%2Fv2%2Ftags&post=2072592"}],"curies":[{"name":"wp","href":"https:\/\/api.w.org\/{rel}","templated":true}]}}