{"id":2072494,"date":"2026-07-31T18:55:26","date_gmt":"2026-07-31T15:55:26","guid":{"rendered":"https:\/\/analyse.optim.biz\/?p=2072494"},"modified":"2026-07-31T18:55:26","modified_gmt":"2026-07-31T15:55:26","slug":"prefectul-judetului-tulcea-solicita-interventia-corpului-de-control-al-prim-ministrului-pentru-verificarea-activitatilor-agricole-din-rezervatia-biosferei-delta-dunarii","status":"publish","type":"post","link":"https:\/\/analyse.optim.biz\/?p=2072494","title":{"rendered":"Prefectul jude\u021bului Tulcea solicit\u0103 interven\u021bia Corpului de Control al Prim-ministrului pentru verificarea activit\u0103\u021bilor agricole din Rezerva\u021bia Biosferei Delta Dun\u0103rii"},"content":{"rendered":"<p>[analyse_image type=&#8221;featured&#8221; src=&#8221;https:\/\/infotulcea.ro\/wp-content\/uploads\/2026\/07\/eugen-terente-768&#215;630.jpg.webphttps:\/\/infotulcea.ro\/wp-content\/uploads\/2026\/07\/eugen-terente-768&#215;630.jpg.webp&#8221;]<\/p>\n<div id=\"content\" class=\"site-content container\">\n<div id=\"main-content-row\" class=\"tie-row main-content-row\">\n<div class=\"main-content tie-col-md-8 tie-col-xs-12\" role=\"main\">\n<article id=\"the-post\" class=\"container-wrapper post-content tie-standard\">\n<header class=\"entry-header-outer\">\n<nav id=\"breadcrumb\"><a href=\"https:\/\/infotulcea.ro\/\"> Home<\/a><em class=\"delimiter\">\/<\/em><a href=\"https:\/\/infotulcea.ro\/categorie\/politica\/\">Politic\u0103<\/a><em class=\"delimiter\">\/<\/em><a href=\"https:\/\/infotulcea.ro\/categorie\/politica\/usr\/\">USR<\/a><em class=\"delimiter\">\/<\/em><span class=\"current\">Prefectul jude\u021bului Tulcea solicit\u0103 interven\u021bia Corpului de Control al Prim-ministrului pentru verificarea activit\u0103\u021bilor agricole din Rezerva\u021bia Biosferei Delta Dun\u0103rii<\/span><\/nav>\n<div class=\"entry-header\"><span class=\"post-cat-wrap\"><a class=\"post-cat tie-cat-248\" href=\"https:\/\/infotulcea.ro\/categorie\/politica\/usr\/\">USR<\/a><\/span><\/p>\n<h1 class=\"post-title entry-title\">\n\t\t\tPrefectul jude\u021bului Tulcea solicit\u0103 interven\u021bia Corpului de Control al Prim-ministrului pentru verificarea activit\u0103\u021bilor agricole din Rezerva\u021bia Biosferei Delta Dun\u0103rii\t\t<\/h1>\n<div class=\"single-post-meta post-meta clearfix\"><span class=\"author-meta single-author no-avatars\"><span class=\"meta-item meta-author-wrapper meta-author-9\"><span class=\"meta-author\"><a href=\"https:\/\/infotulcea.ro\/author\/redactia-2\/\" class=\"author-name tie-icon\" title=\"Redactia\">Redactia<\/a><\/span><\/span><\/span><span class=\"date meta-item tie-icon\">31 iulie 2026<\/span><\/p>\n<div class=\"tie-alignright\"><span class=\"meta-comment tie-icon meta-item fa-before\">0<\/span><span class=\"meta-views meta-item warm\"> 1.549 <\/span><span class=\"meta-reading-time meta-item\"> 1 minute read<\/span><\/div>\n<\/div>\n<\/div>\n<\/header>\n<div class=\"entry-content entry clearfix\">\n<p><strong>\u00cen urma concluziilor Raportului de control nr. 9028\/16.07.2026 \u0219i av\u00e2nd \u00een vedere faptul c\u0103 verific\u0103rile desf\u0103\u0219urate la nivel local nu au clarificat aspectele semnalate, prefectul jude\u021bului Tulcea, Eugen Terente, a transmis Guvernului Rom\u00e2niei solicitarea oficial\u0103 de a dispune efectuarea unui control coordonat de Corpul de Control al Prim-ministrului, \u00eempreun\u0103 cu structurile de control ale ministerelor competente, privind activit\u0103\u021bile agricole desf\u0103\u0219urate pe teritoriul Rezerva\u021biei Biosferei Delta Dun\u0103rii. Documentul a fost transmis c\u0103tre Corpul de Control al Prim-ministrului, precum \u0219i c\u0103tre Ministerul Mediului, Ministerul Agriculturii, Ministerul Finan\u021belor \u0219i Ministerul Afacerilor Interne.<\/strong><\/p>\n<p>Raportul comisiei mixte de control relev\u0103 existen\u021ba unor dificult\u0103\u021bi majore care au \u00eempiedicat finalizarea complet\u0103 a<img loading=\"lazy\" decoding=\"async\" class=\"wp-image-40072 alignright lazyload\" src=\"https:\/\/infotulcea.ro\/wp-content\/uploads\/2026\/07\/eugen-terente-768x630.jpg-500x410.webp\" alt width=\"441\" height=\"362\"><\/p>\n<p><img loading=\"lazy\" decoding=\"async\" class=\" wp-image-40072 alignright\" src=\"https:\/\/infotulcea.ro\/wp-content\/uploads\/2026\/07\/eugen-terente-768x630.jpg-500x410.webp\" alt width=\"441\" height=\"362\"> verific\u0103rilor la nivel local, printre acestea num\u0103r\u00e2ndu-se imposibilitatea identific\u0103rii tuturor operatorilor economici care desf\u0103\u0219oar\u0103 activit\u0103\u021bi agricole pe terenurile verificate, lipsa finaliz\u0103rii unor analize de laborator, dificult\u0103\u021bi \u00een corelarea informa\u021biilor de\u021binute de institu\u021biile cu atribu\u021bii \u00een domeniu \u0219i limit\u0103ri procedurale care nu au permis clarificarea tuturor aspectelor sesizate. Din acest motiv, Institu\u021bia Prefectului apreciaz\u0103 c\u0103 este necesar\u0103 interven\u021bia structurilor centrale de control.<\/p>\n<p>\u00cen solicitarea adresat\u0103 Guvernului sunt indicate ca prioritare verific\u0103ri privind legalitatea activit\u0103\u021bilor agricole desf\u0103\u0219urate \u00een perimetrul Rezerva\u021biei Biosferei Delta Dun\u0103rii, respectarea regimului de protec\u021bie a mediului, legalitatea exploat\u0103rii terenurilor \u0219i a concesiunilor, respectarea condi\u021biilor pentru acordarea subven\u021biilor, precum \u0219i identificarea persoanelor fizice \u0219i juridice care exploateaz\u0103 efectiv terenurile.<\/p>\n<p>\u201eRaportul comisiei mixte confirm\u0103 faptul c\u0103 au fost identificate numeroase aspecte care necesit\u0103 verific\u0103ri aprofundate \u0219i c\u0103, din motive obiective, controlul desf\u0103\u0219urat la nivel local nu a putut r\u0103spunde tuturor \u00eentreb\u0103rilor ridicate. Tocmai de aceea am solicitat interven\u021bia Corpului de Control al Prim-ministrului \u0219i a ministerelor competente. Este nevoie de o analiz\u0103 complet\u0103, obiectiv\u0103 \u0219i coordonat\u0103 la nivel guvernamental, astfel \u00eenc\u00e2t orice suspiciune privind legalitatea activit\u0103\u021bilor agricole desf\u0103\u0219urate \u00een Rezerva\u021bia Biosferei Delta Dun\u0103rii s\u0103 fie clarificat\u0103, iar m\u0103surile necesare s\u0103 fie dispuse f\u0103r\u0103 \u00eent\u00e2rziere\u201d, a declarat prefectul jude\u021bului Tulcea, Eugen Terente.<\/p>\n<p>Institu\u021bia Prefectului Jude\u021bul Tulcea \u00ee\u0219i reafirm\u0103 disponibilitatea de a pune la dispozi\u021bia autorit\u0103\u021bilor centrale toate documentele \u0219i informa\u021biile rezultate \u00een urma activit\u0103\u021bii comisiei mixte \u0219i de a acorda \u00eentregul sprijin necesar pentru desf\u0103\u0219urarea verific\u0103rilor solicitate.<\/p>\n<\/div>\n<div id=\"post-extra-info\">\n<div class=\"theiaStickySidebar\">\n<div class=\"single-post-meta post-meta clearfix\"><span class=\"author-meta single-author no-avatars\"><span class=\"meta-item meta-author-wrapper meta-author-9\"><span class=\"meta-author\"><a href=\"https:\/\/infotulcea.ro\/author\/redactia-2\/\" class=\"author-name tie-icon\" title=\"Redactia\">Redactia<\/a><\/span><\/span><\/span><span class=\"date meta-item tie-icon\">31 iulie 2026<\/span><\/p>\n<div class=\"tie-alignright\"><span class=\"meta-comment tie-icon meta-item fa-before\">0<\/span><span class=\"meta-views meta-item warm\"> 1.549 <\/span><span class=\"meta-reading-time meta-item\"> 1 minute read<\/span><\/div>\n<\/div>\n<\/div>\n<\/div>\n<div id=\"share-buttons-bottom\" class=\"share-buttons share-buttons-bottom\">\n<div class=\"share-links  icons-only\">\n<div class=\"share-title\"><span> Share<\/span><\/div>\n<p><a href=\"https:\/\/www.facebook.com\/sharer.php?u=https:\/\/infotulcea.ro\/prefectul-judetului-tulcea-solicita-interventia-corpului-de-control-al-prim-ministrului-pentru-verificarea-activitatilor-agricole-din-rezervatia-biosferei-delta-dunarii\/\" rel=\"external noopener nofollow\" title=\"Facebook\" target=\"_blank\" class=\"facebook-share-btn \" data-raw=\"https:\/\/www.facebook.com\/sharer.php?u={post_link}\"><span class=\"screen-reader-text\">Facebook<\/span><\/a><a href=\"https:\/\/twitter.com\/intent\/tweet?text=Prefectul%20jude%C8%9Bului%20Tulcea%20solicit%C4%83%20interven%C8%9Bia%20Corpului%20de%20Control%20al%20Prim-ministrului%20pentru%20verificarea%20activit%C4%83%C8%9Bilor%20agricole%20din%20Rezerva%C8%9Bia%20Biosferei%20Delta%20Dun%C4%83rii&amp;url=https:\/\/infotulcea.ro\/prefectul-judetului-tulcea-solicita-interventia-corpului-de-control-al-prim-ministrului-pentru-verificarea-activitatilor-agricole-din-rezervatia-biosferei-delta-dunarii\/\" rel=\"external noopener nofollow\" title=\"X\" target=\"_blank\" class=\"twitter-share-btn \" data-raw=\"https:\/\/twitter.com\/intent\/tweet?text={post_title}&amp;url={post_link}\"><span class=\"screen-reader-text\">X<\/span><\/a><a href=\"https:\/\/api.whatsapp.com\/send?text=Prefectul%20jude%C8%9Bului%20Tulcea%20solicit%C4%83%20interven%C8%9Bia%20Corpului%20de%20Control%20al%20Prim-ministrului%20pentru%20verificarea%20activit%C4%83%C8%9Bilor%20agricole%20din%20Rezerva%C8%9Bia%20Biosferei%20Delta%20Dun%C4%83rii%20https:\/\/infotulcea.ro\/prefectul-judetului-tulcea-solicita-interventia-corpului-de-control-al-prim-ministrului-pentru-verificarea-activitatilor-agricole-din-rezervatia-biosferei-delta-dunarii\/\" rel=\"external noopener nofollow\" title=\"WhatsApp\" target=\"_blank\" class=\"whatsapp-share-btn \" data-raw=\"https:\/\/api.whatsapp.com\/send?text={post_title}%20{post_link}\"><span class=\"screen-reader-text\">WhatsApp<\/span><\/a><a href=\"https:\/\/telegram.me\/share\/url?url=https:\/\/infotulcea.ro\/prefectul-judetului-tulcea-solicita-interventia-corpului-de-control-al-prim-ministrului-pentru-verificarea-activitatilor-agricole-din-rezervatia-biosferei-delta-dunarii\/&amp;text=Prefectul%20jude%C8%9Bului%20Tulcea%20solicit%C4%83%20interven%C8%9Bia%20Corpului%20de%20Control%20al%20Prim-ministrului%20pentru%20verificarea%20activit%C4%83%C8%9Bilor%20agricole%20din%20Rezerva%C8%9Bia%20Biosferei%20Delta%20Dun%C4%83rii\" rel=\"external noopener nofollow\" title=\"Telegram\" target=\"_blank\" class=\"telegram-share-btn \" data-raw=\"https:\/\/telegram.me\/share\/url?url={post_link}&amp;text={post_title}\"><span class=\"screen-reader-text\">Telegram<\/span><\/a><a href=\"mailto:?subject=Prefectul%20jude%C8%9Bului%20Tulcea%20solicit%C4%83%20interven%C8%9Bia%20Corpului%20de%20Control%20al%20Prim-ministrului%20pentru%20verificarea%20activit%C4%83%C8%9Bilor%20agricole%20din%20Rezerva%C8%9Bia%20Biosferei%20Delta%20Dun%C4%83rii&amp;body=https:\/\/infotulcea.ro\/prefectul-judetului-tulcea-solicita-interventia-corpului-de-control-al-prim-ministrului-pentru-verificarea-activitatilor-agricole-din-rezervatia-biosferei-delta-dunarii\/\" rel=\"external noopener nofollow\" title=\"Share via Email\" target=\"_blank\" class=\"email-share-btn \" data-raw=\"mailto:?subject={post_title}&amp;body={post_link}\"><span class=\"screen-reader-text\">Share via Email<\/span><\/a><a href=\"https:\/\/infotulcea.ro\/prefectul-judetului-tulcea-solicita-interventia-corpului-de-control-al-prim-ministrului-pentru-verificarea-activitatilor-agricole-din-rezervatia-biosferei-delta-dunarii\/\" rel=\"external noopener nofollow\" title=\"Print\" target=\"_blank\" class=\"print-share-btn \" data-raw=\"#\"><span class=\"screen-reader-text\">Print<\/span><\/a><\/div>\n<\/div>\n<\/article>\n<div class=\"post-components\">\n<div id=\"related-posts\" class=\"container-wrapper has-extra-post\">\n<div class=\"mag-box-title the-global-title\">\n<h3>Related Articles<\/h3>\n<\/div>\n<div class=\"related-posts-list\">\n<div class=\"related-item tie-standard\"><a aria-label=\"USR: Programul \u201eMasa cald\u0103 \u00een \u0219coli\u201d poate scoate Rom\u00e2nia din topul ru\u0219inos al UE cu cei mai mul\u021bi copii \u00een risc de s\u0103r\u0103cie \u0219i excluziune\" href=\"https:\/\/infotulcea.ro\/usr-programul-masa-calda-in-scoli-poate-scoate-romania-din-topul-rusinos-al-ue-cu-cei-mai-multi-copii-in-risc-de-saracie-si-excluziune\/\" class=\"post-thumb\"><source type=\"image\/webp\" data-srcset=\"https:\/\/infotulcea.ro\/wp-content\/uploads\/2024\/07\/masa-calda-390x220.jpg.webp\" \/><img loading=\"lazy\" decoding=\"async\" width=\"390\" height=\"220\" src=\"https:\/\/infotulcea.ro\/wp-content\/uploads\/2024\/07\/masa-calda-390x220.jpg\" class=\"attachment-jannah-image-large size-jannah-image-large wp-post-image\" alt><\/a><\/p>\n<h3 class=\"post-title\"><a href=\"https:\/\/infotulcea.ro\/usr-programul-masa-calda-in-scoli-poate-scoate-romania-din-topul-rusinos-al-ue-cu-cei-mai-multi-copii-in-risc-de-saracie-si-excluziune\/\">USR: Programul \u201eMasa cald\u0103 \u00een \u0219coli\u201d poate scoate Rom\u00e2nia din topul ru\u0219inos al UE cu cei mai mul\u021bi copii \u00een risc de s\u0103r\u0103cie \u0219i excluziune<\/a><\/h3>\n<div class=\"post-meta clearfix\"><span class=\"date meta-item tie-icon\">25 iulie 2024<\/span><\/div>\n<\/div>\n<div class=\"related-item tie-standard\"><a aria-label=\"Pacientele vor putea fi \u00eenso\u021bite, la cerere, \u00een timpul travaliului \u0219i na\u0219terii \u2013 Senatul a adoptat ini\u021biativa legislativ\u0103 USR\" href=\"https:\/\/infotulcea.ro\/pacientele-vor-putea-fi-insotite-la-cerere-in-timpul-travaliului-si-nasterii-senatul-a-adoptat-initiativa-legislativa-usr\/\" class=\"post-thumb\"><source type=\"image\/webp\" data-srcset=\"https:\/\/infotulcea.ro\/wp-content\/uploads\/2026\/06\/usr-2-3-390x220.jpeg.webp\" \/><img loading=\"lazy\" decoding=\"async\" width=\"390\" height=\"220\" src=\"https:\/\/infotulcea.ro\/wp-content\/uploads\/2026\/06\/usr-2-3-390x220.jpeg\" class=\"attachment-jannah-image-large size-jannah-image-large wp-post-image\" alt><\/a><\/p>\n<h3 class=\"post-title\"><a href=\"https:\/\/infotulcea.ro\/pacientele-vor-putea-fi-insotite-la-cerere-in-timpul-travaliului-si-nasterii-senatul-a-adoptat-initiativa-legislativa-usr\/\">Pacientele vor putea fi \u00eenso\u021bite, la cerere, \u00een timpul travaliului \u0219i na\u0219terii \u2013 Senatul a adoptat ini\u021biativa legislativ\u0103 USR<\/a><\/h3>\n<div class=\"post-meta clearfix\"><span class=\"date meta-item tie-icon\">29 iunie 2026<\/span><\/div>\n<\/div>\n<div class=\"related-item tie-standard\"><a aria-label=\"Ionu\u021b Mo\u0219teanu, liderul deputa\u021bilor USR: \u201eGuvernul \u0219i ministrul Ap\u0103r\u0103rii trebuie s\u0103 ac\u021bioneze urgent pentru a proteja spa\u021biul aerian al Rom\u00e2niei!\u201d\" href=\"https:\/\/infotulcea.ro\/ionut-mosteanu-liderul-deputatilor-usr-guvernul-si-ministrul-apararii-trebuie-sa-actioneze-urgent-pentru-a-proteja-spatiul-aerian-al-romaniei\/\" class=\"post-thumb\"><source type=\"image\/webp\" data-srcset=\"https:\/\/infotulcea.ro\/wp-content\/uploads\/2024\/09\/usrdrone-390x220.jpg.webp\" \/><img loading=\"lazy\" decoding=\"async\" width=\"390\" height=\"220\" src=\"https:\/\/infotulcea.ro\/wp-content\/uploads\/2024\/09\/usrdrone-390x220.jpg\" class=\"attachment-jannah-image-large size-jannah-image-large wp-post-image\" alt><\/a><\/p>\n<h3 class=\"post-title\"><a href=\"https:\/\/infotulcea.ro\/ionut-mosteanu-liderul-deputatilor-usr-guvernul-si-ministrul-apararii-trebuie-sa-actioneze-urgent-pentru-a-proteja-spatiul-aerian-al-romaniei\/\">Ionu\u021b Mo\u0219teanu, liderul deputa\u021bilor USR: \u201eGuvernul \u0219i ministrul Ap\u0103r\u0103rii trebuie s\u0103 ac\u021bioneze urgent pentru a proteja spa\u021biul aerian al Rom\u00e2niei!\u201d<\/a><\/h3>\n<div class=\"post-meta clearfix\"><span class=\"date meta-item tie-icon\">12 septembrie 2024<\/span><\/div>\n<\/div>\n<div class=\"related-item tie-standard\"><a aria-label=\"Corina Atanasiu, deputat\u0103 USR: Guvernul Ciolacu 2 \u00eengroap\u0103 \u0219i Programul pentru reducerea abandonului \u0219colar\" href=\"https:\/\/infotulcea.ro\/corina-atanasiu-deputata-usr-guvernul-ciolacu-2-ingroapa-si-programul-pentru-reducerea-abandonului-scolar\/\" class=\"post-thumb\"><source type=\"image\/webp\" data-srcset=\"https:\/\/infotulcea.ro\/wp-content\/uploads\/2025\/04\/Corina-Atanasiu-usr-390x220.jpg.webp\" \/><img loading=\"lazy\" decoding=\"async\" width=\"390\" height=\"220\" src=\"https:\/\/infotulcea.ro\/wp-content\/uploads\/2025\/04\/Corina-Atanasiu-usr-390x220.jpg\" class=\"attachment-jannah-image-large size-jannah-image-large wp-post-image\" alt><\/a><\/p>\n<h3 class=\"post-title\"><a href=\"https:\/\/infotulcea.ro\/corina-atanasiu-deputata-usr-guvernul-ciolacu-2-ingroapa-si-programul-pentru-reducerea-abandonului-scolar\/\">Corina Atanasiu, deputat\u0103 USR: Guvernul Ciolacu 2 \u00eengroap\u0103 \u0219i Programul pentru reducerea abandonului \u0219colar<\/a><\/h3>\n<div class=\"post-meta clearfix\"><span class=\"date meta-item tie-icon\">3 aprilie 2025<\/span><\/div>\n<\/div>\n<\/div>\n<\/div>\n<div id=\"comments\" class=\"comments-area\">\n<div id=\"add-comment-block\" class=\"container-wrapper\">\n<div id=\"respond\" class=\"comment-respond\">\n<h3 id=\"reply-title\" class=\"comment-reply-title the-global-title\">Las\u0103 un r\u0103spuns <small><a rel=\"nofollow\" id=\"cancel-comment-reply-link\" href=\"https:\/\/infotulcea.ro\/prefectul-judetului-tulcea-solicita-interventia-corpului-de-control-al-prim-ministrului-pentru-verificarea-activitatilor-agricole-din-rezervatia-biosferei-delta-dunarii\/#respond\">Anuleaz\u0103 r\u0103spunsul<\/a><\/small><\/h3>\n<p class=\"comment-notes\"><span id=\"email-notes\">Adresa ta de email nu va fi publicat\u0103.<\/span><span class=\"required-field-message\">C\u00e2mpurile obligatorii sunt marcate cu <span class=\"required\">*<\/span><\/span><\/p>\n<\/div>\n<\/div>\n<\/div>\n<\/div>\n<\/div>\n<div id=\"check-also-box\" class=\"container-wrapper check-also-right\">\n<div class=\"widget-title the-global-title\">\n<div class=\"the-subtitle\">Check Also<\/div>\n<p><a href=\"https:\/\/infotulcea.ro\/prefectul-judetului-tulcea-solicita-interventia-corpului-de-control-al-prim-ministrului-pentru-verificarea-activitatilor-agricole-din-rezervatia-biosferei-delta-dunarii\/\" id=\"check-also-close\" class=\"remove\"><span class=\"screen-reader-text\">Close<\/span><\/a><\/div>\n<div class=\"widget posts-list-big-first has-first-big-post\">\n<ul class=\"posts-list-items\">\n<li class=\"widget-single-post-item widget-post-list tie-standard\">\n<div class=\"post-widget-body no-small-thumbs\"><a class=\"post-title the-subtitle\" href=\"https:\/\/infotulcea.ro\/declaratie-de-presa-4\/\">DECLARA\u021aIE DE PRES\u0102<\/a><\/p>\n<div class=\"post-meta\"><span class=\"date meta-item tie-icon\">4 iunie 2026<\/span><\/div>\n<\/div>\n<\/li>\n<\/ul>\n<\/div>\n<\/div>\n<aside class=\"sidebar tie-col-md-4 tie-col-xs-12 normal-side is-sticky\" aria-label=\"Primary Sidebar\">\n<div class=\"theiaStickySidebar\">\n<div id=\"media_image-19\" class=\"container-wrapper widget widget_media_image\"><a href=\"https:\/\/infotulcea.ro\/delta-dunarii-mai-accesibila-navrom-delta-creste-numarul-curselor-regulate-de-la-1-mai-2025\/\"><source sizes=\"(max-width: 500px) 100vw, 500px\" type=\"image\/webp\" data-srcset=\"https:\/\/infotulcea.ro\/wp-content\/uploads\/2025\/04\/navrom-delta-500x271.jpg.webp 500w, https:\/\/infotulcea.ro\/wp-content\/uploads\/2025\/04\/navrom-delta-1024x555.jpg.webp 1024w, https:\/\/infotulcea.ro\/wp-content\/uploads\/2025\/04\/navrom-delta-768x416.jpg.webp 768w, https:\/\/infotulcea.ro\/wp-content\/uploads\/2025\/04\/navrom-delta.jpg.webp 1080w\" \/><img loading=\"lazy\" decoding=\"async\" width=\"500\" height=\"271\" src=\"https:\/\/infotulcea.ro\/wp-content\/uploads\/2025\/04\/navrom-delta-500x271.jpg\" class=\"image wp-image-34487  attachment-medium size-medium\" alt><\/a><\/div>\n<div id=\"media_image-17\" class=\"container-wrapper widget widget_media_image\"><a href=\"https:\/\/www.facebook.com\/share\/p\/1DGAD1tLWN\/?mibextid=wwXIfr\" target=\"_blank\"><source sizes=\"(max-width: 500px) 100vw, 500px\" type=\"image\/webp\" data-srcset=\"https:\/\/infotulcea.ro\/wp-content\/uploads\/2026\/01\/IMG_1563-500x500.jpeg.webp 500w, https:\/\/infotulcea.ro\/wp-content\/uploads\/2026\/01\/IMG_1563-1024x1024.jpeg.webp 1024w, https:\/\/infotulcea.ro\/wp-content\/uploads\/2026\/01\/IMG_1563-250x250.jpeg.webp 250w, https:\/\/infotulcea.ro\/wp-content\/uploads\/2026\/01\/IMG_1563-768x768.jpeg.webp 768w, https:\/\/infotulcea.ro\/wp-content\/uploads\/2026\/01\/IMG_1563.jpeg.webp 1080w\" \/><img loading=\"lazy\" decoding=\"async\" width=\"500\" height=\"500\" src=\"https:\/\/infotulcea.ro\/wp-content\/uploads\/2026\/01\/IMG_1563-500x500.jpeg\" class=\"image wp-image-37932  attachment-medium size-medium\" alt title=\"Centrale pe lemne\"><\/a><\/div>\n<div id=\"media_image-18\" class=\"container-wrapper widget widget_media_image\"><a href=\"https:\/\/www.licitatia.ro\/site\/index-guest\"><img loading=\"lazy\" decoding=\"async\" width=\"500\" height=\"262\" src=\"https:\/\/infotulcea.ro\/wp-content\/uploads\/2025\/09\/licitatia-500x262.png\" class=\"image wp-image-36670  attachment-medium size-medium lazyload\" alt><img loading=\"lazy\" decoding=\"async\" width=\"500\" height=\"262\" src=\"https:\/\/infotulcea.ro\/wp-content\/uploads\/2025\/09\/licitatia-500x262.png\" class=\"image wp-image-36670  attachment-medium size-medium\" alt><\/a><\/div>\n<div id=\"media_image-27\" class=\"container-wrapper widget widget_media_image\"><a href=\"https:\/\/www.centrale-lemne-liepsnele.ro\/\"><img loading=\"lazy\" decoding=\"async\" width=\"500\" height=\"500\" src=\"https:\/\/infotulcea.ro\/wp-content\/uploads\/2025\/09\/Centrale-pe-Lemne-Liepsnele-500x500.png\" class=\"image wp-image-36541  attachment-medium size-medium lazyload\" alt=\"Centrala pe lemne\"><img loading=\"lazy\" decoding=\"async\" width=\"500\" height=\"500\" src=\"https:\/\/infotulcea.ro\/wp-content\/uploads\/2025\/09\/Centrale-pe-Lemne-Liepsnele-500x500.png\" class=\"image wp-image-36541  attachment-medium size-medium\" alt=\"Centrala pe lemne\"><\/a><\/div>\n<div id=\"media_image-28\" class=\"container-wrapper widget widget_media_image\"><a href=\"https:\/\/infotulcea.ro\/angajeaza-te-ro-platforma-ta-online-de-angajari-si-forta-de-munca\/\"><source sizes=\"(max-width: 500px) 100vw, 500px\" type=\"image\/webp\" data-srcset=\"https:\/\/infotulcea.ro\/wp-content\/uploads\/2025\/04\/banner-angajazate-1-500x305.jpg.webp 500w, https:\/\/infotulcea.ro\/wp-content\/uploads\/2025\/04\/banner-angajazate-1-1024x625.jpg.webp 1024w, https:\/\/infotulcea.ro\/wp-content\/uploads\/2025\/04\/banner-angajazate-1-768x469.jpg.webp 768w, https:\/\/infotulcea.ro\/wp-content\/uploads\/2025\/04\/banner-angajazate-1.jpg.webp 1080w\" \/><img loading=\"lazy\" decoding=\"async\" width=\"500\" height=\"305\" src=\"https:\/\/infotulcea.ro\/wp-content\/uploads\/2025\/04\/banner-angajazate-1-500x305.jpg\" class=\"image wp-image-34317  attachment-medium size-medium\" alt><\/a><\/div>\n<\/div>\n<\/aside>\n<\/div>\n<\/div>\n<div class=\"entry-content entry clearfix\">\n<p><strong>\u00cen urma concluziilor Raportului de control nr. 9028\/16.07.2026 \u0219i av\u00e2nd \u00een vedere faptul c\u0103 verific\u0103rile desf\u0103\u0219urate la nivel local nu au clarificat aspectele semnalate, prefectul jude\u021bului Tulcea, Eugen Terente, a transmis Guvernului Rom\u00e2niei solicitarea oficial\u0103 de a dispune efectuarea unui control coordonat de Corpul de Control al Prim-ministrului, \u00eempreun\u0103 cu structurile de control ale ministerelor competente, privind activit\u0103\u021bile agricole desf\u0103\u0219urate pe teritoriul Rezerva\u021biei Biosferei Delta Dun\u0103rii. Documentul a fost transmis c\u0103tre Corpul de Control al Prim-ministrului, precum \u0219i c\u0103tre Ministerul Mediului, Ministerul Agriculturii, Ministerul Finan\u021belor \u0219i Ministerul Afacerilor Interne.<\/strong><\/p>\n<p>Raportul comisiei mixte de control relev\u0103 existen\u021ba unor dificult\u0103\u021bi majore care au \u00eempiedicat finalizarea complet\u0103 a<img loading=\"lazy\" decoding=\"async\" class=\"wp-image-40072 alignright lazyload\" src=\"https:\/\/infotulcea.ro\/wp-content\/uploads\/2026\/07\/eugen-terente-768x630.jpg-500x410.webp\" alt width=\"441\" height=\"362\"><\/p>\n<p><img loading=\"lazy\" decoding=\"async\" class=\" wp-image-40072 alignright\" src=\"https:\/\/infotulcea.ro\/wp-content\/uploads\/2026\/07\/eugen-terente-768x630.jpg-500x410.webp\" alt width=\"441\" height=\"362\"> verific\u0103rilor la nivel local, printre acestea num\u0103r\u00e2ndu-se imposibilitatea identific\u0103rii tuturor operatorilor economici care desf\u0103\u0219oar\u0103 activit\u0103\u021bi agricole pe terenurile verificate, lipsa finaliz\u0103rii unor analize de laborator, dificult\u0103\u021bi \u00een corelarea informa\u021biilor de\u021binute de institu\u021biile cu atribu\u021bii \u00een domeniu \u0219i limit\u0103ri procedurale care nu au permis clarificarea tuturor aspectelor sesizate. Din acest motiv, Institu\u021bia Prefectului apreciaz\u0103 c\u0103 este necesar\u0103 interven\u021bia structurilor centrale de control.<\/p>\n<p>\u00cen solicitarea adresat\u0103 Guvernului sunt indicate ca prioritare verific\u0103ri privind legalitatea activit\u0103\u021bilor agricole desf\u0103\u0219urate \u00een perimetrul Rezerva\u021biei Biosferei Delta Dun\u0103rii, respectarea regimului de protec\u021bie a mediului, legalitatea exploat\u0103rii terenurilor \u0219i a concesiunilor, respectarea condi\u021biilor pentru acordarea subven\u021biilor, precum \u0219i identificarea persoanelor fizice \u0219i juridice care exploateaz\u0103 efectiv terenurile.<\/p>\n<p>\u201eRaportul comisiei mixte confirm\u0103 faptul c\u0103 au fost identificate numeroase aspecte care necesit\u0103 verific\u0103ri aprofundate \u0219i c\u0103, din motive obiective, controlul desf\u0103\u0219urat la nivel local nu a putut r\u0103spunde tuturor \u00eentreb\u0103rilor ridicate. Tocmai de aceea am solicitat interven\u021bia Corpului de Control al Prim-ministrului \u0219i a ministerelor competente. Este nevoie de o analiz\u0103 complet\u0103, obiectiv\u0103 \u0219i coordonat\u0103 la nivel guvernamental, astfel \u00eenc\u00e2t orice suspiciune privind legalitatea activit\u0103\u021bilor agricole desf\u0103\u0219urate \u00een Rezerva\u021bia Biosferei Delta Dun\u0103rii s\u0103 fie clarificat\u0103, iar m\u0103surile necesare s\u0103 fie dispuse f\u0103r\u0103 \u00eent\u00e2rziere\u201d, a declarat prefectul jude\u021bului Tulcea, Eugen Terente.<\/p>\n<p>Institu\u021bia Prefectului Jude\u021bul Tulcea \u00ee\u0219i reafirm\u0103 disponibilitatea de a pune la dispozi\u021bia autorit\u0103\u021bilor centrale toate documentele \u0219i informa\u021biile rezultate \u00een urma activit\u0103\u021bii comisiei mixte \u0219i de a acorda \u00eentregul sprijin necesar pentru desf\u0103\u0219urarea verific\u0103rilor solicitate.<\/p>\n<\/div>\n<div class=\"articleBody\" data-key=\"articleBody\">\u00cen urma concluziilor Raportului de control nr. 9028\/16.07.2026 \u0219i av\u00e2nd \u00een vedere faptul c\u0103 verific\u0103rile desf\u0103\u0219urate la nivel local nu au clarificat aspectele semnalate, prefectul jude\u021bului Tulcea, Eugen Terente, a transmis Guvernului Rom\u00e2niei solicitarea oficial\u0103 de a dispune efectuarea unui control coordonat de Corpul de Control al Prim-ministrului, \u00eempreun\u0103 cu structurile de control ale ministerelor competente, privind activit\u0103\u021bile agricole desf\u0103\u0219urate pe teritoriul Rezerva\u021biei Biosferei Delta Dun\u0103rii. Documentul a fost transmis c\u0103tre Corpul de Control al Prim-ministrului, precum \u0219i c\u0103tre Ministerul Mediului, Ministerul Agriculturii, Ministerul Finan\u021belor \u0219i Ministerul Afacerilor Interne.<\/p>\n<p>Raportul comisiei mixte de control relev\u0103 existen\u021ba unor dificult\u0103\u021bi majore care au \u00eempiedicat finalizarea complet\u0103 a verific\u0103rilor la nivel local, printre acestea num\u0103r\u00e2ndu-se imposibilitatea identific\u0103rii tuturor operatorilor economici care desf\u0103\u0219oar\u0103 activit\u0103\u021bi agricole pe terenurile verificate, lipsa finaliz\u0103rii unor analize de laborator, dificult\u0103\u021bi \u00een corelarea informa\u021biilor de\u021binute de institu\u021biile cu atribu\u021bii \u00een domeniu \u0219i limit\u0103ri procedurale care nu au permis clarificarea tuturor aspectelor sesizate. Din acest motiv, Institu\u021bia Prefectului apreciaz\u0103 c\u0103 este necesar\u0103 interven\u021bia structurilor centrale de control.<\/p>\n<p>\u00cen solicitarea adresat\u0103 Guvernului sunt indicate ca prioritare verific\u0103ri privind legalitatea activit\u0103\u021bilor agricole desf\u0103\u0219urate \u00een perimetrul Rezerva\u021biei Biosferei Delta Dun\u0103rii, respectarea regimului de protec\u021bie a mediului, legalitatea exploat\u0103rii terenurilor \u0219i a concesiunilor, respectarea condi\u021biilor pentru acordarea subven\u021biilor, precum \u0219i identificarea persoanelor fizice \u0219i juridice care exploateaz\u0103 efectiv terenurile.<\/p>\n<p>\u201eRaportul comisiei mixte confirm\u0103 faptul c\u0103 au fost identificate numeroase aspecte care necesit\u0103 verific\u0103ri aprofundate \u0219i c\u0103, din motive obiective, controlul desf\u0103\u0219urat la nivel local nu a putut r\u0103spunde tuturor \u00eentreb\u0103rilor ridicate. Tocmai de aceea am solicitat interven\u021bia Corpului de Control al Prim-ministrului \u0219i a ministerelor competente. Este nevoie de o analiz\u0103 complet\u0103, obiectiv\u0103 \u0219i coordonat\u0103 la nivel guvernamental, astfel \u00eenc\u00e2t orice suspiciune privind legalitatea activit\u0103\u021bilor agricole desf\u0103\u0219urate \u00een Rezerva\u021bia Biosferei Delta Dun\u0103rii s\u0103 fie clarificat\u0103, iar m\u0103surile necesare s\u0103 fie dispuse f\u0103r\u0103 \u00eent\u00e2rziere\u201d, a declarat prefectul jude\u021bului Tulcea, Eugen Terente.<\/p>\n<p>Institu\u021bia Prefectului Jude\u021bul Tulcea \u00ee\u0219i reafirm\u0103 disponibilitatea de a pune la dispozi\u021bia autorit\u0103\u021bilor centrale toate documentele \u0219i informa\u021biile rezultate \u00een urma activit\u0103\u021bii comisiei mixte \u0219i de a acorda \u00eentregul sprijin necesar pentru desf\u0103\u0219urarea verific\u0103rilor solicitate.<\/p><\/div>\n<p>[analyse_source url=&#8221;https:\/\/infotulcea.ro\/prefectul-judetului-tulcea-solicita-interventia-corpului-de-control-al-prim-ministrului-pentru-verificarea-activitatilor-agricole-din-rezervatia-biosferei-delta-dunarii\/&#8221;]<\/p>\n","protected":false},"excerpt":{"rendered":"<p>[analyse_image type=&#8221;featured&#8221; src=&#8221;https:\/\/infotulcea.ro\/wp-content\/uploads\/2026\/07\/eugen-terente-768&#215;630.jpg.webphttps:\/\/infotulcea.ro\/wp-content\/uploads\/2026\/07\/eugen-terente-768&#215;630.jpg.webp&#8221;] Home\/Politic\u0103\/USR\/Prefectul jude\u021bului Tulcea solicit\u0103 interven\u021bia Corpului de Control al Prim-ministrului pentru verificarea activit\u0103\u021bilor agricole din Rezerva\u021bia Biosferei Delta Dun\u0103rii USR Prefectul jude\u021bului Tulcea solicit\u0103 interven\u021bia Corpului de Control al Prim-ministrului pentru verificarea activit\u0103\u021bilor agricole din Rezerva\u021bia Biosferei Delta Dun\u0103rii Redactia31 iulie 2026 0 1.549 1 minute read \u00cen urma concluziilor Raportului de [&hellip;]<\/p>\n","protected":false},"author":1,"featured_media":0,"comment_status":"open","ping_status":"","sticky":false,"template":"","format":"standard","meta":{"footnotes":""},"categories":[89],"tags":[226,221],"class_list":["post-2072494","post","type-post","status-publish","format-standard","hentry","category-romania","tag-crawlmanager","tag-infotulcea-ro"],"_links":{"self":[{"href":"https:\/\/analyse.optim.biz\/index.php?rest_route=\/wp\/v2\/posts\/2072494","targetHints":{"allow":["GET"]}}],"collection":[{"href":"https:\/\/analyse.optim.biz\/index.php?rest_route=\/wp\/v2\/posts"}],"about":[{"href":"https:\/\/analyse.optim.biz\/index.php?rest_route=\/wp\/v2\/types\/post"}],"author":[{"embeddable":true,"href":"https:\/\/analyse.optim.biz\/index.php?rest_route=\/wp\/v2\/users\/1"}],"replies":[{"embeddable":true,"href":"https:\/\/analyse.optim.biz\/index.php?rest_route=%2Fwp%2Fv2%2Fcomments&post=2072494"}],"version-history":[{"count":0,"href":"https:\/\/analyse.optim.biz\/index.php?rest_route=\/wp\/v2\/posts\/2072494\/revisions"}],"wp:attachment":[{"href":"https:\/\/analyse.optim.biz\/index.php?rest_route=%2Fwp%2Fv2%2Fmedia&parent=2072494"}],"wp:term":[{"taxonomy":"category","embeddable":true,"href":"https:\/\/analyse.optim.biz\/index.php?rest_route=%2Fwp%2Fv2%2Fcategories&post=2072494"},{"taxonomy":"post_tag","embeddable":true,"href":"https:\/\/analyse.optim.biz\/index.php?rest_route=%2Fwp%2Fv2%2Ftags&post=2072494"}],"curies":[{"name":"wp","href":"https:\/\/api.w.org\/{rel}","templated":true}]}}