{"id":2072477,"date":"2026-07-31T04:15:25","date_gmt":"2026-07-31T01:15:25","guid":{"rendered":"https:\/\/analyse.optim.biz\/?p=2072477"},"modified":"2026-07-31T04:15:25","modified_gmt":"2026-07-31T01:15:25","slug":"sucevenii-au-inteles-ca-garajele-trebuie-demolate-dar-de-unde-aroganta-si-furia-primariei-fata-de-proprietarii-acestora","status":"publish","type":"post","link":"https:\/\/analyse.optim.biz\/?p=2072477","title":{"rendered":"Sucevenii au \u00een\u021beles c\u0103 garajele trebuie demolate. Dar, de unde arogan\u021ba \u0219i furia Prim\u0103riei fa\u021b\u0103 de proprietarii acestora?"},"content":{"rendered":"<p>[analyse_image type=&#8221;featured&#8221; src=&#8221;https:\/\/www.radiotop.ro\/img\/media\/2024\/04\/garaje-darimate-1.jpg&#8221;]<\/p>\n<div class=\"entry-content no-share\">\n<div class=\"content-inner \">\n<p>Sucevenii, \u00een general, au \u00een\u021beles c\u0103 vremea garajelor de pe domeniul public a trecut \u0219i c\u0103 administra\u021bia \u0219i-a propus s\u0103 amenajeze spa\u021bii verzi \u0219i locuri de parcare \u00een locul acestora. \u00cens\u0103, numai nu pricep modul de ac\u021biune al Prim\u0103riei Suceava. Nu \u00een\u021beleg de unde arogan\u021ba \u0219i furia cu care aceasta se \u00eendreapt\u0103 \u00eempotriva proprietarilor de garaje, de parc\u0103 ace\u0219tia ar fi furat ceva \u0219i ar trebui pedepsi\u021bi.<\/p>\n<p>Pe 30 iulie, \u00een zona Aleii Profesor Leca Morariu era agita\u021bie printre proprietarii garajelor, care fuseser\u0103 \u00een\u0219tiin\u021ba\u021bi c\u0103 vine t\u0103v\u0103lugul Prim\u0103riei \u0219i trebuie s\u0103-\u0219i str\u00eeng\u0103 lucrurile. \u0218i nu c\u00eend vor iei, ci \u00een trei zile, de parc\u0103 ar fi stare de r\u0103zboi. Documentul eliberat \u00een data de 27 iulie 2026 de Serviciul de Cadastru \u0219i Patrimoniu din Prim\u0103ria condus\u0103 de Vasile R\u00eembu a ajuns \u00een posesia proprietarilor de garaje pe 30 iulie. Trei zile de la emiterea documentului \u0219i tot trei zile de la \u00eenm\u00eenarea acestuia \u0219i p\u00een\u0103 la desfiin\u021barea unor garaje cu zeci de ani de existen\u021b\u0103. \u0218i dac\u0103 proprietarul nu este g\u0103sit acas\u0103? R\u0103spunsul reprezentantului Poli\u021biei Locale: \u201dL\u0103s\u0103m h\u00eertia \u00een u\u0219\u0103\u201d.<\/p>\n<p>Dar, ar mai fi o problem\u0103: este perioada concediilor \u0219i vacan\u021belor, \u0219i dac\u0103 proprietarul este plecat \u0219i vine peste o s\u0103pt\u0103m\u00een\u0103? Asta e. \u0218i de ce 3 zile, \u0219i de ce nu 10 zile sau m\u0103car 7 zile? \u00cen alt\u0103 ordine de idei, dac\u0103 documentul este emis de Serviciul de Cadastru \u0219i Patrimoniu, de ce nu bate pe la u\u0219ile oamenilor cineva de la acest serviciu \u0219i vine Poli\u021bia Local\u0103? A, Poli\u021bia are suficien\u021bi oameni, iar Cadastrul nu? Bun, dar atunci s\u0103 vin\u0103 poli\u021bistul \u00eembr\u0103cat \u00een civil, c\u0103 mai s\u00eent oameni care se sperie c\u00eend v\u0103d o uniform\u0103 \u00een fa\u021ba u\u0219ii.<\/p>\n<p>Prim\u0103ria \u00eei informeaz\u0103 pe cei care parc\u0103 ar fi furat ceva c\u0103 \u201df\u0103r\u0103 existen\u021ba unei rela\u021bii contractuale cu Municipiul Suceava, v\u0103 punem \u00een vedere ca \u00een termen de 3 zile de la primirea prezentei s\u0103 elibera\u021bi terenul ocupat de construc\u021bia provizorie-garaj, iar sumele pl\u0103tite \u00een plus, reprezent\u00eend valoarea acord\u0103rii dreptului de folosin\u021b\u0103, vi se vor restitui\u201d. P\u0103i, avem de-a face cu o fractur\u0103 logic\u0103. Dac\u0103 nu exist\u0103 nici o rela\u021bie contractual\u0103, atunci \u00een baza a ce a pl\u0103tit proprietarul garajului 700-800 de lei pe an chiria pe teren? \u0218i dac\u0103 nu exist\u0103 rela\u021bie contractual\u0103, \u00een baza a ce va restitui Prim\u0103ria banii pl\u0103ti\u021bi \u00een plus?<\/p>\n<p>Tot Prim\u0103ria lui Vasile R\u00eembu spune c\u0103 \u201d\u00een caz contrar, Prim\u0103ria Municipiului Suceava va ini\u021bia ac\u021biunea de desfiin\u021bare pe cale administrativ\u0103 a construc\u021biei \u0219i nu va fi responsabil\u0103 pentru lucrurile l\u0103sate \u00een interioul imobilului\u201d. Dar, dac\u0103 proprietarul este \u00een vacan\u021b\u0103 sau \u00een concediu departe de cas\u0103 \u0219i vine peste o s\u0103pt\u0103m\u00een\u0103, atunci \u201darmata\u201d comandantului Vasile R\u00eembu intr\u0103 cu bocanii \u00een imobilul omului \u0219i-i cotrob\u0103ie\u0219te prin lucruri? Prim\u0103ria este proprietar\u0103 doar pe teren, \u0219i nu \u0219i pe garaj.<\/p>\n<p>Sucevenii, \u00een general, au \u00een\u021beles c\u0103 vremea garajelor de pe domeniul public a trecut. \u00cens\u0103, numai nu pricep modul de ac\u021biune al Prim\u0103riei Suceava. Nu \u00een\u021beleg de unde arogan\u021ba \u0219i furia cu care aceasta se \u00eendreapt\u0103 \u00eempotriva proprietarilor de garaje, de parc\u0103 ace\u0219tia ar fi furat ceva \u0219i ar trebui pedepsi\u021bi.<\/p>\n<\/div>\n<\/div>\n<div class=\"content-inner \">\n<p>Sucevenii, \u00een general, au \u00een\u021beles c\u0103 vremea garajelor de pe domeniul public a trecut \u0219i c\u0103 administra\u021bia \u0219i-a propus s\u0103 amenajeze spa\u021bii verzi \u0219i locuri de parcare \u00een locul acestora. \u00cens\u0103, numai nu pricep modul de ac\u021biune al Prim\u0103riei Suceava. Nu \u00een\u021beleg de unde arogan\u021ba \u0219i furia cu care aceasta se \u00eendreapt\u0103 \u00eempotriva proprietarilor de garaje, de parc\u0103 ace\u0219tia ar fi furat ceva \u0219i ar trebui pedepsi\u021bi.<\/p>\n<p>Pe 30 iulie, \u00een zona Aleii Profesor Leca Morariu era agita\u021bie printre proprietarii garajelor, care fuseser\u0103 \u00een\u0219tiin\u021ba\u021bi c\u0103 vine t\u0103v\u0103lugul Prim\u0103riei \u0219i trebuie s\u0103-\u0219i str\u00eeng\u0103 lucrurile. \u0218i nu c\u00eend vor iei, ci \u00een trei zile, de parc\u0103 ar fi stare de r\u0103zboi. Documentul eliberat \u00een data de 27 iulie 2026 de Serviciul de Cadastru \u0219i Patrimoniu din Prim\u0103ria condus\u0103 de Vasile R\u00eembu a ajuns \u00een posesia proprietarilor de garaje pe 30 iulie. Trei zile de la emiterea documentului \u0219i tot trei zile de la \u00eenm\u00eenarea acestuia \u0219i p\u00een\u0103 la desfiin\u021barea unor garaje cu zeci de ani de existen\u021b\u0103. \u0218i dac\u0103 proprietarul nu este g\u0103sit acas\u0103? R\u0103spunsul reprezentantului Poli\u021biei Locale: \u201dL\u0103s\u0103m h\u00eertia \u00een u\u0219\u0103\u201d.<\/p>\n<p>Dar, ar mai fi o problem\u0103: este perioada concediilor \u0219i vacan\u021belor, \u0219i dac\u0103 proprietarul este plecat \u0219i vine peste o s\u0103pt\u0103m\u00een\u0103? Asta e. \u0218i de ce 3 zile, \u0219i de ce nu 10 zile sau m\u0103car 7 zile? \u00cen alt\u0103 ordine de idei, dac\u0103 documentul este emis de Serviciul de Cadastru \u0219i Patrimoniu, de ce nu bate pe la u\u0219ile oamenilor cineva de la acest serviciu \u0219i vine Poli\u021bia Local\u0103? A, Poli\u021bia are suficien\u021bi oameni, iar Cadastrul nu? Bun, dar atunci s\u0103 vin\u0103 poli\u021bistul \u00eembr\u0103cat \u00een civil, c\u0103 mai s\u00eent oameni care se sperie c\u00eend v\u0103d o uniform\u0103 \u00een fa\u021ba u\u0219ii.<\/p>\n<p>Prim\u0103ria \u00eei informeaz\u0103 pe cei care parc\u0103 ar fi furat ceva c\u0103 \u201df\u0103r\u0103 existen\u021ba unei rela\u021bii contractuale cu Municipiul Suceava, v\u0103 punem \u00een vedere ca \u00een termen de 3 zile de la primirea prezentei s\u0103 elibera\u021bi terenul ocupat de construc\u021bia provizorie-garaj, iar sumele pl\u0103tite \u00een plus, reprezent\u00eend valoarea acord\u0103rii dreptului de folosin\u021b\u0103, vi se vor restitui\u201d. P\u0103i, avem de-a face cu o fractur\u0103 logic\u0103. Dac\u0103 nu exist\u0103 nici o rela\u021bie contractual\u0103, atunci \u00een baza a ce a pl\u0103tit proprietarul garajului 700-800 de lei pe an chiria pe teren? \u0218i dac\u0103 nu exist\u0103 rela\u021bie contractual\u0103, \u00een baza a ce va restitui Prim\u0103ria banii pl\u0103ti\u021bi \u00een plus?<\/p>\n<p>Tot Prim\u0103ria lui Vasile R\u00eembu spune c\u0103 \u201d\u00een caz contrar, Prim\u0103ria Municipiului Suceava va ini\u021bia ac\u021biunea de desfiin\u021bare pe cale administrativ\u0103 a construc\u021biei \u0219i nu va fi responsabil\u0103 pentru lucrurile l\u0103sate \u00een interioul imobilului\u201d. Dar, dac\u0103 proprietarul este \u00een vacan\u021b\u0103 sau \u00een concediu departe de cas\u0103 \u0219i vine peste o s\u0103pt\u0103m\u00een\u0103, atunci \u201darmata\u201d comandantului Vasile R\u00eembu intr\u0103 cu bocanii \u00een imobilul omului \u0219i-i cotrob\u0103ie\u0219te prin lucruri? Prim\u0103ria este proprietar\u0103 doar pe teren, \u0219i nu \u0219i pe garaj.<\/p>\n<p>Sucevenii, \u00een general, au \u00een\u021beles c\u0103 vremea garajelor de pe domeniul public a trecut. \u00cens\u0103, numai nu pricep modul de ac\u021biune al Prim\u0103riei Suceava. Nu \u00een\u021beleg de unde arogan\u021ba \u0219i furia cu care aceasta se \u00eendreapt\u0103 \u00eempotriva proprietarilor de garaje, de parc\u0103 ace\u0219tia ar fi furat ceva \u0219i ar trebui pedepsi\u021bi.<\/p>\n<\/div>\n<p>[analyse_source url=&#8221;https:\/\/www.radiotop.ro\/tableta-zilei\/sucevenii-au-inteles-ca-garajele-trebuie-demolate-dar-de-unde-aroganta-si-furia-primariei-fata-de-proprietarii-acestora.html&#8221;]<\/p>\n","protected":false},"excerpt":{"rendered":"<p>[analyse_image type=&#8221;featured&#8221; src=&#8221;https:\/\/www.radiotop.ro\/img\/media\/2024\/04\/garaje-darimate-1.jpg&#8221;] Sucevenii, \u00een general, au \u00een\u021beles c\u0103 vremea garajelor de pe domeniul public a trecut \u0219i c\u0103 administra\u021bia \u0219i-a propus s\u0103 amenajeze spa\u021bii verzi \u0219i locuri de parcare \u00een locul acestora. \u00cens\u0103, numai nu pricep modul de ac\u021biune al Prim\u0103riei Suceava. Nu \u00een\u021beleg de unde arogan\u021ba \u0219i furia cu care aceasta se \u00eendreapt\u0103 [&hellip;]<\/p>\n","protected":false},"author":1,"featured_media":0,"comment_status":"open","ping_status":"","sticky":false,"template":"","format":"standard","meta":{"footnotes":""},"categories":[89],"tags":[226,163],"class_list":["post-2072477","post","type-post","status-publish","format-standard","hentry","category-romania","tag-crawlmanager","tag-radiotop-ro"],"_links":{"self":[{"href":"https:\/\/analyse.optim.biz\/index.php?rest_route=\/wp\/v2\/posts\/2072477","targetHints":{"allow":["GET"]}}],"collection":[{"href":"https:\/\/analyse.optim.biz\/index.php?rest_route=\/wp\/v2\/posts"}],"about":[{"href":"https:\/\/analyse.optim.biz\/index.php?rest_route=\/wp\/v2\/types\/post"}],"author":[{"embeddable":true,"href":"https:\/\/analyse.optim.biz\/index.php?rest_route=\/wp\/v2\/users\/1"}],"replies":[{"embeddable":true,"href":"https:\/\/analyse.optim.biz\/index.php?rest_route=%2Fwp%2Fv2%2Fcomments&post=2072477"}],"version-history":[{"count":0,"href":"https:\/\/analyse.optim.biz\/index.php?rest_route=\/wp\/v2\/posts\/2072477\/revisions"}],"wp:attachment":[{"href":"https:\/\/analyse.optim.biz\/index.php?rest_route=%2Fwp%2Fv2%2Fmedia&parent=2072477"}],"wp:term":[{"taxonomy":"category","embeddable":true,"href":"https:\/\/analyse.optim.biz\/index.php?rest_route=%2Fwp%2Fv2%2Fcategories&post=2072477"},{"taxonomy":"post_tag","embeddable":true,"href":"https:\/\/analyse.optim.biz\/index.php?rest_route=%2Fwp%2Fv2%2Ftags&post=2072477"}],"curies":[{"name":"wp","href":"https:\/\/api.w.org\/{rel}","templated":true}]}}