{"id":2072466,"date":"2026-08-01T10:45:14","date_gmt":"2026-08-01T07:45:14","guid":{"rendered":"https:\/\/analyse.optim.biz\/?p=2072466"},"modified":"2026-08-01T10:45:14","modified_gmt":"2026-08-01T07:45:14","slug":"dragostea-care-transcende-epoci-descult-in-parc-1967","status":"publish","type":"post","link":"https:\/\/analyse.optim.biz\/?p=2072466","title":{"rendered":"Dragostea care transcende epoci \u2014 Descul\u021b \u00een parc (1967)"},"content":{"rendered":"<p>[analyse_image type=&#8221;featured&#8221; src=&#8221;https:\/\/r3media.ro\/wp-content\/uploads\/2026\/08\/descult-in-parc-1967-e1785581072428.webphttps:\/\/r3media.ro\/wp-content\/uploads\/2026\/08\/descult-in-parc-1967-e1785581072428.webp&#8221;]<\/p>\n<article id=\"template-id-109\" class=\"post-109 tdb_templates type-tdb_templates status-publish post\">\n<div id=\"tdi_2\" class=\"tdc-zone\">\n<div class=\"tdc_zone tdi_3  wpb_row td-pb-row\">\n<div id=\"tdi_4\" class=\"tdc-row\">\n<div class=\"vc_row tdi_5  wpb_row td-pb-row\">\n<div class=\"vc_column tdi_7  wpb_column vc_column_container tdc-column td-pb-span8\">\n<div class=\"wpb_wrapper\">\n<div class=\"td_block_wrap tdb_breadcrumbs tdi_8 td-pb-border-top td_block_template_1 tdb-breadcrumbs \" data-td-block-uid=\"tdi_8\">\n<div class=\"tdb-block-inner td-fix-index\"><span><a title=\"Vede\u021bi toate articolele \u00een FEATURED\" class=\"tdb-entry-crumb\" href=\"https:\/\/r3media.ro\/category\/featured\/\">FEATURED<\/a><\/span><span class=\"tdb-bred-no-url-last\">Dragostea care transcende epoci \u2014 Descul\u021b \u00een parc (1967)<\/span><\/div>\n<\/div>\n<div class=\"td_block_wrap tdb_single_categories tdi_9 td-pb-border-top td_block_template_1 \" data-td-block-uid=\"tdi_9\">\n<div class=\"tdb-category td-fix-index\"><a class=\"tdb-entry-category\" href=\"https:\/\/r3media.ro\/category\/featured\/\">FEATURED<\/a><a class=\"tdb-entry-category\" href=\"https:\/\/r3media.ro\/category\/opinii\/\">OPINII<\/a><a class=\"tdb-entry-category\" href=\"https:\/\/r3media.ro\/category\/stiri\/\">\u0218TIRI<\/a><\/div>\n<\/div>\n<div class=\"td_block_wrap tdb_title tdi_10 tdb-single-title td-pb-border-top td_block_template_1\" data-td-block-uid=\"tdi_10\">\n<div class=\"tdb-block-inner td-fix-index\">\n<h1 class=\"tdb-title-text\">Dragostea care transcende epoci \u2014 Descul\u021b \u00een parc (1967)<\/h1>\n<\/div>\n<\/div>\n<div class=\"vc_row_inner tdi_12  vc_row vc_inner wpb_row td-pb-row\">\n<div class=\"vc_column_inner tdi_14  wpb_column vc_column_container tdc-inner-column td-pb-span12\">\n<div class=\"vc_column-inner\">\n<div class=\"wpb_wrapper\">\n<div class=\"td_block_wrap tdb_single_author tdi_15 td-pb-border-top td_block_template_1 tdb-post-meta\" data-td-block-uid=\"tdi_15\">\n<div class=\"tdb-block-inner td-fix-index\">\n<div class=\"tdb-author-name-wrap\"><a class=\"tdb-author-name\" href=\"https:\/\/r3media.ro\/author\/costi_balasoiu\/\">Constantin B\u0103l\u0103\u0219oiu<\/a><\/div>\n<\/div>\n<\/div>\n<div class=\"td_block_wrap tdb_single_date tdi_16 td-pb-border-top td_block_template_1 tdb-post-meta\" data-td-block-uid=\"tdi_16\">\n<div class=\"tdb-block-inner td-fix-index\"><time class=\"entry-date updated td-module-date\" datetime=\"2026-08-01T13:45:14+03:00\">01\/08\/2026<\/time><\/div>\n<\/div>\n<\/div>\n<\/div>\n<\/div>\n<\/div>\n<div class=\"td_block_wrap tdb_single_featured_image tdi_17 tdb-content-horiz-left td-pb-border-top td_block_template_1\" data-td-block-uid=\"tdi_17\">\n<div class=\"tdb-block-inner td-fix-index\">\n<figure><figcaption class=\"tdb-caption-text\">Sursa foto: TCM<\/figcaption><\/figure>\n<\/div>\n<\/div>\n<div class=\"td_block_wrap tdb_single_content tdi_18 td-pb-border-top td_block_template_1 td-post-content tagdiv-type\" data-td-block-uid=\"tdi_18\">\n<div class=\"tdb-block-inner td-fix-index\">\n<p><strong><em>Barefoot in the Park\/ Descul\u021b<\/em> \u00een parc (1967) e poate cea mai electrizant\u0103 iubire din cinema, de la <em>Pe aripile v\u00e2ntului<\/em> \u00eencoace. E filmul cel mai longeviv pe ecrane \u0219i cunoscut, dup\u0103 acela\u0219i <em>Pe aripile v\u00e2ntului<\/em> (1939). \u00cen orice caz, e filmul genera\u021biilor baby boomers, X \u0219i Y sau millennials.<\/strong><\/p>\n<p>Fiindc\u0103 \u00eencep\u00e2nd cu genera\u021bia Z (Zoomers Generation, 1997-2012), contextul se modific\u0103, iar acest tip de dragoste care te face s\u0103 te sim\u021bi ca \u0219i cum te iei la \u00eentrecere cu albatro\u0219ii \u0219i \u00eei ba\u021bi \u00een geam \u00een fiecare diminea\u021b\u0103 soarelui, izbucnind ca un gheizer din toate ungherele f\u0103pturii tale \u0219i a c\u0103rei cunun\u0103 nu poate fi dec\u00e2t nunta, unirea ve\u0219nic\u0103 a dou\u0103 inimi de b\u0103rbat \u0219i femeie inseparabile, \u00eencepe s\u0103 fie supus unui asediu sus\u021binut. Pentru c\u0103 pe ecran intr\u0103m \u00eentr-o nou\u0103 epoc\u0103: epoca globaliz\u0103rii, \u00eencep\u00e2nd cu anii \u201990-2000.<\/p>\n<p>Este momentul produc\u021biilor de neconceput doar cu 10-20 ani \u00eenainte. Iubirea \u00eencepe s\u0103 fie deschis\u0103 spre forme noi de rela\u021bii \u0219i identit\u0103\u021bi, care se cer acceptate. Se \u00eent\u00e2mpl\u0103 lucruri care \u00ee\u021bi dau impresia c\u0103 nu mai exist\u0103 ceva stabilit. Ca \u0219i cum whatever works.<\/p>\n<p>Globalizarea a venit pe ecrane nu cu Cetatea soarelui, ci cu contestarea vechilor cli\u0219ee \u0219i direc\u021bii dominante. Aceast\u0103 dragoste e zugr\u0103vit\u0103 din ce \u00een ce mai mult \u00eentr-o atmosfer\u0103 ap\u0103s\u0103toare de familie, fisurat\u0103 de greut\u0103\u021bi de ne\u00eenvins, de vicii f\u0103r\u0103 leac, de egoisme \u0219i conflicte corozive.<\/p>\n<p>Ecranul se vulgarizeaz\u0103 (de pild\u0103 comediile cu un Adam Sandler, Ben Stiller, Owen Wilson, Jack Black, Robert Downey Jr., Robert De Niro etc din anii 2000), apar din ce \u00een ce mai mult divor\u021ba\u021bi de v\u00e2rst\u0103 mijlocie, personajele sunt infantilizate (mai ales \u00een comedii),\u00a0 dezabuzate, adictive, infidelitatea e aproape o norm\u0103, iar iubirea e din ce \u00een ce mai deschis\u0103 \u0219i \u00eentr-un fel redefinit\u0103, pe scurt \u00eencep s\u0103 fie apreciate \u0219i premiate filme care doar cu c\u00e2teva decenii \u00een urm\u0103 erau de neconceput, de pild\u0103 Bitter Moon (1992), Philadelphia (1993), The Birdcage (1996), Stealing Beauty (1996), Boys don\u2019t cry (1999), Unfaithful (2001), The Dreamers\u00a0(2003), Brokeback mountain (2005), Ballad of Jack and Rose (2005), Milk (2008), Whatever Works (2009), This Is Where I Leave You (2014) etc.<\/p>\n<p>S\u0103 ne \u00een\u021belegem, tendin\u021ba de a dep\u0103\u0219i tradi\u021bia pun\u00e2nd marea iubire fa\u021b\u0103 \u00een fa\u021b\u0103 cu terenul \u201eml\u0103\u0219tinos\u201d al familiei e mai veche, cobor\u00e2nd p\u00e2n\u0103 \u00een anii \u201960, iar uneori chiar mai departe, de pild\u0103 teatrul unui August Strindberg,\u00a0 Edward Albee (\u201960) preluat de cinema (de pild\u0103 <em>Cine se teme de Virginia Woolf?<\/em>), sau filmele Manhattan (1979), Kramer contra Kramer (1979), Trandafirul ro\u0219u din Cairo (1985), f\u0103r\u0103 s\u0103 mai vorbim de comedia plezirist\u0103\/ senzualist\u0103 european\u0103, \u00een special italian\u0103 a anilor \u201970-80, sau filmul noului val francez, de pild\u0103 Masculin \u2013 Feminin (1967), Domiciliu conjugal (1970), Le Charme discret de la bourgeoisie (1972) \u0219amd. Dar ea a r\u0103mas mai degrab\u0103 una de ni\u0219\u0103.<\/p>\n<p><em>Descul\u021b \u00een parc<\/em> a venit oarecum nea\u0219teptat \u0219i \u00eentr-un fel la finele unei genera\u021bii (baby boomers) care se fragmenta \u00eentre tinerii furio\u0219i ai anilor \u201960, cu revolu\u021bia lor cultural\u0103 (1968) \u0219i desc\u0103tu\u0219\u0103rile \u00een rock, experien\u021be psihedelice \u0219i iubiri \u00eent\u00e2mpl\u0103toare (make love, not war, de pild\u0103 <em>The Doors<\/em>, 1991), \u0219i acea p\u0103tur\u0103 ridicat\u0103 de succesul industrializ\u0103rii postbelice, iar mai t\u00e2rziu de ter\u021biarizarea anilor \u201970-80 din era capitalismului postindustrial (<em>white collar<\/em>), care nu va renun\u021ba la valorile \u0219i achizi\u021biile ei materiale \u0219i sociale (burgheze) \u0219i acele <em>love stories<\/em> cu Clark Gable, Merlin Moreau, Cary Grant, Audrey Hepburn \u0219amd.<\/p>\n<p>Pe scurt, g\u0103sind un apartament ieftin la ultimul etaj dintr-un bloc f\u0103r\u0103 lift din New York City, <strong>proasp\u0103t c\u0103s\u0103tori\u021bii<\/strong> Bratter (Jane Fonda &amp; Robert Redford) vor c\u0103uta s\u0103 \u00eempace pasiunea artezian\u0103 a iubirii cu munca sau obliga\u021biile sociale \u0219i un anumit conven\u021bionalism burghez. Paul Bratter este avocat.<\/p>\n<p>\u00ce\u021bi iese sufletul urc\u00e2nd sc\u0103rile, dar iubirea uneori are aripi mai degrab\u0103 dec\u00e2t picioare. Ea are nevoie de a fi aproape de cer mai mult dec\u00e2t orice altceva. O gaur\u0103 \u00een plafonul de sticl\u0103 nu reprezint\u0103 o mare problem\u0103, fie \u0219i \u00een februarie. Po\u021bi privi cerul \u00eenstelat.<\/p>\n<p>Imaginea care ar trebui s\u0103 ne re\u021bin\u0103 aten\u021bia este nu scena din parc, care e \u0219i punctul cel mai de jos al proasp\u0103tului lor mariaj, ci mai degrab\u0103 scena acoperi\u0219ului, care e punctul cel mai \u00eenalt, fiindc\u0103 din parc firele aparent rupte ale iubirii lor sunt re\u00eenodate, nu \u00een apartamentul de la ultimul etaj, ci mai sus, pe acoperi\u0219, aproape de cer \u0219i \u00een fa\u021ba tuturor.<\/p>\n<p>Nu \u0219tiu dac\u0103 ar fi putut fi g\u0103sit\u0103 o imagine mai bun\u0103 a unei iubiri care \u00eencepuse deja s\u0103 \u00ee\u0219i g\u0103seasc\u0103 detractorii, \u00een orice caz <em>Descul\u021b \u00een parc <\/em>e indiscutabil o reu\u0219it\u0103 cam din toate punctele de vedere.<\/p>\n<p>Dac\u0103 ast\u0103zi e uitat, eventual e v\u0103zut la cinematec\u0103 de o m\u00e2n\u0103 de cinefili, nu e din vina filmului. Cum \u00eens\u0103 epoca globaliz\u0103rii e pe punctul de a se \u00eencheia, poate a venit timpul ca aceste filme s\u0103 fie redescoperite.<\/p>\n<div class=\"crp_related     crp-masonry\">\n<h2>\u00ceN CONTEXT<\/h2>\n<ul>\n<li><a href=\"https:\/\/r3media.ro\/odissea-lui-nolan\/\" class=\"crp_link post-120578\"><span class=\"crp_title\">Odissea lui Nolan<\/span><\/a><\/li>\n<\/ul>\n<\/div>\n<\/div>\n<\/div>\n<div class=\"td_block_wrap tdb_single_tags tdi_19 td-pb-border-top td_block_template_1\" data-td-block-uid=\"tdi_19\">\n<div class=\"tdb-block-inner td-fix-index\">\n<ul class=\"tdb-tags\">\n<li><span>SUBIECTE FIERBIN\u021aI<\/span><\/li>\n<li><a href=\"https:\/\/r3media.ro\/tag\/hollywood\/\">Hollywood<\/a><\/li>\n<li><a href=\"https:\/\/r3media.ro\/tag\/istoria-filmului\/\">istoria filmului<\/a><\/li>\n<\/ul>\n<\/div>\n<\/div>\n<div class=\"td_block_wrap td_block_9 tdi_20 td_with_ajax_pagination td-pb-border-top td_block_template_1 td-column-2 td_block_padding td_block_bot_line\" data-td-block-uid=\"tdi_20\">\n<div class=\"td-block-title-wrap\">\n<h4 class=\"block-title td-block-title\"><span class=\"td-pulldown-size\">CITE\u0218TE MAI MULT<\/span><\/h4>\n<\/div>\n<div id=\"tdi_20\" class=\"td_block_inner\">\n<div class=\"td-block-row\">\n<div class=\"td-block-span6\">\n<div class=\"td_module_8 td_module_wrap\">\n<div class=\"item-details\">\n<h3 class=\"entry-title td-module-title\"><a href=\"https:\/\/r3media.ro\/cornel-nistorescu-drone-razboi-ucraina\/\" rel=\"bookmark\" title=\"Cornel Nistorescu, dup\u0103 incidentele cu drone: Adie a aer de r\u0103zboi. De mirare c\u0103 dronele ucrainene nu au st\u00e2rnit at\u00e2ta t\u0103r\u0103boi\">Cornel Nistorescu, dup\u0103 incidentele cu drone: Adie a aer de r\u0103zboi. De mirare c\u0103&#8230;<\/a><\/h3>\n<div class=\"td-module-meta-info\"><a href=\"https:\/\/r3media.ro\/category\/actualitate\/\" class=\"td-post-category\">ACTUALITATE<\/a><span class=\"td-post-author-name\"><a href=\"https:\/\/r3media.ro\/author\/radu_ursan\/\">Radu Ursan<\/a><span>&#8211;<\/span><\/span><span class=\"td-post-date\"><time class=\"entry-date updated td-module-date\" datetime=\"2026-07-28T10:21:51+03:00\">28\/07\/2026<\/time><\/span><\/div>\n<\/div>\n<\/div>\n<\/div>\n<div class=\"td-block-span6\">\n<div class=\"td_module_8 td_module_wrap\">\n<div class=\"item-details\">\n<h3 class=\"entry-title td-module-title\"><a href=\"https:\/\/r3media.ro\/bnr-recomanda-romani-rezerve-de-cash-atacuri-cibernetice-numerar-relevant-criza\/\" rel=\"bookmark\" title=\"BNR le recomand\u0103 rom\u00e2nilor s\u0103 p\u0103streze rezerve de cash: Numerarul se poate dovedi relevant \u00een criz\u0103\">BNR le recomand\u0103 rom\u00e2nilor s\u0103 p\u0103streze rezerve de cash: Numerarul se poate dovedi relevant&#8230;<\/a><\/h3>\n<div class=\"td-module-meta-info\"><a href=\"https:\/\/r3media.ro\/category\/actualitate\/\" class=\"td-post-category\">ACTUALITATE<\/a><span class=\"td-post-author-name\"><a href=\"https:\/\/r3media.ro\/author\/oana\/\">Oana Ivan<\/a><span>&#8211;<\/span><\/span><span class=\"td-post-date\"><time class=\"entry-date updated td-module-date\" datetime=\"2026-07-27T13:11:47+03:00\">27\/07\/2026<\/time><\/span><\/div>\n<\/div>\n<\/div>\n<\/div>\n<\/div>\n<div class=\"td-block-row\">\n<div class=\"td-block-span6\">\n<div class=\"td_module_8 td_module_wrap\">\n<div class=\"item-details\">\n<h3 class=\"entry-title td-module-title\"><a href=\"https:\/\/r3media.ro\/statul-roman-a-semnat-actul-propriei-disparitii\/\" rel=\"bookmark\" title=\"Statul rom\u00e2n a semnat actul propriei dispari\u021bii?\">Statul rom\u00e2n a semnat actul propriei dispari\u021bii?<\/a><\/h3>\n<div class=\"td-module-meta-info\"><a href=\"https:\/\/r3media.ro\/category\/opinii\/\" class=\"td-post-category\">OPINII<\/a><span class=\"td-post-author-name\"><a href=\"https:\/\/r3media.ro\/author\/gabipopa\/\">Gabriel Popa<\/a><span>&#8211;<\/span><\/span><span class=\"td-post-date\"><time class=\"entry-date updated td-module-date\" datetime=\"2026-07-27T15:07:05+03:00\">27\/07\/2026<\/time><\/span><\/div>\n<\/div>\n<\/div>\n<\/div>\n<div class=\"td-block-span6\">\n<div class=\"td_module_8 td_module_wrap\">\n<div class=\"item-details\">\n<h3 class=\"entry-title td-module-title\"><a href=\"https:\/\/r3media.ro\/prima-oara-istorie-presedintia-document-primplan-patriotism-european\/\" rel=\"bookmark\" title=\"Pentru prima oar\u0103 \u00een istorie, Pre\u0219edin\u021bia Rom\u00e2niei emite un document care pune pe primul plan o alt\u0103 entitate dec\u00e2t \u021bara noastr\u0103: patriotismul european\">Pentru prima oar\u0103 \u00een istorie, Pre\u0219edin\u021bia Rom\u00e2niei emite un document care pune pe primul&#8230;<\/a><\/h3>\n<div class=\"td-module-meta-info\"><a href=\"https:\/\/r3media.ro\/category\/actualitate\/\" class=\"td-post-category\">ACTUALITATE<\/a><span class=\"td-post-author-name\"><a href=\"https:\/\/r3media.ro\/author\/teodor_stan\/\">Teodor Stan<\/a><span>&#8211;<\/span><\/span><span class=\"td-post-date\"><time class=\"entry-date updated td-module-date\" datetime=\"2026-07-26T11:44:31+03:00\">26\/07\/2026<\/time><\/span><\/div>\n<\/div>\n<\/div>\n<\/div>\n<\/div>\n<div class=\"td-block-row\">\n<div class=\"td-block-span6\">\n<div class=\"td_module_8 td_module_wrap\">\n<div class=\"item-details\">\n<h3 class=\"entry-title td-module-title\"><a href=\"https:\/\/r3media.ro\/film-nou-stapanul-inelelor-corect-politic-regizor-andy-serkis-diversitate-tolkien-mitologie-nordica\/\" rel=\"bookmark\" title=\"Noul film \u201eSt\u0103p\u00e2nul Inelelor\u201d nu va fi corect politic. Regizorul Andy Serkis: J.R.R. Tolkien a fost influen\u021bat de mitologia nordic\u0103. Nu vrem o distribu\u021bie de dragul de a bifa c\u0103su\u021be\">Noul film \u201eSt\u0103p\u00e2nul Inelelor\u201d nu va fi corect politic. Regizorul Andy Serkis: J.R.R. Tolkien&#8230;<\/a><\/h3>\n<div class=\"td-module-meta-info\"><a href=\"https:\/\/r3media.ro\/category\/actualitate\/\" class=\"td-post-category\">ACTUALITATE<\/a><span class=\"td-post-author-name\"><a href=\"https:\/\/r3media.ro\/author\/oana\/\">Oana Ivan<\/a><span>&#8211;<\/span><\/span><span class=\"td-post-date\"><time class=\"entry-date updated td-module-date\" datetime=\"2026-07-26T15:49:31+03:00\">26\/07\/2026<\/time><\/span><\/div>\n<\/div>\n<\/div>\n<\/div>\n<div class=\"td-block-span6\">\n<div class=\"td_module_8 td_module_wrap\">\n<div class=\"item-details\">\n<h3 class=\"entry-title td-module-title\"><a href=\"https:\/\/r3media.ro\/dictatura-forma-suprema-a-democratiei\/\" rel=\"bookmark\" title=\"Dictatura \u2013 forma suprem\u0103 a democra\u021biei\">Dictatura \u2013 forma suprem\u0103 a democra\u021biei<\/a><\/h3>\n<div class=\"td-module-meta-info\"><a href=\"https:\/\/r3media.ro\/category\/opinii\/\" class=\"td-post-category\">OPINII<\/a><span class=\"td-post-author-name\"><a href=\"https:\/\/r3media.ro\/author\/tru\/\">TRU (Traian Ungureanu)<\/a><span>&#8211;<\/span><\/span><span class=\"td-post-date\"><time class=\"entry-date updated td-module-date\" datetime=\"2026-07-25T16:43:11+03:00\">25\/07\/2026<\/time><\/span><\/div>\n<\/div>\n<\/div>\n<\/div>\n<\/div>\n<div class=\"td-block-row\">\n<div class=\"td-block-span6\">\n<div class=\"td_module_8 td_module_wrap\">\n<div class=\"item-details\">\n<h3 class=\"entry-title td-module-title\"><a href=\"https:\/\/r3media.ro\/marea-britanie-apa-inteligenta-artificiala-romania-centru-ai-restrictii-consum-apa\/\" rel=\"bookmark\" title=\"Marea Britanie nu mai are suficient\u0103 ap\u0103 pentru Inteligen\u021ba Artificial\u0103, dar Rom\u00e2nia vrea s\u0103 g\u0103zduiasc\u0103 un centru AI care consum\u0103 c\u00e2t sute de mii de oameni \u0219i impune restric\u021bii la consumul de ap\u0103 al popula\u021biei\">Marea Britanie nu mai are suficient\u0103 ap\u0103 pentru Inteligen\u021ba Artificial\u0103, dar Rom\u00e2nia vrea s\u0103&#8230;<\/a><\/h3>\n<div class=\"td-module-meta-info\"><a href=\"https:\/\/r3media.ro\/category\/actualitate\/\" class=\"td-post-category\">ACTUALITATE<\/a><span class=\"td-post-author-name\"><a href=\"https:\/\/r3media.ro\/author\/radu_ursan\/\">Radu Ursan<\/a><span>&#8211;<\/span><\/span><span class=\"td-post-date\"><time class=\"entry-date updated td-module-date\" datetime=\"2026-07-23T11:44:13+03:00\">23\/07\/2026<\/time><\/span><\/div>\n<\/div>\n<\/div>\n<\/div>\n<div class=\"td-block-span6\">\n<div class=\"td_module_8 td_module_wrap\">\n<div class=\"item-details\">\n<h3 class=\"entry-title td-module-title\"><a href=\"https:\/\/r3media.ro\/campion-olimpic-olaf-tufte-mort-subit-50-ani\/\" rel=\"bookmark\" title=\"Campionul olimpic Olaf Tufte a murit subit la 50 de ani\">Campionul olimpic Olaf Tufte a murit subit la 50 de ani<\/a><\/h3>\n<div class=\"td-module-meta-info\"><a href=\"https:\/\/r3media.ro\/category\/actualitate\/\" class=\"td-post-category\">ACTUALITATE<\/a><span class=\"td-post-author-name\"><a href=\"https:\/\/r3media.ro\/author\/oana\/\">Oana Ivan<\/a><span>&#8211;<\/span><\/span><span class=\"td-post-date\"><time class=\"entry-date updated td-module-date\" datetime=\"2026-07-22T12:11:02+03:00\">22\/07\/2026<\/time><\/span><\/div>\n<\/div>\n<\/div>\n<\/div>\n<\/div>\n<div class=\"td-block-row\">\n<div class=\"td-block-span6\">\n<div class=\"td_module_8 td_module_wrap\">\n<div class=\"item-details\">\n<h3 class=\"entry-title td-module-title\"><a href=\"https:\/\/r3media.ro\/explozie-incendiu-fabrica-kronospan-brasov-video\/\" rel=\"bookmark\" title=\"VIDEO | Explozie urmat\u0103 de un incendiu la fabrica Kronospan din Bra\u0219ov. \u00cen timp ce pompierii \u00eencercau s\u0103 sting\u0103 focul s-a produs o alt\u0103 explozie\">VIDEO | Explozie urmat\u0103 de un incendiu la fabrica Kronospan din Bra\u0219ov. \u00cen timp&#8230;<\/a><\/h3>\n<div class=\"td-module-meta-info\"><a href=\"https:\/\/r3media.ro\/category\/actualitate\/\" class=\"td-post-category\">ACTUALITATE<\/a><span class=\"td-post-author-name\"><a href=\"https:\/\/r3media.ro\/author\/oana\/\">Oana Ivan<\/a><span>&#8211;<\/span><\/span><span class=\"td-post-date\"><time class=\"entry-date updated td-module-date\" datetime=\"2026-07-22T10:01:28+03:00\">22\/07\/2026<\/time><\/span><\/div>\n<\/div>\n<\/div>\n<\/div>\n<div class=\"td-block-span6\">\n<div class=\"td_module_8 td_module_wrap\">\n<div class=\"item-details\">\n<h3 class=\"entry-title td-module-title\"><a href=\"https:\/\/r3media.ro\/asa-incepe-compania-openai-afirma-un-model-de-inteligenta-artificiala-a-atacat-din-proprie-initiativa-sistemele-unei-alte-companii\/\" rel=\"bookmark\" title=\"A\u0219a \u00eencepe? Compania OpenAI afirm\u0103 un model de inteligen\u021b\u0103 artificial\u0103 a ATACAT din proprie ini\u021biativ\u0103 sistemele unei alte companii\">A\u0219a \u00eencepe? Compania OpenAI afirm\u0103 un model de inteligen\u021b\u0103 artificial\u0103 a ATACAT din proprie&#8230;<\/a><\/h3>\n<div class=\"td-module-meta-info\"><a href=\"https:\/\/r3media.ro\/category\/actualitate\/\" class=\"td-post-category\">ACTUALITATE<\/a><span class=\"td-post-author-name\"><a href=\"https:\/\/r3media.ro\/author\/teodor_stan\/\">Teodor Stan<\/a><span>&#8211;<\/span><\/span><span class=\"td-post-date\"><time class=\"entry-date updated td-module-date\" datetime=\"2026-07-22T09:10:53+03:00\">22\/07\/2026<\/time><\/span><\/div>\n<\/div>\n<\/div>\n<\/div>\n<\/div>\n<div class=\"td-block-row\">\n<div class=\"td-block-span6\">\n<div class=\"td_module_8 td_module_wrap\">\n<div class=\"item-details\">\n<h3 class=\"entry-title td-module-title\"><a href=\"https:\/\/r3media.ro\/episcopul-husilor-oameni-animale-therieni-degradare-progresism\/\" rel=\"bookmark\" title=\"Episcopul Hu\u0219ilor, despre oamenii care se cred animale: V\u0103 da\u021bi seama c\u00e2t\u0103 degradare uman\u0103 este? De ce? Pentru c\u0103 se \u00eencred \u00een progresism\">Episcopul Hu\u0219ilor, despre oamenii care se cred animale: V\u0103 da\u021bi seama c\u00e2t\u0103 degradare uman\u0103&#8230;<\/a><\/h3>\n<div class=\"td-module-meta-info\"><a href=\"https:\/\/r3media.ro\/category\/actualitate\/\" class=\"td-post-category\">ACTUALITATE<\/a><span class=\"td-post-author-name\"><a href=\"https:\/\/r3media.ro\/author\/radu_ursan\/\">Radu Ursan<\/a><span>&#8211;<\/span><\/span><span class=\"td-post-date\"><time class=\"entry-date updated td-module-date\" datetime=\"2026-07-21T19:30:46+03:00\">21\/07\/2026<\/time><\/span><\/div>\n<\/div>\n<\/div>\n<\/div>\n<div class=\"td-block-span6\">\n<div class=\"td_module_8 td_module_wrap\">\n<div class=\"item-details\">\n<h3 class=\"entry-title td-module-title\"><a href=\"https:\/\/r3media.ro\/video-cult-femeie-dumnezeu-mama-romania\/\" rel=\"bookmark\" title=\"VIDEO | Un cult care consider\u0103 o femeie coreean\u0103 drept \u201eDumnezeu Mama\u201d face prozeli\u021bi \u00een Rom\u00e2nia\">VIDEO | Un cult care consider\u0103 o femeie coreean\u0103 drept \u201eDumnezeu Mama\u201d face prozeli\u021bi&#8230;<\/a><\/h3>\n<div class=\"td-module-meta-info\"><a href=\"https:\/\/r3media.ro\/category\/actualitate\/\" class=\"td-post-category\">ACTUALITATE<\/a><span class=\"td-post-author-name\"><a href=\"https:\/\/r3media.ro\/author\/redactia\/\">Redac\u021bia<\/a><span>&#8211;<\/span><\/span><span class=\"td-post-date\"><time class=\"entry-date updated td-module-date\" datetime=\"2026-07-21T11:14:08+03:00\">21\/07\/2026<\/time><\/span><\/div>\n<\/div>\n<\/div>\n<\/div>\n<\/div>\n<\/div>\n<div class=\"td-load-more-wrap td-load-more-infinite-wrap\" id=\"infinite-lm-tdi_20\"><a href=\"https:\/\/r3media.ro\/dragostea-care-transcende-epoci-descult-in-parc-1967\/\" class=\"td_ajax_load_more td_ajax_load_more_js\" aria-label=\"\u00cenc\u0103rca\u021bi mai multe\" id=\"next-page-tdi_20\" data-td_block_id=\"tdi_20\">\u00cenc\u0103rca\u021bi mai multe<\/a><\/div>\n<\/div>\n<div class=\"td_block_wrap tdb_single_comments tdi_21 tdb-comm-layout2 td-pb-border-top td_block_template_1\" data-td-block-uid=\"tdi_21\">\n<div class=\"tdb-block-inner td-fix-index\">\n<div class=\"comments\" id=\"comments\">\n<div id=\"respond\" class=\"comment-respond\">\n<h3 id=\"reply-title\" class=\"comment-reply-title\">AI CEVA DE SPUS? <small><a rel=\"nofollow\" id=\"cancel-comment-reply-link\" href=\"https:\/\/r3media.ro\/dragostea-care-transcende-epoci-descult-in-parc-1967\/#respond\">Renun\u021ba\u021bi la r\u0103spuns<\/a><\/small><\/h3>\n<div class=\"comment-form-input-wrap td-form-comment\">\n<div class=\"td-warning-comment\">V\u0103 rug\u0103m s\u0103 introduce\u021bi comentariul dvs.!<\/div>\n<\/div>\n<div class=\"comment-form-input-wrap td-form-author\">\n<div class=\"td-warning-author\">Introduce\u021bi aici numele dvs.<\/div>\n<\/div>\n<div class=\"comment-form-input-wrap td-form-email\">\n<div class=\"td-warning-email-error\">A\u021bi introdus o adres\u0103 de e-mail incorect\u0103!<\/div>\n<div class=\"td-warning-email\">V\u0103 rug\u0103m s\u0103 introduce\u021bi adresa dvs. de e-mail aici<\/div>\n<\/div>\n<\/div>\n<\/div>\n<\/div>\n<\/div>\n<\/div>\n<\/div>\n<div class=\"vc_column tdi_23  wpb_column vc_column_container tdc-column td-pb-span4 td-is-sticky\">\n<div class=\"wpb_wrapper\" data-sticky-enabled-on=\"W3RydWUsdHJ1ZSx0cnVlLHRydWVd\" data-sticky-offset=\"20\" data-sticky-is-width-auto=\"W2ZhbHNlLGZhbHNlLGZhbHNlLGZhbHNlXQ==\">\n<div class=\"wpb_wrapper td_block_wrap vc_widget_sidebar tdi_25 \">\n<div class=\"td_block_wrap td_block_7 td_block_widget tdi_26 td-pb-border-top td_block_template_1 td-column-1 td_block_padding\" data-td-block-uid=\"tdi_26\">\n<div class=\"td-block-title-wrap\">\n<h4 class=\"block-title td-block-title\"><span class=\"td-pulldown-size\">Articole RELA\u021aIONATE<\/span><\/h4>\n<\/div>\n<div id=\"tdi_26\" class=\"td_block_inner\">\n<div class=\"td-block-span12\">\n<div class=\"td_module_6 td_module_wrap td-animation-stack\">\n<div class=\"td-module-thumb\"><a href=\"https:\/\/r3media.ro\/stapanul-inelelor-ecrane-fani-faurire-inel-unic-sauron\/\" rel=\"bookmark\" class=\"td-image-wrap \" title=\"St\u0103p\u00e2nul Inelelor se \u00eentoarce pe ecrane: Fanii pot vedea cum a fost f\u0103urit Inelul Unic de c\u0103tre Sauron\"><img loading=\"lazy\" decoding=\"async\" class=\"entry-thumb\" src=\"https:\/\/r3media.ro\/wp-content\/uploads\/2026\/08\/stapanul-inelelor-100x70.jpg\" alt title=\"St\u0103p\u00e2nul Inelelor se \u00eentoarce pe ecrane: Fanii pot vedea cum a fost f\u0103urit Inelul Unic de c\u0103tre Sauron\" width=\"100\" height=\"70\"><\/a><\/div>\n<div class=\"item-details\">\n<h3 class=\"entry-title td-module-title\"><a href=\"https:\/\/r3media.ro\/stapanul-inelelor-ecrane-fani-faurire-inel-unic-sauron\/\" rel=\"bookmark\" title=\"St\u0103p\u00e2nul Inelelor se \u00eentoarce pe ecrane: Fanii pot vedea cum a fost f\u0103urit Inelul Unic de c\u0103tre Sauron\">St\u0103p\u00e2nul Inelelor se \u00eentoarce pe ecrane: Fanii pot vedea cum a&#8230;<\/a><\/h3>\n<div class=\"td-module-meta-info\"><span class=\"td-post-date\"><time class=\"entry-date updated td-module-date\" datetime=\"2026-08-01T14:05:57+03:00\">01\/08\/2026<\/time><\/span><\/div>\n<\/div>\n<\/div>\n<\/div>\n<div class=\"td-block-span12\">\n<div class=\"td_module_6 td_module_wrap td-animation-stack\">\n<div class=\"td-module-thumb\"><a href=\"https:\/\/r3media.ro\/spaniolii-critica-premier-pedro-sanchez-tara-iad-lumea-a-treia-migranti\/\" rel=\"bookmark\" class=\"td-image-wrap \" title=\"Spaniolii \u00eel critic\u0103 pe premierul Pedro Sanchez pentru c\u0103 a transformat \u021bara \u00eentr-un iad \u201ede lumea a treia\u201d inundat de migran\u021bi\"><img loading=\"lazy\" decoding=\"async\" class=\"entry-thumb\" src=\"https:\/\/r3media.ro\/wp-content\/uploads\/2023\/07\/pedro-sanchez-e1690449856110-100x70.jpg\" alt title=\"Spaniolii \u00eel critic\u0103 pe premierul Pedro Sanchez pentru c\u0103 a transformat \u021bara \u00eentr-un iad \u201ede lumea a treia\u201d inundat de migran\u021bi\" width=\"100\" height=\"70\"><\/a><\/div>\n<div class=\"item-details\">\n<h3 class=\"entry-title td-module-title\"><a href=\"https:\/\/r3media.ro\/spaniolii-critica-premier-pedro-sanchez-tara-iad-lumea-a-treia-migranti\/\" rel=\"bookmark\" title=\"Spaniolii \u00eel critic\u0103 pe premierul Pedro Sanchez pentru c\u0103 a transformat \u021bara \u00eentr-un iad \u201ede lumea a treia\u201d inundat de migran\u021bi\">Spaniolii \u00eel critic\u0103 pe premierul Pedro Sanchez pentru c\u0103 a transformat&#8230;<\/a><\/h3>\n<div class=\"td-module-meta-info\"><span class=\"td-post-date\"><time class=\"entry-date updated td-module-date\" datetime=\"2026-08-01T13:32:41+03:00\">01\/08\/2026<\/time><\/span><\/div>\n<\/div>\n<\/div>\n<\/div>\n<div class=\"td-block-span12\">\n<div class=\"td_module_6 td_module_wrap td-animation-stack\">\n<div class=\"td-module-thumb\"><a href=\"https:\/\/r3media.ro\/antifa-instiga-violenta-manifestatie-pasnica-remigratie-olanda\/\" rel=\"bookmark\" class=\"td-image-wrap \" title=\"Antifa \u0219i grupurile anarhiste instig\u0103 la violen\u021b\u0103 la o manifesta\u021bie pa\u0219nic\u0103 pentru remigra\u021bie organizat\u0103 \u00een Olanda\"><img loading=\"lazy\" decoding=\"async\" class=\"entry-thumb\" src=\"https:\/\/r3media.ro\/wp-content\/uploads\/2026\/08\/steaguri-antifa-protest-germania-100x70.jpg\" alt title=\"Antifa \u0219i grupurile anarhiste instig\u0103 la violen\u021b\u0103 la o manifesta\u021bie pa\u0219nic\u0103 pentru remigra\u021bie organizat\u0103 \u00een Olanda\" width=\"100\" height=\"70\"><\/a><\/div>\n<div class=\"item-details\">\n<h3 class=\"entry-title td-module-title\"><a href=\"https:\/\/r3media.ro\/antifa-instiga-violenta-manifestatie-pasnica-remigratie-olanda\/\" rel=\"bookmark\" title=\"Antifa \u0219i grupurile anarhiste instig\u0103 la violen\u021b\u0103 la o manifesta\u021bie pa\u0219nic\u0103 pentru remigra\u021bie organizat\u0103 \u00een Olanda\">Antifa \u0219i grupurile anarhiste instig\u0103 la violen\u021b\u0103 la o manifesta\u021bie pa\u0219nic\u0103&#8230;<\/a><\/h3>\n<div class=\"td-module-meta-info\"><span class=\"td-post-date\"><time class=\"entry-date updated td-module-date\" datetime=\"2026-08-01T12:42:01+03:00\">01\/08\/2026<\/time><\/span><\/div>\n<\/div>\n<\/div>\n<\/div>\n<div class=\"td-block-span12\">\n<div class=\"td_module_6 td_module_wrap td-animation-stack\">\n<div class=\"td-module-thumb\"><a href=\"https:\/\/r3media.ro\/iasi-stinge-lumina-oras-iluminat-public-noaptea-economie-curent-electric\/\" rel=\"bookmark\" class=\"td-image-wrap \" title=\"Ia\u0219iul stinge lumina: Ora\u0219ul r\u0103m\u00e2ne f\u0103r\u0103 iluminat public \u00een timpul nop\u021bii pentru a face economie la curent electric\"><img loading=\"lazy\" decoding=\"async\" class=\"entry-thumb\" src=\"https:\/\/r3media.ro\/wp-content\/uploads\/2026\/08\/iasi-100x70.jpg\" alt title=\"Ia\u0219iul stinge lumina: Ora\u0219ul r\u0103m\u00e2ne f\u0103r\u0103 iluminat public \u00een timpul nop\u021bii pentru a face economie la curent electric\" width=\"100\" height=\"70\"><\/a><\/div>\n<div class=\"item-details\">\n<h3 class=\"entry-title td-module-title\"><a href=\"https:\/\/r3media.ro\/iasi-stinge-lumina-oras-iluminat-public-noaptea-economie-curent-electric\/\" rel=\"bookmark\" title=\"Ia\u0219iul stinge lumina: Ora\u0219ul r\u0103m\u00e2ne f\u0103r\u0103 iluminat public \u00een timpul nop\u021bii pentru a face economie la curent electric\">Ia\u0219iul stinge lumina: Ora\u0219ul r\u0103m\u00e2ne f\u0103r\u0103 iluminat public \u00een timpul nop\u021bii&#8230;<\/a><\/h3>\n<div class=\"td-module-meta-info\"><span class=\"td-post-date\"><time class=\"entry-date updated td-module-date\" datetime=\"2026-08-01T12:08:46+03:00\">01\/08\/2026<\/time><\/span><\/div>\n<\/div>\n<\/div>\n<\/div>\n<div class=\"td-block-span12\">\n<div class=\"td_module_6 td_module_wrap td-animation-stack\">\n<div class=\"td-module-thumb\"><a href=\"https:\/\/r3media.ro\/masina-electrica-foc-turcia-incarcat-vehicul-explozie-pompieri-stingere-incendiu-video\/\" rel=\"bookmark\" class=\"td-image-wrap \" title=\"VIDEO | O ma\u0219in\u0103 electric\u0103 a luat foc \u00een timp ce se afla la \u00eenc\u0103rcat. Vehiculul a explodat chiar c\u00e2nd pompierii \u00eencercau s\u0103 sting\u0103 incendiul folosind o p\u0103tur\u0103 ignifug\u0103\"><img loading=\"lazy\" decoding=\"async\" class=\"entry-thumb\" src=\"https:\/\/r3media.ro\/wp-content\/uploads\/2026\/07\/masina-electrica-foc-100x70.png\" alt title=\"VIDEO | O ma\u0219in\u0103 electric\u0103 a luat foc \u00een timp ce se afla la \u00eenc\u0103rcat. Vehiculul a explodat chiar c\u00e2nd pompierii \u00eencercau s\u0103 sting\u0103 incendiul folosind o p\u0103tur\u0103 ignifug\u0103\" width=\"100\" height=\"70\"><\/a><\/div>\n<div class=\"item-details\">\n<h3 class=\"entry-title td-module-title\"><a href=\"https:\/\/r3media.ro\/masina-electrica-foc-turcia-incarcat-vehicul-explozie-pompieri-stingere-incendiu-video\/\" rel=\"bookmark\" title=\"VIDEO | O ma\u0219in\u0103 electric\u0103 a luat foc \u00een timp ce se afla la \u00eenc\u0103rcat. Vehiculul a explodat chiar c\u00e2nd pompierii \u00eencercau s\u0103 sting\u0103 incendiul folosind o p\u0103tur\u0103 ignifug\u0103\">VIDEO | O ma\u0219in\u0103 electric\u0103 a luat foc \u00een timp ce&#8230;<\/a><\/h3>\n<div class=\"td-module-meta-info\"><span class=\"td-post-date\"><time class=\"entry-date updated td-module-date\" datetime=\"2026-07-31T13:33:48+03:00\">31\/07\/2026<\/time><\/span><\/div>\n<\/div>\n<\/div>\n<\/div>\n<div class=\"td-block-span12\">\n<div class=\"td_module_6 td_module_wrap td-animation-stack\">\n<div class=\"td-module-thumb\"><a href=\"https:\/\/r3media.ro\/spania-asediu-migranti-exclava-ceuta-africa-madrid-trupe-securitate-video\/\" rel=\"bookmark\" class=\"td-image-wrap \" title=\"VIDEO | Spania se afl\u0103 sub asediu: Mii de migran\u021bi au luat cu asalt exclava Ceuta din Africa. Madridul a trimis trupe pentru a consolida securitatea\"><img loading=\"lazy\" decoding=\"async\" class=\"entry-thumb\" src=\"https:\/\/r3media.ro\/wp-content\/uploads\/2026\/07\/invazie-migranti-ceuta-spania-100x70.png\" alt title=\"VIDEO | Spania se afl\u0103 sub asediu: Mii de migran\u021bi au luat cu asalt exclava Ceuta din Africa. Madridul a trimis trupe pentru a consolida securitatea\" width=\"100\" height=\"70\"><\/a><\/div>\n<div class=\"item-details\">\n<h3 class=\"entry-title td-module-title\"><a href=\"https:\/\/r3media.ro\/spania-asediu-migranti-exclava-ceuta-africa-madrid-trupe-securitate-video\/\" rel=\"bookmark\" title=\"VIDEO | Spania se afl\u0103 sub asediu: Mii de migran\u021bi au luat cu asalt exclava Ceuta din Africa. Madridul a trimis trupe pentru a consolida securitatea\">VIDEO | Spania se afl\u0103 sub asediu: Mii de migran\u021bi au&#8230;<\/a><\/h3>\n<div class=\"td-module-meta-info\"><span class=\"td-post-date\"><time class=\"entry-date updated td-module-date\" datetime=\"2026-07-31T12:39:57+03:00\">31\/07\/2026<\/time><\/span><\/div>\n<\/div>\n<\/div>\n<\/div>\n<div class=\"td-block-span12\">\n<div class=\"td_module_6 td_module_wrap td-animation-stack\">\n<div class=\"td-module-thumb\"><a href=\"https:\/\/r3media.ro\/expert-ucraina-faliment-agricultura-romaneasca-tehnologii-ue\/\" rel=\"bookmark\" class=\"td-image-wrap \" title=\"Un expert explic\u0103 felul \u00een care concuren\u021ba din Ucraina bag\u0103 \u00een faliment agricultura rom\u00e2neasc\u0103: Folosesc tehnologii interzise \u00een UE\"><img loading=\"lazy\" decoding=\"async\" class=\"entry-thumb\" src=\"https:\/\/r3media.ro\/wp-content\/uploads\/2024\/01\/protest-fermieri-si-transportatori-romani-100x70.png\" alt title=\"Un expert explic\u0103 felul \u00een care concuren\u021ba din Ucraina bag\u0103 \u00een faliment agricultura rom\u00e2neasc\u0103: Folosesc tehnologii interzise \u00een UE\" width=\"100\" height=\"70\"><\/a><\/div>\n<div class=\"item-details\">\n<h3 class=\"entry-title td-module-title\"><a href=\"https:\/\/r3media.ro\/expert-ucraina-faliment-agricultura-romaneasca-tehnologii-ue\/\" rel=\"bookmark\" title=\"Un expert explic\u0103 felul \u00een care concuren\u021ba din Ucraina bag\u0103 \u00een faliment agricultura rom\u00e2neasc\u0103: Folosesc tehnologii interzise \u00een UE\">Un expert explic\u0103 felul \u00een care concuren\u021ba din Ucraina bag\u0103 \u00een&#8230;<\/a><\/h3>\n<div class=\"td-module-meta-info\"><span class=\"td-post-date\"><time class=\"entry-date updated td-module-date\" datetime=\"2026-07-30T09:51:48+03:00\">30\/07\/2026<\/time><\/span><\/div>\n<\/div>\n<\/div>\n<\/div>\n<\/div>\n<\/div>\n<aside class=\"td_block_template_1 widget widget_recent_comments\">\n<h4 class=\"block-title\"><span>INTR\u0102 \u00ceN DISCU\u021aIE!<\/span><\/h4>\n<ul id=\"recentcomments\">\n<li class=\"recentcomments\"><span class=\"comment-author-link\">Nicu<\/span> la <a href=\"https:\/\/r3media.ro\/spania-asediu-migranti-exclava-ceuta-africa-madrid-trupe-securitate-video\/#comment-40331\">VIDEO | Spania se afl\u0103 sub asediu: Mii de migran\u021bi au luat cu asalt exclava Ceuta din Africa. Madridul a trimis trupe pentru a consolida securitatea<\/a><\/li>\n<li class=\"recentcomments\"><span class=\"comment-author-link\">Nicu<\/span> la <a href=\"https:\/\/r3media.ro\/masina-electrica-foc-turcia-incarcat-vehicul-explozie-pompieri-stingere-incendiu-video\/#comment-40330\">VIDEO | O ma\u0219in\u0103 electric\u0103 a luat foc \u00een timp ce se afla la \u00eenc\u0103rcat. Vehiculul a explodat chiar c\u00e2nd pompierii \u00eencercau s\u0103 sting\u0103 incendiul folosind o p\u0103tur\u0103 ignifug\u0103<\/a><\/li>\n<li class=\"recentcomments\"><span class=\"comment-author-link\">Dan<\/span> la <a href=\"https:\/\/r3media.ro\/europarlamentarul-gheorghe-piperea-psd-pnl-usr-udmr-sunt-de-fapt-pro-ucraineni-noi-preferam-sa-fim-pro-romani\/#comment-40329\">Europarlamentarul Gheorghe Piperea: PSD-PNL-USR-UDMR sunt de fapt, pro-ucraineni. Noi prefer\u0103m s\u0103 fim pro-rom\u00e2ni<\/a><\/li>\n<li class=\"recentcomments\"><span class=\"comment-author-link\">Zelizelu<\/span> la <a href=\"https:\/\/r3media.ro\/europarlamentarul-gheorghe-piperea-psd-pnl-usr-udmr-sunt-de-fapt-pro-ucraineni-noi-preferam-sa-fim-pro-romani\/#comment-40328\">Europarlamentarul Gheorghe Piperea: PSD-PNL-USR-UDMR sunt de fapt, pro-ucraineni. Noi prefer\u0103m s\u0103 fim pro-rom\u00e2ni<\/a><\/li>\n<li class=\"recentcomments\"><span class=\"comment-author-link\">Pav\u0103l \u0218tefan<\/span> la <a href=\"https:\/\/r3media.ro\/film-nou-stapanul-inelelor-corect-politic-regizor-andy-serkis-diversitate-tolkien-mitologie-nordica\/#comment-40327\">Noul film \u201eSt\u0103p\u00e2nul Inelelor\u201d nu va fi corect politic. Regizorul Andy Serkis: J.R.R. Tolkien a fost influen\u021bat de mitologia nordic\u0103. Nu vrem o distribu\u021bie de dragul de a bifa c\u0103su\u021be<\/a><\/li>\n<li class=\"recentcomments\"><span class=\"comment-author-link\">Nicu<\/span> la <a href=\"https:\/\/r3media.ro\/avioane-americane-bulgaria-energie-radev-sua\/#comment-40326\">Avioane americane la Bezmer, la schimb cu avantaje \u00een zona energetic\u0103 pentru Bulgaria: ce a ob\u021binut guvernul Radev de la SUA<\/a><\/li>\n<li class=\"recentcomments\"><span class=\"comment-author-link\">Constantin<\/span> la <a href=\"https:\/\/r3media.ro\/prima-oara-istorie-presedintia-document-primplan-patriotism-european\/#comment-40325\">Pentru prima oar\u0103 \u00een istorie, Pre\u0219edin\u021bia Rom\u00e2niei emite un document care pune pe primul plan o alt\u0103 entitate dec\u00e2t \u021bara noastr\u0103: patriotismul european<\/a><\/li>\n<\/ul>\n<\/aside>\n<aside class=\"td_block_template_1 widget widget_search\">\n<h4 class=\"block-title\"><span>CAUT\u0102 \u0218I VEI G\u0102SI<\/span><\/h4>\n<\/aside>\n<\/div>\n<\/div>\n<\/div>\n<\/div>\n<\/div>\n<\/div>\n<\/div>\n<p><span class=\"td-page-meta\"><\/span><span class=\"td-page-meta\"><span class=\"td-page-meta\"><\/span><\/span><span class=\"td-page-meta\"><\/span><\/article>\n<\/p>\n<div class=\"td_block_wrap tdb_single_content tdi_18 td-pb-border-top td_block_template_1 td-post-content tagdiv-type\" data-td-block-uid=\"tdi_18\">\n<div class=\"tdb-block-inner td-fix-index\">\n<p><strong><em>Barefoot in the Park\/ Descul\u021b<\/em> \u00een parc (1967) e poate cea mai electrizant\u0103 iubire din cinema, de la <em>Pe aripile v\u00e2ntului<\/em> \u00eencoace. E filmul cel mai longeviv pe ecrane \u0219i cunoscut, dup\u0103 acela\u0219i <em>Pe aripile v\u00e2ntului<\/em> (1939). \u00cen orice caz, e filmul genera\u021biilor baby boomers, X \u0219i Y sau millennials.<\/strong><\/p>\n<p>Fiindc\u0103 \u00eencep\u00e2nd cu genera\u021bia Z (Zoomers Generation, 1997-2012), contextul se modific\u0103, iar acest tip de dragoste care te face s\u0103 te sim\u021bi ca \u0219i cum te iei la \u00eentrecere cu albatro\u0219ii \u0219i \u00eei ba\u021bi \u00een geam \u00een fiecare diminea\u021b\u0103 soarelui, izbucnind ca un gheizer din toate ungherele f\u0103pturii tale \u0219i a c\u0103rei cunun\u0103 nu poate fi dec\u00e2t nunta, unirea ve\u0219nic\u0103 a dou\u0103 inimi de b\u0103rbat \u0219i femeie inseparabile, \u00eencepe s\u0103 fie supus unui asediu sus\u021binut. Pentru c\u0103 pe ecran intr\u0103m \u00eentr-o nou\u0103 epoc\u0103: epoca globaliz\u0103rii, \u00eencep\u00e2nd cu anii \u201990-2000.<\/p>\n<p>Este momentul produc\u021biilor de neconceput doar cu 10-20 ani \u00eenainte. Iubirea \u00eencepe s\u0103 fie deschis\u0103 spre forme noi de rela\u021bii \u0219i identit\u0103\u021bi, care se cer acceptate. Se \u00eent\u00e2mpl\u0103 lucruri care \u00ee\u021bi dau impresia c\u0103 nu mai exist\u0103 ceva stabilit. Ca \u0219i cum whatever works.<\/p>\n<p>Globalizarea a venit pe ecrane nu cu Cetatea soarelui, ci cu contestarea vechilor cli\u0219ee \u0219i direc\u021bii dominante. Aceast\u0103 dragoste e zugr\u0103vit\u0103 din ce \u00een ce mai mult \u00eentr-o atmosfer\u0103 ap\u0103s\u0103toare de familie, fisurat\u0103 de greut\u0103\u021bi de ne\u00eenvins, de vicii f\u0103r\u0103 leac, de egoisme \u0219i conflicte corozive.<\/p>\n<p>Ecranul se vulgarizeaz\u0103 (de pild\u0103 comediile cu un Adam Sandler, Ben Stiller, Owen Wilson, Jack Black, Robert Downey Jr., Robert De Niro etc din anii 2000), apar din ce \u00een ce mai mult divor\u021ba\u021bi de v\u00e2rst\u0103 mijlocie, personajele sunt infantilizate (mai ales \u00een comedii),\u00a0 dezabuzate, adictive, infidelitatea e aproape o norm\u0103, iar iubirea e din ce \u00een ce mai deschis\u0103 \u0219i \u00eentr-un fel redefinit\u0103, pe scurt \u00eencep s\u0103 fie apreciate \u0219i premiate filme care doar cu c\u00e2teva decenii \u00een urm\u0103 erau de neconceput, de pild\u0103 Bitter Moon (1992), Philadelphia (1993), The Birdcage (1996), Stealing Beauty (1996), Boys don\u2019t cry (1999), Unfaithful (2001), The Dreamers\u00a0(2003), Brokeback mountain (2005), Ballad of Jack and Rose (2005), Milk (2008), Whatever Works (2009), This Is Where I Leave You (2014) etc.<\/p>\n<p>S\u0103 ne \u00een\u021belegem, tendin\u021ba de a dep\u0103\u0219i tradi\u021bia pun\u00e2nd marea iubire fa\u021b\u0103 \u00een fa\u021b\u0103 cu terenul \u201eml\u0103\u0219tinos\u201d al familiei e mai veche, cobor\u00e2nd p\u00e2n\u0103 \u00een anii \u201960, iar uneori chiar mai departe, de pild\u0103 teatrul unui August Strindberg,\u00a0 Edward Albee (\u201960) preluat de cinema (de pild\u0103 <em>Cine se teme de Virginia Woolf?<\/em>), sau filmele Manhattan (1979), Kramer contra Kramer (1979), Trandafirul ro\u0219u din Cairo (1985), f\u0103r\u0103 s\u0103 mai vorbim de comedia plezirist\u0103\/ senzualist\u0103 european\u0103, \u00een special italian\u0103 a anilor \u201970-80, sau filmul noului val francez, de pild\u0103 Masculin \u2013 Feminin (1967), Domiciliu conjugal (1970), Le Charme discret de la bourgeoisie (1972) \u0219amd. Dar ea a r\u0103mas mai degrab\u0103 una de ni\u0219\u0103.<\/p>\n<p><em>Descul\u021b \u00een parc<\/em> a venit oarecum nea\u0219teptat \u0219i \u00eentr-un fel la finele unei genera\u021bii (baby boomers) care se fragmenta \u00eentre tinerii furio\u0219i ai anilor \u201960, cu revolu\u021bia lor cultural\u0103 (1968) \u0219i desc\u0103tu\u0219\u0103rile \u00een rock, experien\u021be psihedelice \u0219i iubiri \u00eent\u00e2mpl\u0103toare (make love, not war, de pild\u0103 <em>The Doors<\/em>, 1991), \u0219i acea p\u0103tur\u0103 ridicat\u0103 de succesul industrializ\u0103rii postbelice, iar mai t\u00e2rziu de ter\u021biarizarea anilor \u201970-80 din era capitalismului postindustrial (<em>white collar<\/em>), care nu va renun\u021ba la valorile \u0219i achizi\u021biile ei materiale \u0219i sociale (burgheze) \u0219i acele <em>love stories<\/em> cu Clark Gable, Merlin Moreau, Cary Grant, Audrey Hepburn \u0219amd.<\/p>\n<p>Pe scurt, g\u0103sind un apartament ieftin la ultimul etaj dintr-un bloc f\u0103r\u0103 lift din New York City, <strong>proasp\u0103t c\u0103s\u0103tori\u021bii<\/strong> Bratter (Jane Fonda &amp; Robert Redford) vor c\u0103uta s\u0103 \u00eempace pasiunea artezian\u0103 a iubirii cu munca sau obliga\u021biile sociale \u0219i un anumit conven\u021bionalism burghez. Paul Bratter este avocat.<\/p>\n<p>\u00ce\u021bi iese sufletul urc\u00e2nd sc\u0103rile, dar iubirea uneori are aripi mai degrab\u0103 dec\u00e2t picioare. Ea are nevoie de a fi aproape de cer mai mult dec\u00e2t orice altceva. O gaur\u0103 \u00een plafonul de sticl\u0103 nu reprezint\u0103 o mare problem\u0103, fie \u0219i \u00een februarie. Po\u021bi privi cerul \u00eenstelat.<\/p>\n<p>Imaginea care ar trebui s\u0103 ne re\u021bin\u0103 aten\u021bia este nu scena din parc, care e \u0219i punctul cel mai de jos al proasp\u0103tului lor mariaj, ci mai degrab\u0103 scena acoperi\u0219ului, care e punctul cel mai \u00eenalt, fiindc\u0103 din parc firele aparent rupte ale iubirii lor sunt re\u00eenodate, nu \u00een apartamentul de la ultimul etaj, ci mai sus, pe acoperi\u0219, aproape de cer \u0219i \u00een fa\u021ba tuturor.<\/p>\n<p>Nu \u0219tiu dac\u0103 ar fi putut fi g\u0103sit\u0103 o imagine mai bun\u0103 a unei iubiri care \u00eencepuse deja s\u0103 \u00ee\u0219i g\u0103seasc\u0103 detractorii, \u00een orice caz <em>Descul\u021b \u00een parc <\/em>e indiscutabil o reu\u0219it\u0103 cam din toate punctele de vedere.<\/p>\n<p>Dac\u0103 ast\u0103zi e uitat, eventual e v\u0103zut la cinematec\u0103 de o m\u00e2n\u0103 de cinefili, nu e din vina filmului. Cum \u00eens\u0103 epoca globaliz\u0103rii e pe punctul de a se \u00eencheia, poate a venit timpul ca aceste filme s\u0103 fie redescoperite.<\/p>\n<div class=\"crp_related     crp-masonry\">\n<h2>\u00ceN CONTEXT<\/h2>\n<ul>\n<li><a href=\"https:\/\/r3media.ro\/odissea-lui-nolan\/\" class=\"crp_link post-120578\"><span class=\"crp_title\">Odissea lui Nolan<\/span><\/a><\/li>\n<\/ul>\n<\/div>\n<\/div>\n<\/div>\n<p>[analyse_source url=&#8221;https:\/\/r3media.ro\/dragostea-care-transcende-epoci-descult-in-parc-1967\/&#8221;]<\/p>\n","protected":false},"excerpt":{"rendered":"<p>[analyse_image type=&#8221;featured&#8221; src=&#8221;https:\/\/r3media.ro\/wp-content\/uploads\/2026\/08\/descult-in-parc-1967-e1785581072428.webphttps:\/\/r3media.ro\/wp-content\/uploads\/2026\/08\/descult-in-parc-1967-e1785581072428.webp&#8221;] FEATUREDDragostea care transcende epoci \u2014 Descul\u021b \u00een parc (1967) FEATUREDOPINII\u0218TIRI Dragostea care transcende epoci \u2014 Descul\u021b \u00een parc (1967) Constantin B\u0103l\u0103\u0219oiu 01\/08\/2026 Sursa foto: TCM Barefoot in the Park\/ Descul\u021b \u00een parc (1967) e poate cea mai electrizant\u0103 iubire din cinema, de la Pe aripile v\u00e2ntului \u00eencoace. E filmul cel mai longeviv [&hellip;]<\/p>\n","protected":false},"author":1,"featured_media":0,"comment_status":"open","ping_status":"","sticky":false,"template":"","format":"standard","meta":{"footnotes":""},"categories":[89],"tags":[226,93],"class_list":["post-2072466","post","type-post","status-publish","format-standard","hentry","category-romania","tag-crawlmanager","tag-r3media-ro"],"_links":{"self":[{"href":"https:\/\/analyse.optim.biz\/index.php?rest_route=\/wp\/v2\/posts\/2072466","targetHints":{"allow":["GET"]}}],"collection":[{"href":"https:\/\/analyse.optim.biz\/index.php?rest_route=\/wp\/v2\/posts"}],"about":[{"href":"https:\/\/analyse.optim.biz\/index.php?rest_route=\/wp\/v2\/types\/post"}],"author":[{"embeddable":true,"href":"https:\/\/analyse.optim.biz\/index.php?rest_route=\/wp\/v2\/users\/1"}],"replies":[{"embeddable":true,"href":"https:\/\/analyse.optim.biz\/index.php?rest_route=%2Fwp%2Fv2%2Fcomments&post=2072466"}],"version-history":[{"count":0,"href":"https:\/\/analyse.optim.biz\/index.php?rest_route=\/wp\/v2\/posts\/2072466\/revisions"}],"wp:attachment":[{"href":"https:\/\/analyse.optim.biz\/index.php?rest_route=%2Fwp%2Fv2%2Fmedia&parent=2072466"}],"wp:term":[{"taxonomy":"category","embeddable":true,"href":"https:\/\/analyse.optim.biz\/index.php?rest_route=%2Fwp%2Fv2%2Fcategories&post=2072466"},{"taxonomy":"post_tag","embeddable":true,"href":"https:\/\/analyse.optim.biz\/index.php?rest_route=%2Fwp%2Fv2%2Ftags&post=2072466"}],"curies":[{"name":"wp","href":"https:\/\/api.w.org\/{rel}","templated":true}]}}