{"id":2072463,"date":"2026-08-01T09:42:01","date_gmt":"2026-08-01T06:42:01","guid":{"rendered":"https:\/\/analyse.optim.biz\/?p=2072463"},"modified":"2026-08-01T09:42:01","modified_gmt":"2026-08-01T06:42:01","slug":"antifa-si-grupurile-anarhiste-instiga-la-violenta-la-o-manifestatie-pasnica-pentru-remigratie-organizata-in-olanda","status":"publish","type":"post","link":"https:\/\/analyse.optim.biz\/?p=2072463","title":{"rendered":"Antifa \u0219i grupurile anarhiste instig\u0103 la violen\u021b\u0103 la o manifesta\u021bie pa\u0219nic\u0103 pentru remigra\u021bie organizat\u0103 \u00een Olanda"},"content":{"rendered":"<p>[analyse_image type=&#8221;featured&#8221; src=&#8221;https:\/\/r3media.ro\/wp-content\/uploads\/2026\/08\/steaguri-antifa-protest-germania-scaled-e1785576614958.jpghttps:\/\/r3media.ro\/wp-content\/uploads\/2026\/08\/steaguri-antifa-protest-germania-scaled-e1785576614958.jpghttps:\/\/r3media.ro\/wp-content\/uploads\/2026\/08\/steaguri-antifa-protest-germania-scaled-e1785576614958.jpg&#8221;]<\/p>\n<article id=\"post-120680\" class=\"post-120680 post type-post status-publish format-standard category-featured category-stiri tag-antifa tag-migranti-europa\">\n<div class=\"td-post-header\">\n<header class=\"td-post-title\">\n<h1 class=\"entry-title\">Antifa \u0219i grupurile anarhiste instig\u0103 la violen\u021b\u0103 la o manifesta\u021bie pa\u0219nic\u0103 pentru remigra\u021bie organizat\u0103 \u00een Olanda<\/h1>\n<div class=\"td-module-meta-info\">\n<div class=\"td-post-author-name\">\n<div class=\"td-author-by\">By<\/div>\n<p><a href=\"https:\/\/r3media.ro\/author\/oana\/\">Oana Ivan<\/a><\/p>\n<div class=\"td-author-line\"> &#8211;<\/div>\n<\/div>\n<p><span class=\"td-post-date\"><time class=\"entry-date updated td-module-date\" datetime=\"2026-08-01T12:42:01+03:00\">01\/08\/2026<\/time><\/span><\/p>\n<div class=\"td-post-comments\"><a href=\"https:\/\/r3media.ro\/antifa-instiga-violenta-manifestatie-pasnica-remigratie-olanda\/#respond\">0<\/a><\/div>\n<\/div>\n<\/header>\n<\/div>\n<div class=\"td-post-content\">\n<div class=\"td-post-featured-image\">\n<figure><figcaption class=\"wp-caption-text\">Surs\u0103 &#8211; Unsplash<\/figcaption><\/figure>\n<\/div>\n<p><strong>Activi\u0219tii <a href=\"https:\/\/r3media.ro\/tag\/antifa\/\" target=\"_blank\" rel=\"noopener\">Antifa<\/a> din ora\u0219ul olandez Utrecht au convocat un contraprotest \u00eempotriva unui miting pentru remigrare la care este implicat\u0103 activista conservatoare Eva Vlaardingerbroek, potrivit <a href=\"https:\/\/europeanconservative.com\/articles\/news-corner\/antifa-calls-for-violence-at-eva-vlaardingerbroeks-remigration-rally\/\" target=\"_blank\" rel=\"noopener\">European Conservative<\/a>.<\/strong><\/p>\n<p>Mai multe grupuri s-au mobilizat \u00eempotriva evenimentului de deschidere al Turneului European Shield. Acesta are loc s\u00e2mb\u0103t\u0103 la Jaarbeursplein. Potrivit publica\u021biei olandeze NieuwRechts, post\u0103rile care promoveaz\u0103 contraprotestul includ sloganurile<\/p>\n<ul>\n<li>\u201eBash the fash! (Zrobe\u0219te-i pe fasci\u0219ti)\u201d<\/li>\n<li>\u201eHai s\u0103-i alung\u0103m pe ace\u0219ti nazi\u0219ti de pe str\u0103zile noastre!\u201d<\/li>\n<\/ul>\n<p>Mitingul este organizat de ini\u021biativa cet\u0103\u021beneasc\u0103 Save Europe Act pentru a promova remigrarea \u0219i a atrage aten\u021bia asupra propunerii sale, care a fost recent respins\u0103 de Comisia European\u0103. Bruxelles a refuzat s\u0103 \u00eenregistreze ini\u021biativa dup\u0103 ce a concluzionat c\u0103 aceasta discrimineaz\u0103 pe motive de ras\u0103, origine etnic\u0103 \u0219i context cultural \u0219i, prin urmare, intr\u0103 \u00een conflict cu valorile europene fundamentale. Decizia \u00eempiedic\u0103 propunerea s\u0103 treac\u0103 prin procesul oficial de ini\u021biativ\u0103 cet\u0103\u021beneasc\u0103 al UE.<\/p>\n<p>Organizatorii sus\u021bin c\u0103 respingerea demonstreaz\u0103 c\u0103 institu\u021biile europene \u00eencearc\u0103 s\u0103 \u00eempiedice o dezbatere mai ampl\u0103 despre migra\u021bie. Mitingul de la Utrecht va lansa o campanie care se a\u0219teapt\u0103 s\u0103 viziteze mai multe ora\u0219e europene.<\/p>\n<h2><strong>Antifa instig\u0103 la violen\u021b\u0103 la un protest pa\u0219nic pentru remigra\u021bie din Olanda<\/strong><\/h2>\n<p>\u00a0<\/p>\n<p>Contraprotestul este promovat de grupuri precum tinnitus_patches. Acesta se descrie ca un colectiv de \u201equeeri eco-anarhi\u0219ti\u201d, \u0219i Wandelclub 030, o organiza\u021bie anarhist\u0103.<\/p>\n<p>Activi\u0219tii se \u00eent\u00e2lnesc la Jaarbeurs, \u00een Utrecht, \u0219i au spus c\u0103 este timpul pentru \u201econtraproteste mai dure\u201d.<\/p>\n<p>Antifa este o mi\u0219care social\u0103 \u0219i politic\u0103 descentralizat\u0103. Suporterii acestei mi\u0219c\u0103ri sunt uni\u021bi de opozi\u021bia ferm\u0103 fa\u021b\u0103 de fascism, neonazism, supremacism alb, rasism \u0219i alte forme de extrem\u0103 dreapt\u0103. Neav\u00e2nd o ierarhie formal\u0103 sau un registru de membri, activismul Antifa se desf\u0103\u0219oar\u0103 de obicei la nivel local. Acesta e format grupuri autonome care se organizeaz\u0103 spontan pentru diferite cauze sau proteste.<\/p>\n<p>R\u0103d\u0103cinile mi\u0219c\u0103rii \u00ee\u0219i au originea \u00een Europa anilor 1920 \u0219i 1930, \u00een special \u00een Germania \u0219i Italia, unde grupuri de st\u00e2nga (comuniste, socialiste \u0219i anarhiste) s-au mobilizat pentru a se opune fizic \u0219i politic ascensiunii lui Adolf Hitler \u0219i Benito Mussolini. De cur\u00e2nd, Anrifa a revenit puternic \u00een aten\u021bia public\u0103 \u00een special ca reac\u021bie la curentele de dreapta.<\/p>\n<p>Tacticile folosite de persoanele care se identific\u0103 cu Antifa sunt diverse \u0219i adesea controversate. Pe l\u00e2ng\u0103 metode pa\u0219nice, unii activi\u0219ti aplic\u0103 principiul ac\u021biunii directe. Aceasta poate include confrunt\u0103ri fizice cu oponen\u021bii politici sau blocarea mar\u0219urilor acestora. Sus\u021bin\u0103torii spun c\u0103 fascismul nu poate fi oprit doar prin discurs politic sau dezbateri, ci trebuie contracarat activ.<\/p>\n<p>Grupuri Antifa \u0219i-au f\u0103cut \u00een ultimii ani apari\u021bia \u0219i \u00een Rom\u00e2nia. Acestea au participat la protestele \u00eempotriva lui C\u0103lin Georgescu din iarna anului 2024. Totodat\u0103, <a href=\"https:\/\/r3media.ro\/video-precedent-periculos-organizatia-terorista-antifa-atac-teritoriul-romaniei-memorie-eroi-romani-stefan-cel-mare-mihai-viteazul-reprezentati-sediul-aur\/\" target=\"_blank\" rel=\"noopener\"><strong>Antifa a vandalizat<\/strong><\/a> \u0219i sediul central al Partidului AUR din Bucure\u0219ti. De\u0219i vandalii s-au limitat doar la a m\u00e2zg\u0103li ni\u0219te bannere, semnalul este unul clar \u0219i marcheaz\u0103 \u00eenceputul unor \u0219icane la adresa politicienilor \u0219i partidelor de dreapta.<\/p>\n<p>\u00cen Germania, afacerea unui frunta\u0219 <strong><a href=\"https:\/\/r3media.ro\/afacere-politician-afd-incendiata-camioana-arse\/\" target=\"_blank\" rel=\"noopener\">AfD<\/a>\u00a0<\/strong>a fost incendiat\u0103, iar un alt politician al partidului a fost atacat cu o sering\u0103, cel mai probabil de membri ai aceleia\u0219i organiza\u021bii teroriste. Grupul a cerut inclusiv <a href=\"https:\/\/r3media.ro\/germania-antifa-cere-uciderea-politicienilor-germani-de-la-partidul-conservator-afd-sa-omoram-porcii-cu-explozibil\/\" target=\"_blank\" rel=\"noopener\"><strong>uciderea politicienilor<\/strong><\/a> de la partidul Alternativa pentru Germania.<\/p>\n<div class=\"crp_related     crp-masonry\">\n<h2>\u00ceN CONTEXT<\/h2>\n<ul>\n<li><a href=\"https:\/\/r3media.ro\/antifa-gruparea-protestat-impotriva-calin-georgescu-desemnata-organizatie-terorista-majora-donald-trump\/\" class=\"crp_link post-113189\"><span class=\"crp_title\">Antifa, gruparea care a protestat \u0219i \u00eempotriva lui C\u0103lin Georgescu, va fi desemnat\u0103\u2026<\/span><\/a><\/li>\n<li><a href=\"https:\/\/r3media.ro\/quentin-deranque-ucis-atac-brutal-comis-banda-antifa-lyon-arestati-asistent-parlamentar-raphael-arnault-extrema-stanga\/\" class=\"crp_link post-115250\"><span class=\"crp_title\">T\u00e2n\u0103rul Quentin Deranque a fost ucis \u00eentr-un atac brutal comis de o band\u0103 Antifa la Lyon.\u2026<\/span><\/a><\/li>\n<li><a href=\"https:\/\/r3media.ro\/spania-asediu-migranti-exclava-ceuta-africa-madrid-trupe-securitate-video\/\" class=\"crp_link post-120655\"><span class=\"crp_title\">VIDEO | Spania se afl\u0103 sub asediu: Mii de migran\u021bi au luat cu asalt exclava Ceuta din\u2026<\/span><\/a><\/li>\n<li><a href=\"https:\/\/r3media.ro\/deznationala-frantei-a-invins-franta\/\" class=\"crp_link post-119982\"><span class=\"crp_title\">Dezna\u021bionala Fran\u021bei a \u00eenvins Fran\u021ba \u00a0\u00a0<\/span><\/a><\/li>\n<\/ul>\n<\/div>\n<\/div>\n<footer>\n<div class=\"td-author-name vcard author\"><span class=\"fn\"><a href=\"https:\/\/r3media.ro\/author\/oana\/\">Oana Ivan<\/a><\/span><\/div>\n<p><span class=\"td-page-meta\"><\/span><span class=\"td-page-meta\"><span class=\"td-page-meta\"><\/span><\/span><span class=\"td-page-meta\"><\/span><\/footer>\n<\/article>\n<div class=\"td-post-content\">\n<div class=\"td-post-featured-image\">\n<figure><figcaption class=\"wp-caption-text\">Surs\u0103 &#8211; Unsplash<\/figcaption><\/figure>\n<\/div>\n<p><strong>Activi\u0219tii <a href=\"https:\/\/r3media.ro\/tag\/antifa\/\" target=\"_blank\" rel=\"noopener\">Antifa<\/a> din ora\u0219ul olandez Utrecht au convocat un contraprotest \u00eempotriva unui miting pentru remigrare la care este implicat\u0103 activista conservatoare Eva Vlaardingerbroek, potrivit <a href=\"https:\/\/europeanconservative.com\/articles\/news-corner\/antifa-calls-for-violence-at-eva-vlaardingerbroeks-remigration-rally\/\" target=\"_blank\" rel=\"noopener\">European Conservative<\/a>.<\/strong><\/p>\n<p>Mai multe grupuri s-au mobilizat \u00eempotriva evenimentului de deschidere al Turneului European Shield. Acesta are loc s\u00e2mb\u0103t\u0103 la Jaarbeursplein. Potrivit publica\u021biei olandeze NieuwRechts, post\u0103rile care promoveaz\u0103 contraprotestul includ sloganurile<\/p>\n<ul>\n<li>\u201eBash the fash! (Zrobe\u0219te-i pe fasci\u0219ti)\u201d<\/li>\n<li>\u201eHai s\u0103-i alung\u0103m pe ace\u0219ti nazi\u0219ti de pe str\u0103zile noastre!\u201d<\/li>\n<\/ul>\n<p>Mitingul este organizat de ini\u021biativa cet\u0103\u021beneasc\u0103 Save Europe Act pentru a promova remigrarea \u0219i a atrage aten\u021bia asupra propunerii sale, care a fost recent respins\u0103 de Comisia European\u0103. Bruxelles a refuzat s\u0103 \u00eenregistreze ini\u021biativa dup\u0103 ce a concluzionat c\u0103 aceasta discrimineaz\u0103 pe motive de ras\u0103, origine etnic\u0103 \u0219i context cultural \u0219i, prin urmare, intr\u0103 \u00een conflict cu valorile europene fundamentale. Decizia \u00eempiedic\u0103 propunerea s\u0103 treac\u0103 prin procesul oficial de ini\u021biativ\u0103 cet\u0103\u021beneasc\u0103 al UE.<\/p>\n<p>Organizatorii sus\u021bin c\u0103 respingerea demonstreaz\u0103 c\u0103 institu\u021biile europene \u00eencearc\u0103 s\u0103 \u00eempiedice o dezbatere mai ampl\u0103 despre migra\u021bie. Mitingul de la Utrecht va lansa o campanie care se a\u0219teapt\u0103 s\u0103 viziteze mai multe ora\u0219e europene.<\/p>\n<h2><strong>Antifa instig\u0103 la violen\u021b\u0103 la un protest pa\u0219nic pentru remigra\u021bie din Olanda<\/strong><\/h2>\n<p>\u00a0<\/p>\n<p>Contraprotestul este promovat de grupuri precum tinnitus_patches. Acesta se descrie ca un colectiv de \u201equeeri eco-anarhi\u0219ti\u201d, \u0219i Wandelclub 030, o organiza\u021bie anarhist\u0103.<\/p>\n<p>Activi\u0219tii se \u00eent\u00e2lnesc la Jaarbeurs, \u00een Utrecht, \u0219i au spus c\u0103 este timpul pentru \u201econtraproteste mai dure\u201d.<\/p>\n<p>Antifa este o mi\u0219care social\u0103 \u0219i politic\u0103 descentralizat\u0103. Suporterii acestei mi\u0219c\u0103ri sunt uni\u021bi de opozi\u021bia ferm\u0103 fa\u021b\u0103 de fascism, neonazism, supremacism alb, rasism \u0219i alte forme de extrem\u0103 dreapt\u0103. Neav\u00e2nd o ierarhie formal\u0103 sau un registru de membri, activismul Antifa se desf\u0103\u0219oar\u0103 de obicei la nivel local. Acesta e format grupuri autonome care se organizeaz\u0103 spontan pentru diferite cauze sau proteste.<\/p>\n<p>R\u0103d\u0103cinile mi\u0219c\u0103rii \u00ee\u0219i au originea \u00een Europa anilor 1920 \u0219i 1930, \u00een special \u00een Germania \u0219i Italia, unde grupuri de st\u00e2nga (comuniste, socialiste \u0219i anarhiste) s-au mobilizat pentru a se opune fizic \u0219i politic ascensiunii lui Adolf Hitler \u0219i Benito Mussolini. De cur\u00e2nd, Anrifa a revenit puternic \u00een aten\u021bia public\u0103 \u00een special ca reac\u021bie la curentele de dreapta.<\/p>\n<p>Tacticile folosite de persoanele care se identific\u0103 cu Antifa sunt diverse \u0219i adesea controversate. Pe l\u00e2ng\u0103 metode pa\u0219nice, unii activi\u0219ti aplic\u0103 principiul ac\u021biunii directe. Aceasta poate include confrunt\u0103ri fizice cu oponen\u021bii politici sau blocarea mar\u0219urilor acestora. Sus\u021bin\u0103torii spun c\u0103 fascismul nu poate fi oprit doar prin discurs politic sau dezbateri, ci trebuie contracarat activ.<\/p>\n<p>Grupuri Antifa \u0219i-au f\u0103cut \u00een ultimii ani apari\u021bia \u0219i \u00een Rom\u00e2nia. Acestea au participat la protestele \u00eempotriva lui C\u0103lin Georgescu din iarna anului 2024. Totodat\u0103, <a href=\"https:\/\/r3media.ro\/video-precedent-periculos-organizatia-terorista-antifa-atac-teritoriul-romaniei-memorie-eroi-romani-stefan-cel-mare-mihai-viteazul-reprezentati-sediul-aur\/\" target=\"_blank\" rel=\"noopener\"><strong>Antifa a vandalizat<\/strong><\/a> \u0219i sediul central al Partidului AUR din Bucure\u0219ti. De\u0219i vandalii s-au limitat doar la a m\u00e2zg\u0103li ni\u0219te bannere, semnalul este unul clar \u0219i marcheaz\u0103 \u00eenceputul unor \u0219icane la adresa politicienilor \u0219i partidelor de dreapta.<\/p>\n<p>\u00cen Germania, afacerea unui frunta\u0219 <strong><a href=\"https:\/\/r3media.ro\/afacere-politician-afd-incendiata-camioana-arse\/\" target=\"_blank\" rel=\"noopener\">AfD<\/a>\u00a0<\/strong>a fost incendiat\u0103, iar un alt politician al partidului a fost atacat cu o sering\u0103, cel mai probabil de membri ai aceleia\u0219i organiza\u021bii teroriste. Grupul a cerut inclusiv <a href=\"https:\/\/r3media.ro\/germania-antifa-cere-uciderea-politicienilor-germani-de-la-partidul-conservator-afd-sa-omoram-porcii-cu-explozibil\/\" target=\"_blank\" rel=\"noopener\"><strong>uciderea politicienilor<\/strong><\/a> de la partidul Alternativa pentru Germania.<\/p>\n<div class=\"crp_related     crp-masonry\">\n<h2>\u00ceN CONTEXT<\/h2>\n<ul>\n<li><a href=\"https:\/\/r3media.ro\/antifa-gruparea-protestat-impotriva-calin-georgescu-desemnata-organizatie-terorista-majora-donald-trump\/\" class=\"crp_link post-113189\"><span class=\"crp_title\">Antifa, gruparea care a protestat \u0219i \u00eempotriva lui C\u0103lin Georgescu, va fi desemnat\u0103\u2026<\/span><\/a><\/li>\n<li><a href=\"https:\/\/r3media.ro\/quentin-deranque-ucis-atac-brutal-comis-banda-antifa-lyon-arestati-asistent-parlamentar-raphael-arnault-extrema-stanga\/\" class=\"crp_link post-115250\"><span class=\"crp_title\">T\u00e2n\u0103rul Quentin Deranque a fost ucis \u00eentr-un atac brutal comis de o band\u0103 Antifa la Lyon.\u2026<\/span><\/a><\/li>\n<li><a href=\"https:\/\/r3media.ro\/spania-asediu-migranti-exclava-ceuta-africa-madrid-trupe-securitate-video\/\" class=\"crp_link post-120655\"><span class=\"crp_title\">VIDEO | Spania se afl\u0103 sub asediu: Mii de migran\u021bi au luat cu asalt exclava Ceuta din\u2026<\/span><\/a><\/li>\n<li><a href=\"https:\/\/r3media.ro\/deznationala-frantei-a-invins-franta\/\" class=\"crp_link post-119982\"><span class=\"crp_title\">Dezna\u021bionala Fran\u021bei a \u00eenvins Fran\u021ba \u00a0\u00a0<\/span><\/a><\/li>\n<\/ul>\n<\/div>\n<\/div>\n<p>[analyse_source url=&#8221;https:\/\/r3media.ro\/antifa-instiga-violenta-manifestatie-pasnica-remigratie-olanda\/&#8221;]<\/p>\n","protected":false},"excerpt":{"rendered":"<p>[analyse_image type=&#8221;featured&#8221; src=&#8221;https:\/\/r3media.ro\/wp-content\/uploads\/2026\/08\/steaguri-antifa-protest-germania-scaled-e1785576614958.jpghttps:\/\/r3media.ro\/wp-content\/uploads\/2026\/08\/steaguri-antifa-protest-germania-scaled-e1785576614958.jpghttps:\/\/r3media.ro\/wp-content\/uploads\/2026\/08\/steaguri-antifa-protest-germania-scaled-e1785576614958.jpg&#8221;] Antifa \u0219i grupurile anarhiste instig\u0103 la violen\u021b\u0103 la o manifesta\u021bie pa\u0219nic\u0103 pentru remigra\u021bie organizat\u0103 \u00een Olanda By Oana Ivan &#8211; 01\/08\/2026 0 Surs\u0103 &#8211; Unsplash Activi\u0219tii Antifa din ora\u0219ul olandez Utrecht au convocat un contraprotest \u00eempotriva unui miting pentru remigrare la care este implicat\u0103 activista conservatoare Eva Vlaardingerbroek, potrivit European Conservative. Mai [&hellip;]<\/p>\n","protected":false},"author":1,"featured_media":0,"comment_status":"open","ping_status":"","sticky":false,"template":"","format":"standard","meta":{"footnotes":""},"categories":[89],"tags":[226,93],"class_list":["post-2072463","post","type-post","status-publish","format-standard","hentry","category-romania","tag-crawlmanager","tag-r3media-ro"],"_links":{"self":[{"href":"https:\/\/analyse.optim.biz\/index.php?rest_route=\/wp\/v2\/posts\/2072463","targetHints":{"allow":["GET"]}}],"collection":[{"href":"https:\/\/analyse.optim.biz\/index.php?rest_route=\/wp\/v2\/posts"}],"about":[{"href":"https:\/\/analyse.optim.biz\/index.php?rest_route=\/wp\/v2\/types\/post"}],"author":[{"embeddable":true,"href":"https:\/\/analyse.optim.biz\/index.php?rest_route=\/wp\/v2\/users\/1"}],"replies":[{"embeddable":true,"href":"https:\/\/analyse.optim.biz\/index.php?rest_route=%2Fwp%2Fv2%2Fcomments&post=2072463"}],"version-history":[{"count":0,"href":"https:\/\/analyse.optim.biz\/index.php?rest_route=\/wp\/v2\/posts\/2072463\/revisions"}],"wp:attachment":[{"href":"https:\/\/analyse.optim.biz\/index.php?rest_route=%2Fwp%2Fv2%2Fmedia&parent=2072463"}],"wp:term":[{"taxonomy":"category","embeddable":true,"href":"https:\/\/analyse.optim.biz\/index.php?rest_route=%2Fwp%2Fv2%2Fcategories&post=2072463"},{"taxonomy":"post_tag","embeddable":true,"href":"https:\/\/analyse.optim.biz\/index.php?rest_route=%2Fwp%2Fv2%2Ftags&post=2072463"}],"curies":[{"name":"wp","href":"https:\/\/api.w.org\/{rel}","templated":true}]}}