{"id":2072461,"date":"2026-08-01T10:32:41","date_gmt":"2026-08-01T07:32:41","guid":{"rendered":"https:\/\/analyse.optim.biz\/?p=2072461"},"modified":"2026-08-01T10:32:41","modified_gmt":"2026-08-01T07:32:41","slug":"spaniolii-il-critica-pe-premierul-pedro-sanchez-pentru-ca-a-transformat-tara-intr-un-iad-de-lumea-a-treia-inundat-de-migranti","status":"publish","type":"post","link":"https:\/\/analyse.optim.biz\/?p=2072461","title":{"rendered":"Spaniolii \u00eel critic\u0103 pe premierul Pedro Sanchez pentru c\u0103 a transformat \u021bara \u00eentr-un iad \u201ede lumea a treia\u201d inundat de migran\u021bi"},"content":{"rendered":"<p>[analyse_image type=&#8221;featured&#8221; src=&#8221;https:\/\/r3media.ro\/wp-content\/uploads\/2023\/07\/pedro-sanchez-e1690449856110.jpghttps:\/\/r3media.ro\/wp-content\/uploads\/2023\/07\/pedro-sanchez-e1690449856110.jpg&#8221;]<\/p>\n<article id=\"template-id-109\" class=\"post-109 tdb_templates type-tdb_templates status-publish post\">\n<div id=\"tdi_2\" class=\"tdc-zone\">\n<div class=\"tdc_zone tdi_3  wpb_row td-pb-row\">\n<div id=\"tdi_4\" class=\"tdc-row\">\n<div class=\"vc_row tdi_5  wpb_row td-pb-row\">\n<div class=\"vc_column tdi_7  wpb_column vc_column_container tdc-column td-pb-span8\">\n<div class=\"wpb_wrapper\">\n<div class=\"td_block_wrap tdb_breadcrumbs tdi_8 td-pb-border-top td_block_template_1 tdb-breadcrumbs \" data-td-block-uid=\"tdi_8\">\n<div class=\"tdb-block-inner td-fix-index\"><span><a title=\"Vede\u021bi toate articolele \u00een FEATURED\" class=\"tdb-entry-crumb\" href=\"https:\/\/r3media.ro\/category\/featured\/\">FEATURED<\/a><\/span><span class=\"tdb-bred-no-url-last\">Spaniolii \u00eel critic\u0103 pe premierul Pedro Sanchez pentru c\u0103 a transformat \u021bara&#8230;<\/span><\/div>\n<\/div>\n<div class=\"td_block_wrap tdb_single_categories tdi_9 td-pb-border-top td_block_template_1 \" data-td-block-uid=\"tdi_9\">\n<div class=\"tdb-category td-fix-index\"><a class=\"tdb-entry-category\" href=\"https:\/\/r3media.ro\/category\/featured\/\">FEATURED<\/a><a class=\"tdb-entry-category\" href=\"https:\/\/r3media.ro\/category\/stiri\/\">\u0218TIRI<\/a><\/div>\n<\/div>\n<div class=\"td_block_wrap tdb_title tdi_10 tdb-single-title td-pb-border-top td_block_template_1\" data-td-block-uid=\"tdi_10\">\n<div class=\"tdb-block-inner td-fix-index\">\n<h1 class=\"tdb-title-text\">Spaniolii \u00eel critic\u0103 pe premierul Pedro Sanchez pentru c\u0103 a transformat \u021bara \u00eentr-un iad \u201ede lumea a treia\u201d inundat de migran\u021bi<\/h1>\n<\/div>\n<\/div>\n<div class=\"vc_row_inner tdi_12  vc_row vc_inner wpb_row td-pb-row\">\n<div class=\"vc_column_inner tdi_14  wpb_column vc_column_container tdc-inner-column td-pb-span12\">\n<div class=\"vc_column-inner\">\n<div class=\"wpb_wrapper\">\n<div class=\"td_block_wrap tdb_single_author tdi_15 td-pb-border-top td_block_template_1 tdb-post-meta\" data-td-block-uid=\"tdi_15\">\n<div class=\"tdb-block-inner td-fix-index\">\n<div class=\"tdb-author-name-wrap\"><a class=\"tdb-author-name\" href=\"https:\/\/r3media.ro\/author\/oana\/\">Oana Ivan<\/a><\/div>\n<\/div>\n<\/div>\n<div class=\"td_block_wrap tdb_single_date tdi_16 td-pb-border-top td_block_template_1 tdb-post-meta\" data-td-block-uid=\"tdi_16\">\n<div class=\"tdb-block-inner td-fix-index\"><time class=\"entry-date updated td-module-date\" datetime=\"2026-08-01T13:32:41+03:00\">01\/08\/2026<\/time><\/div>\n<\/div>\n<\/div>\n<\/div>\n<\/div>\n<\/div>\n<div class=\"td_block_wrap tdb_single_featured_image tdi_17 tdb-content-horiz-left td-pb-border-top td_block_template_1\" data-td-block-uid=\"tdi_17\">\n<div class=\"tdb-block-inner td-fix-index\">\n<figure><figcaption class=\"tdb-caption-text\">Sursa foto: bangkokpost.com<\/figcaption><\/figure>\n<\/div>\n<\/div>\n<div class=\"td_block_wrap tdb_single_content tdi_18 td-pb-border-top td_block_template_1 td-post-content tagdiv-type\" data-td-block-uid=\"tdi_18\">\n<div class=\"tdb-block-inner td-fix-index\">\n<p><strong>Spaniolii din Ceuta l-au huiduit pe Pedro Sanchez la sosirea sa vineri \u00een enclava nord-african\u0103, la o zi dup\u0103 ce un num\u0103r f\u0103r\u0103 precedent de 60.000 de <a href=\"https:\/\/r3media.ro\/spania-asediu-migranti-exclava-ceuta-africa-madrid-trupe-securitate-video\/\" target=\"_blank\" rel=\"noopener\">migran\u021bi au invadat<\/a> teritoriul venind din Maroc, potrivit <a href=\"https:\/\/nypost.com\/2026\/07\/31\/world-news\/fed-up-spaniards-lash-out-at-socialist-prime-minister-after-migrant-invasion\/\" target=\"_blank\" rel=\"noopener\">New York Post<\/a>.\u00a0<\/strong><\/p>\n<p>\u201eToat\u0103 lumea \u00eel ur\u0103\u0219te\u201d, a declarat un antreprenor hispano-italian de 21 de ani, care studiaz\u0103 \u00een statul New York.<\/p>\n<p>\u201eCrede\u021bi c\u0103 este normal ca oamenii s\u0103 fie nevoi\u021bi s\u0103 \u00eemprejmuiasc\u0103 terasa apartamentelor lor cu s\u00e2rm\u0103 ghimpat\u0103? Vorbim despre <a href=\"https:\/\/r3media.ro\/tag\/spania\/\" target=\"_blank\" rel=\"noopener\">Spania<\/a>. Acum arat\u0103 ca o \u021bar\u0103 de lumea a treia\u201d, a spus el.<\/p>\n<p>Studentul a ad\u0103ugat c\u0103 bunicii s\u0103i din ora\u0219ul Malaga sunt de p\u0103rere c\u0103 situa\u021bia este \u201eo ru\u0219ine absolut\u0103\u201d.<\/p>\n<p><strong>\u201eMi-au spus c\u0103 Spania a sc\u0103pat de sub control. Adic\u0103, oferim pa\u0219apoarte \u0219i drept de reziden\u021b\u0103 persoanelor care vin ilegal cu antecedente penale \u0219i boli\u201d<\/strong>, a spus el.<\/p>\n<h2><strong>Spaniolii \u00eel critic\u0103 pe premierul Pedro Sanchez dup\u0103 ce zeci de mii de migran\u021bi au ajuns \u00een Ceuta<\/strong><\/h2>\n<p>\u00a0<\/p>\n<p>Santiago Carrera Fernandez, \u00een v\u00e2rst\u0103 de 20 de ani, care s-a mutat \u00een New Jersey din Madrid cu p\u0103rin\u021bii s\u0103i \u00eenainte de a \u00eencepe liceul, a declarat c\u0103 este foarte fericit c\u0103 tr\u0103ie\u0219te \u00een SUA, mai ales dup\u0103 ce a v\u0103zut invazia Ceutei.<\/p>\n<p>\u201eLe spun multor oameni c\u0103 nu m\u0103 simt niciodat\u0103 mai pu\u021bin \u00een siguran\u021b\u0103 nic\u0103ieri \u00een SUA dec\u00e2t \u00een \u200b\u200bSpania. Orice ora\u0219 din SUA este mai sigur dec\u00e2t Spania\u201d, a spus Fernandez.<\/p>\n<p>Potrivit celor doi, rata criminalit\u0103\u021bii \u00een Spania a crescut odat\u0103 cu migra\u021bia necontrolat\u0103 sub o conducere progresist\u0103.<\/p>\n<p>T\u00e2n\u0103rul antreprenor a descris cum un migrant i-a spart geamul ma\u0219inii \u00een \u00eencercarea de a intra prin efrac\u021bie \u00een vehicul c\u00e2nd se \u00eentorcea la munc\u0103 \u00een Spania la \u00eenceputul verii.<\/p>\n<p><strong>\u201eEste foarte trist c\u0103 \u00eentreaga \u021bar\u0103 din care provin este un loc \u00een care nici m\u0103car nu ne putem g\u00e2ndi s\u0103 tr\u0103im, nu doar pentru c\u0103 este nesigur, ci \u0219i pentru c\u0103 drepturile ocupan\u021bilor ilegali sunt inacceptabile\u201d<\/strong>, a precizat acesta. El a mai zis c\u0103 ma\u0219ina bunicului s\u0103u a fost furat\u0103 de trei ori.<\/p>\n<p>Fernandez a spus c\u0103 nu s-a sim\u021bit niciodat\u0103 \u201enesigur\u201d \u00een New York City sau \u00een Garden State a\u0219a cum se simte \u00een Spania.<\/p>\n<p>\u201e\u00cen Spania, \u00ee\u021bi fur\u0103 telefonul, portofelul. Spania este cu totul diferit\u0103 \u00een acest sens\u201d, a avertizat el.<\/p>\n<h2><strong>Locuitorii din Ceuta sunt la fel de revolta\u021bi pe guvernul progresist condus de Pedro Sanchez<\/strong><\/h2>\n<p>\u00a0<\/p>\n<p>\u00centre timp, locuitorii din <strong><a href=\"https:\/\/r3media.ro\/tag\/ceuta\/\" target=\"_blank\" rel=\"noopener\">Ceuta<\/a><\/strong> \u0219i-au exprimat furia \u0219i frustrarea fa\u021b\u0103 de conducerea \u021b\u0103rii.<\/p>\n<p>\u201eS\u00e1nchez este de vin\u0103 pentru toate acestea, este un tic\u0103los\u201d, a declarat un b\u0103rbat pentru postul TV Antena 3.<\/p>\n<p>\u00centr-un alt videoclip sf\u00e2\u0219ietor, locuitoarea Rocio Gil a pl\u00e2ns \u00een timp ce era intervievat\u0103, \u00eenconjurat\u0103 de <strong><a href=\"https:\/\/r3media.ro\/tag\/migranti-europa\/\" target=\"_blank\" rel=\"noopener\">migran\u021bi<\/a><\/strong> care o batjocoreau.<\/p>\n<p>\u201eNe sim\u021bim total abandona\u021bi, perspectivele sunt catastrofale\u201d, a declarat ea unui jurnalist Antena 3. Apoi a criticat guvernul pentru c\u0103 nu a declarat stare de urgen\u021b\u0103 na\u021bional\u0103 \u0219i nu a desf\u0103\u0219urat armata mai devreme.<\/p>\n<p>\u201eNe este fric\u0103, nu putem permite ca asta s\u0103 se \u00eent\u00e2mple\u201d, a ad\u0103ugat femeia disperat\u0103 din zon\u0103.<\/p>\n<h2><strong>\u201eUnde sunt drepturile noastre ca spanioli? Suntem singuri, nu putem chema poli\u021bia pentru c\u0103 sunt dep\u0103\u0219i\u021bi. Avem nevoie de ajutor urgent, acest lucru este revolt\u0103tor\u201d, a mai zis aceasta.<\/strong><\/h2>\n<p>Opozi\u021bia VOX la- criticat dur pe premierul Pedro Sanchez<\/p>\n<p>\u00a0<\/p>\n<p>Liderii opozi\u021biei l-au criticat \u0219i ei pe Sanchez, Santiago Abascal numindu-l pe prim-ministru \u201etr\u0103d\u0103tor \u0219i mafiot care se comport\u0103 ca un du\u0219man al Spaniei\u201d.<\/p>\n<p>\u201eFiecare viol sau \u00eenjunghiere viitoare va fi importat\u0103 de Pedro S\u00e1nchez, iar mo\u0219tenirea sa este pr\u0103bu\u0219irea fondului nostru imobiliar \u0219i a sistemului nostru de s\u0103n\u0103tate. Pedro S\u00e1nchez este principalul vinovat pentru ceea ce sufer\u0103 \u0219i vor suferi spaniolii\u201d, a spus Abascal.<\/p>\n<p>Isabel Diaz Ayuso, pre\u0219edinta regiunii Madrid din partea Partidului Popular de dreapta, l-a acuzat pe Sanchez c\u0103 \u201ea permis invazia Spaniei prin Ceuta\u201d pentru a acoperi cazurile de corup\u021bie care l-au afectat pe el, so\u021bia sa \u0219i partidul s\u0103u.<\/p>\n<p>De mul\u021bi ani, exclava spaniol\u0103 Ceuta se confrunt\u0103 cu valuri succesive de migran\u021bi care vor s\u0103 intre \u00een Europa. \u00cen 2021, cel pu\u021bin 5.000 de migran\u021bi\u00a0<a href=\"https:\/\/r3media.ro\/ceuta-atac-migranti-spania\/\" target=\"_blank\" rel=\"noopener\"><strong>au ajuns<\/strong><\/a>\u00a0\u00een exclava spaniol\u0103 Ceuta \u00eentr-o singur\u0103 zi. Num\u0103rul a fost considerat record la acea vreme.<\/p>\n<p>\u0218i atunci, situa\u021bia a fost at\u00e2t de grav\u0103 \u00eenc\u00e2t\u00a0<strong><a href=\"https:\/\/r3media.ro\/6-000-de-migranti-ceuta-spania-sanchez\/\" target=\"_blank\" rel=\"noopener\">Spania a trimis Armata<\/a><\/strong>\u00a0s\u0103 apere grani\u021bele, iar premierul socialist Sanchez s-a deplasat personal la fa\u021ba locului.<\/p>\n<div class=\"crp_related     crp-masonry\">\n<h2>\u00ceN CONTEXT<\/h2>\n<ul>\n<li><a href=\"https:\/\/r3media.ro\/spania-asediu-migranti-exclava-ceuta-africa-madrid-trupe-securitate-video\/\" class=\"crp_link post-120655\"><span class=\"crp_title\">VIDEO | Spania se afl\u0103 sub asediu: Mii de migran\u021bi au luat cu asalt exclava Ceuta din\u2026<\/span><\/a><\/li>\n<li><a href=\"https:\/\/r3media.ro\/migrant-franta-condamnat-viol-capre-miel-femeie-identificare\/\" class=\"crp_link post-118961\"><span class=\"crp_title\">Migrant din Fran\u021ba, condamnat pentru c\u0103 a violat 6 capre \u0219i un miel. A spus c\u0103 oricine\u2026<\/span><\/a><\/li>\n<li><a href=\"https:\/\/r3media.ro\/germania-tanara-ucraineanca-16-ani-impinsa-fata-trenului-irakian-31-de-ani-ucigas-scapa-inchisoare-spital-psihiatrie\/\" class=\"crp_link post-115989\"><span class=\"crp_title\">Germania | O t\u00e2n\u0103r\u0103 ucraineanc\u0103 de 16 ani a fost \u00eempins\u0103 \u00een fa\u021ba trenului de un irakian de\u2026<\/span><\/a><\/li>\n<li><a href=\"https:\/\/r3media.ro\/decapitarea-se-va-relua\/\" class=\"crp_link post-117940\"><span class=\"crp_title\">Decapitarea se va relua<\/span><\/a><\/li>\n<li><a href=\"https:\/\/r3media.ro\/tot-mai-multi-romani-din-spania-se-intorc-acasa\/\" class=\"crp_link post-118874\"><span class=\"crp_title\">Tot mai mul\u021bi rom\u00e2ni din Spania se \u00eentorc ACAS\u0102<\/span><\/a><\/li>\n<li><a href=\"https:\/\/r3media.ro\/jd-vance-condamna-ucidere-student-henry-novak-elite-europene-invazie-migranti\/\" class=\"crp_link post-117790\"><span class=\"crp_title\">JD Vance condamn\u0103 uciderea studentului Henry Novak: Ar fi fost \u00een via\u021b\u0103 dac\u0103 elitele\u2026<\/span><\/a><\/li>\n<li><a href=\"https:\/\/r3media.ro\/babis-aliatii-cehia-promit-refuz-pact-migratie-politici-verzi-ue-responsabil-alegatori-bruxelles-uniunea-europeana-conduce\/\" class=\"crp_link post-113776\"><span class=\"crp_title\">Babi\u0219 \u0219i alia\u021bii s\u0103i din Cehia promit s\u0103 resping\u0103 pactul privind migra\u021bia \u0219i politicile\u2026<\/span><\/a><\/li>\n<li><a href=\"https:\/\/r3media.ro\/guvernul-sanchez-demoleaza-monumentul-de-la-majadahonda-ion-mota-vasile-marin-lupta-rzaboiul-civil-spaniol-comunisti\/\" class=\"crp_link post-119753\"><span class=\"crp_title\">Guvernul Sanchez demoleaz\u0103 Monumentul de la Majadahonda, dedicat lui Ion Mo\u021ba \u0219i Vasile\u2026<\/span><\/a><\/li>\n<\/ul>\n<\/div>\n<\/div>\n<\/div>\n<div class=\"td_block_wrap tdb_single_tags tdi_19 td-pb-border-top td_block_template_1\" data-td-block-uid=\"tdi_19\">\n<div class=\"tdb-block-inner td-fix-index\">\n<ul class=\"tdb-tags\">\n<li><span>SUBIECTE FIERBIN\u021aI<\/span><\/li>\n<li><a href=\"https:\/\/r3media.ro\/tag\/invazie-migranti\/\">invazie migranti<\/a><\/li>\n<li><a href=\"https:\/\/r3media.ro\/tag\/migranti-europa\/\">migranti europa<\/a><\/li>\n<li><a href=\"https:\/\/r3media.ro\/tag\/pedro-sanchez\/\">Pedro S\u00e1nchez<\/a><\/li>\n<li><a href=\"https:\/\/r3media.ro\/tag\/spania\/\">Spania<\/a><\/li>\n<\/ul>\n<\/div>\n<\/div>\n<div class=\"td_block_wrap td_block_9 tdi_20 td_with_ajax_pagination td-pb-border-top td_block_template_1 td-column-2 td_block_padding td_block_bot_line\" data-td-block-uid=\"tdi_20\">\n<div class=\"td-block-title-wrap\">\n<h4 class=\"block-title td-block-title\"><span class=\"td-pulldown-size\">CITE\u0218TE MAI MULT<\/span><\/h4>\n<\/div>\n<div id=\"tdi_20\" class=\"td_block_inner\">\n<div class=\"td-block-row\">\n<div class=\"td-block-span6\">\n<div class=\"td_module_8 td_module_wrap\">\n<div class=\"item-details\">\n<h3 class=\"entry-title td-module-title\"><a href=\"https:\/\/r3media.ro\/cornel-nistorescu-drone-razboi-ucraina\/\" rel=\"bookmark\" title=\"Cornel Nistorescu, dup\u0103 incidentele cu drone: Adie a aer de r\u0103zboi. De mirare c\u0103 dronele ucrainene nu au st\u00e2rnit at\u00e2ta t\u0103r\u0103boi\">Cornel Nistorescu, dup\u0103 incidentele cu drone: Adie a aer de r\u0103zboi. De mirare c\u0103&#8230;<\/a><\/h3>\n<div class=\"td-module-meta-info\"><a href=\"https:\/\/r3media.ro\/category\/actualitate\/\" class=\"td-post-category\">ACTUALITATE<\/a><span class=\"td-post-author-name\"><a href=\"https:\/\/r3media.ro\/author\/radu_ursan\/\">Radu Ursan<\/a><span>&#8211;<\/span><\/span><span class=\"td-post-date\"><time class=\"entry-date updated td-module-date\" datetime=\"2026-07-28T10:21:51+03:00\">28\/07\/2026<\/time><\/span><\/div>\n<\/div>\n<\/div>\n<\/div>\n<div class=\"td-block-span6\">\n<div class=\"td_module_8 td_module_wrap\">\n<div class=\"item-details\">\n<h3 class=\"entry-title td-module-title\"><a href=\"https:\/\/r3media.ro\/bnr-recomanda-romani-rezerve-de-cash-atacuri-cibernetice-numerar-relevant-criza\/\" rel=\"bookmark\" title=\"BNR le recomand\u0103 rom\u00e2nilor s\u0103 p\u0103streze rezerve de cash: Numerarul se poate dovedi relevant \u00een criz\u0103\">BNR le recomand\u0103 rom\u00e2nilor s\u0103 p\u0103streze rezerve de cash: Numerarul se poate dovedi relevant&#8230;<\/a><\/h3>\n<div class=\"td-module-meta-info\"><a href=\"https:\/\/r3media.ro\/category\/actualitate\/\" class=\"td-post-category\">ACTUALITATE<\/a><span class=\"td-post-author-name\"><a href=\"https:\/\/r3media.ro\/author\/oana\/\">Oana Ivan<\/a><span>&#8211;<\/span><\/span><span class=\"td-post-date\"><time class=\"entry-date updated td-module-date\" datetime=\"2026-07-27T13:11:47+03:00\">27\/07\/2026<\/time><\/span><\/div>\n<\/div>\n<\/div>\n<\/div>\n<\/div>\n<div class=\"td-block-row\">\n<div class=\"td-block-span6\">\n<div class=\"td_module_8 td_module_wrap\">\n<div class=\"item-details\">\n<h3 class=\"entry-title td-module-title\"><a href=\"https:\/\/r3media.ro\/statul-roman-a-semnat-actul-propriei-disparitii\/\" rel=\"bookmark\" title=\"Statul rom\u00e2n a semnat actul propriei dispari\u021bii?\">Statul rom\u00e2n a semnat actul propriei dispari\u021bii?<\/a><\/h3>\n<div class=\"td-module-meta-info\"><a href=\"https:\/\/r3media.ro\/category\/opinii\/\" class=\"td-post-category\">OPINII<\/a><span class=\"td-post-author-name\"><a href=\"https:\/\/r3media.ro\/author\/gabipopa\/\">Gabriel Popa<\/a><span>&#8211;<\/span><\/span><span class=\"td-post-date\"><time class=\"entry-date updated td-module-date\" datetime=\"2026-07-27T15:07:05+03:00\">27\/07\/2026<\/time><\/span><\/div>\n<\/div>\n<\/div>\n<\/div>\n<div class=\"td-block-span6\">\n<div class=\"td_module_8 td_module_wrap\">\n<div class=\"item-details\">\n<h3 class=\"entry-title td-module-title\"><a href=\"https:\/\/r3media.ro\/prima-oara-istorie-presedintia-document-primplan-patriotism-european\/\" rel=\"bookmark\" title=\"Pentru prima oar\u0103 \u00een istorie, Pre\u0219edin\u021bia Rom\u00e2niei emite un document care pune pe primul plan o alt\u0103 entitate dec\u00e2t \u021bara noastr\u0103: patriotismul european\">Pentru prima oar\u0103 \u00een istorie, Pre\u0219edin\u021bia Rom\u00e2niei emite un document care pune pe primul&#8230;<\/a><\/h3>\n<div class=\"td-module-meta-info\"><a href=\"https:\/\/r3media.ro\/category\/actualitate\/\" class=\"td-post-category\">ACTUALITATE<\/a><span class=\"td-post-author-name\"><a href=\"https:\/\/r3media.ro\/author\/teodor_stan\/\">Teodor Stan<\/a><span>&#8211;<\/span><\/span><span class=\"td-post-date\"><time class=\"entry-date updated td-module-date\" datetime=\"2026-07-26T11:44:31+03:00\">26\/07\/2026<\/time><\/span><\/div>\n<\/div>\n<\/div>\n<\/div>\n<\/div>\n<div class=\"td-block-row\">\n<div class=\"td-block-span6\">\n<div class=\"td_module_8 td_module_wrap\">\n<div class=\"item-details\">\n<h3 class=\"entry-title td-module-title\"><a href=\"https:\/\/r3media.ro\/film-nou-stapanul-inelelor-corect-politic-regizor-andy-serkis-diversitate-tolkien-mitologie-nordica\/\" rel=\"bookmark\" title=\"Noul film \u201eSt\u0103p\u00e2nul Inelelor\u201d nu va fi corect politic. Regizorul Andy Serkis: J.R.R. Tolkien a fost influen\u021bat de mitologia nordic\u0103. Nu vrem o distribu\u021bie de dragul de a bifa c\u0103su\u021be\">Noul film \u201eSt\u0103p\u00e2nul Inelelor\u201d nu va fi corect politic. Regizorul Andy Serkis: J.R.R. Tolkien&#8230;<\/a><\/h3>\n<div class=\"td-module-meta-info\"><a href=\"https:\/\/r3media.ro\/category\/actualitate\/\" class=\"td-post-category\">ACTUALITATE<\/a><span class=\"td-post-author-name\"><a href=\"https:\/\/r3media.ro\/author\/oana\/\">Oana Ivan<\/a><span>&#8211;<\/span><\/span><span class=\"td-post-date\"><time class=\"entry-date updated td-module-date\" datetime=\"2026-07-26T15:49:31+03:00\">26\/07\/2026<\/time><\/span><\/div>\n<\/div>\n<\/div>\n<\/div>\n<div class=\"td-block-span6\">\n<div class=\"td_module_8 td_module_wrap\">\n<div class=\"item-details\">\n<h3 class=\"entry-title td-module-title\"><a href=\"https:\/\/r3media.ro\/dictatura-forma-suprema-a-democratiei\/\" rel=\"bookmark\" title=\"Dictatura \u2013 forma suprem\u0103 a democra\u021biei\">Dictatura \u2013 forma suprem\u0103 a democra\u021biei<\/a><\/h3>\n<div class=\"td-module-meta-info\"><a href=\"https:\/\/r3media.ro\/category\/opinii\/\" class=\"td-post-category\">OPINII<\/a><span class=\"td-post-author-name\"><a href=\"https:\/\/r3media.ro\/author\/tru\/\">TRU (Traian Ungureanu)<\/a><span>&#8211;<\/span><\/span><span class=\"td-post-date\"><time class=\"entry-date updated td-module-date\" datetime=\"2026-07-25T16:43:11+03:00\">25\/07\/2026<\/time><\/span><\/div>\n<\/div>\n<\/div>\n<\/div>\n<\/div>\n<div class=\"td-block-row\">\n<div class=\"td-block-span6\">\n<div class=\"td_module_8 td_module_wrap\">\n<div class=\"item-details\">\n<h3 class=\"entry-title td-module-title\"><a href=\"https:\/\/r3media.ro\/marea-britanie-apa-inteligenta-artificiala-romania-centru-ai-restrictii-consum-apa\/\" rel=\"bookmark\" title=\"Marea Britanie nu mai are suficient\u0103 ap\u0103 pentru Inteligen\u021ba Artificial\u0103, dar Rom\u00e2nia vrea s\u0103 g\u0103zduiasc\u0103 un centru AI care consum\u0103 c\u00e2t sute de mii de oameni \u0219i impune restric\u021bii la consumul de ap\u0103 al popula\u021biei\">Marea Britanie nu mai are suficient\u0103 ap\u0103 pentru Inteligen\u021ba Artificial\u0103, dar Rom\u00e2nia vrea s\u0103&#8230;<\/a><\/h3>\n<div class=\"td-module-meta-info\"><a href=\"https:\/\/r3media.ro\/category\/actualitate\/\" class=\"td-post-category\">ACTUALITATE<\/a><span class=\"td-post-author-name\"><a href=\"https:\/\/r3media.ro\/author\/radu_ursan\/\">Radu Ursan<\/a><span>&#8211;<\/span><\/span><span class=\"td-post-date\"><time class=\"entry-date updated td-module-date\" datetime=\"2026-07-23T11:44:13+03:00\">23\/07\/2026<\/time><\/span><\/div>\n<\/div>\n<\/div>\n<\/div>\n<div class=\"td-block-span6\">\n<div class=\"td_module_8 td_module_wrap\">\n<div class=\"item-details\">\n<h3 class=\"entry-title td-module-title\"><a href=\"https:\/\/r3media.ro\/campion-olimpic-olaf-tufte-mort-subit-50-ani\/\" rel=\"bookmark\" title=\"Campionul olimpic Olaf Tufte a murit subit la 50 de ani\">Campionul olimpic Olaf Tufte a murit subit la 50 de ani<\/a><\/h3>\n<div class=\"td-module-meta-info\"><a href=\"https:\/\/r3media.ro\/category\/actualitate\/\" class=\"td-post-category\">ACTUALITATE<\/a><span class=\"td-post-author-name\"><a href=\"https:\/\/r3media.ro\/author\/oana\/\">Oana Ivan<\/a><span>&#8211;<\/span><\/span><span class=\"td-post-date\"><time class=\"entry-date updated td-module-date\" datetime=\"2026-07-22T12:11:02+03:00\">22\/07\/2026<\/time><\/span><\/div>\n<\/div>\n<\/div>\n<\/div>\n<\/div>\n<div class=\"td-block-row\">\n<div class=\"td-block-span6\">\n<div class=\"td_module_8 td_module_wrap\">\n<div class=\"item-details\">\n<h3 class=\"entry-title td-module-title\"><a href=\"https:\/\/r3media.ro\/explozie-incendiu-fabrica-kronospan-brasov-video\/\" rel=\"bookmark\" title=\"VIDEO | Explozie urmat\u0103 de un incendiu la fabrica Kronospan din Bra\u0219ov. \u00cen timp ce pompierii \u00eencercau s\u0103 sting\u0103 focul s-a produs o alt\u0103 explozie\">VIDEO | Explozie urmat\u0103 de un incendiu la fabrica Kronospan din Bra\u0219ov. \u00cen timp&#8230;<\/a><\/h3>\n<div class=\"td-module-meta-info\"><a href=\"https:\/\/r3media.ro\/category\/actualitate\/\" class=\"td-post-category\">ACTUALITATE<\/a><span class=\"td-post-author-name\"><a href=\"https:\/\/r3media.ro\/author\/oana\/\">Oana Ivan<\/a><span>&#8211;<\/span><\/span><span class=\"td-post-date\"><time class=\"entry-date updated td-module-date\" datetime=\"2026-07-22T10:01:28+03:00\">22\/07\/2026<\/time><\/span><\/div>\n<\/div>\n<\/div>\n<\/div>\n<div class=\"td-block-span6\">\n<div class=\"td_module_8 td_module_wrap\">\n<div class=\"item-details\">\n<h3 class=\"entry-title td-module-title\"><a href=\"https:\/\/r3media.ro\/asa-incepe-compania-openai-afirma-un-model-de-inteligenta-artificiala-a-atacat-din-proprie-initiativa-sistemele-unei-alte-companii\/\" rel=\"bookmark\" title=\"A\u0219a \u00eencepe? Compania OpenAI afirm\u0103 un model de inteligen\u021b\u0103 artificial\u0103 a ATACAT din proprie ini\u021biativ\u0103 sistemele unei alte companii\">A\u0219a \u00eencepe? Compania OpenAI afirm\u0103 un model de inteligen\u021b\u0103 artificial\u0103 a ATACAT din proprie&#8230;<\/a><\/h3>\n<div class=\"td-module-meta-info\"><a href=\"https:\/\/r3media.ro\/category\/actualitate\/\" class=\"td-post-category\">ACTUALITATE<\/a><span class=\"td-post-author-name\"><a href=\"https:\/\/r3media.ro\/author\/teodor_stan\/\">Teodor Stan<\/a><span>&#8211;<\/span><\/span><span class=\"td-post-date\"><time class=\"entry-date updated td-module-date\" datetime=\"2026-07-22T09:10:53+03:00\">22\/07\/2026<\/time><\/span><\/div>\n<\/div>\n<\/div>\n<\/div>\n<\/div>\n<div class=\"td-block-row\">\n<div class=\"td-block-span6\">\n<div class=\"td_module_8 td_module_wrap\">\n<div class=\"item-details\">\n<h3 class=\"entry-title td-module-title\"><a href=\"https:\/\/r3media.ro\/episcopul-husilor-oameni-animale-therieni-degradare-progresism\/\" rel=\"bookmark\" title=\"Episcopul Hu\u0219ilor, despre oamenii care se cred animale: V\u0103 da\u021bi seama c\u00e2t\u0103 degradare uman\u0103 este? De ce? Pentru c\u0103 se \u00eencred \u00een progresism\">Episcopul Hu\u0219ilor, despre oamenii care se cred animale: V\u0103 da\u021bi seama c\u00e2t\u0103 degradare uman\u0103&#8230;<\/a><\/h3>\n<div class=\"td-module-meta-info\"><a href=\"https:\/\/r3media.ro\/category\/actualitate\/\" class=\"td-post-category\">ACTUALITATE<\/a><span class=\"td-post-author-name\"><a href=\"https:\/\/r3media.ro\/author\/radu_ursan\/\">Radu Ursan<\/a><span>&#8211;<\/span><\/span><span class=\"td-post-date\"><time class=\"entry-date updated td-module-date\" datetime=\"2026-07-21T19:30:46+03:00\">21\/07\/2026<\/time><\/span><\/div>\n<\/div>\n<\/div>\n<\/div>\n<div class=\"td-block-span6\">\n<div class=\"td_module_8 td_module_wrap\">\n<div class=\"item-details\">\n<h3 class=\"entry-title td-module-title\"><a href=\"https:\/\/r3media.ro\/video-cult-femeie-dumnezeu-mama-romania\/\" rel=\"bookmark\" title=\"VIDEO | Un cult care consider\u0103 o femeie coreean\u0103 drept \u201eDumnezeu Mama\u201d face prozeli\u021bi \u00een Rom\u00e2nia\">VIDEO | Un cult care consider\u0103 o femeie coreean\u0103 drept \u201eDumnezeu Mama\u201d face prozeli\u021bi&#8230;<\/a><\/h3>\n<div class=\"td-module-meta-info\"><a href=\"https:\/\/r3media.ro\/category\/actualitate\/\" class=\"td-post-category\">ACTUALITATE<\/a><span class=\"td-post-author-name\"><a href=\"https:\/\/r3media.ro\/author\/redactia\/\">Redac\u021bia<\/a><span>&#8211;<\/span><\/span><span class=\"td-post-date\"><time class=\"entry-date updated td-module-date\" datetime=\"2026-07-21T11:14:08+03:00\">21\/07\/2026<\/time><\/span><\/div>\n<\/div>\n<\/div>\n<\/div>\n<\/div>\n<\/div>\n<div class=\"td-load-more-wrap td-load-more-infinite-wrap\" id=\"infinite-lm-tdi_20\"><a href=\"https:\/\/r3media.ro\/spaniolii-critica-premier-pedro-sanchez-tara-iad-lumea-a-treia-migranti\/\" class=\"td_ajax_load_more td_ajax_load_more_js\" aria-label=\"\u00cenc\u0103rca\u021bi mai multe\" id=\"next-page-tdi_20\" data-td_block_id=\"tdi_20\">\u00cenc\u0103rca\u021bi mai multe<\/a><\/div>\n<\/div>\n<div class=\"td_block_wrap tdb_single_comments tdi_21 tdb-comm-layout2 td-pb-border-top td_block_template_1\" data-td-block-uid=\"tdi_21\">\n<div class=\"tdb-block-inner td-fix-index\">\n<div class=\"comments\" id=\"comments\">\n<div id=\"respond\" class=\"comment-respond\">\n<h3 id=\"reply-title\" class=\"comment-reply-title\">AI CEVA DE SPUS? <small><a rel=\"nofollow\" id=\"cancel-comment-reply-link\" href=\"https:\/\/r3media.ro\/spaniolii-critica-premier-pedro-sanchez-tara-iad-lumea-a-treia-migranti\/#respond\">Renun\u021ba\u021bi la r\u0103spuns<\/a><\/small><\/h3>\n<div class=\"comment-form-input-wrap td-form-comment\">\n<div class=\"td-warning-comment\">V\u0103 rug\u0103m s\u0103 introduce\u021bi comentariul dvs.!<\/div>\n<\/div>\n<div class=\"comment-form-input-wrap td-form-author\">\n<div class=\"td-warning-author\">Introduce\u021bi aici numele dvs.<\/div>\n<\/div>\n<div class=\"comment-form-input-wrap td-form-email\">\n<div class=\"td-warning-email-error\">A\u021bi introdus o adres\u0103 de e-mail incorect\u0103!<\/div>\n<div class=\"td-warning-email\">V\u0103 rug\u0103m s\u0103 introduce\u021bi adresa dvs. de e-mail aici<\/div>\n<\/div>\n<\/div>\n<\/div>\n<\/div>\n<\/div>\n<\/div>\n<\/div>\n<div class=\"vc_column tdi_23  wpb_column vc_column_container tdc-column td-pb-span4 td-is-sticky\">\n<div class=\"wpb_wrapper\" data-sticky-enabled-on=\"W3RydWUsdHJ1ZSx0cnVlLHRydWVd\" data-sticky-offset=\"20\" data-sticky-is-width-auto=\"W2ZhbHNlLGZhbHNlLGZhbHNlLGZhbHNlXQ==\">\n<div class=\"wpb_wrapper td_block_wrap vc_widget_sidebar tdi_25 \">\n<div class=\"td_block_wrap td_block_7 td_block_widget tdi_26 td-pb-border-top td_block_template_1 td-column-1 td_block_padding\" data-td-block-uid=\"tdi_26\">\n<div class=\"td-block-title-wrap\">\n<h4 class=\"block-title td-block-title\"><span class=\"td-pulldown-size\">Articole RELA\u021aIONATE<\/span><\/h4>\n<\/div>\n<div id=\"tdi_26\" class=\"td_block_inner\">\n<div class=\"td-block-span12\">\n<div class=\"td_module_6 td_module_wrap td-animation-stack\">\n<div class=\"td-module-thumb\"><a href=\"https:\/\/r3media.ro\/stapanul-inelelor-ecrane-fani-faurire-inel-unic-sauron\/\" rel=\"bookmark\" class=\"td-image-wrap \" title=\"St\u0103p\u00e2nul Inelelor se \u00eentoarce pe ecrane: Fanii pot vedea cum a fost f\u0103urit Inelul Unic de c\u0103tre Sauron\"><img loading=\"lazy\" decoding=\"async\" class=\"entry-thumb\" src=\"https:\/\/r3media.ro\/wp-content\/uploads\/2026\/08\/stapanul-inelelor-100x70.jpg\" alt title=\"St\u0103p\u00e2nul Inelelor se \u00eentoarce pe ecrane: Fanii pot vedea cum a fost f\u0103urit Inelul Unic de c\u0103tre Sauron\" width=\"100\" height=\"70\"><\/a><\/div>\n<div class=\"item-details\">\n<h3 class=\"entry-title td-module-title\"><a href=\"https:\/\/r3media.ro\/stapanul-inelelor-ecrane-fani-faurire-inel-unic-sauron\/\" rel=\"bookmark\" title=\"St\u0103p\u00e2nul Inelelor se \u00eentoarce pe ecrane: Fanii pot vedea cum a fost f\u0103urit Inelul Unic de c\u0103tre Sauron\">St\u0103p\u00e2nul Inelelor se \u00eentoarce pe ecrane: Fanii pot vedea cum a&#8230;<\/a><\/h3>\n<div class=\"td-module-meta-info\"><span class=\"td-post-date\"><time class=\"entry-date updated td-module-date\" datetime=\"2026-08-01T14:05:57+03:00\">01\/08\/2026<\/time><\/span><\/div>\n<\/div>\n<\/div>\n<\/div>\n<div class=\"td-block-span12\">\n<div class=\"td_module_6 td_module_wrap td-animation-stack\">\n<div class=\"td-module-thumb\"><a href=\"https:\/\/r3media.ro\/dragostea-care-transcende-epoci-descult-in-parc-1967\/\" rel=\"bookmark\" class=\"td-image-wrap \" title=\"Dragostea care transcende epoci \u2014 Descul\u021b \u00een parc (1967)\"><img loading=\"lazy\" decoding=\"async\" class=\"entry-thumb\" src=\"https:\/\/r3media.ro\/wp-content\/uploads\/2026\/08\/descult-in-parc-1967-100x70.webp\" alt title=\"Dragostea care transcende epoci \u2014 Descul\u021b \u00een parc (1967)\" width=\"100\" height=\"70\"><\/a><\/div>\n<div class=\"item-details\">\n<h3 class=\"entry-title td-module-title\"><a href=\"https:\/\/r3media.ro\/dragostea-care-transcende-epoci-descult-in-parc-1967\/\" rel=\"bookmark\" title=\"Dragostea care transcende epoci \u2014 Descul\u021b \u00een parc (1967)\">Dragostea care transcende epoci \u2014 Descul\u021b \u00een parc (1967)<\/a><\/h3>\n<div class=\"td-module-meta-info\"><span class=\"td-post-date\"><time class=\"entry-date updated td-module-date\" datetime=\"2026-08-01T13:45:14+03:00\">01\/08\/2026<\/time><\/span><\/div>\n<\/div>\n<\/div>\n<\/div>\n<div class=\"td-block-span12\">\n<div class=\"td_module_6 td_module_wrap td-animation-stack\">\n<div class=\"td-module-thumb\"><a href=\"https:\/\/r3media.ro\/antifa-instiga-violenta-manifestatie-pasnica-remigratie-olanda\/\" rel=\"bookmark\" class=\"td-image-wrap \" title=\"Antifa \u0219i grupurile anarhiste instig\u0103 la violen\u021b\u0103 la o manifesta\u021bie pa\u0219nic\u0103 pentru remigra\u021bie organizat\u0103 \u00een Olanda\"><img loading=\"lazy\" decoding=\"async\" class=\"entry-thumb\" src=\"https:\/\/r3media.ro\/wp-content\/uploads\/2026\/08\/steaguri-antifa-protest-germania-100x70.jpg\" alt title=\"Antifa \u0219i grupurile anarhiste instig\u0103 la violen\u021b\u0103 la o manifesta\u021bie pa\u0219nic\u0103 pentru remigra\u021bie organizat\u0103 \u00een Olanda\" width=\"100\" height=\"70\"><\/a><\/div>\n<div class=\"item-details\">\n<h3 class=\"entry-title td-module-title\"><a href=\"https:\/\/r3media.ro\/antifa-instiga-violenta-manifestatie-pasnica-remigratie-olanda\/\" rel=\"bookmark\" title=\"Antifa \u0219i grupurile anarhiste instig\u0103 la violen\u021b\u0103 la o manifesta\u021bie pa\u0219nic\u0103 pentru remigra\u021bie organizat\u0103 \u00een Olanda\">Antifa \u0219i grupurile anarhiste instig\u0103 la violen\u021b\u0103 la o manifesta\u021bie pa\u0219nic\u0103&#8230;<\/a><\/h3>\n<div class=\"td-module-meta-info\"><span class=\"td-post-date\"><time class=\"entry-date updated td-module-date\" datetime=\"2026-08-01T12:42:01+03:00\">01\/08\/2026<\/time><\/span><\/div>\n<\/div>\n<\/div>\n<\/div>\n<div class=\"td-block-span12\">\n<div class=\"td_module_6 td_module_wrap td-animation-stack\">\n<div class=\"td-module-thumb\"><a href=\"https:\/\/r3media.ro\/iasi-stinge-lumina-oras-iluminat-public-noaptea-economie-curent-electric\/\" rel=\"bookmark\" class=\"td-image-wrap \" title=\"Ia\u0219iul stinge lumina: Ora\u0219ul r\u0103m\u00e2ne f\u0103r\u0103 iluminat public \u00een timpul nop\u021bii pentru a face economie la curent electric\"><img loading=\"lazy\" decoding=\"async\" class=\"entry-thumb\" src=\"https:\/\/r3media.ro\/wp-content\/uploads\/2026\/08\/iasi-100x70.jpg\" alt title=\"Ia\u0219iul stinge lumina: Ora\u0219ul r\u0103m\u00e2ne f\u0103r\u0103 iluminat public \u00een timpul nop\u021bii pentru a face economie la curent electric\" width=\"100\" height=\"70\"><\/a><\/div>\n<div class=\"item-details\">\n<h3 class=\"entry-title td-module-title\"><a href=\"https:\/\/r3media.ro\/iasi-stinge-lumina-oras-iluminat-public-noaptea-economie-curent-electric\/\" rel=\"bookmark\" title=\"Ia\u0219iul stinge lumina: Ora\u0219ul r\u0103m\u00e2ne f\u0103r\u0103 iluminat public \u00een timpul nop\u021bii pentru a face economie la curent electric\">Ia\u0219iul stinge lumina: Ora\u0219ul r\u0103m\u00e2ne f\u0103r\u0103 iluminat public \u00een timpul nop\u021bii&#8230;<\/a><\/h3>\n<div class=\"td-module-meta-info\"><span class=\"td-post-date\"><time class=\"entry-date updated td-module-date\" datetime=\"2026-08-01T12:08:46+03:00\">01\/08\/2026<\/time><\/span><\/div>\n<\/div>\n<\/div>\n<\/div>\n<div class=\"td-block-span12\">\n<div class=\"td_module_6 td_module_wrap td-animation-stack\">\n<div class=\"td-module-thumb\"><a href=\"https:\/\/r3media.ro\/masina-electrica-foc-turcia-incarcat-vehicul-explozie-pompieri-stingere-incendiu-video\/\" rel=\"bookmark\" class=\"td-image-wrap \" title=\"VIDEO | O ma\u0219in\u0103 electric\u0103 a luat foc \u00een timp ce se afla la \u00eenc\u0103rcat. Vehiculul a explodat chiar c\u00e2nd pompierii \u00eencercau s\u0103 sting\u0103 incendiul folosind o p\u0103tur\u0103 ignifug\u0103\"><img loading=\"lazy\" decoding=\"async\" class=\"entry-thumb\" src=\"https:\/\/r3media.ro\/wp-content\/uploads\/2026\/07\/masina-electrica-foc-100x70.png\" alt title=\"VIDEO | O ma\u0219in\u0103 electric\u0103 a luat foc \u00een timp ce se afla la \u00eenc\u0103rcat. Vehiculul a explodat chiar c\u00e2nd pompierii \u00eencercau s\u0103 sting\u0103 incendiul folosind o p\u0103tur\u0103 ignifug\u0103\" width=\"100\" height=\"70\"><\/a><\/div>\n<div class=\"item-details\">\n<h3 class=\"entry-title td-module-title\"><a href=\"https:\/\/r3media.ro\/masina-electrica-foc-turcia-incarcat-vehicul-explozie-pompieri-stingere-incendiu-video\/\" rel=\"bookmark\" title=\"VIDEO | O ma\u0219in\u0103 electric\u0103 a luat foc \u00een timp ce se afla la \u00eenc\u0103rcat. Vehiculul a explodat chiar c\u00e2nd pompierii \u00eencercau s\u0103 sting\u0103 incendiul folosind o p\u0103tur\u0103 ignifug\u0103\">VIDEO | O ma\u0219in\u0103 electric\u0103 a luat foc \u00een timp ce&#8230;<\/a><\/h3>\n<div class=\"td-module-meta-info\"><span class=\"td-post-date\"><time class=\"entry-date updated td-module-date\" datetime=\"2026-07-31T13:33:48+03:00\">31\/07\/2026<\/time><\/span><\/div>\n<\/div>\n<\/div>\n<\/div>\n<div class=\"td-block-span12\">\n<div class=\"td_module_6 td_module_wrap td-animation-stack\">\n<div class=\"td-module-thumb\"><a href=\"https:\/\/r3media.ro\/spania-asediu-migranti-exclava-ceuta-africa-madrid-trupe-securitate-video\/\" rel=\"bookmark\" class=\"td-image-wrap \" title=\"VIDEO | Spania se afl\u0103 sub asediu: Mii de migran\u021bi au luat cu asalt exclava Ceuta din Africa. Madridul a trimis trupe pentru a consolida securitatea\"><img loading=\"lazy\" decoding=\"async\" class=\"entry-thumb\" src=\"https:\/\/r3media.ro\/wp-content\/uploads\/2026\/07\/invazie-migranti-ceuta-spania-100x70.png\" alt title=\"VIDEO | Spania se afl\u0103 sub asediu: Mii de migran\u021bi au luat cu asalt exclava Ceuta din Africa. Madridul a trimis trupe pentru a consolida securitatea\" width=\"100\" height=\"70\"><\/a><\/div>\n<div class=\"item-details\">\n<h3 class=\"entry-title td-module-title\"><a href=\"https:\/\/r3media.ro\/spania-asediu-migranti-exclava-ceuta-africa-madrid-trupe-securitate-video\/\" rel=\"bookmark\" title=\"VIDEO | Spania se afl\u0103 sub asediu: Mii de migran\u021bi au luat cu asalt exclava Ceuta din Africa. Madridul a trimis trupe pentru a consolida securitatea\">VIDEO | Spania se afl\u0103 sub asediu: Mii de migran\u021bi au&#8230;<\/a><\/h3>\n<div class=\"td-module-meta-info\"><span class=\"td-post-date\"><time class=\"entry-date updated td-module-date\" datetime=\"2026-07-31T12:39:57+03:00\">31\/07\/2026<\/time><\/span><\/div>\n<\/div>\n<\/div>\n<\/div>\n<div class=\"td-block-span12\">\n<div class=\"td_module_6 td_module_wrap td-animation-stack\">\n<div class=\"td-module-thumb\"><a href=\"https:\/\/r3media.ro\/expert-ucraina-faliment-agricultura-romaneasca-tehnologii-ue\/\" rel=\"bookmark\" class=\"td-image-wrap \" title=\"Un expert explic\u0103 felul \u00een care concuren\u021ba din Ucraina bag\u0103 \u00een faliment agricultura rom\u00e2neasc\u0103: Folosesc tehnologii interzise \u00een UE\"><img loading=\"lazy\" decoding=\"async\" class=\"entry-thumb\" src=\"https:\/\/r3media.ro\/wp-content\/uploads\/2024\/01\/protest-fermieri-si-transportatori-romani-100x70.png\" alt title=\"Un expert explic\u0103 felul \u00een care concuren\u021ba din Ucraina bag\u0103 \u00een faliment agricultura rom\u00e2neasc\u0103: Folosesc tehnologii interzise \u00een UE\" width=\"100\" height=\"70\"><\/a><\/div>\n<div class=\"item-details\">\n<h3 class=\"entry-title td-module-title\"><a href=\"https:\/\/r3media.ro\/expert-ucraina-faliment-agricultura-romaneasca-tehnologii-ue\/\" rel=\"bookmark\" title=\"Un expert explic\u0103 felul \u00een care concuren\u021ba din Ucraina bag\u0103 \u00een faliment agricultura rom\u00e2neasc\u0103: Folosesc tehnologii interzise \u00een UE\">Un expert explic\u0103 felul \u00een care concuren\u021ba din Ucraina bag\u0103 \u00een&#8230;<\/a><\/h3>\n<div class=\"td-module-meta-info\"><span class=\"td-post-date\"><time class=\"entry-date updated td-module-date\" datetime=\"2026-07-30T09:51:48+03:00\">30\/07\/2026<\/time><\/span><\/div>\n<\/div>\n<\/div>\n<\/div>\n<\/div>\n<\/div>\n<aside class=\"td_block_template_1 widget widget_recent_comments\">\n<h4 class=\"block-title\"><span>INTR\u0102 \u00ceN DISCU\u021aIE!<\/span><\/h4>\n<ul id=\"recentcomments\">\n<li class=\"recentcomments\"><span class=\"comment-author-link\">Nicu<\/span> la <a href=\"https:\/\/r3media.ro\/spania-asediu-migranti-exclava-ceuta-africa-madrid-trupe-securitate-video\/#comment-40331\">VIDEO | Spania se afl\u0103 sub asediu: Mii de migran\u021bi au luat cu asalt exclava Ceuta din Africa. Madridul a trimis trupe pentru a consolida securitatea<\/a><\/li>\n<li class=\"recentcomments\"><span class=\"comment-author-link\">Nicu<\/span> la <a href=\"https:\/\/r3media.ro\/masina-electrica-foc-turcia-incarcat-vehicul-explozie-pompieri-stingere-incendiu-video\/#comment-40330\">VIDEO | O ma\u0219in\u0103 electric\u0103 a luat foc \u00een timp ce se afla la \u00eenc\u0103rcat. Vehiculul a explodat chiar c\u00e2nd pompierii \u00eencercau s\u0103 sting\u0103 incendiul folosind o p\u0103tur\u0103 ignifug\u0103<\/a><\/li>\n<li class=\"recentcomments\"><span class=\"comment-author-link\">Dan<\/span> la <a href=\"https:\/\/r3media.ro\/europarlamentarul-gheorghe-piperea-psd-pnl-usr-udmr-sunt-de-fapt-pro-ucraineni-noi-preferam-sa-fim-pro-romani\/#comment-40329\">Europarlamentarul Gheorghe Piperea: PSD-PNL-USR-UDMR sunt de fapt, pro-ucraineni. Noi prefer\u0103m s\u0103 fim pro-rom\u00e2ni<\/a><\/li>\n<li class=\"recentcomments\"><span class=\"comment-author-link\">Zelizelu<\/span> la <a href=\"https:\/\/r3media.ro\/europarlamentarul-gheorghe-piperea-psd-pnl-usr-udmr-sunt-de-fapt-pro-ucraineni-noi-preferam-sa-fim-pro-romani\/#comment-40328\">Europarlamentarul Gheorghe Piperea: PSD-PNL-USR-UDMR sunt de fapt, pro-ucraineni. Noi prefer\u0103m s\u0103 fim pro-rom\u00e2ni<\/a><\/li>\n<li class=\"recentcomments\"><span class=\"comment-author-link\">Pav\u0103l \u0218tefan<\/span> la <a href=\"https:\/\/r3media.ro\/film-nou-stapanul-inelelor-corect-politic-regizor-andy-serkis-diversitate-tolkien-mitologie-nordica\/#comment-40327\">Noul film \u201eSt\u0103p\u00e2nul Inelelor\u201d nu va fi corect politic. Regizorul Andy Serkis: J.R.R. Tolkien a fost influen\u021bat de mitologia nordic\u0103. Nu vrem o distribu\u021bie de dragul de a bifa c\u0103su\u021be<\/a><\/li>\n<li class=\"recentcomments\"><span class=\"comment-author-link\">Nicu<\/span> la <a href=\"https:\/\/r3media.ro\/avioane-americane-bulgaria-energie-radev-sua\/#comment-40326\">Avioane americane la Bezmer, la schimb cu avantaje \u00een zona energetic\u0103 pentru Bulgaria: ce a ob\u021binut guvernul Radev de la SUA<\/a><\/li>\n<li class=\"recentcomments\"><span class=\"comment-author-link\">Constantin<\/span> la <a href=\"https:\/\/r3media.ro\/prima-oara-istorie-presedintia-document-primplan-patriotism-european\/#comment-40325\">Pentru prima oar\u0103 \u00een istorie, Pre\u0219edin\u021bia Rom\u00e2niei emite un document care pune pe primul plan o alt\u0103 entitate dec\u00e2t \u021bara noastr\u0103: patriotismul european<\/a><\/li>\n<\/ul>\n<\/aside>\n<aside class=\"td_block_template_1 widget widget_search\">\n<h4 class=\"block-title\"><span>CAUT\u0102 \u0218I VEI G\u0102SI<\/span><\/h4>\n<\/aside>\n<\/div>\n<\/div>\n<\/div>\n<\/div>\n<\/div>\n<\/div>\n<\/div>\n<p><span class=\"td-page-meta\"><\/span><span class=\"td-page-meta\"><span class=\"td-page-meta\"><\/span><\/span><span class=\"td-page-meta\"><\/span><\/article>\n<\/p>\n<div class=\"td_block_wrap tdb_single_content tdi_18 td-pb-border-top td_block_template_1 td-post-content tagdiv-type\" data-td-block-uid=\"tdi_18\">\n<div class=\"tdb-block-inner td-fix-index\">\n<p><strong>Spaniolii din Ceuta l-au huiduit pe Pedro Sanchez la sosirea sa vineri \u00een enclava nord-african\u0103, la o zi dup\u0103 ce un num\u0103r f\u0103r\u0103 precedent de 60.000 de <a href=\"https:\/\/r3media.ro\/spania-asediu-migranti-exclava-ceuta-africa-madrid-trupe-securitate-video\/\" target=\"_blank\" rel=\"noopener\">migran\u021bi au invadat<\/a> teritoriul venind din Maroc, potrivit <a href=\"https:\/\/nypost.com\/2026\/07\/31\/world-news\/fed-up-spaniards-lash-out-at-socialist-prime-minister-after-migrant-invasion\/\" target=\"_blank\" rel=\"noopener\">New York Post<\/a>.\u00a0<\/strong><\/p>\n<p>\u201eToat\u0103 lumea \u00eel ur\u0103\u0219te\u201d, a declarat un antreprenor hispano-italian de 21 de ani, care studiaz\u0103 \u00een statul New York.<\/p>\n<p>\u201eCrede\u021bi c\u0103 este normal ca oamenii s\u0103 fie nevoi\u021bi s\u0103 \u00eemprejmuiasc\u0103 terasa apartamentelor lor cu s\u00e2rm\u0103 ghimpat\u0103? Vorbim despre <a href=\"https:\/\/r3media.ro\/tag\/spania\/\" target=\"_blank\" rel=\"noopener\">Spania<\/a>. Acum arat\u0103 ca o \u021bar\u0103 de lumea a treia\u201d, a spus el.<\/p>\n<p>Studentul a ad\u0103ugat c\u0103 bunicii s\u0103i din ora\u0219ul Malaga sunt de p\u0103rere c\u0103 situa\u021bia este \u201eo ru\u0219ine absolut\u0103\u201d.<\/p>\n<p><strong>\u201eMi-au spus c\u0103 Spania a sc\u0103pat de sub control. Adic\u0103, oferim pa\u0219apoarte \u0219i drept de reziden\u021b\u0103 persoanelor care vin ilegal cu antecedente penale \u0219i boli\u201d<\/strong>, a spus el.<\/p>\n<h2><strong>Spaniolii \u00eel critic\u0103 pe premierul Pedro Sanchez dup\u0103 ce zeci de mii de migran\u021bi au ajuns \u00een Ceuta<\/strong><\/h2>\n<p>\u00a0<\/p>\n<p>Santiago Carrera Fernandez, \u00een v\u00e2rst\u0103 de 20 de ani, care s-a mutat \u00een New Jersey din Madrid cu p\u0103rin\u021bii s\u0103i \u00eenainte de a \u00eencepe liceul, a declarat c\u0103 este foarte fericit c\u0103 tr\u0103ie\u0219te \u00een SUA, mai ales dup\u0103 ce a v\u0103zut invazia Ceutei.<\/p>\n<p>\u201eLe spun multor oameni c\u0103 nu m\u0103 simt niciodat\u0103 mai pu\u021bin \u00een siguran\u021b\u0103 nic\u0103ieri \u00een SUA dec\u00e2t \u00een \u200b\u200bSpania. Orice ora\u0219 din SUA este mai sigur dec\u00e2t Spania\u201d, a spus Fernandez.<\/p>\n<p>Potrivit celor doi, rata criminalit\u0103\u021bii \u00een Spania a crescut odat\u0103 cu migra\u021bia necontrolat\u0103 sub o conducere progresist\u0103.<\/p>\n<p>T\u00e2n\u0103rul antreprenor a descris cum un migrant i-a spart geamul ma\u0219inii \u00een \u00eencercarea de a intra prin efrac\u021bie \u00een vehicul c\u00e2nd se \u00eentorcea la munc\u0103 \u00een Spania la \u00eenceputul verii.<\/p>\n<p><strong>\u201eEste foarte trist c\u0103 \u00eentreaga \u021bar\u0103 din care provin este un loc \u00een care nici m\u0103car nu ne putem g\u00e2ndi s\u0103 tr\u0103im, nu doar pentru c\u0103 este nesigur, ci \u0219i pentru c\u0103 drepturile ocupan\u021bilor ilegali sunt inacceptabile\u201d<\/strong>, a precizat acesta. El a mai zis c\u0103 ma\u0219ina bunicului s\u0103u a fost furat\u0103 de trei ori.<\/p>\n<p>Fernandez a spus c\u0103 nu s-a sim\u021bit niciodat\u0103 \u201enesigur\u201d \u00een New York City sau \u00een Garden State a\u0219a cum se simte \u00een Spania.<\/p>\n<p>\u201e\u00cen Spania, \u00ee\u021bi fur\u0103 telefonul, portofelul. Spania este cu totul diferit\u0103 \u00een acest sens\u201d, a avertizat el.<\/p>\n<h2><strong>Locuitorii din Ceuta sunt la fel de revolta\u021bi pe guvernul progresist condus de Pedro Sanchez<\/strong><\/h2>\n<p>\u00a0<\/p>\n<p>\u00centre timp, locuitorii din <strong><a href=\"https:\/\/r3media.ro\/tag\/ceuta\/\" target=\"_blank\" rel=\"noopener\">Ceuta<\/a><\/strong> \u0219i-au exprimat furia \u0219i frustrarea fa\u021b\u0103 de conducerea \u021b\u0103rii.<\/p>\n<p>\u201eS\u00e1nchez este de vin\u0103 pentru toate acestea, este un tic\u0103los\u201d, a declarat un b\u0103rbat pentru postul TV Antena 3.<\/p>\n<p>\u00centr-un alt videoclip sf\u00e2\u0219ietor, locuitoarea Rocio Gil a pl\u00e2ns \u00een timp ce era intervievat\u0103, \u00eenconjurat\u0103 de <strong><a href=\"https:\/\/r3media.ro\/tag\/migranti-europa\/\" target=\"_blank\" rel=\"noopener\">migran\u021bi<\/a><\/strong> care o batjocoreau.<\/p>\n<p>\u201eNe sim\u021bim total abandona\u021bi, perspectivele sunt catastrofale\u201d, a declarat ea unui jurnalist Antena 3. Apoi a criticat guvernul pentru c\u0103 nu a declarat stare de urgen\u021b\u0103 na\u021bional\u0103 \u0219i nu a desf\u0103\u0219urat armata mai devreme.<\/p>\n<p>\u201eNe este fric\u0103, nu putem permite ca asta s\u0103 se \u00eent\u00e2mple\u201d, a ad\u0103ugat femeia disperat\u0103 din zon\u0103.<\/p>\n<h2><strong>\u201eUnde sunt drepturile noastre ca spanioli? Suntem singuri, nu putem chema poli\u021bia pentru c\u0103 sunt dep\u0103\u0219i\u021bi. Avem nevoie de ajutor urgent, acest lucru este revolt\u0103tor\u201d, a mai zis aceasta.<\/strong><\/h2>\n<p>Opozi\u021bia VOX la- criticat dur pe premierul Pedro Sanchez<\/p>\n<p>\u00a0<\/p>\n<p>Liderii opozi\u021biei l-au criticat \u0219i ei pe Sanchez, Santiago Abascal numindu-l pe prim-ministru \u201etr\u0103d\u0103tor \u0219i mafiot care se comport\u0103 ca un du\u0219man al Spaniei\u201d.<\/p>\n<p>\u201eFiecare viol sau \u00eenjunghiere viitoare va fi importat\u0103 de Pedro S\u00e1nchez, iar mo\u0219tenirea sa este pr\u0103bu\u0219irea fondului nostru imobiliar \u0219i a sistemului nostru de s\u0103n\u0103tate. Pedro S\u00e1nchez este principalul vinovat pentru ceea ce sufer\u0103 \u0219i vor suferi spaniolii\u201d, a spus Abascal.<\/p>\n<p>Isabel Diaz Ayuso, pre\u0219edinta regiunii Madrid din partea Partidului Popular de dreapta, l-a acuzat pe Sanchez c\u0103 \u201ea permis invazia Spaniei prin Ceuta\u201d pentru a acoperi cazurile de corup\u021bie care l-au afectat pe el, so\u021bia sa \u0219i partidul s\u0103u.<\/p>\n<p>De mul\u021bi ani, exclava spaniol\u0103 Ceuta se confrunt\u0103 cu valuri succesive de migran\u021bi care vor s\u0103 intre \u00een Europa. \u00cen 2021, cel pu\u021bin 5.000 de migran\u021bi\u00a0<a href=\"https:\/\/r3media.ro\/ceuta-atac-migranti-spania\/\" target=\"_blank\" rel=\"noopener\"><strong>au ajuns<\/strong><\/a>\u00a0\u00een exclava spaniol\u0103 Ceuta \u00eentr-o singur\u0103 zi. Num\u0103rul a fost considerat record la acea vreme.<\/p>\n<p>\u0218i atunci, situa\u021bia a fost at\u00e2t de grav\u0103 \u00eenc\u00e2t\u00a0<strong><a href=\"https:\/\/r3media.ro\/6-000-de-migranti-ceuta-spania-sanchez\/\" target=\"_blank\" rel=\"noopener\">Spania a trimis Armata<\/a><\/strong>\u00a0s\u0103 apere grani\u021bele, iar premierul socialist Sanchez s-a deplasat personal la fa\u021ba locului.<\/p>\n<div class=\"crp_related     crp-masonry\">\n<h2>\u00ceN CONTEXT<\/h2>\n<ul>\n<li><a href=\"https:\/\/r3media.ro\/spania-asediu-migranti-exclava-ceuta-africa-madrid-trupe-securitate-video\/\" class=\"crp_link post-120655\"><span class=\"crp_title\">VIDEO | Spania se afl\u0103 sub asediu: Mii de migran\u021bi au luat cu asalt exclava Ceuta din\u2026<\/span><\/a><\/li>\n<li><a href=\"https:\/\/r3media.ro\/migrant-franta-condamnat-viol-capre-miel-femeie-identificare\/\" class=\"crp_link post-118961\"><span class=\"crp_title\">Migrant din Fran\u021ba, condamnat pentru c\u0103 a violat 6 capre \u0219i un miel. A spus c\u0103 oricine\u2026<\/span><\/a><\/li>\n<li><a href=\"https:\/\/r3media.ro\/germania-tanara-ucraineanca-16-ani-impinsa-fata-trenului-irakian-31-de-ani-ucigas-scapa-inchisoare-spital-psihiatrie\/\" class=\"crp_link post-115989\"><span class=\"crp_title\">Germania | O t\u00e2n\u0103r\u0103 ucraineanc\u0103 de 16 ani a fost \u00eempins\u0103 \u00een fa\u021ba trenului de un irakian de\u2026<\/span><\/a><\/li>\n<li><a href=\"https:\/\/r3media.ro\/decapitarea-se-va-relua\/\" class=\"crp_link post-117940\"><span class=\"crp_title\">Decapitarea se va relua<\/span><\/a><\/li>\n<li><a href=\"https:\/\/r3media.ro\/tot-mai-multi-romani-din-spania-se-intorc-acasa\/\" class=\"crp_link post-118874\"><span class=\"crp_title\">Tot mai mul\u021bi rom\u00e2ni din Spania se \u00eentorc ACAS\u0102<\/span><\/a><\/li>\n<li><a href=\"https:\/\/r3media.ro\/jd-vance-condamna-ucidere-student-henry-novak-elite-europene-invazie-migranti\/\" class=\"crp_link post-117790\"><span class=\"crp_title\">JD Vance condamn\u0103 uciderea studentului Henry Novak: Ar fi fost \u00een via\u021b\u0103 dac\u0103 elitele\u2026<\/span><\/a><\/li>\n<li><a href=\"https:\/\/r3media.ro\/babis-aliatii-cehia-promit-refuz-pact-migratie-politici-verzi-ue-responsabil-alegatori-bruxelles-uniunea-europeana-conduce\/\" class=\"crp_link post-113776\"><span class=\"crp_title\">Babi\u0219 \u0219i alia\u021bii s\u0103i din Cehia promit s\u0103 resping\u0103 pactul privind migra\u021bia \u0219i politicile\u2026<\/span><\/a><\/li>\n<li><a href=\"https:\/\/r3media.ro\/guvernul-sanchez-demoleaza-monumentul-de-la-majadahonda-ion-mota-vasile-marin-lupta-rzaboiul-civil-spaniol-comunisti\/\" class=\"crp_link post-119753\"><span class=\"crp_title\">Guvernul Sanchez demoleaz\u0103 Monumentul de la Majadahonda, dedicat lui Ion Mo\u021ba \u0219i Vasile\u2026<\/span><\/a><\/li>\n<\/ul>\n<\/div>\n<\/div>\n<\/div>\n<p>[analyse_source url=&#8221;https:\/\/r3media.ro\/spaniolii-critica-premier-pedro-sanchez-tara-iad-lumea-a-treia-migranti\/&#8221;]<\/p>\n","protected":false},"excerpt":{"rendered":"<p>[analyse_image type=&#8221;featured&#8221; src=&#8221;https:\/\/r3media.ro\/wp-content\/uploads\/2023\/07\/pedro-sanchez-e1690449856110.jpghttps:\/\/r3media.ro\/wp-content\/uploads\/2023\/07\/pedro-sanchez-e1690449856110.jpg&#8221;] FEATUREDSpaniolii \u00eel critic\u0103 pe premierul Pedro Sanchez pentru c\u0103 a transformat \u021bara&#8230; FEATURED\u0218TIRI Spaniolii \u00eel critic\u0103 pe premierul Pedro Sanchez pentru c\u0103 a transformat \u021bara \u00eentr-un iad \u201ede lumea a treia\u201d inundat de migran\u021bi Oana Ivan 01\/08\/2026 Sursa foto: bangkokpost.com Spaniolii din Ceuta l-au huiduit pe Pedro Sanchez la sosirea sa vineri [&hellip;]<\/p>\n","protected":false},"author":1,"featured_media":0,"comment_status":"open","ping_status":"","sticky":false,"template":"","format":"standard","meta":{"footnotes":""},"categories":[89],"tags":[226,93],"class_list":["post-2072461","post","type-post","status-publish","format-standard","hentry","category-romania","tag-crawlmanager","tag-r3media-ro"],"_links":{"self":[{"href":"https:\/\/analyse.optim.biz\/index.php?rest_route=\/wp\/v2\/posts\/2072461","targetHints":{"allow":["GET"]}}],"collection":[{"href":"https:\/\/analyse.optim.biz\/index.php?rest_route=\/wp\/v2\/posts"}],"about":[{"href":"https:\/\/analyse.optim.biz\/index.php?rest_route=\/wp\/v2\/types\/post"}],"author":[{"embeddable":true,"href":"https:\/\/analyse.optim.biz\/index.php?rest_route=\/wp\/v2\/users\/1"}],"replies":[{"embeddable":true,"href":"https:\/\/analyse.optim.biz\/index.php?rest_route=%2Fwp%2Fv2%2Fcomments&post=2072461"}],"version-history":[{"count":0,"href":"https:\/\/analyse.optim.biz\/index.php?rest_route=\/wp\/v2\/posts\/2072461\/revisions"}],"wp:attachment":[{"href":"https:\/\/analyse.optim.biz\/index.php?rest_route=%2Fwp%2Fv2%2Fmedia&parent=2072461"}],"wp:term":[{"taxonomy":"category","embeddable":true,"href":"https:\/\/analyse.optim.biz\/index.php?rest_route=%2Fwp%2Fv2%2Fcategories&post=2072461"},{"taxonomy":"post_tag","embeddable":true,"href":"https:\/\/analyse.optim.biz\/index.php?rest_route=%2Fwp%2Fv2%2Ftags&post=2072461"}],"curies":[{"name":"wp","href":"https:\/\/api.w.org\/{rel}","templated":true}]}}