{"id":2072444,"date":"2026-07-31T16:11:34","date_gmt":"2026-07-31T13:11:34","guid":{"rendered":"https:\/\/analyse.optim.biz\/?p=2072444"},"modified":"2026-07-31T16:11:34","modified_gmt":"2026-07-31T13:11:34","slug":"buzoieni-printre-cei-peste-300-de-cersetori-si-oameni-ai-strazii-ridicati-de-pe-strazile-timisoarei","status":"publish","type":"post","link":"https:\/\/analyse.optim.biz\/?p=2072444","title":{"rendered":"Buzoieni printre cei peste 300 de cer\u0219etori \u0219i oameni ai str\u0103zii ridica\u021bi de pe str\u0103zile Timi\u0219oarei"},"content":{"rendered":"<p>[analyse_image type=&#8221;featured&#8221; src=&#8221;https:\/\/gazetabuzoiana.ro\/wp-content\/uploads\/2026\/07\/cersetor05.jpg&#8221;]<\/p>\n<div class=\"entry-content entry clearfix\">\n<p class=\"wp-block-paragraph\">Poli\u021bia Local\u0103 Timi\u0219oara anun\u021b\u0103 c\u0103, de la \u00eenceputul acestui an, peste 300 de cer\u0219etori \u0219i persoane f\u0103r\u0103 ad\u0103post au fost prelua\u021bi de pe str\u0103zile ora\u0219ului, iar printre ace\u0219tia se num\u0103r\u0103 \u0219i persoane cu domiciliul \u00een jude\u021bul Buz\u0103u.<\/p>\n<p class=\"wp-block-paragraph\">Potrivit autorit\u0103\u021bilor timi\u0219orene, persoanele identificate provin din mai multe jude\u021be ale \u021b\u0103rii, \u00eentre care Boto\u0219ani, Olt, Br\u0103ila \u0219i Buz\u0103u, dar \u0219i din Republica Moldova. Cei depista\u021bi au fost g\u0103si\u021bi apel\u00e2nd la mila public\u0103 sau dormind \u00een spa\u021bii publice, fiind prelua\u021bi \u0219i transporta\u021bi c\u0103tre centrele sociale ori alte institu\u021bii competente, \u00een func\u021bie de situa\u021bia fiec\u0103ruia.<\/p>\n<p class=\"wp-block-paragraph\">Reprezentan\u021bii Poli\u021biei Locale Timi\u0219oara precizeaz\u0103 c\u0103 ac\u021biunile de identificare \u0219i \u00eendep\u0103rtare a persoanelor care cer\u0219esc sau locuiesc pe domeniul public se desf\u0103\u0219oar\u0103 permanent, \u00een urma sesiz\u0103rilor cet\u0103\u021benilor \u0219i a patrulelor din teren. Scopul acestora este reducerea fenomenului cer\u0219etoriei \u0219i cre\u0219terea gradului de siguran\u021b\u0103 \u00een spa\u021biile publice.<\/p>\n<p class=\"wp-block-paragraph\">Autorit\u0103\u021bile atrag din nou aten\u021bia popula\u021biei s\u0103 nu ofere bani persoanelor care practic\u0103 cer\u0219etoria, sus\u021bin\u00e2nd c\u0103 acest gest contribuie la men\u021binerea fenomenului \u0219i descurajeaz\u0103 integrarea social\u0103 a celor ap\u021bi de munc\u0103. \u00cen cazul persoanelor cu afec\u021biuni medicale sau psihice, acestea sunt preluate de serviciile specializate pentru evaluare \u0219i \u00eengrijire.<\/p>\n<p class=\"wp-block-paragraph\">Nu a fost f\u0103cut public num\u0103rul exact al persoanelor din jude\u021bul Buz\u0103u identificate \u00een cadrul acestor ac\u021biuni \u0219i nici localit\u0103\u021bile de domiciliu ale acestora.<\/p>\n<div class=\"post-bottom-meta post-bottom-tags post-tags-modern\">\n<div class=\"post-bottom-meta-title\"> Etichete<\/div>\n<p><span class=\"tagcloud\"><a href=\"https:\/\/gazetabuzoiana.ro\/tag\/buzau-2\/\" rel=\"tag\">Buz\u0103u<\/a><a href=\"https:\/\/gazetabuzoiana.ro\/tag\/buzoieni\/\" rel=\"tag\">buzoieni<\/a><a href=\"https:\/\/gazetabuzoiana.ro\/tag\/cersetori\/\" rel=\"tag\">cer\u0219etori<\/a><a href=\"https:\/\/gazetabuzoiana.ro\/tag\/cersetorie\/\" rel=\"tag\">cer\u0219etorie<\/a><a href=\"https:\/\/gazetabuzoiana.ro\/tag\/interventii-politie\/\" rel=\"tag\">interven\u021bii poli\u021bie<\/a><a href=\"https:\/\/gazetabuzoiana.ro\/tag\/judetul-buzau-2\/\" rel=\"tag\">jude\u021bul Buz\u0103u<\/a><a href=\"https:\/\/gazetabuzoiana.ro\/tag\/oameni-ai-strazii\/\" rel=\"tag\">oameni ai str\u0103zii<\/a><a href=\"https:\/\/gazetabuzoiana.ro\/tag\/ordine-publica\/\" rel=\"tag\">ordine public\u0103<\/a><a href=\"https:\/\/gazetabuzoiana.ro\/tag\/persoane-fara-adapost\/\" rel=\"tag\">persoane f\u0103r\u0103 ad\u0103post<\/a><a href=\"https:\/\/gazetabuzoiana.ro\/tag\/politia-locala-timisoara\/\" rel=\"tag\">Poli\u021bia Local\u0103 Timi\u0219oara<\/a><a href=\"https:\/\/gazetabuzoiana.ro\/tag\/timisoara\/\" rel=\"tag\">Timi\u0219oara<\/a><\/span><\/div>\n<\/div>\n<p>[analyse_source url=&#8221;https:\/\/gazetabuzoiana.ro\/2026\/07\/31\/buzoieni-printre-cei-peste-300-de-cersetori-si-oameni-ai-strazii-ridicati-de-pe-strazile-timisoarei\/&#8221;]<\/p>\n","protected":false},"excerpt":{"rendered":"<p>[analyse_image type=&#8221;featured&#8221; src=&#8221;https:\/\/gazetabuzoiana.ro\/wp-content\/uploads\/2026\/07\/cersetor05.jpg&#8221;] Poli\u021bia Local\u0103 Timi\u0219oara anun\u021b\u0103 c\u0103, de la \u00eenceputul acestui an, peste 300 de cer\u0219etori \u0219i persoane f\u0103r\u0103 ad\u0103post au fost prelua\u021bi de pe str\u0103zile ora\u0219ului, iar printre ace\u0219tia se num\u0103r\u0103 \u0219i persoane cu domiciliul \u00een jude\u021bul Buz\u0103u. Potrivit autorit\u0103\u021bilor timi\u0219orene, persoanele identificate provin din mai multe jude\u021be ale \u021b\u0103rii, \u00eentre care Boto\u0219ani, [&hellip;]<\/p>\n","protected":false},"author":1,"featured_media":0,"comment_status":"open","ping_status":"","sticky":false,"template":"","format":"standard","meta":{"footnotes":""},"categories":[2],"tags":[226,38],"class_list":["post-2072444","post","type-post","status-publish","format-standard","hentry","category-politics","tag-crawlmanager","tag-gazetabuzoiana-ro"],"_links":{"self":[{"href":"https:\/\/analyse.optim.biz\/index.php?rest_route=\/wp\/v2\/posts\/2072444","targetHints":{"allow":["GET"]}}],"collection":[{"href":"https:\/\/analyse.optim.biz\/index.php?rest_route=\/wp\/v2\/posts"}],"about":[{"href":"https:\/\/analyse.optim.biz\/index.php?rest_route=\/wp\/v2\/types\/post"}],"author":[{"embeddable":true,"href":"https:\/\/analyse.optim.biz\/index.php?rest_route=\/wp\/v2\/users\/1"}],"replies":[{"embeddable":true,"href":"https:\/\/analyse.optim.biz\/index.php?rest_route=%2Fwp%2Fv2%2Fcomments&post=2072444"}],"version-history":[{"count":0,"href":"https:\/\/analyse.optim.biz\/index.php?rest_route=\/wp\/v2\/posts\/2072444\/revisions"}],"wp:attachment":[{"href":"https:\/\/analyse.optim.biz\/index.php?rest_route=%2Fwp%2Fv2%2Fmedia&parent=2072444"}],"wp:term":[{"taxonomy":"category","embeddable":true,"href":"https:\/\/analyse.optim.biz\/index.php?rest_route=%2Fwp%2Fv2%2Fcategories&post=2072444"},{"taxonomy":"post_tag","embeddable":true,"href":"https:\/\/analyse.optim.biz\/index.php?rest_route=%2Fwp%2Fv2%2Ftags&post=2072444"}],"curies":[{"name":"wp","href":"https:\/\/api.w.org\/{rel}","templated":true}]}}