{"id":2072443,"date":"2026-07-31T17:13:42","date_gmt":"2026-07-31T14:13:42","guid":{"rendered":"https:\/\/analyse.optim.biz\/?p=2072443"},"modified":"2026-07-31T17:13:42","modified_gmt":"2026-07-31T14:13:42","slug":"video-strandul-din-fata-primariei-buzau-fantanile-din-piata-dacia-au-devenit-din-nou-loc-de-scaldat","status":"publish","type":"post","link":"https:\/\/analyse.optim.biz\/?p=2072443","title":{"rendered":"VIDEO | \u201e\u0218trandul\u201d din fa\u021ba Prim\u0103riei Buz\u0103u. F\u00e2nt\u00e2nile din Pia\u021ba Dacia au devenit, din nou, loc de sc\u0103ldat"},"content":{"rendered":"<p>[analyse_image type=&#8221;featured&#8221; src=&#8221;https:\/\/gazetabuzoiana.ro\/wp-content\/uploads\/2026\/07\/A.jpg&#8221;]<\/p>\n<div class=\"entry-content entry clearfix\">\n<p class=\"wp-block-paragraph\">\u00cen plin\u0103 var\u0103, unele imagini au devenit deja o obi\u0219nuin\u021b\u0103 \u00een centrul municipiului Buz\u0103u. F\u00e2nt\u00e2nile arteziene din Pia\u021ba Dacia, aflate chiar \u00een fa\u021ba Palatului Comunal, continu\u0103 s\u0103 fie folosite drept loc de sc\u0103ldat de c\u0103tre tineri, sub privirile trec\u0103torilor.<\/p>\n<p class=\"wp-block-paragraph\">Dac\u0103 cineva ajunge pentru prima dat\u0103 \u00een Pia\u021ba Dacia \u00eentr-o sear\u0103 de var\u0103, ar putea crede c\u0103 municipiul Buz\u0103u \u0219i-a amenajat un \u0219trand chiar \u00een centrul ora\u0219ului.<\/p>\n<p class=\"wp-block-paragraph\">Imaginile surprinse \u00een aceast\u0103 sear\u0103 arat\u0103 un t\u00e2n\u0103r care intr\u0103 \u00een una dintre f\u00e2nt\u00e2nile arteziene \u0219i se b\u0103l\u0103ce\u0219te minute \u00een \u0219ir, ca \u00eentr-un bazin de agrement. Scena se petrece chiar \u00een fa\u021ba Palatului Comunal, sediul Prim\u0103riei Buz\u0103u.<\/p>\n<p class=\"wp-block-paragraph\">Pentru mul\u021bi buzoieni, \u00eens\u0103, nu mai este o noutate. \u00cen fiecare sezon estival apar imagini similare, iar f\u00e2nt\u00e2nile arteziene ajung s\u0103 fie transformate \u00een loc de sc\u0103ldat. Fenomenul este deja unul repetitiv, semnalat \u00een ultimii ani \u0219i de presa local\u0103.<\/p>\n<p class=\"wp-block-paragraph\">Spa\u021biul, modernizat \u00een urma investi\u021biilor realizate \u00een Pia\u021ba Dacia, a fost g\u00e2ndit ca zon\u0103 de recreere \u0219i reprezentare a centrului municipiului. \u00cen practic\u0103, \u00een serile c\u0103lduroase de var\u0103, unele dintre f\u00e2nt\u00e2ni sunt folosite ca un adev\u0103rat bazin.<\/p>\n<p class=\"wp-block-paragraph\">R\u0103m\u00e2ne de v\u0103zut dac\u0103 autorit\u0103\u021bile locale vor lua m\u0103suri pentru a \u00eempiedica repetarea acestor situa\u021bii sau dac\u0103 imaginea persoanelor care se scald\u0103 \u00een f\u00e2nt\u00e2nile din centrul ora\u0219ului va continua s\u0103 fie considerat\u0103 o normalitate.<\/p>\n<p class=\"wp-block-paragraph\"><strong>Sursa Video:<\/strong> Bogdan Vladoiu \u2013 Grupul Facebook \u201eBuz\u0103u Online\u201d<\/p>\n<div class=\"post-bottom-meta post-bottom-tags post-tags-modern\">\n<div class=\"post-bottom-meta-title\"> Etichete<\/div>\n<p><span class=\"tagcloud\"><a href=\"https:\/\/gazetabuzoiana.ro\/tag\/administratie-locala\/\" rel=\"tag\">administra\u021bie local\u0103<\/a><a href=\"https:\/\/gazetabuzoiana.ro\/tag\/buzau-2\/\" rel=\"tag\">Buz\u0103u<\/a><a href=\"https:\/\/gazetabuzoiana.ro\/tag\/centrul-municipiului-buzau\/\" rel=\"tag\">centrul municipiului Buz\u0103u<\/a><a href=\"https:\/\/gazetabuzoiana.ro\/tag\/constantin-toma\/\" rel=\"tag\">constantin toma<\/a><a href=\"https:\/\/gazetabuzoiana.ro\/tag\/fantani-arteziene\/\" rel=\"tag\">f\u00e2nt\u00e2ni arteziene<\/a><a href=\"https:\/\/gazetabuzoiana.ro\/tag\/imagini-buzau\/\" rel=\"tag\">imagini Buz\u0103u<\/a><a href=\"https:\/\/gazetabuzoiana.ro\/tag\/ordine-publica\/\" rel=\"tag\">ordine public\u0103<\/a><a href=\"https:\/\/gazetabuzoiana.ro\/tag\/palatul-comunal\/\" rel=\"tag\">Palatul Comunal<\/a><a href=\"https:\/\/gazetabuzoiana.ro\/tag\/piata-dacia-2\/\" rel=\"tag\">Pia\u021ba Dacia<\/a><a href=\"https:\/\/gazetabuzoiana.ro\/tag\/primaria-buzau\/\" rel=\"tag\">Prim\u0103ria Buz\u0103u<\/a><a href=\"https:\/\/gazetabuzoiana.ro\/tag\/scaldat-in-fantana\/\" rel=\"tag\">sc\u0103ldat \u00een f\u00e2nt\u00e2n\u0103<\/a><a href=\"https:\/\/gazetabuzoiana.ro\/tag\/strand-urban\/\" rel=\"tag\">\u0219trand urban<\/a><\/span><\/div>\n<\/div>\n<p>[analyse_source url=&#8221;https:\/\/gazetabuzoiana.ro\/2026\/07\/31\/video-strandul-din-fata-primariei-buzau-fantanile-din-piata-dacia-au-devenit-din-nou-loc-de-scaldat\/&#8221;]<\/p>\n","protected":false},"excerpt":{"rendered":"<p>[analyse_image type=&#8221;featured&#8221; src=&#8221;https:\/\/gazetabuzoiana.ro\/wp-content\/uploads\/2026\/07\/A.jpg&#8221;] \u00cen plin\u0103 var\u0103, unele imagini au devenit deja o obi\u0219nuin\u021b\u0103 \u00een centrul municipiului Buz\u0103u. F\u00e2nt\u00e2nile arteziene din Pia\u021ba Dacia, aflate chiar \u00een fa\u021ba Palatului Comunal, continu\u0103 s\u0103 fie folosite drept loc de sc\u0103ldat de c\u0103tre tineri, sub privirile trec\u0103torilor. Dac\u0103 cineva ajunge pentru prima dat\u0103 \u00een Pia\u021ba Dacia \u00eentr-o sear\u0103 de var\u0103, [&hellip;]<\/p>\n","protected":false},"author":1,"featured_media":0,"comment_status":"open","ping_status":"","sticky":false,"template":"","format":"standard","meta":{"footnotes":""},"categories":[2],"tags":[226,38],"class_list":["post-2072443","post","type-post","status-publish","format-standard","hentry","category-politics","tag-crawlmanager","tag-gazetabuzoiana-ro"],"_links":{"self":[{"href":"https:\/\/analyse.optim.biz\/index.php?rest_route=\/wp\/v2\/posts\/2072443","targetHints":{"allow":["GET"]}}],"collection":[{"href":"https:\/\/analyse.optim.biz\/index.php?rest_route=\/wp\/v2\/posts"}],"about":[{"href":"https:\/\/analyse.optim.biz\/index.php?rest_route=\/wp\/v2\/types\/post"}],"author":[{"embeddable":true,"href":"https:\/\/analyse.optim.biz\/index.php?rest_route=\/wp\/v2\/users\/1"}],"replies":[{"embeddable":true,"href":"https:\/\/analyse.optim.biz\/index.php?rest_route=%2Fwp%2Fv2%2Fcomments&post=2072443"}],"version-history":[{"count":0,"href":"https:\/\/analyse.optim.biz\/index.php?rest_route=\/wp\/v2\/posts\/2072443\/revisions"}],"wp:attachment":[{"href":"https:\/\/analyse.optim.biz\/index.php?rest_route=%2Fwp%2Fv2%2Fmedia&parent=2072443"}],"wp:term":[{"taxonomy":"category","embeddable":true,"href":"https:\/\/analyse.optim.biz\/index.php?rest_route=%2Fwp%2Fv2%2Fcategories&post=2072443"},{"taxonomy":"post_tag","embeddable":true,"href":"https:\/\/analyse.optim.biz\/index.php?rest_route=%2Fwp%2Fv2%2Ftags&post=2072443"}],"curies":[{"name":"wp","href":"https:\/\/api.w.org\/{rel}","templated":true}]}}