{"id":2072442,"date":"2026-07-31T19:33:34","date_gmt":"2026-07-31T16:33:34","guid":{"rendered":"https:\/\/analyse.optim.biz\/?p=2072442"},"modified":"2026-07-31T19:33:34","modified_gmt":"2026-07-31T16:33:34","slug":"pregatiri-pentru-asfaltarea-utimului-tronson-din-dj-203k","status":"publish","type":"post","link":"https:\/\/analyse.optim.biz\/?p=2072442","title":{"rendered":"Preg\u0103tiri pentru asfaltarea utimului tronson din DJ 203K"},"content":{"rendered":"<p>[analyse_image type=&#8221;featured&#8221; src=&#8221;https:\/\/www.tvbuzau.ro\/wp-content\/uploads\/2026\/07\/hqdefault-61.jpghttps:\/\/www.tvbuzau.ro\/wp-content\/uploads\/2026\/07\/hqdefault-61.jpg&#8221;]<\/p>\n<div class=\"td-ss-main-content\">\n<article id=\"post-119865\" class=\"post-119865 post type-post status-publish format-video has-post-thumbnail hentry category-actualitate post_format-post-format-video\">\n<div class=\"td-post-header\">\n<ul class=\"td-category\">\n<li class=\"entry-category\"><a href=\"https:\/\/www.tvbuzau.ro\/category\/actualitate\/\">Actualitate<\/a><\/li>\n<\/ul>\n<header class=\"td-post-title\">\n<h1 class=\"entry-title\">Preg\u0103tiri pentru asfaltarea utimului tronson din DJ 203K<\/h1>\n<div class=\"td-module-meta-info\">\n<div class=\"td-post-author-name\">De c\u0103tre <a href=\"https:\/\/www.tvbuzau.ro\/author\/mihai-vasilescu\/\">TV Buz\u0103u<\/a> &#8211; <\/div>\n<p><span class=\"td-post-date\"><time class=\"entry-date updated td-module-date\" datetime=\"2026-07-31T19:33:34+00:00\">iulie 31, 2026<\/time><\/span><\/p>\n<div class=\"td-post-comments\"><a href=\"https:\/\/www.tvbuzau.ro\/pregatiri-pentru-asfaltarea-utimului-tronson-din-dj-203k\/#respond\">0<\/a><\/div>\n<div class=\"td-post-views\"><span class=\"td-nr-views-119865\">5<\/span><\/div>\n<\/div>\n<\/header>\n<\/div>\n<div class=\"td-post-sharing td-post-sharing-top td-with-like\">\n<div class=\"td-default-sharing\"><a class=\"td-social-sharing-buttons td-social-facebook\" href=\"http:\/\/www.facebook.com\/sharer.php?u=https%3A%2F%2Fwww.tvbuzau.ro%2Fpregatiri-pentru-asfaltarea-utimului-tronson-din-dj-203k%2F\"><\/p>\n<div class=\"td-social-but-text\">Distribui\u021bi pe Facebook<\/div>\n<p><\/a><a class=\"td-social-sharing-buttons td-social-twitter\" href=\"https:\/\/twitter.com\/intent\/tweet?text=Preg%C4%83tiri+pentru+asfaltarea+utimului+tronson+din+DJ+203K&amp;url=https%3A%2F%2Fwww.tvbuzau.ro%2Fpregatiri-pentru-asfaltarea-utimului-tronson-din-dj-203k%2F&amp;via=TV+Buz%C4%83u\"><\/p>\n<div class=\"td-social-but-text\">Distribui\u021bi pe Twitter<\/div>\n<p><\/a><\/div>\n<div class=\"td-classic-sharing\">\n<ul>\n<li class=\"td-classic-facebook\"><iframe frameborder src=\"https:\/\/www.facebook.com\/plugins\/like.php?href=https:\/\/www.tvbuzau.ro\/pregatiri-pentru-asfaltarea-utimului-tronson-din-dj-203k\/&amp;layout=button_count&amp;show_faces=false&amp;width=105&amp;action=like&amp;colorscheme=light&amp;height=21\"><\/iframe><\/li>\n<li class=\"td-classic-twitter\"><a href=\"https:\/\/twitter.com\/share\" class=\"twitter-share-button\" data-url=\"https:\/\/www.tvbuzau.ro\/pregatiri-pentru-asfaltarea-utimului-tronson-din-dj-203k\/\" data-text=\"Preg\u0103tiri pentru asfaltarea utimului tronson din DJ 203K\" data-via data-lang=\"en\">tweet<\/a><\/li>\n<\/ul>\n<\/div>\n<\/div>\n<div class=\"td-post-content\">\n<div class=\"td-featured-image-rec\">\n<div class=\"wpb_video_wrapper\">\n                    <iframe loading=\"lazy\" id=\"td_youtube_player\" width=\"600\" height=\"560\" src=\"https:\/\/www.youtube.com\/embed\/xQ4AkRrL5E8?enablejsapi=1&amp;feature=oembed&amp;wmode=opaque&amp;vq=hd720\" frameborder allowfullscreen><\/iframe><\/p><\/div>\n<\/div>\n<p>Cel mai lung drum jude\u0163ean din Rom\u00e2nia<br \/>\nDJ 203K este cel mai lung drum jude\u021bean din jude\u021bul Buz\u0103u \u015fi din \u0163ar\u0103, av\u00e2nd o lungime total\u0103 de 127,6 kilometri. Acesta porne\u0219te de la limita cu jude\u021bul Br\u0103ila  \u0219i traverseaz\u0103 jude\u021bul de la est la vest, p\u00e2n\u0103 \u00een ora\u0219ul Nehoiu. Drumul este o arter\u0103 vital\u0103 ce leag\u0103 zona de c\u00e2mpie, zona metropolitan\u0103 a municipiului Buz\u0103u \u0219i zona montan\u0103 \u00eenalt\u0103 a Sl\u0103nicului. Consiliul Jude\u0163ean Buz\u0103u a anun\u0163at c\u0103 se fac preg\u0103tiri \u00een vederea asfalt\u0103rii ultimului tronson din acest drum.<br \/>\nDrumul a trecut prin ample procese de modernizare finan\u021bate prin fonduri europene \u0219i programe na\u021bionale pe diverse tronsoane, cum ar fi M\u0103r\u0103cineni \u2013 Podu Muncii sau zona Robeasca. Totu\u0219i, sectorul montan  r\u0103m\u00e2ne un traseu neasfaltat, dificil \u0219i adesea impracticabil.<br \/>\nDJ 203K reprezint\u0103 principala cale de acces c\u0103tre atrac\u021biile majore din Geoparcul \u0162inutul Buz\u0103ului, Platoul Meledic \u0219i Focurile Vii de la Terca, Vulcanii Noroio\u0219i de la Beciu, prin deriva\u021bia din Beceni \u015fi spre trasee montane.<\/p>\n<div class=\"post-views post-119865 entry-meta\"><span class=\"post-views-label\">Post Views: <\/span><span class=\"post-views-count\">78<\/span><\/div>\n<\/div>\n<footer>\n<div class=\"td-post-sharing td-post-sharing-bottom td-with-like\"><span class=\"td-post-share-title\">DISTRIBUI\u021aI<\/span><\/p>\n<div class=\"td-default-sharing\"><a class=\"td-social-sharing-buttons td-social-facebook\" href=\"http:\/\/www.facebook.com\/sharer.php?u=https%3A%2F%2Fwww.tvbuzau.ro%2Fpregatiri-pentru-asfaltarea-utimului-tronson-din-dj-203k%2F\"><\/p>\n<div class=\"td-social-but-text\">Facebook<\/div>\n<p><\/a><a class=\"td-social-sharing-buttons td-social-twitter\" href=\"https:\/\/twitter.com\/intent\/tweet?text=Preg%C4%83tiri+pentru+asfaltarea+utimului+tronson+din+DJ+203K&amp;url=https%3A%2F%2Fwww.tvbuzau.ro%2Fpregatiri-pentru-asfaltarea-utimului-tronson-din-dj-203k%2F&amp;via=TV+Buz%C4%83u\"><\/p>\n<div class=\"td-social-but-text\">Twitter<\/div>\n<p><\/a><\/div>\n<div class=\"td-classic-sharing\">\n<ul>\n<li class=\"td-classic-facebook\"><iframe frameborder src=\"https:\/\/www.facebook.com\/plugins\/like.php?href=https:\/\/www.tvbuzau.ro\/pregatiri-pentru-asfaltarea-utimului-tronson-din-dj-203k\/&amp;layout=button_count&amp;show_faces=false&amp;width=105&amp;action=like&amp;colorscheme=light&amp;height=21\"><\/iframe><\/li>\n<li class=\"td-classic-twitter\"><a href=\"https:\/\/twitter.com\/share\" class=\"twitter-share-button\" data-url=\"https:\/\/www.tvbuzau.ro\/pregatiri-pentru-asfaltarea-utimului-tronson-din-dj-203k\/\" data-text=\"Preg\u0103tiri pentru asfaltarea utimului tronson din DJ 203K\" data-via data-lang=\"en\">tweet<\/a><\/li>\n<\/ul>\n<\/div>\n<\/div>\n<div class=\"td-author-name vcard author\"><span class=\"fn\"><a href=\"https:\/\/www.tvbuzau.ro\/author\/mihai-vasilescu\/\">TV Buz\u0103u<\/a><\/span><\/div>\n<p><span><\/span><span><span><\/span><\/span><span><\/span><\/footer>\n<\/article>\n<div class=\"td_block_wrap td_block_related_posts td_uid_1_6a6dd6184e75e_rand td_with_ajax_pagination td-pb-border-top\" data-td-block-uid=\"td_uid_1_6a6dd6184e75e\">\n<h4 class=\"td-related-title\"><a id=\"td_uid_2_6a6dd618545f3\" class=\"td-related-left td-cur-simple-item\" data-td_filter_value data-td_block_id=\"td_uid_1_6a6dd6184e75e\" href=\"https:\/\/www.tvbuzau.ro\/pregatiri-pentru-asfaltarea-utimului-tronson-din-dj-203k\/\">ARTICOLE SIMILARE<\/a><a id=\"td_uid_3_6a6dd61854631\" class=\"td-related-right\" data-td_filter_value=\"td_related_more_from_author\" data-td_block_id=\"td_uid_1_6a6dd6184e75e\" href=\"https:\/\/www.tvbuzau.ro\/pregatiri-pentru-asfaltarea-utimului-tronson-din-dj-203k\/\">DE LA ACELA\u0218I AUTOR<\/a><\/h4>\n<div id=\"td_uid_1_6a6dd6184e75e\" class=\"td_block_inner\">\n<div class=\"td-related-row\">\n<div class=\"td-related-span4\">\n<div class=\"td_module_related_posts td-animation-stack td_mod_related_posts\">\n<div class=\"td-module-image\">\n<div class=\"td-module-thumb\"><a href=\"https:\/\/www.tvbuzau.ro\/soiuri-de-rosii-negre-obtinute-in-romania\/\" rel=\"bookmark\" title=\"Soiuri de ro\u0219ii negre ob\u021binute \u00een Rom\u00e2nia\"><img loading=\"lazy\" decoding=\"async\" width=\"218\" height=\"150\" class=\"entry-thumb\" src=\"https:\/\/www.tvbuzau.ro\/wp-content\/uploads\/2026\/07\/hqdefault-62-218x150.jpg\" alt title=\"Soiuri de ro\u0219ii negre ob\u021binute \u00een Rom\u00e2nia\"><span class=\"td-video-play-ico\"><img loading=\"lazy\" decoding=\"async\" width=\"40\" height=\"40\" class=\"td-retina\" src=\"https:\/\/www.tvbuzau.ro\/wp-content\/themes\/Newspaper\/images\/icons\/ico-video-large.png\" alt=\"video\"><\/span><\/a><\/div>\n<p><a href=\"https:\/\/www.tvbuzau.ro\/category\/actualitate\/\" class=\"td-post-category\">Actualitate<\/a><\/div>\n<div class=\"item-details\">\n<h3 class=\"entry-title td-module-title\"><a href=\"https:\/\/www.tvbuzau.ro\/soiuri-de-rosii-negre-obtinute-in-romania\/\" rel=\"bookmark\" title=\"Soiuri de ro\u0219ii negre ob\u021binute \u00een Rom\u00e2nia\">Soiuri de ro\u0219ii negre ob\u021binute \u00een Rom\u00e2nia<\/a><\/h3>\n<\/div>\n<\/div>\n<\/div>\n<div class=\"td-related-span4\">\n<div class=\"td_module_related_posts td-animation-stack td_mod_related_posts\">\n<div class=\"td-module-image\">\n<div class=\"td-module-thumb\"><a href=\"https:\/\/www.tvbuzau.ro\/centrul-de-colectare-cu-aport-voluntar-cel-mai-mare-din-tara-la-buzau\/\" rel=\"bookmark\" title=\",,Centrul de colectare cu aport voluntar\u201d cel mai mare din \u0163ar\u0103, la Buz\u0103u\"><img loading=\"lazy\" decoding=\"async\" width=\"218\" height=\"150\" class=\"entry-thumb\" src=\"https:\/\/www.tvbuzau.ro\/wp-content\/uploads\/2026\/07\/sddefault-46-218x150.jpg\" alt title=\",,Centrul de colectare cu aport voluntar\u201d cel mai mare din \u0163ar\u0103, la Buz\u0103u\"><span class=\"td-video-play-ico\"><img loading=\"lazy\" decoding=\"async\" width=\"40\" height=\"40\" class=\"td-retina\" src=\"https:\/\/www.tvbuzau.ro\/wp-content\/themes\/Newspaper\/images\/icons\/ico-video-large.png\" alt=\"video\"><\/span><\/a><\/div>\n<p><a href=\"https:\/\/www.tvbuzau.ro\/category\/actualitate\/\" class=\"td-post-category\">Actualitate<\/a><\/div>\n<div class=\"item-details\">\n<h3 class=\"entry-title td-module-title\"><a href=\"https:\/\/www.tvbuzau.ro\/centrul-de-colectare-cu-aport-voluntar-cel-mai-mare-din-tara-la-buzau\/\" rel=\"bookmark\" title=\",,Centrul de colectare cu aport voluntar\u201d cel mai mare din \u0163ar\u0103, la Buz\u0103u\">,,Centrul de colectare cu aport voluntar\u201d cel mai mare din \u0163ar\u0103, la Buz\u0103u<\/a><\/h3>\n<\/div>\n<\/div>\n<\/div>\n<div class=\"td-related-span4\">\n<div class=\"td_module_related_posts td-animation-stack td_mod_related_posts\">\n<div class=\"td-module-image\">\n<div class=\"td-module-thumb\"><a href=\"https:\/\/www.tvbuzau.ro\/copia-tezaurului-de-la-pietroasele-scanata-3d\/\" rel=\"bookmark\" title=\"Copia Tezaurului de la Pietroasele scanat\u0103 3D\"><img loading=\"lazy\" decoding=\"async\" width=\"218\" height=\"150\" class=\"entry-thumb\" src=\"https:\/\/www.tvbuzau.ro\/wp-content\/uploads\/2026\/07\/sddefault-45-218x150.jpg\" alt title=\"Copia Tezaurului de la Pietroasele scanat\u0103 3D\"><span class=\"td-video-play-ico\"><img loading=\"lazy\" decoding=\"async\" width=\"40\" height=\"40\" class=\"td-retina\" src=\"https:\/\/www.tvbuzau.ro\/wp-content\/themes\/Newspaper\/images\/icons\/ico-video-large.png\" alt=\"video\"><\/span><\/a><\/div>\n<p><a href=\"https:\/\/www.tvbuzau.ro\/category\/actualitate\/\" class=\"td-post-category\">Actualitate<\/a><\/div>\n<div class=\"item-details\">\n<h3 class=\"entry-title td-module-title\"><a href=\"https:\/\/www.tvbuzau.ro\/copia-tezaurului-de-la-pietroasele-scanata-3d\/\" rel=\"bookmark\" title=\"Copia Tezaurului de la Pietroasele scanat\u0103 3D\">Copia Tezaurului de la Pietroasele scanat\u0103 3D<\/a><\/h3>\n<\/div>\n<\/div>\n<\/div>\n<\/div>\n<div class=\"td-related-row\">\n<div class=\"td-related-span4\">\n<div class=\"td_module_related_posts td-animation-stack td_mod_related_posts\">\n<div class=\"td-module-image\">\n<div class=\"td-module-thumb\"><a href=\"https:\/\/www.tvbuzau.ro\/muzeul-judetean-pregateste-experiente-noi-pentru-buzoieni\/\" rel=\"bookmark\" title=\"Muzeul Jude\u0163ean preg\u0103te\u015fte experien\u0163e noi pentru buzoieni\"><img loading=\"lazy\" decoding=\"async\" width=\"218\" height=\"150\" class=\"entry-thumb\" src=\"https:\/\/www.tvbuzau.ro\/wp-content\/uploads\/2026\/07\/hqdefault-60-218x150.jpg\" alt title=\"Muzeul Jude\u0163ean preg\u0103te\u015fte experien\u0163e noi pentru buzoieni\"><span class=\"td-video-play-ico\"><img loading=\"lazy\" decoding=\"async\" width=\"40\" height=\"40\" class=\"td-retina\" src=\"https:\/\/www.tvbuzau.ro\/wp-content\/themes\/Newspaper\/images\/icons\/ico-video-large.png\" alt=\"video\"><\/span><\/a><\/div>\n<p><a href=\"https:\/\/www.tvbuzau.ro\/category\/actualitate\/\" class=\"td-post-category\">Actualitate<\/a><\/div>\n<div class=\"item-details\">\n<h3 class=\"entry-title td-module-title\"><a href=\"https:\/\/www.tvbuzau.ro\/muzeul-judetean-pregateste-experiente-noi-pentru-buzoieni\/\" rel=\"bookmark\" title=\"Muzeul Jude\u0163ean preg\u0103te\u015fte experien\u0163e noi pentru buzoieni\">Muzeul Jude\u0163ean preg\u0103te\u015fte experien\u0163e noi pentru buzoieni<\/a><\/h3>\n<\/div>\n<\/div>\n<\/div>\n<div class=\"td-related-span4\">\n<div class=\"td_module_related_posts td-animation-stack td_mod_related_posts\">\n<div class=\"td-module-image\">\n<div class=\"td-module-thumb\"><a href=\"https:\/\/www.tvbuzau.ro\/12-milioane-euro-investeste-consiliul-judetean-buzau-in-turism\/\" rel=\"bookmark\" title=\"12 milioane euro investe\u015fte Consiliul Jude\u0163ean Buz\u0103u \u00een turism\"><img loading=\"lazy\" decoding=\"async\" width=\"218\" height=\"150\" class=\"entry-thumb\" src=\"https:\/\/www.tvbuzau.ro\/wp-content\/uploads\/2026\/07\/sddefault-44-218x150.jpg\" alt title=\"12 milioane euro investe\u015fte Consiliul Jude\u0163ean Buz\u0103u \u00een turism\"><span class=\"td-video-play-ico\"><img loading=\"lazy\" decoding=\"async\" width=\"40\" height=\"40\" class=\"td-retina\" src=\"https:\/\/www.tvbuzau.ro\/wp-content\/themes\/Newspaper\/images\/icons\/ico-video-large.png\" alt=\"video\"><\/span><\/a><\/div>\n<p><a href=\"https:\/\/www.tvbuzau.ro\/category\/actualitate\/\" class=\"td-post-category\">Actualitate<\/a><\/div>\n<div class=\"item-details\">\n<h3 class=\"entry-title td-module-title\"><a href=\"https:\/\/www.tvbuzau.ro\/12-milioane-euro-investeste-consiliul-judetean-buzau-in-turism\/\" rel=\"bookmark\" title=\"12 milioane euro investe\u015fte Consiliul Jude\u0163ean Buz\u0103u \u00een turism\">12 milioane euro investe\u015fte Consiliul Jude\u0163ean Buz\u0103u \u00een turism<\/a><\/h3>\n<\/div>\n<\/div>\n<\/div>\n<div class=\"td-related-span4\">\n<div class=\"td_module_related_posts td-animation-stack td_mod_related_posts\">\n<div class=\"td-module-image\">\n<div class=\"td-module-thumb\"><a href=\"https:\/\/www.tvbuzau.ro\/ce-spune-presedintele-cj-marcel-ciolacu-despre-reorgnizarea-teritoriala\/\" rel=\"bookmark\" title=\"Ce spune pre\u015fedintele CJ, Marcel Ciolacu despre reorgnizarea teritorial\u0103\"><img loading=\"lazy\" decoding=\"async\" width=\"218\" height=\"150\" class=\"entry-thumb\" src=\"https:\/\/www.tvbuzau.ro\/wp-content\/uploads\/2026\/07\/hqdefault-59-218x150.jpg\" alt title=\"Ce spune pre\u015fedintele CJ, Marcel Ciolacu despre reorgnizarea teritorial\u0103\"><span class=\"td-video-play-ico\"><img loading=\"lazy\" decoding=\"async\" width=\"40\" height=\"40\" class=\"td-retina\" src=\"https:\/\/www.tvbuzau.ro\/wp-content\/themes\/Newspaper\/images\/icons\/ico-video-large.png\" alt=\"video\"><\/span><\/a><\/div>\n<p><a href=\"https:\/\/www.tvbuzau.ro\/category\/actualitate\/\" class=\"td-post-category\">Actualitate<\/a><\/div>\n<div class=\"item-details\">\n<h3 class=\"entry-title td-module-title\"><a href=\"https:\/\/www.tvbuzau.ro\/ce-spune-presedintele-cj-marcel-ciolacu-despre-reorgnizarea-teritoriala\/\" rel=\"bookmark\" title=\"Ce spune pre\u015fedintele CJ, Marcel Ciolacu despre reorgnizarea teritorial\u0103\">Ce spune pre\u015fedintele CJ, Marcel Ciolacu despre reorgnizarea teritorial\u0103<\/a><\/h3>\n<\/div>\n<\/div>\n<\/div>\n<\/div>\n<\/div>\n<\/div>\n<div class=\"comments\" id=\"comments\">\n<div id=\"respond\" class=\"comment-respond\">\n<h3 id=\"reply-title\" class=\"comment-reply-title\">L\u0102SA\u021aI UN MESAJ <small><a rel=\"nofollow\" id=\"cancel-comment-reply-link\" href=\"https:\/\/www.tvbuzau.ro\/pregatiri-pentru-asfaltarea-utimului-tronson-din-dj-203k\/#respond\">Renun\u021ba\u021bi la r\u0103spuns<\/a><\/small><\/h3>\n<\/div>\n<\/div>\n<\/div>\n<div class=\"td-post-content\">\n<div class=\"td-featured-image-rec\">\n<div class=\"wpb_video_wrapper\">\n                    <iframe loading=\"lazy\" id=\"td_youtube_player\" width=\"600\" height=\"560\" src=\"https:\/\/www.youtube.com\/embed\/xQ4AkRrL5E8?enablejsapi=1&amp;feature=oembed&amp;wmode=opaque&amp;vq=hd720\" frameborder allowfullscreen><\/iframe><\/p><\/div>\n<\/div>\n<p>Cel mai lung drum jude\u0163ean din Rom\u00e2nia<br \/>\nDJ 203K este cel mai lung drum jude\u021bean din jude\u021bul Buz\u0103u \u015fi din \u0163ar\u0103, av\u00e2nd o lungime total\u0103 de 127,6 kilometri. Acesta porne\u0219te de la limita cu jude\u021bul Br\u0103ila  \u0219i traverseaz\u0103 jude\u021bul de la est la vest, p\u00e2n\u0103 \u00een ora\u0219ul Nehoiu. Drumul este o arter\u0103 vital\u0103 ce leag\u0103 zona de c\u00e2mpie, zona metropolitan\u0103 a municipiului Buz\u0103u \u0219i zona montan\u0103 \u00eenalt\u0103 a Sl\u0103nicului. Consiliul Jude\u0163ean Buz\u0103u a anun\u0163at c\u0103 se fac preg\u0103tiri \u00een vederea asfalt\u0103rii ultimului tronson din acest drum.<br \/>\nDrumul a trecut prin ample procese de modernizare finan\u021bate prin fonduri europene \u0219i programe na\u021bionale pe diverse tronsoane, cum ar fi M\u0103r\u0103cineni \u2013 Podu Muncii sau zona Robeasca. Totu\u0219i, sectorul montan  r\u0103m\u00e2ne un traseu neasfaltat, dificil \u0219i adesea impracticabil.<br \/>\nDJ 203K reprezint\u0103 principala cale de acces c\u0103tre atrac\u021biile majore din Geoparcul \u0162inutul Buz\u0103ului, Platoul Meledic \u0219i Focurile Vii de la Terca, Vulcanii Noroio\u0219i de la Beciu, prin deriva\u021bia din Beceni \u015fi spre trasee montane.<\/p>\n<div class=\"post-views post-119865 entry-meta\"><span class=\"post-views-label\">Post Views: <\/span><span class=\"post-views-count\">78<\/span><\/div>\n<\/div>\n<p>[analyse_source url=&#8221;https:\/\/www.tvbuzau.ro\/pregatiri-pentru-asfaltarea-utimului-tronson-din-dj-203k\/&#8221;]<\/p>\n","protected":false},"excerpt":{"rendered":"<p>[analyse_image type=&#8221;featured&#8221; src=&#8221;https:\/\/www.tvbuzau.ro\/wp-content\/uploads\/2026\/07\/hqdefault-61.jpghttps:\/\/www.tvbuzau.ro\/wp-content\/uploads\/2026\/07\/hqdefault-61.jpg&#8221;] Actualitate Preg\u0103tiri pentru asfaltarea utimului tronson din DJ 203K De c\u0103tre TV Buz\u0103u &#8211; iulie 31, 2026 0 5 Distribui\u021bi pe Facebook Distribui\u021bi pe Twitter tweet Cel mai lung drum jude\u0163ean din Rom\u00e2nia DJ 203K este cel mai lung drum jude\u021bean din jude\u021bul Buz\u0103u \u015fi din \u0163ar\u0103, av\u00e2nd o lungime total\u0103 de [&hellip;]<\/p>\n","protected":false},"author":1,"featured_media":0,"comment_status":"open","ping_status":"","sticky":false,"template":"","format":"standard","meta":{"footnotes":""},"categories":[2],"tags":[226,116],"class_list":["post-2072442","post","type-post","status-publish","format-standard","hentry","category-politics","tag-crawlmanager","tag-tvbuzau-ro"],"_links":{"self":[{"href":"https:\/\/analyse.optim.biz\/index.php?rest_route=\/wp\/v2\/posts\/2072442","targetHints":{"allow":["GET"]}}],"collection":[{"href":"https:\/\/analyse.optim.biz\/index.php?rest_route=\/wp\/v2\/posts"}],"about":[{"href":"https:\/\/analyse.optim.biz\/index.php?rest_route=\/wp\/v2\/types\/post"}],"author":[{"embeddable":true,"href":"https:\/\/analyse.optim.biz\/index.php?rest_route=\/wp\/v2\/users\/1"}],"replies":[{"embeddable":true,"href":"https:\/\/analyse.optim.biz\/index.php?rest_route=%2Fwp%2Fv2%2Fcomments&post=2072442"}],"version-history":[{"count":0,"href":"https:\/\/analyse.optim.biz\/index.php?rest_route=\/wp\/v2\/posts\/2072442\/revisions"}],"wp:attachment":[{"href":"https:\/\/analyse.optim.biz\/index.php?rest_route=%2Fwp%2Fv2%2Fmedia&parent=2072442"}],"wp:term":[{"taxonomy":"category","embeddable":true,"href":"https:\/\/analyse.optim.biz\/index.php?rest_route=%2Fwp%2Fv2%2Fcategories&post=2072442"},{"taxonomy":"post_tag","embeddable":true,"href":"https:\/\/analyse.optim.biz\/index.php?rest_route=%2Fwp%2Fv2%2Ftags&post=2072442"}],"curies":[{"name":"wp","href":"https:\/\/api.w.org\/{rel}","templated":true}]}}