{"id":2072363,"date":"2026-07-21T00:00:00","date_gmt":"2026-07-20T21:00:00","guid":{"rendered":"https:\/\/analyse.optim.biz\/?p=2072363"},"modified":"2026-07-21T00:00:00","modified_gmt":"2026-07-20T21:00:00","slug":"mozaic-stiri-internationale-zelenski-l-a-demis-pe-oleksandr-sirski-comandantul-sef-al-armatei","status":"publish","type":"post","link":"https:\/\/analyse.optim.biz\/?p=2072363","title":{"rendered":"MOZAIC \u0218TIRI INTERNA\u021aIONALE: Zelenski l-a demis pe Oleksandr S\u00eerski, comandantul-\u015fef al armatei"},"content":{"rendered":"<p>[analyse_image type=&#8221;featured&#8221; src=&#8221;https:\/\/zdvi.cname.ro\/_\/mozaic-stiri-internationale-zelenski-l-a-demis-pe-oleksandr-sirski-comandantul-sef-al-armatei\/mediaPool\/utk7OIC.jpeg&#8221;]<\/p>\n<div class=\"main-content detaliu-articol\"><a class=\"titlu-cat-list\" href=\"https:\/\/ziaruldevrancea.ro\/actualitatea\/international\">Interna\u021bional<\/a><\/p>\n<h1>MOZAIC \u0218TIRI INTERNA\u021aIONALE: Zelenski l-a demis pe Oleksandr S\u00eerski, comandantul-\u015fef al armatei<\/h1>\n<div class=\"date-articol clearfix\">\n<div class=\"distribuie-articol dropdown\">\n    Distribuie: \u00a0<br \/>\n    <em>|<\/em><\/div>\n<div class=\"autor-articol\"><a href=\"https:\/\/ziaruldevrancea.ro\/autor\/rodica-condurache\/\"><img decoding=\"async\" class=\"img-circle\" src=\"https:\/\/zdvi.cname.ro\/50_50\/articleAuthor\/rodica-condurache\/articleAuthor\/uy6Kz5r.jpg\" alt><\/a><\/p>\n<h5><a href=\"https:\/\/ziaruldevrancea.ro\/autor\/rodica-condurache\/\">Rodica Condurache<\/a><\/h5>\n<div class=\"grup-spatiere\"><span class=\"cu-spatiere\">21 iul 2026<\/span><span class=\"cu-spatiere\">496 vizualiz\u0103ri<\/span><\/div>\n<\/div>\n<\/div>\n<div class=\"poza-mare\"><a href class=\"openGallery\"><img decoding=\"async\" class=\"img-responsive\" src=\"https:\/\/zdvi.cname.ro\/850_530\/mozaic-stiri-internationale-zelenski-l-a-demis-pe-oleksandr-sirski-comandantul-sef-al-armatei\/article\/mediaPool\/utk7OIC.jpeg\" alt><\/a><\/div>\n<p>Noul comandant este M\u00eehailo Drapat\u00eei n reac\u0163ia lui M\u00eehailo Fedorov, ministrul demis al ap\u0103r\u0103rii, care intrase \u00een conflict cu S\u00eerski<\/p>\n<p>Pre\u015fedintele Ucrainei, Volodimir Zelenski, l-a demis mar\u0163i seara din func\u0163ia de comandant-\u015fef al For\u0163elor Armate ale Ucrainei pe Oleksandr S\u00eerski \u015fi l-a numit \u00een locul s\u0103u pe M\u00eehailo Drapat\u00eei. &#8220;Am decis c\u0103 noul comandant-\u015fef al For\u0163elor Armate ale Ucrainei va fi M\u00eehailo Drapat\u00eei. \u00cempreun\u0103 cu M\u00eehailo, Evgheni Hmara \u015fi Pavlo Palisa, am stabilit cum trebuie reorganizat\u0103 structura Statului Major General al For\u0163elor Armate ale Ucrainei&#8221;, a anun\u0163at Volodimir Zelenski.<\/p>\n<p>&#8220;Este un fapt c\u0103 Oleksandr S\u00eerski a asigurat succesele Ucrainei \u00een ap\u0103rarea Kievului, \u00een opera\u0163iunea ofensiv\u0103 de la Harkov \u015fi \u00een opera\u0163iunea de la Kursk. S-a parcurs un drum semnificativ, ap\u0103rarea Ucrainei continu\u0103, iar fiecare soldat merit\u0103 un tratament demn. Le sunt recunosc\u0103tor lui Oleksandr S\u00eerski \u015fi fiec\u0103rui soldat al nostru pentru pozi\u0163iile puternice ale Ucrainei pe front&#8221;, a ad\u0103ugat pre\u015fedintele ucrainean.<\/p>\n<p>Demiterea generalului S\u00eerski intervine dup\u0103 \u015fase zile de proteste cauzate de demiterea ministrului ap\u0103r\u0103rii, M\u00eehailo Fedorov, care intrase \u00een conflict cu S\u00eerski.<\/p>\n<p>\u00cen discursul s\u0103u de sear\u0103, Zelenski a precizat c\u0103 i-a oferit fostului ministru al ap\u0103r\u0103rii, M\u00eehailo Fedorov &#8211; a c\u0103rui demitere surprinz\u0103toare a declan\u015fat o criz\u0103 politic\u0103 &#8211; un &#8220;post demn&#8221; pentru a coordona componenta tehnologic\u0103 a statului.<\/p>\n<p><strong>Ce a spus Zelenski<\/strong><\/p>\n<p>Zelenski a precizat c\u0103 a avut mar\u0163i o serie de \u00eent\u00e2lniri cu comandan\u0163ii corpurilor de armat\u0103, al corpului de infanterie marin\u0103, precum \u015fi cu comandantul grup\u0103rii operative &#8220;Est&#8221;, Viktor Nikoluk. &#8220;De fapt, am discutat cu toate nivelurile de comand\u0103 superioare ale armatei \u015fi, \u00een general, ale For\u0163elor de Ap\u0103rare \u015fi Securitate ale Ucrainei \u015fi am constatat c\u0103 exist\u0103 o pozi\u0163ie comun\u0103. Apostol, Redis, Bile\u0163ki, Gorbatiuk, Obolenski, Brovdi \u015fi al\u0163ii &#8211; am discutat cu mul\u0163i dintre ei. Toate priorit\u0103\u0163ile \u015fi calea moderniz\u0103rii conducerii armatei au fost analizate&#8221;, a precizat Zelenski enumer\u00e2nd numele principalilor comandan\u0163i din armata ucrainean\u0103, \u00eenainte de a anun\u0163a c\u0103 a decis ca noul comandant-\u015fef al armatei s\u0103 fie M\u00eehailo Drapat\u00eei. &#8220;Ast\u0103zi, \u00eempreun\u0103 cu Oleksandr S\u00eerski \u015fi cu Andrii Hnatov, am discutat despre viitoarele formate de serviciu \u015fi despre predarea corespunz\u0103toare a atribu\u0163iilor&#8221;, a spus Zelenski.<\/p>\n<p>&#8220;M\u00eehailo Drapat\u00eei, Ievhenii Hmara \u015fi al\u0163i comandan\u0163i, pe care \u00eei vom desemna \u00eempreun\u0103, trebuie s\u0103 preg\u0103teasc\u0103 \u015fi s\u0103 prezinte spre aprobare strategia actualizat\u0103 a ap\u0103r\u0103rii noastre, m\u0103surile pentru continuarea reformei sistemului de corpuri de armat\u0103, \u00eendeplinirea cererilor comandan\u0163ilor de lupt\u0103 privind furnizarea de arme, drone \u015fi echipamente, care au fost exprimate \u00een aceste zile at\u00e2t la Cartierul General, c\u00e2t \u015fi \u00een comunicarea noastr\u0103 direct\u0103 cu comandan\u0163ii. Protejarea spa\u0163iului aerian c\u00e2t mai bine posibil \u00eempotriva atacurilor ruse\u015fti \u015fi oferirea unei viziuni concrete asupra procesului de mobilizare reprezint\u0103 o prioritate&#8221;, a punctat Zelenski.<\/p>\n<p>Anterior, el \u00eel numise pe Ievhenii Hmara, care conduce Serviciul ucrainean de Securitate (SBU), ministru interimar al ap\u0103r\u0103rii. &#8220;M\u00e2ine vom formaliza toate deciziile. Ucraina trebuie s\u0103 ias\u0103 mai puternic\u0103 din aceast\u0103 situa\u0163ie, iar pentru Rusia va fi mai dificil&#8221;, a declarat Zelenski \u00een \u00eencheierea discursului s\u0103u de sear\u0103 c\u0103tre na\u0163iune.<\/p>\n<p><strong>Reac\u021bia lui Fedorov<\/strong><\/p>\n<p>Astfel, Zelenski pune cap\u0103t mandatului generalului S\u00eerski, numit \u00een aceast\u0103 func\u0163ie \u00een februarie 2024, atunci c\u00e2nd l-a \u00eenlocuit din func\u0163ie pe Valerii Zalujn\u00eei, un general de asemenea popular, despre care s-a spus c\u0103 ar fi intrat \u00een conflict cu Zelenski \u00eensu\u015fi \u015fi c\u0103 ar avea ambi\u0163ii preziden\u0163iale.<\/p>\n<p>\u00cenlocuit acum la r\u00e2ndul s\u0103u de popularul comandant al for\u0163elor interarmate, M\u00eehailo Drapat\u00eei, Oleksandr S\u00eerski a condus unele dintre cele mai spectaculoase opera\u0163iuni ale Kievului din timpul invaziei ruse, \u00eenainte de a intra \u00een conflict cu o arip\u0103 mai t\u00e2n\u0103r\u0103 \u015fi reformist\u0103 a armatei, scrie AFP.<\/p>\n<p>Demiterea sa survine dup\u0103 c\u00e2teva zile de manifesta\u0163ii \u00een sprijinul ministrului ap\u0103r\u0103rii, M\u00eekhailo Fedorov, demis pe 14 iulie dup\u0103 doar \u015fase luni de mandat. Acesta l-a acuzat pe Oleksandr S\u00eerski c\u0103 l-a \u00eempins spre demisie \u015fi c\u0103 i-a \u00eempiedicat \u00eencercarea de a reforma armata. M\u00eekhailo Fedorov, \u00een v\u00e2rst\u0103 de 35 de ani, provenind din lumea tehnologiei \u015fi neav\u00e2nd experien\u0163\u0103 militar\u0103, milita pentru utilizarea pe scar\u0103 larg\u0103 a noilor tehnologii pentru a spori de zece ori poten\u0163ialul dronelor \u015fi pentru a reorganiza \u00een profunzime for\u0163ele armate.<\/p>\n<p>Demiterea generalului S\u00eerski aduce &#8220;o gur\u0103 de aer proasp\u0103t&#8221; \u015fi &#8220;o nou\u0103 speran\u0163\u0103&#8221; \u00een lupta \u00eempotriva Rusiei, a reac\u0163ionat imediat M\u00eekha\u00eflo Fedorov.<\/p>\n<p>N\u0103scut \u00een Rusia \u015fi format la Moscova, Oleksandr S\u00eerski nu a reu\u015fit, \u00eentr-adev\u0103r, s\u0103 scape niciodat\u0103 de reputa\u0163ia sa de general cu mentalitate sovietic\u0103: criticii s\u0103i \u00eei repro\u015feaz\u0103 c\u0103 nu acord\u0103 prea mult\u0103 importan\u0163\u0103 pierderilor umane, ceea ce i-a adus porecla de &#8220;m\u0103celar&#8221;.<\/p>\n<p>Aceast\u0103 schimbare la v\u00e2rful armatei ucrainene are loc \u00een contextul \u00een care num\u0103rul civililor uci\u015fi sau r\u0103ni\u0163i a crescut cu 37% \u00een primele \u015fase luni ale acestui an, a avertizat mar\u0163i \u00cenaltul Comisariat pentru Drepturile Omului. &#8220;Am \u00eenregistrat 1.396 de civili uci\u015fi \u015fi 7.978 de r\u0103ni\u0163i&#8221; \u00een cele dou\u0103 \u0163\u0103ri, ceea ce &#8220;reprezint\u0103 o cre\u015ftere de 37% fa\u0163\u0103 de aceea\u015fi perioad\u0103 a anului precedent \u015fi aproape dublul nivelului observat \u00een 2024&#8221;, a declarat la Geneva Danielle Bell, reprezentant\u0103 a Misiunii de monitorizare a drepturilor omului a Na\u0163iunilor Unite \u00een Ucraina.<\/p>\n<p>La mai bine de patru ani de la \u00eenceputul ofensivei ruse\u015fti la scar\u0103 larg\u0103 \u00eempotriva Ucrainei, atacurile de pe ambele p\u0103r\u0163i ale frontului se intensific\u0103 \u015fi fac un num\u0103r tot mai mare de victime civile.<\/p>\n<p>\u00cen Rusia, &#8220;\u00een primele \u015fase luni ale acestui an, am \u00eenregistrat, pe baza informa\u0163iilor provenite din surse deschise din Federa\u0163ia Rus\u0103 pe care le consider\u0103m credibile, 250 de civili uci\u015fi \u015fi 1.596 de r\u0103ni\u0163i. Aceasta reprezint\u0103 o cre\u015ftere de 121%&#8221; fa\u0163\u0103 de aceea\u015fi perioad\u0103 a anului trecut, a ad\u0103ugat Danielle Bell.<\/p>\n<p><strong>Parlamentul francez aprob\u0103 definitiv interzicerea re\u0163elelor sociale pentru minorii sub 15 ani, o premier\u0103 \u00een Europa<\/strong><\/p>\n<p>Dup\u0103 dezbateri care s-au \u00eentins pe parcursul mai multor luni, Parlamentul francez a adoptat definitiv, mar\u0163i, propunerea de lege care vizeaz\u0103 \u201eprotejarea minorilor \u00eempotriva riscurilor la care \u00eei expune utilizarea re\u0163elelor sociale\u201d, al c\u0103rei articol principal const\u0103 \u00een interzicerea re\u0163elelor sociale pentru persoanele cu v\u00e2rsta sub 15 ani, un vot ce face ca Fran\u0163a s\u0103 fie prima \u0163ar\u0103 din Europa care adopt\u0103 o astfel de reglementare, pentru care pre\u015fedintele Emmanuel Macron s-a implicat puternic.<\/p>\n<p>Senatul a adoptat primul text, cu 243 de voturi pentru \u015fi 2 \u00eempotriv\u0103. C\u00e2teva ore mai t\u00e2rziu, Adunarea Na\u0163ional\u0103 a urmat exemplul camerei superioare.<\/p>\n<p>A fost un succes salutat de sus\u0163in\u0103torii proiectului de lege, care cred c\u0103 este timpul de a ac\u0163iona imediat. &#8220;Platformele ne-au epuizat r\u0103bdarea&#8221;, a spus senatoarea (de la Uniunea Centrist\u0103) Catherine Morin-Desailly, pled\u00e2nd, de altfel, ca acest vot s\u0103 serveasc\u0103 &#8220;drept stimulent pentru Comisia European\u0103&#8221;.<\/p>\n<p>Bruxelles-ul a prezentat \u00een aprilie o aplica\u0163ie european\u0103 de verificare a v\u00e2rstei, dar \u00eenc\u0103 lipsesc &#8220;m\u0103suri de prevenire \u015fi de \u00eenso\u0163ire&#8221; care s\u0103 vin\u0103 \u00een completarea acestei aplica\u0163ii, a spus senatoarea.<\/p>\n<p>Textul final adoptat \u00een Fran\u0163a are c\u00e2teva articole. Primul, cel mai emblematic, prevede c\u0103 &#8220;accesul la un serviciu de re\u0163ele sociale online furnizat de o platform\u0103 online este interzis minorilor sub v\u00e2rsta de cincisprezece ani&#8221;. Interdic\u0163ia nu vizeaz\u0103 &#8220;enciclopediile online&#8221;, precum Wikipedia, sau alte servicii precum &#8220;platformele de dezvoltare \u015fi partajare a software-ului liber sau a proiectelor digitale cu scop educa\u0163ional, cu surs\u0103 deschis\u0103&#8221;.<\/p>\n<p>\u00cen forma actual\u0103, textul nu prevede nicio metod\u0103 de verificare: le revine platformelor, precum Facebook sau TikTok, sarcina de a le defini. Propunerea de lege extinde, de asemenea, interdic\u0163ia privind utilizarea telefoanelor mobile la liceu, adic\u0103 dincolo de \u015fcolile primare \u015fi gimnaziale. Cu toate acestea, regulamentul intern al institu\u0163iei de \u00eenv\u0103\u0163\u0103m\u00e2nt poate prevedea excep\u0163ii.<\/p>\n<p><strong>OpenAI recunoa\u015fte c\u0103 un agent AI autonom a sc\u0103pat de sub control \u00een timpul testelor<\/strong><\/p>\n<p>OpenAI a anun\u0163at mar\u0163i c\u0103 un agent autonom bazat pe cele mai avansate modele de inteligen\u0163\u0103 artificial\u0103 ale companiei a sc\u0103pat de sub control \u00een timpul unui test de securitate \u015fi a declan\u015fat atacul cibernetic care a compromis s\u0103pt\u0103m\u00e2na trecut\u0103 infrastructura startupului Hugging Face, transmite Reuters.<\/p>\n<p>\u00centr-o postare pe blog, OpenAI a precizat c\u0103 testa capabilit\u0103\u0163ile unora dintre cele mai performante modele AI \u00eentr-un mediu controlat, \u00eens\u0103 agentul a reu\u015fit s\u0103 ias\u0103 din mediul izolat, s\u0103 acceseze internetul \u015fi s\u0103 p\u0103trund\u0103 \u00een sistemele Hugging Face pentru a-\u015fi \u00eendeplini obiectivul stabilit \u00een cadrul testului.<\/p>\n<p>Potrivit OpenAI, incidentul a implicat dou\u0103 modele experimentale dedicate securit\u0103\u0163ii cibernetice: GPT-5.6 Sol \u015fi un model \u015fi mai avansat, aflat \u00eenc\u0103 \u00een faza de pre-lansare. Acestea erau testate \u00een cadrul ExploitGym, un benchmark destinat evalu\u0103rii capacit\u0103\u0163ii modelelor de a identifica \u015fi exploata vulnerabilit\u0103\u0163i informatice.<\/p>\n<p>Pentru acest test, restric\u0163iile care limiteaz\u0103 \u00een mod normal opera\u0163iunile cibernetice ofensive au fost reduse, iar modelele au devenit at\u00e2t de concentrate pe atingerea obiectivului \u2013 ob\u0163inerea r\u0103spunsurilor testului \u2013 \u00eenc\u00e2t au g\u0103sit o modalitate de a ie\u015fi din mediul izolat, au accesat internetul \u015fi au compromis infrastructura Hugging Face pentru a \u201etri\u015fa\u201d la evaluare.<\/p>\n<p>Compania a descris incidentul drept \u201dun eveniment cibernetic f\u0103r\u0103 precedent, care a implicat capabilit\u0103\u0163i de ultim\u0103 genera\u0163ie\u201d \u015fi a anun\u0163at c\u0103 \u00ee\u015fi consolideaz\u0103 m\u0103surile de protec\u0163ie pentru a preveni repetarea unei astfel de situa\u0163ii.<\/p>\n<p>Hugging Face, platform\u0103 utilizat\u0103 pentru g\u0103zduirea modelelor lingvistice open-source \u015fi a seturilor de date pentru inteligen\u0163\u0103 artificial\u0103, anun\u0163ase s\u0103pt\u0103m\u00e2na trecut\u0103 c\u0103 a fost victima unui atac informatic \u201ddiferit de orice a \u00eent\u00e2lnit p\u00e2n\u0103 acum\u201d, deoarece acesta a fost realizat integral de un sistem AI autonom.<\/p>\n<p>Cofondatorul Hugging Face, Cl\u00e9ment Delangue, a scris pe platforma X c\u0103 firma suspecta \u00eenc\u0103 de la \u00eenceput c\u0103 atacul provenea de la unul dintre marile laboratoare de cercetare \u00een inteligen\u0163\u0103 artificial\u0103. \u201dCredeam c\u0103 ar putea proveni de la un laborator de frontier\u0103, av\u00e2nd \u00een vedere nivelul de sofisticare al agentului. Se pare c\u0103 exact asta s-a \u00eent\u00e2mplat! Este uluitor c\u0103 totul s-a desf\u0103\u015furat complet autonom\u201d, a afirmat acesta.<\/p>\n<p>Recunoa\u015fterea de c\u0103tre OpenAI c\u0103 propriile sale modele avansate au fost responsabile pentru incident, \u00een ciuda faptului c\u0103 erau plasate \u00eentr-un mediu descris drept \u201dputernic izolat\u201d, este de natur\u0103 s\u0103 amplifice \u00eengrijor\u0103rile privind puterea \u015fi riscurile asociate modelelor AI de ultim\u0103 genera\u0163ie.<\/p>\n<p>Congresmanul democrat Greg Casar, din statul Texas, a calificat incidentul drept alarmant \u015fi a cerut introducerea unor reguli obligatorii privind testarea independent\u0103 a siguran\u0163ei sistemelor AI, raportarea incidentelor de securitate \u015fi cooperarea interna\u0163ional\u0103 \u00een acest domeniu. \u201dInteligen\u0163a artificial\u0103 evolueaz\u0103 extrem de rapid, f\u0103r\u0103 reglement\u0103ri reale care s\u0103 ne protejeze\u201d, a declarat acesta.<\/p>\n<p>CISA, agen\u0163ia american\u0103 pentru securitate cibernetic\u0103, Agen\u0163ia Na\u0163ional\u0103 de Securitate (NSA) \u015fi Biroul Directorului Na\u0163ional pentru Securitate Cibernetic\u0103 nu au comentat imediat incidentul.<\/p>\n<p>Directorul executiv al companiei Luta Security, Katie Moussouris, a apreciat c\u0103 acest caz reprezint\u0103 un avertisment privind tipul de incidente care ar putea deveni tot mai frecvente. Ea a comparat modelele actuale de inteligen\u0163\u0103 artificial\u0103 cu \u201ecei mai inteligen\u0163i caracati\u0163e specializate \u00een evadare, capabile s\u0103 se strecoare prin orice spa\u0163iu\u201d.<\/p>\n<p><strong>Ploile din Chile s-au soldat cu 13 mor\u0163i \u015fi 7 disp\u0103ru\u0163i<\/strong><\/p>\n<p>Ploile abundente care au afectat o mare parte din Chile s-au soldat cu 13 mor\u0163i \u015fi \u015fapte disp\u0103ru\u0163i, au anun\u0163at, mar\u0163i, autorit\u0103\u0163ile, \u00een timp ce guvernul a precizat c\u0103 va solicita sanc\u0163ionarea distribuitorilor de energie electric\u0103 din cauza \u00eentreruperilor prelungite ale aliment\u0103rii cu curent, potrivit Reuters. Furtunile au lovit zonele cuprinse \u00eentre regiunea central\u0103 \u015fi sudul \u0163\u0103rii, provoc\u00e2nd inunda\u0163ii pe scar\u0103 larg\u0103, \u00eenchiderea unor drumuri \u015fi avarierea locuin\u0163elor. \u201dCursurile de ap\u0103, p\u00e2r\u00e2urile \u015fi malurile r\u00e2urilor au fost sl\u0103bite de precipita\u0163iile din ultimele zile; exist\u0103 \u00een continuare riscul cre\u015fterii nivelului apelor \u00een unele dintre acestea\u201d, a declarat Alicia Cebrian, \u015fefa Agen\u0163iei pentru situa\u0163ii de urgen\u0163\u0103 din Chile, Senapred.<\/p>\n<p>Cebrian a ad\u0103ugat c\u0103, pe l\u00e2ng\u0103 victime, 2.281 de persoane au fost str\u0103mutate, 81 de locuin\u0163e au fost distruse \u015fi 2.761 au suferit avarii majore, \u00een timp ce 87.000 de oameni au r\u0103mas f\u0103r\u0103 energie electric\u0103.<\/p>\n<p>Ministrul de Interne, Claudio Alvarado, a declarat c\u0103 guvernul inten\u0163ioneaz\u0103 s\u0103 ini\u0163ieze proceduri disciplinare \u00eempotriva companiilor de distribu\u0163ie a energiei electrice din cauza \u00eent\u00e2rzierilor \u00een restabilirea serviciului. Cursurile au fost suspendate \u00een \u015fcolile din mai multe municipalit\u0103\u0163i, \u00een patru regiuni.<\/p>\n<p>De\u015fi majoritatea marilor companii miniere de cupru \u015fi litiu sunt situate \u00een extremitatea nordic\u0103 a \u0163\u0103rii \u2013 zon\u0103 neafectat\u0103 de vremea nefavorabil\u0103 \u2013, unele opera\u0163iuni din regiune au fost nevoite s\u0103 \u00ee\u015fi restr\u00e2ng\u0103 temporar activitatea din cauza condi\u0163iilor meteorologice.<\/p>\n<p><strong>Epava unui avion Pan Am a fost descoperit\u0103 la 74 de ani dup\u0103 pr\u0103bu\u015firea sa \u00een larg<\/strong><\/p>\n<p>O echip\u0103 de c\u0103utare aerian\u0103 a descoperit epava pe fundul oceanului, la 74 de ani dup\u0103 ce un zbor Pan Am s-a pr\u0103bu\u015fit \u00een apele din largul Puerto Rico, provoc\u00e2nd moartea a 52 de persoane \u015fi determin\u00e2nd reforme radicale, printre care \u015fi instructajele de siguran\u0163\u0103 pentru pasageri \u00eenainte de zbor, relateaz\u0103 CNN.<\/p>\n<p>Funda\u0163ia Air\/Sea Heritage, \u00een colaborare cu alte entit\u0103\u0163i, printre care \u015fi emisiunea \u201dExpedition Unknown\u201d de pe Discovery Channel, a descoperit luna trecut\u0103 epava avionului Pan Am \u201dClipper Endeavor\u201d pe fundul Oceanului Atlantic, \u00een largul coastei de nord a Puerto Rico, a anun\u0163at Discovery, \u00eentr-un comunicat, mar\u0163i.<\/p>\n<p>Descoperirea, realizat\u0103 cu ajutorul unei drone subacvatice autonome, pune cap\u0103t deceniilor de mister privind locul exact \u00een care s-a oprit avionul Douglas DC-4 dup\u0103 ce s-a pr\u0103bu\u015fit \u00een ocean la scurt timp dup\u0103 ce a decolat din Puerto Rico pe 11 aprilie 1952, cu 64 de pasageri \u015fi cinci membri ai echipajului la bord. De\u015fi to\u0163i pasagerii au supravie\u0163uit impactului ini\u0163ial, doar 17 persoane au fost salvate, iar restul au pierit odat\u0103 cu avionul care s-a scufundat rapid \u2013 un rezultat pe care anchetatorii l-au atribuit, \u00een parte, lipsei instruc\u0163iunilor de siguran\u0163\u0103 \u015fi care a determinat schimb\u0103ri \u00een industria avia\u0163iei.<\/p>\n<p>Avionul, care se \u00eendrepta spre New York, a pierdut ambele motoare din partea dreapt\u0103 la scurt timp dup\u0103 decolare, potrivit Funda\u0163iei Istorice Pan Am, for\u0163\u00e2nd pilotul s\u0103 efectueze o amerizare violent\u0103 c\u00e2teva minute mai t\u00e2rziu.<\/p>\n<p>Aeronava dispunea de plute de salvare \u015fi dispozitive individuale de flotabilitate pentru to\u0163i cei afla\u0163i la bord, potrivit funda\u0163iei Pan Am. \u00cens\u0103 a urmat o situa\u0163ie de confuzie, \u00een parte deoarece nu s-au oferit instruc\u0163iuni de siguran\u0163\u0103, a existat o barier\u0103 lingvistic\u0103 \u015fi nu exista o procedur\u0103 coordonat\u0103 de evacuare. Avionul s-a scufundat \u00een mai pu\u0163in de trei minute.<\/p>\n<p>Cei doi supravie\u0163uitori cunoscu\u0163i care sunt \u00eenc\u0103 \u00een via\u0163\u0103 ast\u0103zi sunt o femeie, acum \u00een v\u00e2rst\u0103 de 102 ani, care era asistent\u0103 medical\u0103 \u00een v\u00e2rst\u0103 de 20 de ani \u015fi a jucat un rol esen\u0163ial \u00een deschiderea u\u015fii aeronavei pentru a permite pasagerilor s\u0103 ias\u0103, \u015fi un bebelu\u015f, g\u0103sit plutind la suprafa\u0163a apei, care a fost resuscitat de echipele de salvare, potrivit lui Gates. Ambii au fost foarte emo\u0163iona\u0163i \u015fi mul\u0163umi\u0163i c\u00e2nd li s-a spus c\u0103 epava a fost \u00een sf\u00e2r\u015fit g\u0103sit\u0103.<\/p>\n<p><strong>China \u015fi Rusia sprijin\u0103 am\u00e2ndou\u0103 Iranul \u00een r\u0103zboi, afirm\u0103 Hegseth<\/strong><\/p>\n<p>China \u015fi Rusia faciliteaz\u0103 \u201ela niveluri diferite\u201d unele dintre ac\u0163iunile Iranului \u00een timpul r\u0103zboiului Teheranului cu SUA, a declarat mar\u0163i secretarul ap\u0103r\u0103rii, Pete Hegseth, \u00een fa\u0163a congresmenilor, relateaz\u0103 CNN. &#8220;Exist\u0103 multe modalit\u0103\u0163i prin care descuraj\u0103m acest lucru, iar amploarea \u015fi profunzimea acestora ar trebui s\u0103 r\u0103m\u00e2n\u0103 secrete&#8221;, a spus Hegseth \u00een fa\u0163a Comisiei pentru aloc\u0103ri bugetare a Senatului.<\/p>\n<p>&#8220;Dar exist\u0103 modalit\u0103\u0163i prin care ambele \u0163\u0103ri, la niveluri diferite, faciliteaz\u0103 unele dintre ac\u0163iunile \u00eentreprinse de Iran&#8221;, a spus Hegseth ca r\u0103spuns la o \u00eentrebare adresat\u0103 de senatorul John Hoeven, republican din Dakota de Nord.<\/p>\n<p>China se preg\u0103tea s\u0103 livreze noi sisteme de ap\u0103rare aerian\u0103 c\u0103tre Iran, a relatat CNN \u00een aprilie, cit\u00e2nd surse apropiate serviciilor de informa\u0163ii americane. Rusia ajuta Iranul cu tactici avansate de utilizare a dronelor, preluate din r\u0103zboiul s\u0103u din Ucraina, pentru a lovi \u0163inte ale SUA \u00een \u0163\u0103rile din Golf, a relatat CNN \u00een martie, cit\u00e2nd un oficial occidental din serviciile de informa\u0163ii.<\/p>\n<p>C\u00e2nd i s-a pus aceea\u015fi \u00eentrebare de c\u0103tre Hoeven &#8211; dac\u0103 China \u015fi Rusia ajut\u0103 Iranul \u00een r\u0103zboi &#8211; generalul Dan Caine, pre\u015fedintele Comitetului \u015eefilor de Stat Major, a spus, mar\u0163i, c\u0103 nu dore\u015fte s\u0103 r\u0103spund\u0103 la aceast\u0103 \u00eentrebare \u00eentr-un cadru neclasificat.<\/p>\n<p>Secretarul ap\u0103r\u0103rii al SUA, Pete Hegseth, \u015fi \u015feful Statului Major Interarme, generalul Dan Caine, au depus mar\u0163i m\u0103rturie \u00een fa\u0163a unei comisii cheie a Senatului pentru prima dat\u0103 de la reluarea conflictului dintre SUA \u015fi Iran \u00een aceast\u0103 lun\u0103. Ace\u015ftia solicit\u0103 zeci de miliarde de dolari suplimentari pentru finan\u0163area r\u0103zboiului.<\/p>\n<p><strong>Reprezentan\u0163i din Germania \u015fi Rusia au organizat o \u00eent\u00e2lnire secret\u0103 la Baku cu privire la r\u0103zboiul din Ucraina, sus\u0163ine pre\u015fedintele Azerbaidjanului<\/strong><\/p>\n<p>Pre\u015fedintele azer Ilham Aliev sus\u0163ine c\u0103 fo\u015fti oficiali de rang \u00eenalt germani \u015fi ru\u015fi s-au \u00eent\u00e2lnit \u00een capitala \u0163\u0103rii sale, Baku, \u00een aceast\u0103 lun\u0103, pentru discu\u0163ii despre modalit\u0103\u0163ile de a pune cap\u0103t r\u0103zboiului Rusiei \u00eempotriva Ucrainei, relateaz\u0103 Bloomberg. \u201eTeritoriul nostru a fost folosit pentru o astfel de \u00eent\u00e2lnire f\u0103r\u0103 \u015ftirea noastr\u0103\u201d, a precizat Aliev mar\u0163i, la Berlin, \u00eentr-o conferin\u0163\u0103 de pres\u0103 comun\u0103 cu cancelarul Friedrich Merz.<\/p>\n<p>\u201eNu pot comenta detaliile, \u00eentruc\u00e2t nu am fost prezen\u0163i la \u00eent\u00e2lnire. Cu toate acestea, datele de zbor \u00eemi permit s\u0103 afirm c\u0103 a avut loc \u00eentr-adev\u0103r o \u00eent\u00e2lnire secret\u0103 la Baku\u201d, a declarat Aliev, confirm\u00e2nd astfel informa\u0163ii pe aceast\u0103 tem\u0103 ap\u0103rute \u00een pres\u0103. Potrivit lui Aliev, \u00eent\u00e2lnirea a avut loc \u00een perioada 12-14 iulie.<\/p>\n<p>El a ad\u0103ugat c\u0103, dac\u0103 \u00eent\u00e2lnirea a avut ca scop g\u0103sirea unor solu\u0163ii pentru \u00eencheierea r\u0103zboiului dintre Rusia \u015fi Ucraina, atunci Azerbaidjanul nu poate dec\u00e2t s\u0103 \u201esalute\u201d acest lucru. \u00cen acela\u015fi timp, potrivit Bloomberg, cancelarul german Friedrich Merz a negat implicarea guvernului s\u0103u \u00een aceste contacte. \u201eNu \u015ftiu nimic despre o astfel de \u00eent\u00e2lnire\u201d, a spus el.<\/p>\n<p>Potrivit Bloomberg, din delega\u0163ia neoficial\u0103 german\u0103 au f\u0103cut parte fostul \u015fef al cabinetului cancelarului federal din perioada Angelei Merkel, Ronald Pofalla, \u015fi fostul prim-ministru al landului federal Brandenburg, Matthias Platzeck.<\/p>\n<p>Partea rus\u0103, conform informa\u0163iilor ob\u0163inute, a fost reprezentat\u0103 de Valeri Fadeev, pre\u015fedintele Consiliului de pe l\u00e2ng\u0103 pre\u015fedintele Federa\u0163iei Ruse pentru dezvoltarea societ\u0103\u0163ii civile \u015fi a drepturilor omului, \u015fi de Viktor Zubkov, fost viceprim-ministru al Rusiei \u015fi actual pre\u015fedinte al consiliului de administra\u0163ie al \u201eGazprom\u201d.<\/p>\n<p><strong>Germania &#8211; Autorul unui atacului armat din iunie s-a sinucis \u00een \u00eenchisoare<\/strong><\/p>\n<p>Autorul unui atac armat \u00een Germania, la un centru de primire a mamei \u015fi copilului, soldat cu \u015fase mor\u0163i, \u00een iunie, s-a sinucis \u00een \u00eenchisoare, anun\u0163\u0103 mar\u0163i Ministerul regional al Justi\u0163iei din landul Saxonia Inferioar\u0103, relateaz\u0103 AFP.<\/p>\n<p>Acest b\u0103rbat \u00een v\u00e2rst\u0103 de 45 de ani, aflat \u00een conflict cu privire la tutela fiicei sale \u00een v\u00e2rst\u0103 de trei luni, a fost arestat imediat dup\u0103 atac, care a avut loc la Stade, un ora\u015f cu 50.000 de locuitori, situat \u00een landul Saxonia Inferioar\u0103, la vest de Hamburg, \u00een nordul Germaniei. El a fost descoperit mar\u0163i diminea\u0163a devreme &#8220;f\u0103r\u0103 temperatur\u0103 corporal\u0103&#8221;, \u00een timpul unui control de rutin\u0103 al unui agent al \u00cenchisorii de la Bremerv\u00f6rde. Dup\u0103 mai pu\u0163in de o jum\u0103tate de or\u0103, un medic de la urgen\u0163e a constat decesul acestuia &#8220;prin strangulare&#8221;. &#8220;\u00cen prezent, elementele de care dispunem sugereaz\u0103 o sinucidere. Nu exist\u0103 niciun indiciu, \u00een acest moment, care s\u0103 sugereze implicarea unei ter\u0163e persoane&#8221;, a anun\u0163at \u00eentr-un comunicat ministerul.<\/p>\n<p>O anchet\u0103 cu privire la circumstan\u0163ele decesului a fost deschis\u0103, iar rude ale defunctului \u015fi victimelor sale au fost informate. \u00cen ziua atacului, b\u0103rbatul avea \u00eent\u00e2lnire cu mai multe dintre victimele sale, \u00een vederea discut\u0103rii tutelei fiicei sale, care se afla \u00een centru \u00eempreun\u0103 cu mama sa. Este neclar dac\u0103 cele dou\u0103 locuiesc \u00een centru. Am\u00e2ndou\u0103 au sc\u0103pat tefere, \u00eens\u0103 patru femei \u015fi doi b\u0103rba\u0163i, lucr\u0103tori sociali de la protec\u0163ia copilului, au fost uci\u015fi. Presupusul atacator era un cet\u0103\u0163ean turc, n\u0103scut \u00een Germania \u015fi care locuia la Hanovra, la aproximativ 200 de kilometri mai la sud. El le era cunoscut poli\u0163i\u015ftilor cu privire la amenin\u0163\u0103ri, \u00eens\u0103 nu era considerat &#8220;violent&#8221; \u015fi nu de\u0163inea un permis port-arm\u0103.<\/p>\n<hr>\n<div class=\"bloc-widget widget-rosu\">\n<p>\u00cen lipsa unui acord scris din partea Ziarului de Vrancea, pute\u0163i prelua maxim 500 de caractere din acest articol dac\u0103 preciza\u0163i sursa \u015fi insera\u0163i vizibil link-ul articolului:\u00a0<span>#insertcurrentlinkhere<\/span><\/p>\n<\/div>\n<div class=\"extra-articol listing-anunturi\">\n<h6>Anun\u021buri <span class=\"text-primary\">ZdV<\/span> Premium<\/h6>\n<div class=\"row\">\n<div class=\"col-lg-4 col-md-6 bloc-egal\"><a class=\"card-anunt\" href=\"https:\/\/ziaruldevrancea.ro\/anunturi\/imobiliare\/vanzari-terenuri\/vand-teren-in-panciu\"><strong class=\"titlu\">V\u00e2nz\u0103ri terenuri<\/strong><span class=\"text-anunt\">Teren Panciu 1170 mp, cu num\u0103r cas\u0103, ap\u0103&#8230;<\/span><span class=\"data-anunt\">29.07.2026  <\/span><\/a><\/div>\n<div class=\"col-lg-4 col-md-6 bloc-egal\"><a class=\"card-anunt\" href=\"https:\/\/ziaruldevrancea.ro\/anunturi\/altele\/anulare-acte\/vand-scrumbii-afumate-capturi-dunare\"><strong class=\"titlu\">Vanzari diverse<\/strong><span class=\"text-anunt\">Pret : 117 lei \/ kg . \u00a0 Este&#8230;<\/span><span class=\"data-anunt\">29.07.2026 , Gala\u021bi , Gala\u021bi<\/span><\/a><\/div>\n<div class=\"col-lg-4 col-md-6 bloc-egal\"><a class=\"card-anunt\" href=\"https:\/\/ziaruldevrancea.ro\/anunturi\/imobiliare\/vanzari-case\/vand-casa-si-teren-in-panciu-anunt-72818\"><strong class=\"titlu\">V\u00e2nz\u0103ri case<\/strong><span class=\"text-anunt\">V\u00e2nd cas\u0103 cu 2 camere, buc\u0103t\u0103rie, baie,&#8230;<\/span><span class=\"data-anunt\">23.07.2026  <\/span><\/a><\/div>\n<\/div>\n<\/div>\n<div class=\"extra-articol alte-articole\">\n<div class=\"row\">\n<div class=\"col-lg-6 bloc-egal\">\n<div class=\"card articol-listing\">\n<h6>\u00cen categoria <a href=\"https:\/\/ziaruldevrancea.ro\/actualitatea\/international\">Interna\u021bional<\/a><\/h6>\n<div class=\"grup-articol-listing\">\n<div class=\"cont-pils\"><a href=\"https:\/\/ziaruldevrancea.ro\/actualitatea\/international\/mozaic-stiri-internationale-trump-anunta-ca-va-lovi-puternic-iranul\"><img decoding=\"async\" src=\"https:\/\/zdvi.cname.ro\/180_135\/actualitatea\/international\/mozaic-stiri-internationale-trump-anunta-ca-va-lovi-puternic-iranul\/mediaPool\/ukbtAx9.jpeg\" class=\"img-responsive img-180\" alt><\/a><\/div>\n<h2><a class=\"link-titlu\" href=\"https:\/\/ziaruldevrancea.ro\/actualitatea\/international\/mozaic-stiri-internationale-trump-anunta-ca-va-lovi-puternic-iranul\">MOZAIC \u0218TIRI INTERNA\u021aIONALE: Trump anun\u0163\u0103 c\u0103 va lovi \u201eputernic\u201d Iranul<\/a><\/h2>\n<div class=\"date-post\"><a href=\"https:\/\/ziaruldevrancea.ro\/autor\/radu-tomescu\">Radu Tomescu<\/a>, 29 iul 2026  <\/div>\n<\/div>\n<div class=\"grup-articol-listing\">\n<div class=\"cont-pils\"><a href=\"https:\/\/ziaruldevrancea.ro\/actualitatea\/international\/mozaic-Stiri-internaTionale-zelenski-sugereaza-ca-i-a-demis-pe-fedorov-si-sirski-pentru-ca-ajunsese-sa-faca-pe-mediatorul-intre-cei-doi\"><img decoding=\"async\" src=\"https:\/\/zdvi.cname.ro\/180_135\/actualitatea\/international\/mozaic-Stiri-internaTionale-zelenski-sugereaza-ca-i-a-demis-pe-fedorov-si-sirski-pentru-ca-ajunsese-sa-faca-pe-mediatorul-intre-cei-doi\/mediaPool\/u0KMHjx.jpg\" class=\"img-responsive img-180\" alt><\/a><\/div>\n<h2><a class=\"link-titlu\" href=\"https:\/\/ziaruldevrancea.ro\/actualitatea\/international\/mozaic-Stiri-internaTionale-zelenski-sugereaza-ca-i-a-demis-pe-fedorov-si-sirski-pentru-ca-ajunsese-sa-faca-pe-mediatorul-intre-cei-doi\">MOZAIC \u0218TIRI INTERNA\u021aIONALE: Zelenski sugereaz\u0103 c\u0103 i-a demis pe Fedorov \u015fi S\u00eerski pentru c\u0103 ajunsese s\u0103 fac\u0103 pe mediatorul \u00eentre cei doi<\/a><\/h2>\n<div class=\"date-post\"><a href=\"https:\/\/ziaruldevrancea.ro\/autor\/rodica-condurache\">Rodica Condurache<\/a>, 26 iul 2026  <\/div>\n<\/div>\n<div class=\"grup-articol-listing\">\n<div class=\"cont-pils\"><a href=\"https:\/\/ziaruldevrancea.ro\/actualitatea\/international\/mozaic-Stiri-internaTionale-lupta-cu-focul-continua-in-spania-si-in-franta\"><img decoding=\"async\" src=\"https:\/\/zdvi.cname.ro\/180_135\/actualitatea\/international\/mozaic-Stiri-internaTionale-lupta-cu-focul-continua-in-spania-si-in-franta\/mediaPool\/uw8T1dH.jpeg\" class=\"img-responsive img-180\" alt><\/a><\/div>\n<h2><a class=\"link-titlu\" href=\"https:\/\/ziaruldevrancea.ro\/actualitatea\/international\/mozaic-Stiri-internaTionale-lupta-cu-focul-continua-in-spania-si-in-franta\">MOZAIC \u0218TIRI INTERNA\u021aIONALE: Lupta cu focul continu\u0103 \u00een Spania \u015fi \u00een Fran\u0163a<\/a><\/h2>\n<div class=\"date-post\"><a href=\"https:\/\/ziaruldevrancea.ro\/autor\/rodica-condurache\">Rodica Condurache<\/a>, 25 iul 2026  <\/div>\n<\/div>\n<\/div>\n<\/div>\n<div class=\"col-lg-6 bloc-egal\">\n<div class=\"card articol-listing\">\n<h6>De acela\u0219i <a href=\"https:\/\/ziaruldevrancea.ro\/autor\/rodica-condurache\/\">autor<\/a><\/h6>\n<div class=\"grup-articol-listing\">\n<div class=\"cont-pils\"><a href=\"https:\/\/ziaruldevrancea.ro\/timp-liber\/horoscop-1-august-2026\"><img decoding=\"async\" src=\"https:\/\/zdvi.cname.ro\/180_135\/timp-liber\/horoscop-1-august-2026\/mediaPool\/uA8enxT.jpg\" class=\"img-responsive img-180\" alt><\/a><\/div>\n<h2><a class=\"link-titlu\" href=\"https:\/\/ziaruldevrancea.ro\/timp-liber\/horoscop-1-august-2026\">Horoscop 1 august 2026 <\/a><\/h2>\n<div class=\"date-post\"><a href=\"https:\/\/ziaruldevrancea.ro\/autor\/rodica-condurache\">Rodica Condurache<\/a>,  1 aug 2026  <\/div>\n<\/div>\n<div class=\"grup-articol-listing\">\n<div class=\"cont-pils\"><a href=\"https:\/\/ziaruldevrancea.ro\/timp-liber\/95593-calendarul-zilei-de-1-august.html\"><img decoding=\"async\" src=\"https:\/\/zdvi.cname.ro\/180_135\/timp-liber\/95593-calendarul-zilei-de-1-august.html\/mediaPool\/calendar_1_Dimitrie_Cantemir___Foto01_910393403.jpg\" class=\"img-responsive img-180\" alt><\/a><\/div>\n<h2><a class=\"link-titlu\" href=\"https:\/\/ziaruldevrancea.ro\/timp-liber\/95593-calendarul-zilei-de-1-august.html\">Calendarul zilei de 1 august: momente care au marcat istoria Rom\u00e2niei \u0219i a lumii. Ce personalit\u0103\u021bi sunt legate de aceast\u0103 dat\u0103<\/a><\/h2>\n<div class=\"date-post\"><a href=\"https:\/\/ziaruldevrancea.ro\/autor\/rodica-condurache\">Rodica Condurache<\/a>,  1 aug 2026  <\/div>\n<\/div>\n<div class=\"grup-articol-listing\">\n<div class=\"cont-pils\"><a href=\"https:\/\/ziaruldevrancea.ro\/actualitatea\/stiri-locale\/prima-pagina-a-ziarului-de-vrancea-de-astazi-31-iulie-2026\"><img decoding=\"async\" src=\"https:\/\/zdvi.cname.ro\/180_135\/actualitatea\/stiri-locale\/prima-pagina-a-ziarului-de-vrancea-de-astazi-31-iulie-2026\/mediaPool\/utzqu1b.jpg\" class=\"img-responsive img-180\" alt><\/a><\/div>\n<h2><a class=\"link-titlu\" href=\"https:\/\/ziaruldevrancea.ro\/actualitatea\/stiri-locale\/prima-pagina-a-ziarului-de-vrancea-de-astazi-31-iulie-2026\">Prima pagin\u0103 a Ziarului de Vrancea de ast\u0103zi, 31 iulie 2026: accidente, investi\u021bii, economie \u0219i cele mai importante \u0219tiri ale jude\u021bului  <\/a><\/h2>\n<div class=\"date-post\"><a href=\"https:\/\/ziaruldevrancea.ro\/autor\/rodica-condurache\">Rodica Condurache<\/a>, 31 iul 2026  <\/div>\n<\/div>\n<\/div>\n<\/div>\n<\/div>\n<\/div>\n<div class=\"extra-articol listing-anunturi\">\n<h6>Anun\u021buri <span class=\"text-primary\">ZdV<\/span> Premium<\/h6>\n<div class=\"row\">\n<div class=\"col-lg-4 col-md-6 bloc-egal\"><a class=\"card-anunt\" href=\"https:\/\/ziaruldevrancea.ro\/anunturi\/angajari\/cereri-angajari\/doresc-angajare-anunt-72815\"><strong class=\"titlu\">Cereri<\/strong><span class=\"text-anunt\">Doresc s\u0103 am grij\u0103 de un copil de gradini\u021b\u0103&#8230;<\/span><span class=\"data-anunt\">21.07.2026  <\/span><\/a><\/div>\n<div class=\"col-lg-4 col-md-6 bloc-egal\"><a class=\"card-anunt\" href=\"https:\/\/ziaruldevrancea.ro\/anunturi\/inchirieri\/locuinte-oferte\/primesc-in-gazda-anunt-72816\"><strong class=\"titlu\">Locuin\u021be oferte<\/strong><span class=\"text-anunt\">\u00a0Primesc \u00een gazd\u0103 la cas\u0103.<\/p>\n<p>Tel&#8230;.<\/span><span class=\"data-anunt\">21.07.2026  <\/span><\/a><\/div>\n<div class=\"col-lg-4 col-md-6 bloc-egal\"><a class=\"card-anunt\" href=\"https:\/\/ziaruldevrancea.ro\/anunturi\/inchirieri\/locuinte-oferte\/primesc-in-gazda-anunt-72817\"><strong class=\"titlu\">Locuin\u021be oferte<\/strong><span class=\"text-anunt\">Primesc \u00een gazd\u0103 la bloc o elev\u0103. <\/p>\n<p>Tel&#8230;.<\/span><span class=\"data-anunt\">21.07.2026  <\/span><\/a><\/div>\n<\/div>\n<\/div>\n<div class=\"bloc-widget widget-albastru\">\n    Ziarul de Vrancea \u00a0nu este responsabil juridic pentru con\u0163inutul textelor din comentariile de mai jos. Responsabilitatea pentru mesajele dumneavoastra v\u0103 revine \u00een exclusivitate.\n<\/div>\n<div class=\"comentarii-articol\" id=\"comentarii\">\n<h3>Comentarii: <span class=\"text-primary\">0<\/span><\/h3>\n<p><a href=\"https:\/\/ziaruldevrancea.ro\/actualitatea\/international\/mozaic-stiri-internationale-zelenski-l-a-demis-pe-oleksandr-sirski-comandantul-sef-al-armatei\" class=\"btn btn-success btn-adauga-com\" data-toggle=\"modal\" data-parent=\"0\" data-target=\"#commentModal\">Adaug\u0103 comentariu<\/a><\/p>\n<div class=\"loadMask comments-mask\"><img decoding=\"async\" src=\"https:\/\/zdvs.cname.ro\/images\/loader_40.gif\"><\/div>\n<div class=\"comenteaza-jos\">Trebuie s\u0103 fii <a href=\"https:\/\/ziaruldevrancea.ro\/account\">autentificat<\/a> pentru a putea <a href=\"https:\/\/ziaruldevrancea.ro\/actualitatea\/international\/mozaic-stiri-internationale-zelenski-l-a-demis-pe-oleksandr-sirski-comandantul-sef-al-armatei\" class data-toggle=\"modal\" data-parent=\"0\" data-target=\"#commentModal\">posta un comentariu<\/a>.<\/div>\n<\/div>\n<div class=\"modal fade\" id=\"commentModal\" role=\"dialog\" aria-labelledby=\"commentModalLabel\">\n<div class=\"modal-dialog modal-lg\" role=\"document\">\n<div class=\"modal-content\">\n<div class=\"modal-header\">\n<h3 class=\"modal-title\" id=\"commentModalLabel\">Comenteaz\u0103<\/h3>\n<\/div>\n<div class=\"modal-body\">\n<div class=\"tabel tabel-full\">\n<div class=\"celula\">\n              Trebuie s\u0103 fii <a href=\"https:\/\/ziaruldevrancea.ro\/account\">autentificat<\/a> pentru a putea posta un comentariu.\n            <\/div>\n<\/div>\n<\/div>\n<div class=\"modal-footer\">\n<div id=\"commentPending\" class=\"formPending pull-left\"><img decoding=\"async\" src=\"https:\/\/zdvs.cname.ro\/images\/loader_40.gif\"> In curs de procesare&#8230;<\/div>\n<p><a href=\"https:\/\/ziaruldevrancea.ro\/actualitatea\/international\/mozaic-stiri-internationale-zelenski-l-a-demis-pe-oleksandr-sirski-comandantul-sef-al-armatei\" class=\"btn btn-default\" data-dismiss=\"modal\">Anuleaz\u0103<\/a><\/div>\n<\/div>\n<\/div>\n<\/div>\n<div class=\"modal fade\" id=\"commentReportModal\" role=\"dialog\" aria-labelledby=\"commentReportModalLabel\">\n<div class=\"modal-dialog modal-lg\" role=\"document\">\n<div class=\"modal-content\">\n<div class=\"modal-header\">\n<h3 class=\"modal-title\" id=\"commentReportModalLabel\">Raporteaza comentariu<\/h3>\n<\/div>\n<div class=\"modal-body\">\n<div class=\"tabel tabel-full\">\n<div class=\"celula\">\n              Trebuie s\u0103 fii <a href=\"https:\/\/ziaruldevrancea.ro\/account\">autentificat<\/a> pentru a putea raporta un comentariu.\n            <\/div>\n<\/div>\n<\/div>\n<div class=\"modal-footer\">\n<div id=\"commentReportPending\" class=\"formPending pull-left\"><img decoding=\"async\" src=\"https:\/\/zdvs.cname.ro\/images\/loader_40.gif\"> In curs de procesare&#8230;<\/div>\n<p><a href=\"https:\/\/ziaruldevrancea.ro\/actualitatea\/international\/mozaic-stiri-internationale-zelenski-l-a-demis-pe-oleksandr-sirski-comandantul-sef-al-armatei\" class=\"btn btn-default\" data-dismiss=\"modal\">Anuleaz\u0103<\/a><\/div>\n<\/div>\n<\/div>\n<\/div>\n<div class=\"modal fade\" id=\"commentLikeModal\" role=\"dialog\" aria-labelledby=\"commentLikeModalLabel\">\n<div class=\"modal-dialog modal-lg\" role=\"document\">\n<div class=\"modal-content\">\n<div class=\"modal-header\">\n<h3 class=\"modal-title\" id=\"commentReportModalLabel\">Apreciaza comentariu<\/h3>\n<\/div>\n<div class=\"modal-body\">\n<div class=\"tabel tabel-full\">\n<div class=\"celula\">\n            Trebuie s\u0103 fii <a href=\"https:\/\/ziaruldevrancea.ro\/account\">autentificat<\/a> pentru a putea aprecia un comentariu.\n          <\/div>\n<\/div>\n<\/div>\n<div class=\"modal-footer\"><a href=\"https:\/\/ziaruldevrancea.ro\/actualitatea\/international\/mozaic-stiri-internationale-zelenski-l-a-demis-pe-oleksandr-sirski-comandantul-sef-al-armatei\" class=\"btn btn-default\" data-dismiss=\"modal\">Anuleaz\u0103<\/a><\/div>\n<\/div>\n<\/div>\n<\/div>\n<div class=\"bloc-widget widget-rosu\"><span><small>Ziarul de Vrancea doreste ca acest site sa fie un spatiu al discutiilor civilizate, al comentariilor de bun simt. Din acest motiv, cei care posteaza comentarii la articole trebuie sa respecte urmatoarele reguli:<br \/>\n1. Sa se refere doar la articolul la care posteaza comentarii.<br \/>\n2. Sa foloseasca un limbaj civilizat, fara injurii, calomnii, comentarii antisemite, xenofobe sau rasiste.<br \/>\n3. Sunt interzise atacurile la adresa autorilor, daca acestea nu au legatura cu textul.<br \/>\n4. Username-ul sa nu fie nume de personalitati ale vietii publice sau parodieri ale acestora.<br \/>\nAutorul unui articol poate fi criticat pentru eventuale greseli, incoerenta, lipsa de documentare etc.<br \/>\nNerespectarea regulilor mentionate mai sus va duce la stergerea comentariilor, fara avertisment si fara explicatii.<br \/>\nAbaterile repetate vor avea drept consecinta interdictia accesului la aceasta facilitate a site-ului.<\/small><\/span><\/div>\n<\/div>\n<p>[analyse_source url=&#8221;https:\/\/ziaruldevrancea.ro\/actualitatea\/international\/mozaic-stiri-internationale-zelenski-l-a-demis-pe-oleksandr-sirski-comandantul-sef-al-armatei&#8221;]<\/p>\n","protected":false},"excerpt":{"rendered":"<p>[analyse_image type=&#8221;featured&#8221; src=&#8221;https:\/\/zdvi.cname.ro\/_\/mozaic-stiri-internationale-zelenski-l-a-demis-pe-oleksandr-sirski-comandantul-sef-al-armatei\/mediaPool\/utk7OIC.jpeg&#8221;] Interna\u021bional MOZAIC \u0218TIRI INTERNA\u021aIONALE: Zelenski l-a demis pe Oleksandr S\u00eerski, comandantul-\u015fef al armatei Distribuie: \u00a0 | Rodica Condurache 21 iul 2026496 vizualiz\u0103ri Noul comandant este M\u00eehailo Drapat\u00eei n reac\u0163ia lui M\u00eehailo Fedorov, ministrul demis al ap\u0103r\u0103rii, care intrase \u00een conflict cu S\u00eerski Pre\u015fedintele Ucrainei, Volodimir Zelenski, l-a demis mar\u0163i seara din func\u0163ia [&hellip;]<\/p>\n","protected":false},"author":1,"featured_media":0,"comment_status":"open","ping_status":"","sticky":false,"template":"","format":"standard","meta":{"footnotes":""},"categories":[89],"tags":[226,208],"class_list":["post-2072363","post","type-post","status-publish","format-standard","hentry","category-romania","tag-crawlmanager","tag-ziaruldevrancea-ro"],"_links":{"self":[{"href":"https:\/\/analyse.optim.biz\/index.php?rest_route=\/wp\/v2\/posts\/2072363","targetHints":{"allow":["GET"]}}],"collection":[{"href":"https:\/\/analyse.optim.biz\/index.php?rest_route=\/wp\/v2\/posts"}],"about":[{"href":"https:\/\/analyse.optim.biz\/index.php?rest_route=\/wp\/v2\/types\/post"}],"author":[{"embeddable":true,"href":"https:\/\/analyse.optim.biz\/index.php?rest_route=\/wp\/v2\/users\/1"}],"replies":[{"embeddable":true,"href":"https:\/\/analyse.optim.biz\/index.php?rest_route=%2Fwp%2Fv2%2Fcomments&post=2072363"}],"version-history":[{"count":0,"href":"https:\/\/analyse.optim.biz\/index.php?rest_route=\/wp\/v2\/posts\/2072363\/revisions"}],"wp:attachment":[{"href":"https:\/\/analyse.optim.biz\/index.php?rest_route=%2Fwp%2Fv2%2Fmedia&parent=2072363"}],"wp:term":[{"taxonomy":"category","embeddable":true,"href":"https:\/\/analyse.optim.biz\/index.php?rest_route=%2Fwp%2Fv2%2Fcategories&post=2072363"},{"taxonomy":"post_tag","embeddable":true,"href":"https:\/\/analyse.optim.biz\/index.php?rest_route=%2Fwp%2Fv2%2Ftags&post=2072363"}],"curies":[{"name":"wp","href":"https:\/\/api.w.org\/{rel}","templated":true}]}}