{"id":207222,"date":"2014-04-23T16:30:19","date_gmt":"2014-04-23T13:30:19","guid":{"rendered":"https:\/\/analyse.optim.biz\/?p=207222"},"modified":"2014-04-23T16:30:19","modified_gmt":"2014-04-23T13:30:19","slug":"ilie-nastase-vrea-sa-fie-senator-va-candida-la-alegerile-partiale-din-partea-partidului-conservator","status":"publish","type":"post","link":"https:\/\/analyse.optim.biz\/?p=207222","title":{"rendered":"Ilie N\u0103stase vrea s\u0103 fie senator. Va candida la alegerile par\u021biale din partea Partidului Conservator"},"content":{"rendered":"<div class=\"entry data-app-meta data-app-meta-article\" data-embed-base-url-canonical=\"https:\/\/www.digi24.ro\/embed\/stiri\/actualitate\/politica\/ilie-nastase-vrea-sa-fie-senator-va-candida-la-alegerile-partiale-din-partea-partidului-conservator-233484\">\n<p data-index=\"1\">Dac\u0103 va fi ales, fostul tenismen va ocupa locul l\u0103sat liber \u00een Parlament de Dan Voiculescu, pre\u0219edintele de onoare al Partidului Conservator.<\/p>\n<p data-index=\"2\">\u201eVreau s\u0103 ma implic \u00een legea sponsoriz\u0103rii, care exist\u0103 \u00een orice \u021bar\u0103 s\u0103n\u0103toas\u0103. Doar noi trebuie s\u0103 o accept\u0103m \u0219i s\u0103 o vot\u0103m, altfel sportul romanesc va muri\u201d, a spus Ilie N\u0103stase. \u00a0<\/p>\n<\/div>\n<p> Source URL: https:\/\/www.digi24.ro\/stiri\/actualitate\/politica\/ilie-nastase-vrea-sa-fie-senator-va-candida-la-alegerile-partiale-din-partea-partidului-conservator-233484<\/p>\n","protected":false},"excerpt":{"rendered":"<p>Dac\u0103 va fi ales, fostul tenismen va ocupa locul l\u0103sat liber \u00een Parlament de Dan Voiculescu, pre\u0219edintele de onoare al Partidului Conservator. \u201eVreau s\u0103 ma implic \u00een legea sponsoriz\u0103rii, care exist\u0103 \u00een orice \u021bar\u0103 s\u0103n\u0103toas\u0103. Doar noi trebuie s\u0103 o accept\u0103m \u0219i s\u0103 o vot\u0103m, altfel sportul romanesc va muri\u201d, a spus Ilie N\u0103stase. \u00a0 [&hellip;]<\/p>\n","protected":false},"author":1,"featured_media":207223,"comment_status":"open","ping_status":"","sticky":false,"template":"","format":"standard","meta":{"footnotes":""},"categories":[2],"tags":[11],"class_list":["post-207222","post","type-post","status-publish","format-standard","has-post-thumbnail","hentry","category-politics","tag-digi24"],"_links":{"self":[{"href":"https:\/\/analyse.optim.biz\/index.php?rest_route=\/wp\/v2\/posts\/207222","targetHints":{"allow":["GET"]}}],"collection":[{"href":"https:\/\/analyse.optim.biz\/index.php?rest_route=\/wp\/v2\/posts"}],"about":[{"href":"https:\/\/analyse.optim.biz\/index.php?rest_route=\/wp\/v2\/types\/post"}],"author":[{"embeddable":true,"href":"https:\/\/analyse.optim.biz\/index.php?rest_route=\/wp\/v2\/users\/1"}],"replies":[{"embeddable":true,"href":"https:\/\/analyse.optim.biz\/index.php?rest_route=%2Fwp%2Fv2%2Fcomments&post=207222"}],"version-history":[{"count":0,"href":"https:\/\/analyse.optim.biz\/index.php?rest_route=\/wp\/v2\/posts\/207222\/revisions"}],"wp:featuredmedia":[{"embeddable":true,"href":"https:\/\/analyse.optim.biz\/index.php?rest_route=\/wp\/v2\/media\/207223"}],"wp:attachment":[{"href":"https:\/\/analyse.optim.biz\/index.php?rest_route=%2Fwp%2Fv2%2Fmedia&parent=207222"}],"wp:term":[{"taxonomy":"category","embeddable":true,"href":"https:\/\/analyse.optim.biz\/index.php?rest_route=%2Fwp%2Fv2%2Fcategories&post=207222"},{"taxonomy":"post_tag","embeddable":true,"href":"https:\/\/analyse.optim.biz\/index.php?rest_route=%2Fwp%2Fv2%2Ftags&post=207222"}],"curies":[{"name":"wp","href":"https:\/\/api.w.org\/{rel}","templated":true}]}}