{"id":207218,"date":"2014-04-23T17:16:59","date_gmt":"2014-04-23T14:16:59","guid":{"rendered":"https:\/\/analyse.optim.biz\/?p=207218"},"modified":"2014-04-23T17:16:59","modified_gmt":"2014-04-23T14:16:59","slug":"pnl-cere-abrogarea-legii-big-brother-din-2012-intelegem-ca-cei-de-la-putere-sunt-ocupati-sa-se-plimbe-cu-barca","status":"publish","type":"post","link":"https:\/\/analyse.optim.biz\/?p=207218","title":{"rendered":"PNL cere abrogarea Legii Big Brother din 2012: \u201e\u00cen\u021belegem c\u0103 cei de la putere sunt ocupa\u021bi s\u0103 se plimbe cu barca\u201d"},"content":{"rendered":"<div class=\"entry data-app-meta data-app-meta-article\" data-embed-base-url-canonical=\"https:\/\/www.digi24.ro\/embed\/stiri\/actualitate\/politica\/pnl-cere-abrogarea-legii-big-brother-din-2012-intelegem-ca-cei-de-la-putere-sunt-ocupati-sa-se-plimbe-cu-barca-233536\">\n<p data-index=\"1\"><img decoding=\"async\" src=\"https:\/\/analyse.optim.biz\/wp-content\/uploads\/2024\/09\/mczoyxnoptflztawmmrhyme4zdqwmmrindc4zju4mdg3nzdimdfm-thumb_.jpg\" data-skip-htmlfix=\"1\" title=\"mczoyxnoptflztawmmrhyme4zdqwmmrindc4zju4mdg3nzdimdfm-thumb_\">\u201eIni\u0163iativa grupului PNL din Camera Deputa\u0163ilor pe care am depus-o ast\u0103zi are ca obiect abrogarea Legii 82\/2012, cunoscut\u0103 de toat\u0103 lumea ca Legea Big Brother (&#8230;) Guvernul ar fi trebuit s\u0103 reac\u0163ioneze imediat ce Curtea de Justi\u0163ie a UE a invalidat directiva pe care Rom\u00e2nia a transpus-o prin <strong>Legea Big Brother<\/strong>, \u00eens\u0103 \u00een\u0163elegem c\u0103 cei de la putere sunt ocupa\u0163i s\u0103 se plimbe cu barca \u00eempin\u015fi de pompieri sau alte cele&#8221;, a declarat deputatul PNL <strong>Alina Gorghiu<\/strong>, citat de Mediafax.<\/p>\n<p data-index=\"2\">Deputatul PNL a precizat c\u0103 ini\u0163iativa de abrogare a legii este necesar\u0103 \u00eentruc\u00e2t \u201estocarea de c\u0103tre furnizorii de servicii de comunica\u0163ii electronice a datelor despre apeluri telefonice, SMS-uri \u015fi mesaje electronice de la popula\u0163ie reprezint\u0103 un abuz \u015fi \u00eencalc\u0103 dreptul la via\u0163\u0103 privat\u0103\u201d.<\/p>\n<p data-index=\"3\">\u201eSuntem \u00een m\u0103sur\u0103 s\u0103 cerem abrogarea acestei legi dup\u0103 ce Curtea de Justi\u0163ie a constatat c\u0103: &#8220;datele care trebuie p\u0103strate conform prevederilor directivei pot furniza indica\u0163ii precise cu privire la via\u0163a privat\u0103 a persoanelor, prin urmare directiva reprezint\u0103 o imixtiune deosebit de grav\u0103 \u00een drepturile fundamentale cu privire la respectarea vie\u0163ii private \u015fi protec\u0163ia datelor cu caracter personal&#8221;&#8221;, a citat Gorghiu din <strong>decizia CJUE<\/strong>.<\/p>\n<p data-index=\"4\">De asemenea, europarlamentarul PNL <strong>Renate Weber<\/strong>, care coordoneaz\u0103 domeniul libert\u0103\u0163ilor civile din partea ALDE, a declarat c\u0103 directiva \u00een cauz\u0103 pleac\u0103 de la prezum\u0163ia cet\u0103\u0163enilor ca poten\u0163iali infractori.<\/p>\n<p data-index=\"5\"><img decoding=\"async\" src=\"https:\/\/analyse.optim.biz\/wp-content\/uploads\/2024\/09\/dz04mdamagfzad1jotlintexnwexoge1mzi1owezmmu4m2niyzfjyjuzyw-thumb_.jpg\" data-skip-htmlfix=\"1\" title=\"dz04mdamagfzad1jotlintexnwexoge1mzi1owezmmu4m2niyzfjyjuzyw-thumb_\">Europarlamentarul PNL a sus\u0163inut c\u0103 problema directivei a fost legat\u0103 de defini\u0163iile generale \u015fi accesul ne\u00eengr\u0103dit, f\u0103r\u0103 mandat eliberat de judec\u0103tor, al organelor de poli\u0163ie sau intelligence la aceste date.<\/p>\n<p data-index=\"6\">Weber a fost \u00eentrebat\u0103 dac\u0103 PNL ia \u00een calcul modificarea actualei <strong>legi a siguran\u0163ei na\u0163ionale<\/strong>, unde este prev\u0103zut accesul f\u0103r\u0103 mandat eliberat de judec\u0103tor pentru astfel de date, \u00een condi\u0163iile \u00een care actul normativ este afectat de abrogarea legii propuse de liberali.<\/p>\n<p data-index=\"7\"><strong>Curtea de Justi\u0163ie a Uniunii Europene<\/strong> (CJUE) a invalidat, \u00een 8 aprilie, Directiva 2006\/24\/EC privind p\u0103strarea datelor de trafic informa\u0163ional, cunoscut\u0103 \u015fi ca Directiva Big Brother.<\/p>\n<p data-index=\"8\">CJUE a statuat c\u0103, prin impunerea p\u0103str\u0103rii datelor \u015fi permi\u0163\u00e2nd accesul autorit\u0103\u0163ilor na\u0163ionale competente, directiva reprezint\u0103 o imixtiune deosebit de grav\u0103 \u00een drepturile fundamentale la respectarea vie\u0163ii private \u015fi la protec\u0163ia datelor cu caracter personal. \u00cen plus, faptul c\u0103 p\u0103strarea \u015fi utilizarea ulterioar\u0103 a datelor sunt efectuate, f\u0103r\u0103 ca abonatul sau utilizatorul \u00eenregistrat s\u0103 fie informat, poate da persoanelor vizate sentimentul c\u0103 via\u0163a lor privat\u0103 este obiectul unei supravegheri constante.<\/p>\n<p data-index=\"9\">Admi\u0163\u00e2nd c\u0103 motivele care au stat la baza adopt\u0103rii directivei sunt legitime, scopul urm\u0103rit fiind combaterea criminalit\u0103\u0163ii \u015fi siguran\u0163a public\u0103, Curtea a constatat c\u0103 legiuitorul UE a dep\u0103\u015fit limitele impuse de respectarea principiului propor\u0163ionalit\u0103\u0163ii.<\/p>\n<p data-index=\"10\">Curtea a precizat c\u0103 p\u0103strarea datelor de trafic (\u015fi implicit directiva) reprezint\u0103 o interferen\u0163\u0103 serioas\u0103 cu dreptul fundamental la via\u0163\u0103 privat\u0103 statuat \u00een articolul 7 din Carta drepturilor fundamantale a UE.<\/p>\n<\/div>\n<p> Source URL: https:\/\/www.digi24.ro\/stiri\/actualitate\/politica\/pnl-cere-abrogarea-legii-big-brother-din-2012-intelegem-ca-cei-de-la-putere-sunt-ocupati-sa-se-plimbe-cu-barca-233536<\/p>\n","protected":false},"excerpt":{"rendered":"<p>\u201eIni\u0163iativa grupului PNL din Camera Deputa\u0163ilor pe care am depus-o ast\u0103zi are ca obiect abrogarea Legii 82\/2012, cunoscut\u0103 de toat\u0103 lumea ca Legea Big Brother (&#8230;) Guvernul ar fi trebuit s\u0103 reac\u0163ioneze imediat ce Curtea de Justi\u0163ie a UE a invalidat directiva pe care Rom\u00e2nia a transpus-o prin Legea Big Brother, \u00eens\u0103 \u00een\u0163elegem c\u0103 cei [&hellip;]<\/p>\n","protected":false},"author":1,"featured_media":207219,"comment_status":"open","ping_status":"","sticky":false,"template":"","format":"standard","meta":{"footnotes":""},"categories":[2],"tags":[11],"class_list":["post-207218","post","type-post","status-publish","format-standard","has-post-thumbnail","hentry","category-politics","tag-digi24"],"_links":{"self":[{"href":"https:\/\/analyse.optim.biz\/index.php?rest_route=\/wp\/v2\/posts\/207218","targetHints":{"allow":["GET"]}}],"collection":[{"href":"https:\/\/analyse.optim.biz\/index.php?rest_route=\/wp\/v2\/posts"}],"about":[{"href":"https:\/\/analyse.optim.biz\/index.php?rest_route=\/wp\/v2\/types\/post"}],"author":[{"embeddable":true,"href":"https:\/\/analyse.optim.biz\/index.php?rest_route=\/wp\/v2\/users\/1"}],"replies":[{"embeddable":true,"href":"https:\/\/analyse.optim.biz\/index.php?rest_route=%2Fwp%2Fv2%2Fcomments&post=207218"}],"version-history":[{"count":0,"href":"https:\/\/analyse.optim.biz\/index.php?rest_route=\/wp\/v2\/posts\/207218\/revisions"}],"wp:featuredmedia":[{"embeddable":true,"href":"https:\/\/analyse.optim.biz\/index.php?rest_route=\/wp\/v2\/media\/207219"}],"wp:attachment":[{"href":"https:\/\/analyse.optim.biz\/index.php?rest_route=%2Fwp%2Fv2%2Fmedia&parent=207218"}],"wp:term":[{"taxonomy":"category","embeddable":true,"href":"https:\/\/analyse.optim.biz\/index.php?rest_route=%2Fwp%2Fv2%2Fcategories&post=207218"},{"taxonomy":"post_tag","embeddable":true,"href":"https:\/\/analyse.optim.biz\/index.php?rest_route=%2Fwp%2Fv2%2Ftags&post=207218"}],"curies":[{"name":"wp","href":"https:\/\/api.w.org\/{rel}","templated":true}]}}