{"id":2072090,"date":"2026-07-31T07:56:06","date_gmt":"2026-07-31T04:56:06","guid":{"rendered":"https:\/\/analyse.optim.biz\/?p=2072090"},"modified":"2026-07-31T07:56:06","modified_gmt":"2026-07-31T04:56:06","slug":"trei-seri-cu-filme-si-dans-in-aer-liber-la-suceava-prin-proiectul-summer2youth-finantat-de-consiliul-judetean-filmul-paddington-in-peru-deschide-vineri-in-zona-de-agrement-a-ri","status":"publish","type":"post","link":"https:\/\/analyse.optim.biz\/?p=2072090","title":{"rendered":"Trei seri cu filme \u0219i dans \u00een aer liber, la Suceava, prin proiectul Summer2YOUth, finan\u021bat de Consiliul Jude\u021bean. Filmul \u201dPaddington in Peru\u201d deschide, vineri, \u00een Zona de Agrement a R\u00eeului Suceava, seria proiec\u021biilor"},"content":{"rendered":"<p>[analyse_image type=&#8221;featured&#8221; src=&#8221;https:\/\/www.radiotop.ro\/img\/media\/2026\/07\/film-aer-liber.jpg&#8221;]<\/p>\n<div class=\"entry-content no-share\">\n<div class=\"content-inner \">\n<p>Consiliul Jude\u021bean Suceava anun\u021b\u0103 c\u0103 finan\u021beaz\u0103 proiectul Summer2YOUth, derulat de Asocia\u021bia Hope 4 Humanity, prin care, \u00een perioada 31 iulie \u2013 2 august, vor avea loc proiec\u021bii de filme \u00een aer liber \u0219i activit\u0103\u021bi recreative pentru tineri, \u00een mai multe zone din municipiul Suceava.<\/p>\n<p>Potrivit comunicatului, evenimentele \u00eencep \u00een fiecare zi de la ora 19.00, iar accesul este gratuit. Vineri, la Zona de Agrement a R\u00eeului Suceava, va fi proiectat filmul \u201dPaddington in Peru\u201d, s\u00eemb\u0103t\u0103, \u00een Parcul T\u0103t\u0103ra\u0219i, publicul va putea urm\u0103ri \u201dSingin\u2019 in the Rain\u201d, iar duminic\u0103, la Uzina de Ap\u0103, este programat\u0103 o sear\u0103 de dans \u201dJust Dance\u201d.<\/p>\n<p>Organizatorii spun c\u0103, prin proiectul Summer2YOUth, \u00ee\u0219i propun s\u0103 ofere tinerilor oportunit\u0103\u021bi de implicare prin activit\u0103\u021bi educative, culturale \u0219i recreative, care \u00eencurajeaz\u0103 socializarea, voluntariatul \u0219i participarea activ\u0103 \u00een comunitate.<\/p>\n<p>Participan\u021bilor li se recomand\u0103 s\u0103 vin\u0103 cu o p\u0103tur\u0103 \u0219i cu un spray \u00eempotriva \u021b\u00een\u021barilor, pentru a se bucura de o experien\u021b\u0103 c\u00eet mai pl\u0103cut\u0103 \u00een aer liber.<\/p>\n<\/div>\n<\/div>\n<div class=\"content-inner \">\n<p>Consiliul Jude\u021bean Suceava anun\u021b\u0103 c\u0103 finan\u021beaz\u0103 proiectul Summer2YOUth, derulat de Asocia\u021bia Hope 4 Humanity, prin care, \u00een perioada 31 iulie \u2013 2 august, vor avea loc proiec\u021bii de filme \u00een aer liber \u0219i activit\u0103\u021bi recreative pentru tineri, \u00een mai multe zone din municipiul Suceava.<\/p>\n<p>Potrivit comunicatului, evenimentele \u00eencep \u00een fiecare zi de la ora 19.00, iar accesul este gratuit. Vineri, la Zona de Agrement a R\u00eeului Suceava, va fi proiectat filmul \u201dPaddington in Peru\u201d, s\u00eemb\u0103t\u0103, \u00een Parcul T\u0103t\u0103ra\u0219i, publicul va putea urm\u0103ri \u201dSingin\u2019 in the Rain\u201d, iar duminic\u0103, la Uzina de Ap\u0103, este programat\u0103 o sear\u0103 de dans \u201dJust Dance\u201d.<\/p>\n<p>Organizatorii spun c\u0103, prin proiectul Summer2YOUth, \u00ee\u0219i propun s\u0103 ofere tinerilor oportunit\u0103\u021bi de implicare prin activit\u0103\u021bi educative, culturale \u0219i recreative, care \u00eencurajeaz\u0103 socializarea, voluntariatul \u0219i participarea activ\u0103 \u00een comunitate.<\/p>\n<p>Participan\u021bilor li se recomand\u0103 s\u0103 vin\u0103 cu o p\u0103tur\u0103 \u0219i cu un spray \u00eempotriva \u021b\u00een\u021barilor, pentru a se bucura de o experien\u021b\u0103 c\u00eet mai pl\u0103cut\u0103 \u00een aer liber.<\/p>\n<\/div>\n<p>[analyse_source url=&#8221;https:\/\/www.radiotop.ro\/timp-liber\/trei-seri-cu-filme-si-dans-in-aer-liber-la-suceava-prin-proiectul-summer2youth-finantat-de-consiliul-judetean-filmul-paddington-in-peru-deschide-vineri-in-zona-de-agrement-a-riul.html&#8221;]<\/p>\n","protected":false},"excerpt":{"rendered":"<p>[analyse_image type=&#8221;featured&#8221; src=&#8221;https:\/\/www.radiotop.ro\/img\/media\/2026\/07\/film-aer-liber.jpg&#8221;] Consiliul Jude\u021bean Suceava anun\u021b\u0103 c\u0103 finan\u021beaz\u0103 proiectul Summer2YOUth, derulat de Asocia\u021bia Hope 4 Humanity, prin care, \u00een perioada 31 iulie \u2013 2 august, vor avea loc proiec\u021bii de filme \u00een aer liber \u0219i activit\u0103\u021bi recreative pentru tineri, \u00een mai multe zone din municipiul Suceava. Potrivit comunicatului, evenimentele \u00eencep \u00een fiecare zi de [&hellip;]<\/p>\n","protected":false},"author":1,"featured_media":0,"comment_status":"open","ping_status":"","sticky":false,"template":"","format":"standard","meta":{"footnotes":""},"categories":[89],"tags":[226,163],"class_list":["post-2072090","post","type-post","status-publish","format-standard","hentry","category-romania","tag-crawlmanager","tag-radiotop-ro"],"_links":{"self":[{"href":"https:\/\/analyse.optim.biz\/index.php?rest_route=\/wp\/v2\/posts\/2072090","targetHints":{"allow":["GET"]}}],"collection":[{"href":"https:\/\/analyse.optim.biz\/index.php?rest_route=\/wp\/v2\/posts"}],"about":[{"href":"https:\/\/analyse.optim.biz\/index.php?rest_route=\/wp\/v2\/types\/post"}],"author":[{"embeddable":true,"href":"https:\/\/analyse.optim.biz\/index.php?rest_route=\/wp\/v2\/users\/1"}],"replies":[{"embeddable":true,"href":"https:\/\/analyse.optim.biz\/index.php?rest_route=%2Fwp%2Fv2%2Fcomments&post=2072090"}],"version-history":[{"count":0,"href":"https:\/\/analyse.optim.biz\/index.php?rest_route=\/wp\/v2\/posts\/2072090\/revisions"}],"wp:attachment":[{"href":"https:\/\/analyse.optim.biz\/index.php?rest_route=%2Fwp%2Fv2%2Fmedia&parent=2072090"}],"wp:term":[{"taxonomy":"category","embeddable":true,"href":"https:\/\/analyse.optim.biz\/index.php?rest_route=%2Fwp%2Fv2%2Fcategories&post=2072090"},{"taxonomy":"post_tag","embeddable":true,"href":"https:\/\/analyse.optim.biz\/index.php?rest_route=%2Fwp%2Fv2%2Ftags&post=2072090"}],"curies":[{"name":"wp","href":"https:\/\/api.w.org\/{rel}","templated":true}]}}