{"id":2072087,"date":"2026-07-31T10:48:03","date_gmt":"2026-07-31T07:48:03","guid":{"rendered":"https:\/\/analyse.optim.biz\/?p=2072087"},"modified":"2026-07-31T10:48:03","modified_gmt":"2026-07-31T07:48:03","slug":"a-inceput-lume-lume-hai-la-tirg-87-de-mesteri-populari-si-recital-fuego-simbata-la-muzeul-satului-bucovinean-cel-mai-scump-bilet-8-lei-nicolae-robu-astepta","status":"publish","type":"post","link":"https:\/\/analyse.optim.biz\/?p=2072087","title":{"rendered":"A \u00eenceput \u201dLume, lume\u2026 hai la t\u00eerg!\u201d: 87 de me\u0219teri populari \u0219i recital Fuego, s\u00eemb\u0103t\u0103, la Muzeul Satului Bucovinean. Cel mai scump bilet \u2013 8 lei. Nicolae Robu: A\u0219tept\u0103m s\u0103 vin\u0103 c\u00eet mai mult\u0103 lume, a\u0219tept\u0103m s\u0103 fie trei zile frumoase"},"content":{"rendered":"<p>[analyse_image type=&#8221;featured&#8221; src=&#8221;https:\/\/www.radiotop.ro\/img\/media\/2026\/07\/ursu-robu-muzeul-satului.jpg&#8221;]<\/p>\n<div class=\"entry-content no-share\">\n<div class=\"content-inner \">\n<p>Evenimentul \u201dLume, lume\u2026 hai la t\u00eerg!\u201d a debutat, ast\u0103zi, la Muzeul Satului Bucovinean de la Cetatea de Scaun a Sucevei \u0219i va continua p\u00een\u0103 duminic\u0103, 2 august. T\u00eergul reune\u0219te, \u00een acest an, 87 de me\u0219teri populari din \u00eentreaga \u021bar\u0103 \u0219i cuprinde expozi\u021bii cu produse tradi\u021bionale, spectacole folclorice cu arti\u0219ti locali \u0219i recitalul sus\u021binut de Fuego, programat s\u00eemb\u0103t\u0103, de la ora 18.00.<\/p>\n<p>Directorul Muzeului Na\u021bional al Bucovinei, Emil Ursu, a declarat c\u0103 toate preg\u0103tirile au fost \u00eencheiate. A spus acesta: \u201dMe\u0219terii din toat\u0103 \u021bara au venit la t\u00eerg, 87 de me\u0219teri, care au ajuns, s-au instalat deja. Trei zile me\u0219teri, produse me\u0219te\u0219ug\u0103re\u0219ti sau inspirate din tradi\u021bia popular\u0103, spectacole. Ast\u0103zi \u0219i duminic\u0103 spectacole cu arti\u0219ti locali, m\u00eeine c\u00eent\u0103 Fuego\u201d.<\/p>\n<p>Emil Ursu a amintit c\u0103 pre\u021burile biletelor au fost men\u021binute la un nivel redus, pentru a \u00eencuraja participarea publicului. A afirmat directorul muzeului: \u201dBiletul de intrare este modic, 8 lei pentru adul\u021bi, 4 lei pentru pensionari, 2 lei pentru copii. \u00cen cadrul acestui bilet se pot vizita \u0219i casele. Fiecare muzeu \u00ee\u0219i are propria politic\u0103, fiecare consiliu jude\u021bean \u00ee\u0219i are propria politic\u0103. La noi s-a ales ca accesul s\u0103 fie c\u00eet mai facil, \u00een primul r\u00eend pentru suceveni, se \u00een\u021belege. \u0218i dup\u0103 aceea, sigur, \u0219i pentru turi\u0219ti\u201d.<\/p>\n<p>La r\u00eendul s\u0103u, vicepre\u0219edintele Consiliului Jude\u021bean Suceava Nicolae Robu \u0219i-a exprimat speran\u021ba c\u0103 evenimentul va atrage un num\u0103r mare de vizitatori, \u00een ciuda faptului c\u0103 \u00een jude\u021b au loc \u0219i alte manifest\u0103ri importante. A declarat acesta: \u201dA\u0219tept\u0103m s\u0103 vin\u0103 c\u00eet mai mult\u0103 lume, a\u0219tept\u0103m s\u0103 fie trei zile frumoase. Este un weekend plin de evenimente \u00een jude\u021bul Suceava. Pe l\u00eeng\u0103 acest t\u00eerg, care se desf\u0103\u0219oar\u0103 \u00een incinta Muzeului Satului Bucovinean, avem al\u0103turi MotorFest-ul, iar la Cacica Festivalul Trufelor. Cred c\u0103 m\u00eeine vor fi foarte multe persoane care vor veni aici, pe platoul Cet\u0103\u021bii de Scaun, pentru c\u0103 s\u00eent dou\u0103 festivaluri \u00een acela\u0219i timp. Sper ca to\u021bi sucevenii, \u0219i nu numai sucevenii, ci \u0219i turi\u0219tii care vin \u00een jude\u021bul Suceava, s\u0103 aib\u0103 zile frumoase, zile cu soare, \u0219i s\u0103 se simt\u0103 bine la noi \u00een jude\u021b\u201d.<\/p>\n<\/div>\n<\/div>\n<div class=\"content-inner \">\n<p>Evenimentul \u201dLume, lume\u2026 hai la t\u00eerg!\u201d a debutat, ast\u0103zi, la Muzeul Satului Bucovinean de la Cetatea de Scaun a Sucevei \u0219i va continua p\u00een\u0103 duminic\u0103, 2 august. T\u00eergul reune\u0219te, \u00een acest an, 87 de me\u0219teri populari din \u00eentreaga \u021bar\u0103 \u0219i cuprinde expozi\u021bii cu produse tradi\u021bionale, spectacole folclorice cu arti\u0219ti locali \u0219i recitalul sus\u021binut de Fuego, programat s\u00eemb\u0103t\u0103, de la ora 18.00.<\/p>\n<p>Directorul Muzeului Na\u021bional al Bucovinei, Emil Ursu, a declarat c\u0103 toate preg\u0103tirile au fost \u00eencheiate. A spus acesta: \u201dMe\u0219terii din toat\u0103 \u021bara au venit la t\u00eerg, 87 de me\u0219teri, care au ajuns, s-au instalat deja. Trei zile me\u0219teri, produse me\u0219te\u0219ug\u0103re\u0219ti sau inspirate din tradi\u021bia popular\u0103, spectacole. Ast\u0103zi \u0219i duminic\u0103 spectacole cu arti\u0219ti locali, m\u00eeine c\u00eent\u0103 Fuego\u201d.<\/p>\n<p>Emil Ursu a amintit c\u0103 pre\u021burile biletelor au fost men\u021binute la un nivel redus, pentru a \u00eencuraja participarea publicului. A afirmat directorul muzeului: \u201dBiletul de intrare este modic, 8 lei pentru adul\u021bi, 4 lei pentru pensionari, 2 lei pentru copii. \u00cen cadrul acestui bilet se pot vizita \u0219i casele. Fiecare muzeu \u00ee\u0219i are propria politic\u0103, fiecare consiliu jude\u021bean \u00ee\u0219i are propria politic\u0103. La noi s-a ales ca accesul s\u0103 fie c\u00eet mai facil, \u00een primul r\u00eend pentru suceveni, se \u00een\u021belege. \u0218i dup\u0103 aceea, sigur, \u0219i pentru turi\u0219ti\u201d.<\/p>\n<p>La r\u00eendul s\u0103u, vicepre\u0219edintele Consiliului Jude\u021bean Suceava Nicolae Robu \u0219i-a exprimat speran\u021ba c\u0103 evenimentul va atrage un num\u0103r mare de vizitatori, \u00een ciuda faptului c\u0103 \u00een jude\u021b au loc \u0219i alte manifest\u0103ri importante. A declarat acesta: \u201dA\u0219tept\u0103m s\u0103 vin\u0103 c\u00eet mai mult\u0103 lume, a\u0219tept\u0103m s\u0103 fie trei zile frumoase. Este un weekend plin de evenimente \u00een jude\u021bul Suceava. Pe l\u00eeng\u0103 acest t\u00eerg, care se desf\u0103\u0219oar\u0103 \u00een incinta Muzeului Satului Bucovinean, avem al\u0103turi MotorFest-ul, iar la Cacica Festivalul Trufelor. Cred c\u0103 m\u00eeine vor fi foarte multe persoane care vor veni aici, pe platoul Cet\u0103\u021bii de Scaun, pentru c\u0103 s\u00eent dou\u0103 festivaluri \u00een acela\u0219i timp. Sper ca to\u021bi sucevenii, \u0219i nu numai sucevenii, ci \u0219i turi\u0219tii care vin \u00een jude\u021bul Suceava, s\u0103 aib\u0103 zile frumoase, zile cu soare, \u0219i s\u0103 se simt\u0103 bine la noi \u00een jude\u021b\u201d.<\/p>\n<\/div>\n<p>[analyse_source url=&#8221;https:\/\/www.radiotop.ro\/timp-liber\/a-inceput-lume-lume-hai-la-tirg-187-de-mesteri-populari-si-recital-fuego-simbata-la-muzeul-satului-bucovinean-cel-mai-scump-bilet-8-lei-nicolae-robu-asteptam-sa-vina-cit.html&#8221;]<\/p>\n","protected":false},"excerpt":{"rendered":"<p>[analyse_image type=&#8221;featured&#8221; src=&#8221;https:\/\/www.radiotop.ro\/img\/media\/2026\/07\/ursu-robu-muzeul-satului.jpg&#8221;] Evenimentul \u201dLume, lume\u2026 hai la t\u00eerg!\u201d a debutat, ast\u0103zi, la Muzeul Satului Bucovinean de la Cetatea de Scaun a Sucevei \u0219i va continua p\u00een\u0103 duminic\u0103, 2 august. T\u00eergul reune\u0219te, \u00een acest an, 87 de me\u0219teri populari din \u00eentreaga \u021bar\u0103 \u0219i cuprinde expozi\u021bii cu produse tradi\u021bionale, spectacole folclorice cu arti\u0219ti locali \u0219i recitalul [&hellip;]<\/p>\n","protected":false},"author":1,"featured_media":0,"comment_status":"open","ping_status":"","sticky":false,"template":"","format":"standard","meta":{"footnotes":""},"categories":[89],"tags":[226,163],"class_list":["post-2072087","post","type-post","status-publish","format-standard","hentry","category-romania","tag-crawlmanager","tag-radiotop-ro"],"_links":{"self":[{"href":"https:\/\/analyse.optim.biz\/index.php?rest_route=\/wp\/v2\/posts\/2072087","targetHints":{"allow":["GET"]}}],"collection":[{"href":"https:\/\/analyse.optim.biz\/index.php?rest_route=\/wp\/v2\/posts"}],"about":[{"href":"https:\/\/analyse.optim.biz\/index.php?rest_route=\/wp\/v2\/types\/post"}],"author":[{"embeddable":true,"href":"https:\/\/analyse.optim.biz\/index.php?rest_route=\/wp\/v2\/users\/1"}],"replies":[{"embeddable":true,"href":"https:\/\/analyse.optim.biz\/index.php?rest_route=%2Fwp%2Fv2%2Fcomments&post=2072087"}],"version-history":[{"count":0,"href":"https:\/\/analyse.optim.biz\/index.php?rest_route=\/wp\/v2\/posts\/2072087\/revisions"}],"wp:attachment":[{"href":"https:\/\/analyse.optim.biz\/index.php?rest_route=%2Fwp%2Fv2%2Fmedia&parent=2072087"}],"wp:term":[{"taxonomy":"category","embeddable":true,"href":"https:\/\/analyse.optim.biz\/index.php?rest_route=%2Fwp%2Fv2%2Fcategories&post=2072087"},{"taxonomy":"post_tag","embeddable":true,"href":"https:\/\/analyse.optim.biz\/index.php?rest_route=%2Fwp%2Fv2%2Ftags&post=2072087"}],"curies":[{"name":"wp","href":"https:\/\/api.w.org\/{rel}","templated":true}]}}