{"id":2072074,"date":"2026-07-29T19:19:49","date_gmt":"2026-07-29T16:19:49","guid":{"rendered":"https:\/\/analyse.optim.biz\/?p=2072074"},"modified":"2026-07-29T19:19:49","modified_gmt":"2026-07-29T16:19:49","slug":"ameteala-frecventa-cele-mai-comune-cauze-si-cand-trebuie-investigata","status":"publish","type":"post","link":"https:\/\/analyse.optim.biz\/?p=2072074","title":{"rendered":"Ame\u021beala frecvent\u0103: cele mai comune cauze \u0219i c\u00e2nd trebuie investigat\u0103"},"content":{"rendered":"<p>[analyse_image type=&#8221;featured&#8221; src=&#8221;https:\/\/r3media.ro\/wp-content\/uploads\/2026\/07\/ameeala_frecvent_cele_mai_comune_cauze_i_cnd_trebuie_investigat-e1785525641691.jpghttps:\/\/r3media.ro\/wp-content\/uploads\/2026\/07\/ameeala_frecvent_cele_mai_comune_cauze_i_cnd_trebuie_investigat-e1785525641691.jpg&#8221;]<\/p>\n<article id=\"template-id-109\" class=\"post-109 tdb_templates type-tdb_templates status-publish post\">\n<div id=\"tdi_2\" class=\"tdc-zone\">\n<div class=\"tdc_zone tdi_3  wpb_row td-pb-row\">\n<div id=\"tdi_4\" class=\"tdc-row\">\n<div class=\"vc_row tdi_5  wpb_row td-pb-row\">\n<div class=\"vc_column tdi_7  wpb_column vc_column_container tdc-column td-pb-span8\">\n<div class=\"wpb_wrapper\">\n<div class=\"td_block_wrap tdb_breadcrumbs tdi_8 td-pb-border-top td_block_template_1 tdb-breadcrumbs \" data-td-block-uid=\"tdi_8\">\n<div class=\"tdb-block-inner td-fix-index\"><span><a title=\"Vede\u021bi toate articolele \u00een \u0218TIRI\" class=\"tdb-entry-crumb\" href=\"https:\/\/r3media.ro\/category\/stiri\/\">\u0218TIRI<\/a><\/span><span class=\"tdb-bred-no-url-last\">Ame\u021beala frecvent\u0103: cele mai comune cauze \u0219i c\u00e2nd trebuie investigat\u0103<\/span><\/div>\n<\/div>\n<div class=\"td_block_wrap tdb_single_categories tdi_9 td-pb-border-top td_block_template_1 \" data-td-block-uid=\"tdi_9\">\n<div class=\"tdb-category td-fix-index\"><a class=\"tdb-entry-category\" href=\"https:\/\/r3media.ro\/category\/stiri\/\">\u0218TIRI<\/a><\/div>\n<\/div>\n<div class=\"td_block_wrap tdb_title tdi_10 tdb-single-title td-pb-border-top td_block_template_1\" data-td-block-uid=\"tdi_10\">\n<div class=\"tdb-block-inner td-fix-index\">\n<h1 class=\"tdb-title-text\">Ame\u021beala frecvent\u0103: cele mai comune cauze \u0219i c\u00e2nd trebuie investigat\u0103<\/h1>\n<\/div>\n<\/div>\n<div class=\"vc_row_inner tdi_12  vc_row vc_inner wpb_row td-pb-row\">\n<div class=\"vc_column_inner tdi_14  wpb_column vc_column_container tdc-inner-column td-pb-span12\">\n<div class=\"vc_column-inner\">\n<div class=\"wpb_wrapper\">\n<div class=\"td_block_wrap tdb_single_author tdi_15 td-pb-border-top td_block_template_1 tdb-post-meta\" data-td-block-uid=\"tdi_15\">\n<div class=\"tdb-block-inner td-fix-index\">\n<div class=\"tdb-author-name-wrap\"><a class=\"tdb-author-name\" href=\"https:\/\/r3media.ro\/author\/promo\/\">Promo<\/a><\/div>\n<\/div>\n<\/div>\n<div class=\"td_block_wrap tdb_single_date tdi_16 td-pb-border-top td_block_template_1 tdb-post-meta\" data-td-block-uid=\"tdi_16\">\n<div class=\"tdb-block-inner td-fix-index\"><time class=\"entry-date updated td-module-date\" datetime=\"2026-07-29T22:19:49+03:00\">29\/07\/2026<\/time><\/div>\n<\/div>\n<\/div>\n<\/div>\n<\/div>\n<\/div>\n<div class=\"td_block_wrap tdb_single_content tdi_18 td-pb-border-top td_block_template_1 td-post-content tagdiv-type\" data-td-block-uid=\"tdi_18\">\n<div class=\"tdb-block-inner td-fix-index\">\n<p><strong>Ame\u021beala frecvent\u0103 poate fi un semnal discret al corpului sau un simptom care \u00ee\u021bi d\u0103 via\u021ba peste cap, transform\u00e2nd sarcinile simple \u00een provoc\u0103ri. \u00cen\u021belegerea cauzelor din spatele acestei senza\u021bii te ajut\u0103 s\u0103 faci diferen\u021ba \u00eentre o stare trec\u0103toare \u0219i o problem\u0103 care necesit\u0103 aten\u021bie medical\u0103 imediat\u0103.<\/strong><\/p>\n<p>Te ridici brusc de pe scaun \u0219i sim\u021bi c\u0103 totul se \u00eenv\u00e2rte \u00een jurul t\u0103u pentru c\u00e2teva secunde. Sau poate mergi pe strad\u0103 \u0219i, dintr-odat\u0103, ai senza\u021bia c\u0103 podeaua nu mai este stabil\u0103 sub picioarele tale. Ame\u021beala nu este o boal\u0103 \u00een sine, ci un simptom care poate ascunde zeci de cauze diferite, de la o simpl\u0103 deshidratare p\u00e2n\u0103 la probleme complexe ale urechii interne sau ale sistemului cardiovascular. De cele mai multe ori, tindem s\u0103 o ignor\u0103m sau s\u0103 d\u0103m vina pe oboseal\u0103, dar c\u00e2nd episoadele devin repetitive, corpul \u00eencearc\u0103 s\u0103 ne spun\u0103 ceva.<\/p>\n<p>Cea mai mare provocare este s\u0103 descrii exact ce sim\u021bi, deoarece termenul de ame\u021beal\u0103 este folosit pentru a descrie st\u0103ri foarte diferite. Unii oameni simt un vertij veritabil, adic\u0103 senza\u021bia c\u0103 ei sau camera se \u00eenv\u00e2rt, \u00een timp ce al\u021bii experimenteaz\u0103 doar o stare de dezechilibru sau o senza\u021bie de \u201ecap u\u0219or\u201d. Identificarea corect\u0103 a acestor nuan\u021be este primul pas pe care \u00eel va face orice medic pentru a g\u0103si sursa problemei.<\/p>\n<h2>De ce apare senza\u021bia de vertij \u0219i ame\u021beala frecvent\u0103<\/h2>\n<p>Sistemul nostru de echilibru se bazeaz\u0103 pe o colaborare perfect\u0103 \u00eentre ochi, nervii senzoriali \u0219i urechea intern\u0103. C\u00e2nd unul dintre aceste elemente trimite semnale contradictorii c\u0103tre creier, apare ame\u021beala. Una dintre cele mai comune cauze este vertijul pozi\u021bional paroxistic benign (VPPB). Sun\u0103 complicat, dar \u00een realitate este vorba despre ni\u0219te mici \u201ecristale\u201d de calciu din urechea intern\u0103 care se deplaseaz\u0103 unde nu trebuie. Senza\u021bia este intens\u0103, dar scurt\u0103, declan\u0219at\u0103 de obicei c\u00e2nd \u00eentorci capul \u00een pat sau c\u00e2nd te apleci s\u0103 te legi la \u0219ireturi.<\/p>\n<p>O alt\u0103 cauz\u0103 frecvent\u0103, dar adesea trecut\u0103 cu vederea, este legat\u0103 de tensiunea arterial\u0103. Hipotensiunea ortostatic\u0103 apare atunci c\u00e2nd tensiunea scade brusc \u00een momentul \u00een care te ridici \u00een picioare. Inima nu reu\u0219e\u0219te s\u0103 pompeze suficient s\u00e2nge c\u0103tre creier \u00een acea frac\u021biune de secund\u0103, iar rezultatul este o vedere \u00eence\u021bo\u0219at\u0103 \u0219i o stare de le\u0219in iminent. Nu este \u00eentotdeauna ceva grav, dar poate fi accentuat\u0103 de medicamentele pentru inim\u0103 sau de o hidratare insuficient\u0103.<\/p>\n<p>Anemia \u0219i caren\u021bele de vitamine, \u00een special lipsa de fier sau de vitamina B12, reduc capacitatea s\u00e2ngelui de a transporta oxigenul. Creierul este primul care resimte acest deficit, manifest\u00e2ndu-se prin acea ame\u021beal\u0103 surd\u0103, \u00eenso\u021bit\u0103 de o stare de sl\u0103biciune general\u0103. Dac\u0103 te sim\u021bi mereu obosit \u0219i ame\u021be\u0219ti la efort minim, un set de analize de s\u00e2nge este punctul de plecare obligatoriu.<\/p>\n<h2>Factori de stil de via\u021b\u0103 care \u00ee\u021bi pot tulbura echilibrul<\/h2>\n<p>Uneori, cauza nu este o afec\u021biune medical\u0103 cronic\u0103, ci modul \u00een care ne trat\u0103m corpul \u00een via\u021ba de zi cu zi. Stresul \u0219i anxietatea sunt factori declan\u0219atori majori. \u00cen momentele de panic\u0103 sau de stres intens, respira\u021bia devine superficial\u0103 \u0219i rapid\u0103 (hiperventila\u021bie), ceea ce modific\u0103 nivelul de dioxid de carbon din s\u00e2nge \u0219i provoac\u0103 ame\u021beal\u0103. Este un cerc vicios: ame\u021be\u0219ti pentru c\u0103 e\u0219ti anxios, iar ame\u021beala \u00ee\u021bi provoac\u0103 \u0219i mai mult\u0103 anxietate.<\/p>\n<p>Alimenta\u021bia \u0219i obiceiurile de consum joac\u0103 \u0219i ele un rol important. Iat\u0103 c\u00e2teva elemente care pot declan\u0219a episoade de ame\u021beal\u0103:<\/p>\n<ul>\n<li>Consumul excesiv de cafein\u0103 sau alcool, care deshidrateaz\u0103 organismul \u0219i afecteaz\u0103 urechea intern\u0103.<\/li>\n<li>S\u0103ritul peste mese, care duce la sc\u0103derea glicemiei (hipoglicemie).<\/li>\n<li>Privarea de somn, care afecteaz\u0103 capacitatea creierului de a procesa informa\u021biile senzoriale.<\/li>\n<li>Expunerea prelungit\u0103 la ecrane, care poate cauza oboseal\u0103 vizual\u0103 \u0219i ame\u021beli de mi\u0219care.<\/li>\n<\/ul>\n<p>Dac\u0103 observi c\u0103 ame\u021beala apare dup\u0103 ce ai b\u0103ut a treia cafea sau dup\u0103 ce ai stat opt ore nem\u00e2ncat la birou, solu\u021bia este mai degrab\u0103 o schimbare de obiceiuri dec\u00e2t o vizit\u0103 la neurolog. Totu\u0219i, dac\u0103 aceste st\u0103ri persist\u0103 chiar \u0219i dup\u0103 ce ai corectat stilul de via\u021b\u0103, investiga\u021biile trebuie aprofundate.<\/p>\n<h2>C\u00e2nd devine ame\u021beala o urgen\u021b\u0103 medical\u0103<\/h2>\n<p>De\u0219i majoritatea cazurilor de ame\u021beal\u0103 frecvent\u0103 nu pun via\u021ba \u00een pericol, exist\u0103 situa\u021bii \u00een care nu trebuie s\u0103 a\u0219tep\u021bi. Este esen\u021bial s\u0103 \u0219tii s\u0103 recuno\u0219ti semnele de alarm\u0103 care indic\u0103 o problem\u0103 neurologic\u0103 sau cardiovascular\u0103 serioas\u0103, cum ar fi un accident vascular cerebral sau o tulburare de ritm cardiac.<\/p>\n<p>Dac\u0103 ame\u021beala este \u00eenso\u021bit\u0103 de o durere de cap brusc\u0103 \u0219i sever\u0103, diferit\u0103 de tot ce ai sim\u021bit p\u00e2n\u0103 acum, mergi imediat la medic. De asemenea, dificult\u0103\u021bile de vorbire, amor\u021beala fe\u021bei sau a membrelor (mai ales pe o singur\u0103 parte a corpului) \u0219i vederea dubl\u0103 sunt semnale clare c\u0103 trebuie s\u0103 suni la 112. \u00cen aceste cazuri, fiecare minut conteaz\u0103 pentru a preveni sechelele pe termen lung.<\/p>\n<p>Pe de alt\u0103 parte, dac\u0103 ame\u021beala vine la pachet cu pierderea auzului sau un \u021biuit constant \u00een urechi (tinitus), cauza ar putea fi boala Meniere. Aceasta este o afec\u021biune a urechii interne care necesit\u0103 tratament specializat pentru a preveni degradarea auzului. Nu este o urgen\u021b\u0103 vital\u0103, dar este o problem\u0103 care \u00ee\u021bi poate afecta sever calitatea vie\u021bii dac\u0103 este l\u0103sat\u0103 netratat\u0103.<\/p>\n<h2>Investiga\u021bii necesare pentru un diagnostic corect<\/h2>\n<p>Dac\u0103 ai decis s\u0103 mergi la medic pentru <strong>ame\u021beala frecvent\u0103<\/strong>, preg\u0103te\u0219te-te s\u0103 oferi detalii foarte specifice. Medicul de familie te va trimite probabil, \u00eentr-o prim\u0103 faz\u0103, c\u0103tre un specialist ORL sau un neurolog. Primul pas va fi verificarea urechii interne, deoarece acolo se afl\u0103 \u201ecentrul de comand\u0103\u201d al echilibrului. Testele vestibulare pot determina dac\u0103 problema este una mecanic\u0103, legat\u0103 de acele cristale men\u021bionate anterior.<\/p>\n<p>Dac\u0103 urechea intern\u0103 este \u00een regul\u0103, aten\u021bia se mut\u0103 c\u0103tre sistemul cardiovascular \u0219i cel nervos. Un EKG poate exclude problemele de ritm cardiac, \u00een timp ce o ecografie Doppler de artere carotide verific\u0103 dac\u0103 fluxul de s\u00e2nge c\u0103tre creier este optim. \u00cen cazurile \u00een care simptomele sunt persistente \u0219i neclare, medicul poate recomanda un RMN cerebral pentru a exclude orice leziune sau anomalie structural\u0103.<\/p>\n<p>Nu uita s\u0103 men\u021bionezi toate medicamentele pe care le iei. Multe tratamente pentru tensiune, antidepresive sau chiar unele antibiotice au ame\u021beala listat\u0103 ca efect secundar frecvent. Uneori, simpla ajustare a dozei sau schimbarea unui medicament poate rezolva problema f\u0103r\u0103 alte interven\u021bii complicate.<\/p>\n<h2>\u00centreb\u0103ri frecvente<\/h2>\n<p><strong>Poate fi ame\u021beala cauzat\u0103 de problemele cu coloana cervical\u0103?<\/strong><\/p>\n<p>Da, a\u0219a-numitul vertij cervicogen apare atunci c\u00e2nd problemele coloanei, precum spondiloza, afecteaz\u0103 receptorii de pozi\u021bie din g\u00e2t sau comprim\u0103 u\u0219or vasele de s\u00e2nge. Senza\u021bia apare de obicei la mi\u0219c\u0103ri specifice ale g\u00e2tului.<\/p>\n<p><strong>Este normal s\u0103 ame\u021besc dac\u0103 sunt foarte stresat?<\/strong><\/p>\n<p>Stresul cronic men\u021bine corpul \u00eentr-o stare de alert\u0103 care afecteaz\u0103 sistemul nervos vegetativ. Ame\u021beala psihogen\u0103 este real\u0103 \u0219i se simte ca o stare de plutire sau instabilitate, f\u0103r\u0103 ca organele de echilibru s\u0103 fie afectate fizic.<\/p>\n<p><strong>Ce analize de s\u00e2nge ar trebui s\u0103 fac pentru ame\u021beli?<\/strong><\/p>\n<p>O hemoleucogram\u0103 complet\u0103 pentru a verifica anemia, glicemia pentru a exclude diabetul sau hipoglicemia \u0219i dozarea electroli\u021bilor (calciu, magneziu, potasiu) sunt analizele de baz\u0103 care pot oferi primele indicii despre starea ta de s\u0103n\u0103tate.<\/p>\n<p>Echilibrul este ceva ce lu\u0103m ca fiind garantat p\u00e2n\u0103 \u00een momentul \u00een care \u00eel pierdem, fie \u0219i pentru c\u00e2teva secunde. De cele mai multe ori, ame\u021beala este doar modul corpului de a cere o pauz\u0103, un pahar cu ap\u0103 sau o diet\u0103 mai echilibrat\u0103. Totu\u0219i, a fi atent la nuan\u021bele acestui simptom \u0219i a nu am\u00e2na o vizit\u0103 la medic atunci c\u00e2nd lucrurile devin repetitive este cea mai sigur\u0103 cale de a-\u021bi rec\u0103p\u0103ta stabilitatea, la propriu \u0219i la figurat.<\/p>\n<h2>Referin\u021be:<\/h2>\n<p><a href=\"https:\/\/observatormedical.ro\/ametesti-des-fara-un-motiv-clar-semnele-care-arata-ca-organismul-incearca-sa-te-avertizeze\/\">https:\/\/observatormedical.ro\/ametesti-des-fara-un-motiv-clar-semnele-care-arata-ca-organismul-incearca-sa-te-avertizeze\/<\/a><\/p>\n<p><a href=\"https:\/\/sanatateplus.ro\/ameteala-apare-cand-te-ridici-din-pat-ce-se-poate-intampla-in-organism-in-acel-moment\/\">https:\/\/sanatateplus.ro\/ameteala-apare-cand-te-ridici-din-pat-ce-se-poate-intampla-in-organism-in-acel-moment\/<\/a><\/p>\n<\/div>\n<\/div>\n<div class=\"td_block_wrap td_block_9 tdi_20 td_with_ajax_pagination td-pb-border-top td_block_template_1 td-column-2 td_block_padding td_block_bot_line\" data-td-block-uid=\"tdi_20\">\n<div class=\"td-block-title-wrap\">\n<h4 class=\"block-title td-block-title\"><span class=\"td-pulldown-size\">CITE\u0218TE MAI MULT<\/span><\/h4>\n<\/div>\n<div id=\"tdi_20\" class=\"td_block_inner\">\n<div class=\"td-block-row\">\n<div class=\"td-block-span6\">\n<div class=\"td_module_8 td_module_wrap\">\n<div class=\"item-details\">\n<h3 class=\"entry-title td-module-title\"><a href=\"https:\/\/r3media.ro\/cornel-nistorescu-drone-razboi-ucraina\/\" rel=\"bookmark\" title=\"Cornel Nistorescu, dup\u0103 incidentele cu drone: Adie a aer de r\u0103zboi. De mirare c\u0103 dronele ucrainene nu au st\u00e2rnit at\u00e2ta t\u0103r\u0103boi\">Cornel Nistorescu, dup\u0103 incidentele cu drone: Adie a aer de r\u0103zboi. De mirare c\u0103&#8230;<\/a><\/h3>\n<div class=\"td-module-meta-info\"><a href=\"https:\/\/r3media.ro\/category\/actualitate\/\" class=\"td-post-category\">ACTUALITATE<\/a><span class=\"td-post-author-name\"><a href=\"https:\/\/r3media.ro\/author\/radu_ursan\/\">Radu Ursan<\/a><span>&#8211;<\/span><\/span><span class=\"td-post-date\"><time class=\"entry-date updated td-module-date\" datetime=\"2026-07-28T10:21:51+03:00\">28\/07\/2026<\/time><\/span><\/div>\n<\/div>\n<\/div>\n<\/div>\n<div class=\"td-block-span6\">\n<div class=\"td_module_8 td_module_wrap\">\n<div class=\"item-details\">\n<h3 class=\"entry-title td-module-title\"><a href=\"https:\/\/r3media.ro\/bnr-recomanda-romani-rezerve-de-cash-atacuri-cibernetice-numerar-relevant-criza\/\" rel=\"bookmark\" title=\"BNR le recomand\u0103 rom\u00e2nilor s\u0103 p\u0103streze rezerve de cash: Numerarul se poate dovedi relevant \u00een criz\u0103\">BNR le recomand\u0103 rom\u00e2nilor s\u0103 p\u0103streze rezerve de cash: Numerarul se poate dovedi relevant&#8230;<\/a><\/h3>\n<div class=\"td-module-meta-info\"><a href=\"https:\/\/r3media.ro\/category\/actualitate\/\" class=\"td-post-category\">ACTUALITATE<\/a><span class=\"td-post-author-name\"><a href=\"https:\/\/r3media.ro\/author\/oana\/\">Oana Ivan<\/a><span>&#8211;<\/span><\/span><span class=\"td-post-date\"><time class=\"entry-date updated td-module-date\" datetime=\"2026-07-27T13:11:47+03:00\">27\/07\/2026<\/time><\/span><\/div>\n<\/div>\n<\/div>\n<\/div>\n<\/div>\n<div class=\"td-block-row\">\n<div class=\"td-block-span6\">\n<div class=\"td_module_8 td_module_wrap\">\n<div class=\"item-details\">\n<h3 class=\"entry-title td-module-title\"><a href=\"https:\/\/r3media.ro\/statul-roman-a-semnat-actul-propriei-disparitii\/\" rel=\"bookmark\" title=\"Statul rom\u00e2n a semnat actul propriei dispari\u021bii?\">Statul rom\u00e2n a semnat actul propriei dispari\u021bii?<\/a><\/h3>\n<div class=\"td-module-meta-info\"><a href=\"https:\/\/r3media.ro\/category\/opinii\/\" class=\"td-post-category\">OPINII<\/a><span class=\"td-post-author-name\"><a href=\"https:\/\/r3media.ro\/author\/gabipopa\/\">Gabriel Popa<\/a><span>&#8211;<\/span><\/span><span class=\"td-post-date\"><time class=\"entry-date updated td-module-date\" datetime=\"2026-07-27T15:07:05+03:00\">27\/07\/2026<\/time><\/span><\/div>\n<\/div>\n<\/div>\n<\/div>\n<div class=\"td-block-span6\">\n<div class=\"td_module_8 td_module_wrap\">\n<div class=\"item-details\">\n<h3 class=\"entry-title td-module-title\"><a href=\"https:\/\/r3media.ro\/prima-oara-istorie-presedintia-document-primplan-patriotism-european\/\" rel=\"bookmark\" title=\"Pentru prima oar\u0103 \u00een istorie, Pre\u0219edin\u021bia Rom\u00e2niei emite un document care pune pe primul plan o alt\u0103 entitate dec\u00e2t \u021bara noastr\u0103: patriotismul european\">Pentru prima oar\u0103 \u00een istorie, Pre\u0219edin\u021bia Rom\u00e2niei emite un document care pune pe primul&#8230;<\/a><\/h3>\n<div class=\"td-module-meta-info\"><a href=\"https:\/\/r3media.ro\/category\/actualitate\/\" class=\"td-post-category\">ACTUALITATE<\/a><span class=\"td-post-author-name\"><a href=\"https:\/\/r3media.ro\/author\/teodor_stan\/\">Teodor Stan<\/a><span>&#8211;<\/span><\/span><span class=\"td-post-date\"><time class=\"entry-date updated td-module-date\" datetime=\"2026-07-26T11:44:31+03:00\">26\/07\/2026<\/time><\/span><\/div>\n<\/div>\n<\/div>\n<\/div>\n<\/div>\n<div class=\"td-block-row\">\n<div class=\"td-block-span6\">\n<div class=\"td_module_8 td_module_wrap\">\n<div class=\"item-details\">\n<h3 class=\"entry-title td-module-title\"><a href=\"https:\/\/r3media.ro\/film-nou-stapanul-inelelor-corect-politic-regizor-andy-serkis-diversitate-tolkien-mitologie-nordica\/\" rel=\"bookmark\" title=\"Noul film \u201eSt\u0103p\u00e2nul Inelelor\u201d nu va fi corect politic. Regizorul Andy Serkis: J.R.R. Tolkien a fost influen\u021bat de mitologia nordic\u0103. Nu vrem o distribu\u021bie de dragul de a bifa c\u0103su\u021be\">Noul film \u201eSt\u0103p\u00e2nul Inelelor\u201d nu va fi corect politic. Regizorul Andy Serkis: J.R.R. Tolkien&#8230;<\/a><\/h3>\n<div class=\"td-module-meta-info\"><a href=\"https:\/\/r3media.ro\/category\/actualitate\/\" class=\"td-post-category\">ACTUALITATE<\/a><span class=\"td-post-author-name\"><a href=\"https:\/\/r3media.ro\/author\/oana\/\">Oana Ivan<\/a><span>&#8211;<\/span><\/span><span class=\"td-post-date\"><time class=\"entry-date updated td-module-date\" datetime=\"2026-07-26T15:49:31+03:00\">26\/07\/2026<\/time><\/span><\/div>\n<\/div>\n<\/div>\n<\/div>\n<div class=\"td-block-span6\">\n<div class=\"td_module_8 td_module_wrap\">\n<div class=\"item-details\">\n<h3 class=\"entry-title td-module-title\"><a href=\"https:\/\/r3media.ro\/dictatura-forma-suprema-a-democratiei\/\" rel=\"bookmark\" title=\"Dictatura \u2013 forma suprem\u0103 a democra\u021biei\">Dictatura \u2013 forma suprem\u0103 a democra\u021biei<\/a><\/h3>\n<div class=\"td-module-meta-info\"><a href=\"https:\/\/r3media.ro\/category\/opinii\/\" class=\"td-post-category\">OPINII<\/a><span class=\"td-post-author-name\"><a href=\"https:\/\/r3media.ro\/author\/tru\/\">TRU (Traian Ungureanu)<\/a><span>&#8211;<\/span><\/span><span class=\"td-post-date\"><time class=\"entry-date updated td-module-date\" datetime=\"2026-07-25T16:43:11+03:00\">25\/07\/2026<\/time><\/span><\/div>\n<\/div>\n<\/div>\n<\/div>\n<\/div>\n<div class=\"td-block-row\">\n<div class=\"td-block-span6\">\n<div class=\"td_module_8 td_module_wrap\">\n<div class=\"item-details\">\n<h3 class=\"entry-title td-module-title\"><a href=\"https:\/\/r3media.ro\/marea-britanie-apa-inteligenta-artificiala-romania-centru-ai-restrictii-consum-apa\/\" rel=\"bookmark\" title=\"Marea Britanie nu mai are suficient\u0103 ap\u0103 pentru Inteligen\u021ba Artificial\u0103, dar Rom\u00e2nia vrea s\u0103 g\u0103zduiasc\u0103 un centru AI care consum\u0103 c\u00e2t sute de mii de oameni \u0219i impune restric\u021bii la consumul de ap\u0103 al popula\u021biei\">Marea Britanie nu mai are suficient\u0103 ap\u0103 pentru Inteligen\u021ba Artificial\u0103, dar Rom\u00e2nia vrea s\u0103&#8230;<\/a><\/h3>\n<div class=\"td-module-meta-info\"><a href=\"https:\/\/r3media.ro\/category\/actualitate\/\" class=\"td-post-category\">ACTUALITATE<\/a><span class=\"td-post-author-name\"><a href=\"https:\/\/r3media.ro\/author\/radu_ursan\/\">Radu Ursan<\/a><span>&#8211;<\/span><\/span><span class=\"td-post-date\"><time class=\"entry-date updated td-module-date\" datetime=\"2026-07-23T11:44:13+03:00\">23\/07\/2026<\/time><\/span><\/div>\n<\/div>\n<\/div>\n<\/div>\n<div class=\"td-block-span6\">\n<div class=\"td_module_8 td_module_wrap\">\n<div class=\"item-details\">\n<h3 class=\"entry-title td-module-title\"><a href=\"https:\/\/r3media.ro\/campion-olimpic-olaf-tufte-mort-subit-50-ani\/\" rel=\"bookmark\" title=\"Campionul olimpic Olaf Tufte a murit subit la 50 de ani\">Campionul olimpic Olaf Tufte a murit subit la 50 de ani<\/a><\/h3>\n<div class=\"td-module-meta-info\"><a href=\"https:\/\/r3media.ro\/category\/actualitate\/\" class=\"td-post-category\">ACTUALITATE<\/a><span class=\"td-post-author-name\"><a href=\"https:\/\/r3media.ro\/author\/oana\/\">Oana Ivan<\/a><span>&#8211;<\/span><\/span><span class=\"td-post-date\"><time class=\"entry-date updated td-module-date\" datetime=\"2026-07-22T12:11:02+03:00\">22\/07\/2026<\/time><\/span><\/div>\n<\/div>\n<\/div>\n<\/div>\n<\/div>\n<div class=\"td-block-row\">\n<div class=\"td-block-span6\">\n<div class=\"td_module_8 td_module_wrap\">\n<div class=\"item-details\">\n<h3 class=\"entry-title td-module-title\"><a href=\"https:\/\/r3media.ro\/explozie-incendiu-fabrica-kronospan-brasov-video\/\" rel=\"bookmark\" title=\"VIDEO | Explozie urmat\u0103 de un incendiu la fabrica Kronospan din Bra\u0219ov. \u00cen timp ce pompierii \u00eencercau s\u0103 sting\u0103 focul s-a produs o alt\u0103 explozie\">VIDEO | Explozie urmat\u0103 de un incendiu la fabrica Kronospan din Bra\u0219ov. \u00cen timp&#8230;<\/a><\/h3>\n<div class=\"td-module-meta-info\"><a href=\"https:\/\/r3media.ro\/category\/actualitate\/\" class=\"td-post-category\">ACTUALITATE<\/a><span class=\"td-post-author-name\"><a href=\"https:\/\/r3media.ro\/author\/oana\/\">Oana Ivan<\/a><span>&#8211;<\/span><\/span><span class=\"td-post-date\"><time class=\"entry-date updated td-module-date\" datetime=\"2026-07-22T10:01:28+03:00\">22\/07\/2026<\/time><\/span><\/div>\n<\/div>\n<\/div>\n<\/div>\n<div class=\"td-block-span6\">\n<div class=\"td_module_8 td_module_wrap\">\n<div class=\"item-details\">\n<h3 class=\"entry-title td-module-title\"><a href=\"https:\/\/r3media.ro\/asa-incepe-compania-openai-afirma-un-model-de-inteligenta-artificiala-a-atacat-din-proprie-initiativa-sistemele-unei-alte-companii\/\" rel=\"bookmark\" title=\"A\u0219a \u00eencepe? Compania OpenAI afirm\u0103 un model de inteligen\u021b\u0103 artificial\u0103 a ATACAT din proprie ini\u021biativ\u0103 sistemele unei alte companii\">A\u0219a \u00eencepe? Compania OpenAI afirm\u0103 un model de inteligen\u021b\u0103 artificial\u0103 a ATACAT din proprie&#8230;<\/a><\/h3>\n<div class=\"td-module-meta-info\"><a href=\"https:\/\/r3media.ro\/category\/actualitate\/\" class=\"td-post-category\">ACTUALITATE<\/a><span class=\"td-post-author-name\"><a href=\"https:\/\/r3media.ro\/author\/teodor_stan\/\">Teodor Stan<\/a><span>&#8211;<\/span><\/span><span class=\"td-post-date\"><time class=\"entry-date updated td-module-date\" datetime=\"2026-07-22T09:10:53+03:00\">22\/07\/2026<\/time><\/span><\/div>\n<\/div>\n<\/div>\n<\/div>\n<\/div>\n<div class=\"td-block-row\">\n<div class=\"td-block-span6\">\n<div class=\"td_module_8 td_module_wrap\">\n<div class=\"item-details\">\n<h3 class=\"entry-title td-module-title\"><a href=\"https:\/\/r3media.ro\/episcopul-husilor-oameni-animale-therieni-degradare-progresism\/\" rel=\"bookmark\" title=\"Episcopul Hu\u0219ilor, despre oamenii care se cred animale: V\u0103 da\u021bi seama c\u00e2t\u0103 degradare uman\u0103 este? De ce? Pentru c\u0103 se \u00eencred \u00een progresism\">Episcopul Hu\u0219ilor, despre oamenii care se cred animale: V\u0103 da\u021bi seama c\u00e2t\u0103 degradare uman\u0103&#8230;<\/a><\/h3>\n<div class=\"td-module-meta-info\"><a href=\"https:\/\/r3media.ro\/category\/actualitate\/\" class=\"td-post-category\">ACTUALITATE<\/a><span class=\"td-post-author-name\"><a href=\"https:\/\/r3media.ro\/author\/radu_ursan\/\">Radu Ursan<\/a><span>&#8211;<\/span><\/span><span class=\"td-post-date\"><time class=\"entry-date updated td-module-date\" datetime=\"2026-07-21T19:30:46+03:00\">21\/07\/2026<\/time><\/span><\/div>\n<\/div>\n<\/div>\n<\/div>\n<div class=\"td-block-span6\">\n<div class=\"td_module_8 td_module_wrap\">\n<div class=\"item-details\">\n<h3 class=\"entry-title td-module-title\"><a href=\"https:\/\/r3media.ro\/video-cult-femeie-dumnezeu-mama-romania\/\" rel=\"bookmark\" title=\"VIDEO | Un cult care consider\u0103 o femeie coreean\u0103 drept \u201eDumnezeu Mama\u201d face prozeli\u021bi \u00een Rom\u00e2nia\">VIDEO | Un cult care consider\u0103 o femeie coreean\u0103 drept \u201eDumnezeu Mama\u201d face prozeli\u021bi&#8230;<\/a><\/h3>\n<div class=\"td-module-meta-info\"><a href=\"https:\/\/r3media.ro\/category\/actualitate\/\" class=\"td-post-category\">ACTUALITATE<\/a><span class=\"td-post-author-name\"><a href=\"https:\/\/r3media.ro\/author\/redactia\/\">Redac\u021bia<\/a><span>&#8211;<\/span><\/span><span class=\"td-post-date\"><time class=\"entry-date updated td-module-date\" datetime=\"2026-07-21T11:14:08+03:00\">21\/07\/2026<\/time><\/span><\/div>\n<\/div>\n<\/div>\n<\/div>\n<\/div>\n<\/div>\n<div class=\"td-load-more-wrap td-load-more-infinite-wrap\" id=\"infinite-lm-tdi_20\"><a href=\"https:\/\/r3media.ro\/ameteala-frecventa-cele-mai-comune-cauze-si-cand-trebuie-investigata\/\" class=\"td_ajax_load_more td_ajax_load_more_js\" aria-label=\"\u00cenc\u0103rca\u021bi mai multe\" id=\"next-page-tdi_20\" data-td_block_id=\"tdi_20\">\u00cenc\u0103rca\u021bi mai multe<\/a><\/div>\n<\/div>\n<div class=\"td_block_wrap tdb_single_comments tdi_21 tdb-comm-layout2 td-pb-border-top td_block_template_1\" data-td-block-uid=\"tdi_21\">\n<div class=\"tdb-block-inner td-fix-index\">\n<div class=\"comments\" id=\"comments\">\n<div id=\"respond\" class=\"comment-respond\">\n<h3 id=\"reply-title\" class=\"comment-reply-title\">AI CEVA DE SPUS? <small><a rel=\"nofollow\" id=\"cancel-comment-reply-link\" href=\"https:\/\/r3media.ro\/ameteala-frecventa-cele-mai-comune-cauze-si-cand-trebuie-investigata\/#respond\">Renun\u021ba\u021bi la r\u0103spuns<\/a><\/small><\/h3>\n<div class=\"comment-form-input-wrap td-form-comment\">\n<div class=\"td-warning-comment\">V\u0103 rug\u0103m s\u0103 introduce\u021bi comentariul dvs.!<\/div>\n<\/div>\n<div class=\"comment-form-input-wrap td-form-author\">\n<div class=\"td-warning-author\">Introduce\u021bi aici numele dvs.<\/div>\n<\/div>\n<div class=\"comment-form-input-wrap td-form-email\">\n<div class=\"td-warning-email-error\">A\u021bi introdus o adres\u0103 de e-mail incorect\u0103!<\/div>\n<div class=\"td-warning-email\">V\u0103 rug\u0103m s\u0103 introduce\u021bi adresa dvs. de e-mail aici<\/div>\n<\/div>\n<\/div>\n<\/div>\n<\/div>\n<\/div>\n<\/div>\n<\/div>\n<div class=\"vc_column tdi_23  wpb_column vc_column_container tdc-column td-pb-span4 td-is-sticky\">\n<div class=\"wpb_wrapper\" data-sticky-enabled-on=\"W3RydWUsdHJ1ZSx0cnVlLHRydWVd\" data-sticky-offset=\"20\" data-sticky-is-width-auto=\"W2ZhbHNlLGZhbHNlLGZhbHNlLGZhbHNlXQ==\">\n<div class=\"wpb_wrapper td_block_wrap vc_widget_sidebar tdi_25 \">\n<div class=\"td_block_wrap td_block_7 td_block_widget tdi_26 td-pb-border-top td_block_template_1 td-column-1 td_block_padding\" data-td-block-uid=\"tdi_26\">\n<div class=\"td-block-title-wrap\">\n<h4 class=\"block-title td-block-title\"><span class=\"td-pulldown-size\">Articole RELA\u021aIONATE<\/span><\/h4>\n<\/div>\n<div id=\"tdi_26\" class=\"td_block_inner\">\n<div class=\"td-block-span12\">\n<div class=\"td_module_6 td_module_wrap td-animation-stack\">\n<div class=\"td-module-thumb\"><a href=\"https:\/\/r3media.ro\/masina-electrica-foc-turcia-incarcat-vehicul-explozie-pompieri-stingere-incendiu-video\/\" rel=\"bookmark\" class=\"td-image-wrap \" title=\"VIDEO | O ma\u0219in\u0103 electric\u0103 a luat foc \u00een timp ce se afla la \u00eenc\u0103rcat. Vehiculul a explodat chiar c\u00e2nd pompierii \u00eencercau s\u0103 sting\u0103 incendiul folosind o p\u0103tur\u0103 ignifug\u0103\"><img loading=\"lazy\" decoding=\"async\" class=\"entry-thumb\" src=\"https:\/\/r3media.ro\/wp-content\/uploads\/2026\/07\/masina-electrica-foc-100x70.png\" alt title=\"VIDEO | O ma\u0219in\u0103 electric\u0103 a luat foc \u00een timp ce se afla la \u00eenc\u0103rcat. Vehiculul a explodat chiar c\u00e2nd pompierii \u00eencercau s\u0103 sting\u0103 incendiul folosind o p\u0103tur\u0103 ignifug\u0103\" width=\"100\" height=\"70\"><\/a><\/div>\n<div class=\"item-details\">\n<h3 class=\"entry-title td-module-title\"><a href=\"https:\/\/r3media.ro\/masina-electrica-foc-turcia-incarcat-vehicul-explozie-pompieri-stingere-incendiu-video\/\" rel=\"bookmark\" title=\"VIDEO | O ma\u0219in\u0103 electric\u0103 a luat foc \u00een timp ce se afla la \u00eenc\u0103rcat. Vehiculul a explodat chiar c\u00e2nd pompierii \u00eencercau s\u0103 sting\u0103 incendiul folosind o p\u0103tur\u0103 ignifug\u0103\">VIDEO | O ma\u0219in\u0103 electric\u0103 a luat foc \u00een timp ce&#8230;<\/a><\/h3>\n<div class=\"td-module-meta-info\"><span class=\"td-post-date\"><time class=\"entry-date updated td-module-date\" datetime=\"2026-07-31T13:33:48+03:00\">31\/07\/2026<\/time><\/span><\/div>\n<\/div>\n<\/div>\n<\/div>\n<div class=\"td-block-span12\">\n<div class=\"td_module_6 td_module_wrap td-animation-stack\">\n<div class=\"td-module-thumb\"><a href=\"https:\/\/r3media.ro\/spania-asediu-migranti-exclava-ceuta-africa-madrid-trupe-securitate-video\/\" rel=\"bookmark\" class=\"td-image-wrap \" title=\"VIDEO | Spania se afl\u0103 sub asediu: Mii de migran\u021bi au luat cu asalt exclava Ceuta din Africa. Madridul a trimis trupe pentru a consolida securitatea\"><img loading=\"lazy\" decoding=\"async\" class=\"entry-thumb\" src=\"https:\/\/r3media.ro\/wp-content\/uploads\/2026\/07\/invazie-migranti-ceuta-spania-100x70.png\" alt title=\"VIDEO | Spania se afl\u0103 sub asediu: Mii de migran\u021bi au luat cu asalt exclava Ceuta din Africa. Madridul a trimis trupe pentru a consolida securitatea\" width=\"100\" height=\"70\"><\/a><\/div>\n<div class=\"item-details\">\n<h3 class=\"entry-title td-module-title\"><a href=\"https:\/\/r3media.ro\/spania-asediu-migranti-exclava-ceuta-africa-madrid-trupe-securitate-video\/\" rel=\"bookmark\" title=\"VIDEO | Spania se afl\u0103 sub asediu: Mii de migran\u021bi au luat cu asalt exclava Ceuta din Africa. Madridul a trimis trupe pentru a consolida securitatea\">VIDEO | Spania se afl\u0103 sub asediu: Mii de migran\u021bi au&#8230;<\/a><\/h3>\n<div class=\"td-module-meta-info\"><span class=\"td-post-date\"><time class=\"entry-date updated td-module-date\" datetime=\"2026-07-31T12:39:57+03:00\">31\/07\/2026<\/time><\/span><\/div>\n<\/div>\n<\/div>\n<\/div>\n<div class=\"td-block-span12\">\n<div class=\"td_module_6 td_module_wrap td-animation-stack\">\n<div class=\"td-module-thumb\"><a href=\"https:\/\/r3media.ro\/expert-ucraina-faliment-agricultura-romaneasca-tehnologii-ue\/\" rel=\"bookmark\" class=\"td-image-wrap \" title=\"Un expert explic\u0103 felul \u00een care concuren\u021ba din Ucraina bag\u0103 \u00een faliment agricultura rom\u00e2neasc\u0103: Folosesc tehnologii interzise \u00een UE\"><img loading=\"lazy\" decoding=\"async\" class=\"entry-thumb\" src=\"https:\/\/r3media.ro\/wp-content\/uploads\/2024\/01\/protest-fermieri-si-transportatori-romani-100x70.png\" alt title=\"Un expert explic\u0103 felul \u00een care concuren\u021ba din Ucraina bag\u0103 \u00een faliment agricultura rom\u00e2neasc\u0103: Folosesc tehnologii interzise \u00een UE\" width=\"100\" height=\"70\"><\/a><\/div>\n<div class=\"item-details\">\n<h3 class=\"entry-title td-module-title\"><a href=\"https:\/\/r3media.ro\/expert-ucraina-faliment-agricultura-romaneasca-tehnologii-ue\/\" rel=\"bookmark\" title=\"Un expert explic\u0103 felul \u00een care concuren\u021ba din Ucraina bag\u0103 \u00een faliment agricultura rom\u00e2neasc\u0103: Folosesc tehnologii interzise \u00een UE\">Un expert explic\u0103 felul \u00een care concuren\u021ba din Ucraina bag\u0103 \u00een&#8230;<\/a><\/h3>\n<div class=\"td-module-meta-info\"><span class=\"td-post-date\"><time class=\"entry-date updated td-module-date\" datetime=\"2026-07-30T09:51:48+03:00\">30\/07\/2026<\/time><\/span><\/div>\n<\/div>\n<\/div>\n<\/div>\n<div class=\"td-block-span12\">\n<div class=\"td_module_6 td_module_wrap td-animation-stack\">\n<div class=\"td-module-thumb\"><a href=\"https:\/\/r3media.ro\/criza-energetica-bolojan-romani-reducere-consum\/\" rel=\"bookmark\" class=\"td-image-wrap \" title=\"Criza energiei, confirmat\u0103 de la Guvern: Ilie Bolojan \u00eendeamn\u0103 rom\u00e2nii s\u0103 reduc\u0103 consumul de energie\"><img loading=\"lazy\" decoding=\"async\" class=\"entry-thumb\" src=\"https:\/\/r3media.ro\/wp-content\/uploads\/2023\/08\/nuclearelectrica-cernavoda-100x70.jpg\" alt title=\"Criza energiei, confirmat\u0103 de la Guvern: Ilie Bolojan \u00eendeamn\u0103 rom\u00e2nii s\u0103 reduc\u0103 consumul de energie\" width=\"100\" height=\"70\"><\/a><\/div>\n<div class=\"item-details\">\n<h3 class=\"entry-title td-module-title\"><a href=\"https:\/\/r3media.ro\/criza-energetica-bolojan-romani-reducere-consum\/\" rel=\"bookmark\" title=\"Criza energiei, confirmat\u0103 de la Guvern: Ilie Bolojan \u00eendeamn\u0103 rom\u00e2nii s\u0103 reduc\u0103 consumul de energie\">Criza energiei, confirmat\u0103 de la Guvern: Ilie Bolojan \u00eendeamn\u0103 rom\u00e2nii s\u0103&#8230;<\/a><\/h3>\n<div class=\"td-module-meta-info\"><span class=\"td-post-date\"><time class=\"entry-date updated td-module-date\" datetime=\"2026-07-30T09:05:19+03:00\">30\/07\/2026<\/time><\/span><\/div>\n<\/div>\n<\/div>\n<\/div>\n<div class=\"td-block-span12\">\n<div class=\"td_module_6 td_module_wrap td-animation-stack\">\n<div class=\"td-module-thumb\"><a href=\"https:\/\/r3media.ro\/cum-poti-economisi-pe-termen-lung-cu-echipamente-de-curatenie-durabile\/\" rel=\"bookmark\" class=\"td-image-wrap \" title=\"Cum po\u021bi economisi pe termen lung cu echipamente de cur\u0103\u021benie durabile\"><img loading=\"lazy\" decoding=\"async\" class=\"entry-thumb\" src=\"https:\/\/r3media.ro\/wp-content\/uploads\/2026\/07\/cum_poi_economisi_pe_termen_lung_cu_echipamente_de_curenie_durabile-100x70.jpg\" alt title=\"Cum po\u021bi economisi pe termen lung cu echipamente de cur\u0103\u021benie durabile\" width=\"100\" height=\"70\"><\/a><\/div>\n<div class=\"item-details\">\n<h3 class=\"entry-title td-module-title\"><a href=\"https:\/\/r3media.ro\/cum-poti-economisi-pe-termen-lung-cu-echipamente-de-curatenie-durabile\/\" rel=\"bookmark\" title=\"Cum po\u021bi economisi pe termen lung cu echipamente de cur\u0103\u021benie durabile\">Cum po\u021bi economisi pe termen lung cu echipamente de cur\u0103\u021benie durabile<\/a><\/h3>\n<div class=\"td-module-meta-info\"><span class=\"td-post-date\"><time class=\"entry-date updated td-module-date\" datetime=\"2026-07-29T22:07:47+03:00\">29\/07\/2026<\/time><\/span><\/div>\n<\/div>\n<\/div>\n<\/div>\n<div class=\"td-block-span12\">\n<div class=\"td_module_6 td_module_wrap td-animation-stack\">\n<div class=\"td-module-thumb\"><a href=\"https:\/\/r3media.ro\/calendarul-zilei-30-iulie-sf-apostoli-silvan-criscent-epenetos-si-andronic\/\" rel=\"bookmark\" class=\"td-image-wrap \" title=\"Calendarul zilei 30 iulie: Sf. Apostoli Silvan, Criscent, Epenetos \u0219i Andronic\"><img loading=\"lazy\" decoding=\"async\" class=\"entry-thumb\" src=\"https:\/\/r3media.ro\/wp-content\/uploads\/2022\/07\/sddefault-7-100x70.jpg\" alt title=\"Calendarul zilei 30 iulie: Sf. Apostoli Silvan, Criscent, Epenetos \u0219i Andronic\" width=\"100\" height=\"70\"><\/a><\/div>\n<div class=\"item-details\">\n<h3 class=\"entry-title td-module-title\"><a href=\"https:\/\/r3media.ro\/calendarul-zilei-30-iulie-sf-apostoli-silvan-criscent-epenetos-si-andronic\/\" rel=\"bookmark\" title=\"Calendarul zilei 30 iulie: Sf. Apostoli Silvan, Criscent, Epenetos \u0219i Andronic\">Calendarul zilei 30 iulie: Sf. Apostoli Silvan, Criscent, Epenetos \u0219i Andronic<\/a><\/h3>\n<div class=\"td-module-meta-info\"><span class=\"td-post-date\"><time class=\"entry-date updated td-module-date\" datetime=\"2026-07-29T22:06:56+03:00\">29\/07\/2026<\/time><\/span><\/div>\n<\/div>\n<\/div>\n<\/div>\n<div class=\"td-block-span12\">\n<div class=\"td_module_6 td_module_wrap td-animation-stack\">\n<div class=\"td-module-thumb\"><a href=\"https:\/\/r3media.ro\/tribunal-constitutional-polonia-opreste-recunoastere-tara-casatorii-persoane-acelasi-sex-incheiate-uniunea-europeana\/\" rel=\"bookmark\" class=\"td-image-wrap \" title=\"Tribunalul Constitu\u021bional din Polonia opre\u0219te recunoa\u0219terea pe teritoriul \u021b\u0103rii a c\u0103s\u0103toriilor persoanelor de acela\u0219i sex \u00eencheiate \u00een Uniunea European\u0103\"><img loading=\"lazy\" decoding=\"async\" class=\"entry-thumb\" src=\"https:\/\/r3media.ro\/wp-content\/uploads\/2026\/05\/homosexuali-100x70.png\" alt title=\"Tribunalul Constitu\u021bional din Polonia opre\u0219te recunoa\u0219terea pe teritoriul \u021b\u0103rii a c\u0103s\u0103toriilor persoanelor de acela\u0219i sex \u00eencheiate \u00een Uniunea European\u0103\" width=\"100\" height=\"70\"><\/a><\/div>\n<div class=\"item-details\">\n<h3 class=\"entry-title td-module-title\"><a href=\"https:\/\/r3media.ro\/tribunal-constitutional-polonia-opreste-recunoastere-tara-casatorii-persoane-acelasi-sex-incheiate-uniunea-europeana\/\" rel=\"bookmark\" title=\"Tribunalul Constitu\u021bional din Polonia opre\u0219te recunoa\u0219terea pe teritoriul \u021b\u0103rii a c\u0103s\u0103toriilor persoanelor de acela\u0219i sex \u00eencheiate \u00een Uniunea European\u0103\">Tribunalul Constitu\u021bional din Polonia opre\u0219te recunoa\u0219terea pe teritoriul \u021b\u0103rii a c\u0103s\u0103toriilor&#8230;<\/a><\/h3>\n<div class=\"td-module-meta-info\"><span class=\"td-post-date\"><time class=\"entry-date updated td-module-date\" datetime=\"2026-07-29T14:59:41+03:00\">29\/07\/2026<\/time><\/span><\/div>\n<\/div>\n<\/div>\n<\/div>\n<\/div>\n<\/div>\n<aside class=\"td_block_template_1 widget widget_recent_comments\">\n<h4 class=\"block-title\"><span>INTR\u0102 \u00ceN DISCU\u021aIE!<\/span><\/h4>\n<ul id=\"recentcomments\">\n<li class=\"recentcomments\"><span class=\"comment-author-link\">Nicu<\/span> la <a href=\"https:\/\/r3media.ro\/spania-asediu-migranti-exclava-ceuta-africa-madrid-trupe-securitate-video\/#comment-40331\">VIDEO | Spania se afl\u0103 sub asediu: Mii de migran\u021bi au luat cu asalt exclava Ceuta din Africa. Madridul a trimis trupe pentru a consolida securitatea<\/a><\/li>\n<li class=\"recentcomments\"><span class=\"comment-author-link\">Nicu<\/span> la <a href=\"https:\/\/r3media.ro\/masina-electrica-foc-turcia-incarcat-vehicul-explozie-pompieri-stingere-incendiu-video\/#comment-40330\">VIDEO | O ma\u0219in\u0103 electric\u0103 a luat foc \u00een timp ce se afla la \u00eenc\u0103rcat. Vehiculul a explodat chiar c\u00e2nd pompierii \u00eencercau s\u0103 sting\u0103 incendiul folosind o p\u0103tur\u0103 ignifug\u0103<\/a><\/li>\n<li class=\"recentcomments\"><span class=\"comment-author-link\">Dan<\/span> la <a href=\"https:\/\/r3media.ro\/europarlamentarul-gheorghe-piperea-psd-pnl-usr-udmr-sunt-de-fapt-pro-ucraineni-noi-preferam-sa-fim-pro-romani\/#comment-40329\">Europarlamentarul Gheorghe Piperea: PSD-PNL-USR-UDMR sunt de fapt, pro-ucraineni. Noi prefer\u0103m s\u0103 fim pro-rom\u00e2ni<\/a><\/li>\n<li class=\"recentcomments\"><span class=\"comment-author-link\">Zelizelu<\/span> la <a href=\"https:\/\/r3media.ro\/europarlamentarul-gheorghe-piperea-psd-pnl-usr-udmr-sunt-de-fapt-pro-ucraineni-noi-preferam-sa-fim-pro-romani\/#comment-40328\">Europarlamentarul Gheorghe Piperea: PSD-PNL-USR-UDMR sunt de fapt, pro-ucraineni. Noi prefer\u0103m s\u0103 fim pro-rom\u00e2ni<\/a><\/li>\n<li class=\"recentcomments\"><span class=\"comment-author-link\">Pav\u0103l \u0218tefan<\/span> la <a href=\"https:\/\/r3media.ro\/film-nou-stapanul-inelelor-corect-politic-regizor-andy-serkis-diversitate-tolkien-mitologie-nordica\/#comment-40327\">Noul film \u201eSt\u0103p\u00e2nul Inelelor\u201d nu va fi corect politic. Regizorul Andy Serkis: J.R.R. Tolkien a fost influen\u021bat de mitologia nordic\u0103. Nu vrem o distribu\u021bie de dragul de a bifa c\u0103su\u021be<\/a><\/li>\n<li class=\"recentcomments\"><span class=\"comment-author-link\">Nicu<\/span> la <a href=\"https:\/\/r3media.ro\/avioane-americane-bulgaria-energie-radev-sua\/#comment-40326\">Avioane americane la Bezmer, la schimb cu avantaje \u00een zona energetic\u0103 pentru Bulgaria: ce a ob\u021binut guvernul Radev de la SUA<\/a><\/li>\n<li class=\"recentcomments\"><span class=\"comment-author-link\">Constantin<\/span> la <a href=\"https:\/\/r3media.ro\/prima-oara-istorie-presedintia-document-primplan-patriotism-european\/#comment-40325\">Pentru prima oar\u0103 \u00een istorie, Pre\u0219edin\u021bia Rom\u00e2niei emite un document care pune pe primul plan o alt\u0103 entitate dec\u00e2t \u021bara noastr\u0103: patriotismul european<\/a><\/li>\n<\/ul>\n<\/aside>\n<aside class=\"td_block_template_1 widget widget_search\">\n<h4 class=\"block-title\"><span>CAUT\u0102 \u0218I VEI G\u0102SI<\/span><\/h4>\n<\/aside>\n<\/div>\n<\/div>\n<\/div>\n<\/div>\n<\/div>\n<\/div>\n<\/div>\n<p><span class=\"td-page-meta\"><\/span><span class=\"td-page-meta\"><span class=\"td-page-meta\"><\/span><\/span><span class=\"td-page-meta\"><\/span><\/article>\n<\/p>\n<div class=\"td_block_wrap tdb_single_content tdi_18 td-pb-border-top td_block_template_1 td-post-content tagdiv-type\" data-td-block-uid=\"tdi_18\">\n<div class=\"tdb-block-inner td-fix-index\">\n<p><strong>Ame\u021beala frecvent\u0103 poate fi un semnal discret al corpului sau un simptom care \u00ee\u021bi d\u0103 via\u021ba peste cap, transform\u00e2nd sarcinile simple \u00een provoc\u0103ri. \u00cen\u021belegerea cauzelor din spatele acestei senza\u021bii te ajut\u0103 s\u0103 faci diferen\u021ba \u00eentre o stare trec\u0103toare \u0219i o problem\u0103 care necesit\u0103 aten\u021bie medical\u0103 imediat\u0103.<\/strong><\/p>\n<p>Te ridici brusc de pe scaun \u0219i sim\u021bi c\u0103 totul se \u00eenv\u00e2rte \u00een jurul t\u0103u pentru c\u00e2teva secunde. Sau poate mergi pe strad\u0103 \u0219i, dintr-odat\u0103, ai senza\u021bia c\u0103 podeaua nu mai este stabil\u0103 sub picioarele tale. Ame\u021beala nu este o boal\u0103 \u00een sine, ci un simptom care poate ascunde zeci de cauze diferite, de la o simpl\u0103 deshidratare p\u00e2n\u0103 la probleme complexe ale urechii interne sau ale sistemului cardiovascular. De cele mai multe ori, tindem s\u0103 o ignor\u0103m sau s\u0103 d\u0103m vina pe oboseal\u0103, dar c\u00e2nd episoadele devin repetitive, corpul \u00eencearc\u0103 s\u0103 ne spun\u0103 ceva.<\/p>\n<p>Cea mai mare provocare este s\u0103 descrii exact ce sim\u021bi, deoarece termenul de ame\u021beal\u0103 este folosit pentru a descrie st\u0103ri foarte diferite. Unii oameni simt un vertij veritabil, adic\u0103 senza\u021bia c\u0103 ei sau camera se \u00eenv\u00e2rt, \u00een timp ce al\u021bii experimenteaz\u0103 doar o stare de dezechilibru sau o senza\u021bie de \u201ecap u\u0219or\u201d. Identificarea corect\u0103 a acestor nuan\u021be este primul pas pe care \u00eel va face orice medic pentru a g\u0103si sursa problemei.<\/p>\n<h2>De ce apare senza\u021bia de vertij \u0219i ame\u021beala frecvent\u0103<\/h2>\n<p>Sistemul nostru de echilibru se bazeaz\u0103 pe o colaborare perfect\u0103 \u00eentre ochi, nervii senzoriali \u0219i urechea intern\u0103. C\u00e2nd unul dintre aceste elemente trimite semnale contradictorii c\u0103tre creier, apare ame\u021beala. Una dintre cele mai comune cauze este vertijul pozi\u021bional paroxistic benign (VPPB). Sun\u0103 complicat, dar \u00een realitate este vorba despre ni\u0219te mici \u201ecristale\u201d de calciu din urechea intern\u0103 care se deplaseaz\u0103 unde nu trebuie. Senza\u021bia este intens\u0103, dar scurt\u0103, declan\u0219at\u0103 de obicei c\u00e2nd \u00eentorci capul \u00een pat sau c\u00e2nd te apleci s\u0103 te legi la \u0219ireturi.<\/p>\n<p>O alt\u0103 cauz\u0103 frecvent\u0103, dar adesea trecut\u0103 cu vederea, este legat\u0103 de tensiunea arterial\u0103. Hipotensiunea ortostatic\u0103 apare atunci c\u00e2nd tensiunea scade brusc \u00een momentul \u00een care te ridici \u00een picioare. Inima nu reu\u0219e\u0219te s\u0103 pompeze suficient s\u00e2nge c\u0103tre creier \u00een acea frac\u021biune de secund\u0103, iar rezultatul este o vedere \u00eence\u021bo\u0219at\u0103 \u0219i o stare de le\u0219in iminent. Nu este \u00eentotdeauna ceva grav, dar poate fi accentuat\u0103 de medicamentele pentru inim\u0103 sau de o hidratare insuficient\u0103.<\/p>\n<p>Anemia \u0219i caren\u021bele de vitamine, \u00een special lipsa de fier sau de vitamina B12, reduc capacitatea s\u00e2ngelui de a transporta oxigenul. Creierul este primul care resimte acest deficit, manifest\u00e2ndu-se prin acea ame\u021beal\u0103 surd\u0103, \u00eenso\u021bit\u0103 de o stare de sl\u0103biciune general\u0103. Dac\u0103 te sim\u021bi mereu obosit \u0219i ame\u021be\u0219ti la efort minim, un set de analize de s\u00e2nge este punctul de plecare obligatoriu.<\/p>\n<h2>Factori de stil de via\u021b\u0103 care \u00ee\u021bi pot tulbura echilibrul<\/h2>\n<p>Uneori, cauza nu este o afec\u021biune medical\u0103 cronic\u0103, ci modul \u00een care ne trat\u0103m corpul \u00een via\u021ba de zi cu zi. Stresul \u0219i anxietatea sunt factori declan\u0219atori majori. \u00cen momentele de panic\u0103 sau de stres intens, respira\u021bia devine superficial\u0103 \u0219i rapid\u0103 (hiperventila\u021bie), ceea ce modific\u0103 nivelul de dioxid de carbon din s\u00e2nge \u0219i provoac\u0103 ame\u021beal\u0103. Este un cerc vicios: ame\u021be\u0219ti pentru c\u0103 e\u0219ti anxios, iar ame\u021beala \u00ee\u021bi provoac\u0103 \u0219i mai mult\u0103 anxietate.<\/p>\n<p>Alimenta\u021bia \u0219i obiceiurile de consum joac\u0103 \u0219i ele un rol important. Iat\u0103 c\u00e2teva elemente care pot declan\u0219a episoade de ame\u021beal\u0103:<\/p>\n<ul>\n<li>Consumul excesiv de cafein\u0103 sau alcool, care deshidrateaz\u0103 organismul \u0219i afecteaz\u0103 urechea intern\u0103.<\/li>\n<li>S\u0103ritul peste mese, care duce la sc\u0103derea glicemiei (hipoglicemie).<\/li>\n<li>Privarea de somn, care afecteaz\u0103 capacitatea creierului de a procesa informa\u021biile senzoriale.<\/li>\n<li>Expunerea prelungit\u0103 la ecrane, care poate cauza oboseal\u0103 vizual\u0103 \u0219i ame\u021beli de mi\u0219care.<\/li>\n<\/ul>\n<p>Dac\u0103 observi c\u0103 ame\u021beala apare dup\u0103 ce ai b\u0103ut a treia cafea sau dup\u0103 ce ai stat opt ore nem\u00e2ncat la birou, solu\u021bia este mai degrab\u0103 o schimbare de obiceiuri dec\u00e2t o vizit\u0103 la neurolog. Totu\u0219i, dac\u0103 aceste st\u0103ri persist\u0103 chiar \u0219i dup\u0103 ce ai corectat stilul de via\u021b\u0103, investiga\u021biile trebuie aprofundate.<\/p>\n<h2>C\u00e2nd devine ame\u021beala o urgen\u021b\u0103 medical\u0103<\/h2>\n<p>De\u0219i majoritatea cazurilor de ame\u021beal\u0103 frecvent\u0103 nu pun via\u021ba \u00een pericol, exist\u0103 situa\u021bii \u00een care nu trebuie s\u0103 a\u0219tep\u021bi. Este esen\u021bial s\u0103 \u0219tii s\u0103 recuno\u0219ti semnele de alarm\u0103 care indic\u0103 o problem\u0103 neurologic\u0103 sau cardiovascular\u0103 serioas\u0103, cum ar fi un accident vascular cerebral sau o tulburare de ritm cardiac.<\/p>\n<p>Dac\u0103 ame\u021beala este \u00eenso\u021bit\u0103 de o durere de cap brusc\u0103 \u0219i sever\u0103, diferit\u0103 de tot ce ai sim\u021bit p\u00e2n\u0103 acum, mergi imediat la medic. De asemenea, dificult\u0103\u021bile de vorbire, amor\u021beala fe\u021bei sau a membrelor (mai ales pe o singur\u0103 parte a corpului) \u0219i vederea dubl\u0103 sunt semnale clare c\u0103 trebuie s\u0103 suni la 112. \u00cen aceste cazuri, fiecare minut conteaz\u0103 pentru a preveni sechelele pe termen lung.<\/p>\n<p>Pe de alt\u0103 parte, dac\u0103 ame\u021beala vine la pachet cu pierderea auzului sau un \u021biuit constant \u00een urechi (tinitus), cauza ar putea fi boala Meniere. Aceasta este o afec\u021biune a urechii interne care necesit\u0103 tratament specializat pentru a preveni degradarea auzului. Nu este o urgen\u021b\u0103 vital\u0103, dar este o problem\u0103 care \u00ee\u021bi poate afecta sever calitatea vie\u021bii dac\u0103 este l\u0103sat\u0103 netratat\u0103.<\/p>\n<h2>Investiga\u021bii necesare pentru un diagnostic corect<\/h2>\n<p>Dac\u0103 ai decis s\u0103 mergi la medic pentru <strong>ame\u021beala frecvent\u0103<\/strong>, preg\u0103te\u0219te-te s\u0103 oferi detalii foarte specifice. Medicul de familie te va trimite probabil, \u00eentr-o prim\u0103 faz\u0103, c\u0103tre un specialist ORL sau un neurolog. Primul pas va fi verificarea urechii interne, deoarece acolo se afl\u0103 \u201ecentrul de comand\u0103\u201d al echilibrului. Testele vestibulare pot determina dac\u0103 problema este una mecanic\u0103, legat\u0103 de acele cristale men\u021bionate anterior.<\/p>\n<p>Dac\u0103 urechea intern\u0103 este \u00een regul\u0103, aten\u021bia se mut\u0103 c\u0103tre sistemul cardiovascular \u0219i cel nervos. Un EKG poate exclude problemele de ritm cardiac, \u00een timp ce o ecografie Doppler de artere carotide verific\u0103 dac\u0103 fluxul de s\u00e2nge c\u0103tre creier este optim. \u00cen cazurile \u00een care simptomele sunt persistente \u0219i neclare, medicul poate recomanda un RMN cerebral pentru a exclude orice leziune sau anomalie structural\u0103.<\/p>\n<p>Nu uita s\u0103 men\u021bionezi toate medicamentele pe care le iei. Multe tratamente pentru tensiune, antidepresive sau chiar unele antibiotice au ame\u021beala listat\u0103 ca efect secundar frecvent. Uneori, simpla ajustare a dozei sau schimbarea unui medicament poate rezolva problema f\u0103r\u0103 alte interven\u021bii complicate.<\/p>\n<h2>\u00centreb\u0103ri frecvente<\/h2>\n<p><strong>Poate fi ame\u021beala cauzat\u0103 de problemele cu coloana cervical\u0103?<\/strong><\/p>\n<p>Da, a\u0219a-numitul vertij cervicogen apare atunci c\u00e2nd problemele coloanei, precum spondiloza, afecteaz\u0103 receptorii de pozi\u021bie din g\u00e2t sau comprim\u0103 u\u0219or vasele de s\u00e2nge. Senza\u021bia apare de obicei la mi\u0219c\u0103ri specifice ale g\u00e2tului.<\/p>\n<p><strong>Este normal s\u0103 ame\u021besc dac\u0103 sunt foarte stresat?<\/strong><\/p>\n<p>Stresul cronic men\u021bine corpul \u00eentr-o stare de alert\u0103 care afecteaz\u0103 sistemul nervos vegetativ. Ame\u021beala psihogen\u0103 este real\u0103 \u0219i se simte ca o stare de plutire sau instabilitate, f\u0103r\u0103 ca organele de echilibru s\u0103 fie afectate fizic.<\/p>\n<p><strong>Ce analize de s\u00e2nge ar trebui s\u0103 fac pentru ame\u021beli?<\/strong><\/p>\n<p>O hemoleucogram\u0103 complet\u0103 pentru a verifica anemia, glicemia pentru a exclude diabetul sau hipoglicemia \u0219i dozarea electroli\u021bilor (calciu, magneziu, potasiu) sunt analizele de baz\u0103 care pot oferi primele indicii despre starea ta de s\u0103n\u0103tate.<\/p>\n<p>Echilibrul este ceva ce lu\u0103m ca fiind garantat p\u00e2n\u0103 \u00een momentul \u00een care \u00eel pierdem, fie \u0219i pentru c\u00e2teva secunde. De cele mai multe ori, ame\u021beala este doar modul corpului de a cere o pauz\u0103, un pahar cu ap\u0103 sau o diet\u0103 mai echilibrat\u0103. Totu\u0219i, a fi atent la nuan\u021bele acestui simptom \u0219i a nu am\u00e2na o vizit\u0103 la medic atunci c\u00e2nd lucrurile devin repetitive este cea mai sigur\u0103 cale de a-\u021bi rec\u0103p\u0103ta stabilitatea, la propriu \u0219i la figurat.<\/p>\n<h2>Referin\u021be:<\/h2>\n<p><a href=\"https:\/\/observatormedical.ro\/ametesti-des-fara-un-motiv-clar-semnele-care-arata-ca-organismul-incearca-sa-te-avertizeze\/\">https:\/\/observatormedical.ro\/ametesti-des-fara-un-motiv-clar-semnele-care-arata-ca-organismul-incearca-sa-te-avertizeze\/<\/a><\/p>\n<p><a href=\"https:\/\/sanatateplus.ro\/ameteala-apare-cand-te-ridici-din-pat-ce-se-poate-intampla-in-organism-in-acel-moment\/\">https:\/\/sanatateplus.ro\/ameteala-apare-cand-te-ridici-din-pat-ce-se-poate-intampla-in-organism-in-acel-moment\/<\/a><\/p>\n<\/div>\n<\/div>\n<p>[analyse_source url=&#8221;https:\/\/r3media.ro\/ameteala-frecventa-cele-mai-comune-cauze-si-cand-trebuie-investigata\/&#8221;]<\/p>\n","protected":false},"excerpt":{"rendered":"<p>[analyse_image type=&#8221;featured&#8221; src=&#8221;https:\/\/r3media.ro\/wp-content\/uploads\/2026\/07\/ameeala_frecvent_cele_mai_comune_cauze_i_cnd_trebuie_investigat-e1785525641691.jpghttps:\/\/r3media.ro\/wp-content\/uploads\/2026\/07\/ameeala_frecvent_cele_mai_comune_cauze_i_cnd_trebuie_investigat-e1785525641691.jpg&#8221;] \u0218TIRIAme\u021beala frecvent\u0103: cele mai comune cauze \u0219i c\u00e2nd trebuie investigat\u0103 \u0218TIRI Ame\u021beala frecvent\u0103: cele mai comune cauze \u0219i c\u00e2nd trebuie investigat\u0103 Promo 29\/07\/2026 Ame\u021beala frecvent\u0103 poate fi un semnal discret al corpului sau un simptom care \u00ee\u021bi d\u0103 via\u021ba peste cap, transform\u00e2nd sarcinile simple \u00een provoc\u0103ri. \u00cen\u021belegerea cauzelor din spatele acestei senza\u021bii [&hellip;]<\/p>\n","protected":false},"author":1,"featured_media":0,"comment_status":"open","ping_status":"","sticky":false,"template":"","format":"standard","meta":{"footnotes":""},"categories":[89],"tags":[226,93],"class_list":["post-2072074","post","type-post","status-publish","format-standard","hentry","category-romania","tag-crawlmanager","tag-r3media-ro"],"_links":{"self":[{"href":"https:\/\/analyse.optim.biz\/index.php?rest_route=\/wp\/v2\/posts\/2072074","targetHints":{"allow":["GET"]}}],"collection":[{"href":"https:\/\/analyse.optim.biz\/index.php?rest_route=\/wp\/v2\/posts"}],"about":[{"href":"https:\/\/analyse.optim.biz\/index.php?rest_route=\/wp\/v2\/types\/post"}],"author":[{"embeddable":true,"href":"https:\/\/analyse.optim.biz\/index.php?rest_route=\/wp\/v2\/users\/1"}],"replies":[{"embeddable":true,"href":"https:\/\/analyse.optim.biz\/index.php?rest_route=%2Fwp%2Fv2%2Fcomments&post=2072074"}],"version-history":[{"count":0,"href":"https:\/\/analyse.optim.biz\/index.php?rest_route=\/wp\/v2\/posts\/2072074\/revisions"}],"wp:attachment":[{"href":"https:\/\/analyse.optim.biz\/index.php?rest_route=%2Fwp%2Fv2%2Fmedia&parent=2072074"}],"wp:term":[{"taxonomy":"category","embeddable":true,"href":"https:\/\/analyse.optim.biz\/index.php?rest_route=%2Fwp%2Fv2%2Fcategories&post=2072074"},{"taxonomy":"post_tag","embeddable":true,"href":"https:\/\/analyse.optim.biz\/index.php?rest_route=%2Fwp%2Fv2%2Ftags&post=2072074"}],"curies":[{"name":"wp","href":"https:\/\/api.w.org\/{rel}","templated":true}]}}