{"id":2072073,"date":"2026-07-29T19:07:47","date_gmt":"2026-07-29T16:07:47","guid":{"rendered":"https:\/\/analyse.optim.biz\/?p=2072073"},"modified":"2026-07-29T19:07:47","modified_gmt":"2026-07-29T16:07:47","slug":"cum-poti-economisi-pe-termen-lung-cu-echipamente-de-curatenie-durabile","status":"publish","type":"post","link":"https:\/\/analyse.optim.biz\/?p=2072073","title":{"rendered":"Cum po\u021bi economisi pe termen lung cu echipamente de cur\u0103\u021benie durabile"},"content":{"rendered":"<p>[analyse_image type=&#8221;featured&#8221; src=&#8221;https:\/\/r3media.ro\/wp-content\/uploads\/2026\/07\/cum_poi_economisi_pe_termen_lung_cu_echipamente_de_curenie_durabile-e1785525061389.jpghttps:\/\/r3media.ro\/wp-content\/uploads\/2026\/07\/cum_poi_economisi_pe_termen_lung_cu_echipamente_de_curenie_durabile-e1785525061389.jpg&#8221;]<\/p>\n<article id=\"template-id-109\" class=\"post-109 tdb_templates type-tdb_templates status-publish post\">\n<div id=\"tdi_2\" class=\"tdc-zone\">\n<div class=\"tdc_zone tdi_3  wpb_row td-pb-row\">\n<div id=\"tdi_4\" class=\"tdc-row\">\n<div class=\"vc_row tdi_5  wpb_row td-pb-row\">\n<div class=\"vc_column tdi_7  wpb_column vc_column_container tdc-column td-pb-span8\">\n<div class=\"wpb_wrapper\">\n<div class=\"td_block_wrap tdb_breadcrumbs tdi_8 td-pb-border-top td_block_template_1 tdb-breadcrumbs \" data-td-block-uid=\"tdi_8\">\n<div class=\"tdb-block-inner td-fix-index\"><span><a title=\"Vede\u021bi toate articolele \u00een \u0218TIRI\" class=\"tdb-entry-crumb\" href=\"https:\/\/r3media.ro\/category\/stiri\/\">\u0218TIRI<\/a><\/span><span class=\"tdb-bred-no-url-last\">Cum po\u021bi economisi pe termen lung cu echipamente de cur\u0103\u021benie durabile<\/span><\/div>\n<\/div>\n<div class=\"td_block_wrap tdb_single_categories tdi_9 td-pb-border-top td_block_template_1 \" data-td-block-uid=\"tdi_9\">\n<div class=\"tdb-category td-fix-index\"><a class=\"tdb-entry-category\" href=\"https:\/\/r3media.ro\/category\/stiri\/\">\u0218TIRI<\/a><\/div>\n<\/div>\n<div class=\"td_block_wrap tdb_title tdi_10 tdb-single-title td-pb-border-top td_block_template_1\" data-td-block-uid=\"tdi_10\">\n<div class=\"tdb-block-inner td-fix-index\">\n<h1 class=\"tdb-title-text\">Cum po\u021bi economisi pe termen lung cu echipamente de cur\u0103\u021benie durabile<\/h1>\n<\/div>\n<\/div>\n<div class=\"vc_row_inner tdi_12  vc_row vc_inner wpb_row td-pb-row\">\n<div class=\"vc_column_inner tdi_14  wpb_column vc_column_container tdc-inner-column td-pb-span12\">\n<div class=\"vc_column-inner\">\n<div class=\"wpb_wrapper\">\n<div class=\"td_block_wrap tdb_single_author tdi_15 td-pb-border-top td_block_template_1 tdb-post-meta\" data-td-block-uid=\"tdi_15\">\n<div class=\"tdb-block-inner td-fix-index\">\n<div class=\"tdb-author-name-wrap\"><a class=\"tdb-author-name\" href=\"https:\/\/r3media.ro\/author\/promo\/\">Promo<\/a><\/div>\n<\/div>\n<\/div>\n<div class=\"td_block_wrap tdb_single_date tdi_16 td-pb-border-top td_block_template_1 tdb-post-meta\" data-td-block-uid=\"tdi_16\">\n<div class=\"tdb-block-inner td-fix-index\"><time class=\"entry-date updated td-module-date\" datetime=\"2026-07-29T22:07:47+03:00\">29\/07\/2026<\/time><\/div>\n<\/div>\n<\/div>\n<\/div>\n<\/div>\n<\/div>\n<div class=\"td_block_wrap tdb_single_content tdi_18 td-pb-border-top td_block_template_1 td-post-content tagdiv-type\" data-td-block-uid=\"tdi_18\">\n<div class=\"tdb-block-inner td-fix-index\">\n<p>\u00centr-o gospod\u0103rie rom\u00e2neasc\u0103, cheltuielile cu \u00eentre\u021binerea casei \u0219i a cur\u021bii se adun\u0103 treptat, uneori f\u0103r\u0103 s\u0103 fie observate. Un furtun care cedeaz\u0103, o m\u0103tur\u0103 electric\u0103 care nu mai ofer\u0103 aceea\u0219i performan\u021b\u0103, un aparat de sp\u0103lat cu presiune deteriorat din cauza depozit\u0103rii necorespunz\u0103toare \u2014 toate \u00eenseamn\u0103 bani cheltui\u021bi de dou\u0103 ori. Iar de cele mai multe ori, costul real nu e cel de pe etichet\u0103, ci cel acumulat \u00een repara\u021bii, \u00eenlocuiri \u0219i timp pierdut.<\/p>\n<p>Tocmai de aceea, tot mai mul\u021bi consumatori privesc echipamentele de cur\u0103\u021benie ca pe o investi\u021bie, nu ca pe o cheltuial\u0103. Iar produc\u0103tori precum Karcher, prezen\u021bi pe pia\u021ba din Rom\u00e2nia de ani buni, mizeaz\u0103 exact pe acest calcul: un aparat bun, cump\u0103rat o dat\u0103, poate costa mai pu\u021bin pe termen lung dec\u00e2t trei aparate mediocre cump\u0103rate pe r\u00e2nd.<\/p>\n<h2>Ce \u00eenseamn\u0103, concret, durabilitatea unui echipament<\/h2>\n<p>Durabilitatea nu e doar un cuv\u00e2nt de catalog. Ea se traduce \u00een ore de func\u021bionare, \u00een rezisten\u021ba materialelor la uzur\u0103 \u0219i \u00een disponibilitatea pieselor de schimb. Un aparat de sp\u0103lat cu presiune construit din componente solide rezist\u0103 sezon dup\u0103 sezon \u2014 speli terasa prim\u0103vara, cure\u021bi fa\u021bada toamna, \u00eendep\u0103rtezi noroiul de pe ma\u0219in\u0103 vara. Acela\u0219i echipament, ani la r\u00e2nd.<\/p>\n<p>Karcher, de exemplu, ofer\u0103 garan\u021bie extins\u0103 de p\u00e2n\u0103 la 5 ani pentru aparatele de sp\u0103lat cu presiune, cu condi\u021bia \u00eenregistr\u0103rii produsului. Aceast\u0103 garan\u021bie nu este doar un gest comercial. Ea reflect\u0103 \u00eencrederea produc\u0103torului \u00een propriul produs \u0219i contribuie la reducerea riscului pentru cump\u0103r\u0103tor. Pentru o familie care folose\u0219te un astfel de aparat de zece ori pe sezon, diferen\u021ba dintre un echipament care care rezist\u0103 doi ani \u0219i unul care are o durat\u0103 de via\u021b\u0103 de \u0219apte ani se reflect\u0103 direct \u00een buget.<\/p>\n<p>Cine vrea s\u0103 exploreze <a href=\"https:\/\/www.karcher.com\/ro\/ro\/\" target=\"_blank\" rel=\"noopener\">gama complet\u0103 Karcher<\/a> g\u0103se\u0219te aparate de sp\u0103lat cu presiune, aspiratoare \u0219i echipamente de cur\u0103\u021bat cu abur \u2014 fiecare categorie acoperind nevoi diferite din gospod\u0103rie.<\/p>\n<h2>Aspiratorul: calculul pe care pu\u021bini \u00eel fac<\/h2>\n<p>Un aspirator Karcher profesional din gama T sau NT vine cu garan\u021bie de 3 ani la \u00eenregistrarea produsului. Dar dincolo de garan\u021bie, conteaz\u0103 c\u00e2t de bine func\u021bioneaz\u0103 dup\u0103 doi ani de utilizare intens\u0103. Filtrele se schimb\u0103, furtunurile se \u00eenlocuiesc, dar motorul continu\u0103 s\u0103 func\u021bioneze. Sau nu \u2014 depinde de ce ai cump\u0103rat.<\/p>\n<p>Un aspirator cu pre\u021b redus, achizi\u021bionat dintr-un lan\u021b de retail, pare o afacere bun\u0103 \u00een momentul pl\u0103\u021bii. Dar dac\u0103 dup\u0103 opt luni \u00ee\u0219i pierde din puterea de aspirare sau nu g\u0103se\u0219ti filtre compatibile, ajungi s\u0103 cumperi altul. Dou\u0103 aspiratoare \u00een doi ani cost\u0103 mai mult dec\u00e2t unul de calitate, care rezist\u0103 cinci ani.<\/p>\n<p>Calculul acesta se aplic\u0103 \u0219i la aparatele de cur\u0103\u021bat cu abur, care cur\u0103\u021b\u0103 majoritatea suprafe\u021belor din cas\u0103 doar cu ap\u0103. F\u0103r\u0103 detergen\u021bi suplimentari, f\u0103r\u0103 substan\u021be chimice \u2014 doar abur la temperatur\u0103 ridicat\u0103. Pe termen lung, economia la consumabile devine sesizabil\u0103.<\/p>\n<h2>Service-ul \u0219i piesele de schimb \u2014 factorul pe care mul\u021bi \u00eel ignor\u0103<\/h2>\n<p>Un aspect pe care mul\u021bi cump\u0103r\u0103tori \u00eel neglijeaz\u0103 e accesul la service. Karcher are o re\u021bea de centre de service \u00een Rom\u00e2nia, ceea ce \u00eenseamn\u0103 c\u0103 un aparat defect nu trebuie \u00eenlocuit automat. Se repar\u0103, se recondi\u021bioneaz\u0103, se folose\u0219te \u00een continuare.<\/p>\n<p>Re\u021beaua de magazine Karcher ofer\u0103 \u0219i consultan\u021b\u0103 direct\u0103 \u2014 se pot testa produsele \u00eenainte de achizi\u021bie. \u00centr-o pia\u021b\u0103 plin\u0103 de specifica\u021bii greu de comparat, posibilitatea de a vedea \u0219i \u00eencerca echipamentul \u00eenainte de cump\u0103rare r\u0103m\u00e2ne un avantaj concret. De altfel, pentru <a href=\"https:\/\/www.karcher.com\/ro\/ro\/promotii\" target=\"_blank\" rel=\"noopener\">mai multe recomand\u0103ri<\/a> legate de promo\u021biile curente, site-ul oficial listeaz\u0103 campaniile active \u0219i condi\u021biile de garan\u021bie extins\u0103.<\/p>\n<p>Accesul la piese originale conteaz\u0103 la fel de mult. O garnitur\u0103, un cap de duz\u0103, un furtun de \u00eenalt\u0103 presiune \u2014 toate se uzeaz\u0103 \u00een timp. Dac\u0103 le g\u0103se\u0219ti u\u0219or \u0219i le po\u021bi \u00eenlocui, echipamentul poate fi folosit mai mul\u021bi ani. Dac\u0103 nu, un aparat func\u021bional poate ajunge s\u0103 fie \u00eenlocuit inutil.<\/p>\n<h2>Perspectiva economic\u0103 pe termen lung<\/h2>\n<p>Gospod\u0103riile rom\u00e2ne\u0219ti cheltuiesc anual sume considerabile pe cur\u0103\u021benie \u2014 detergen\u021bi, echipamente, accesorii, \u00eenlocuiri. O abordare ra\u021bional\u0103 ar presupune s\u0103 investe\u0219ti mai mult o singur\u0103 dat\u0103 \u0219i s\u0103 reduci costurile recurente. Exact principiul pe care \u00eel urmeaz\u0103 un aparat de sp\u0103lat cu presiune de calitate: se cump\u0103r\u0103 o dat\u0103, se folose\u0219te ani de zile, iar costul pe utilizare scade cu fiecare sp\u0103lare.<\/p>\n<p>Acela\u0219i ra\u021bionament se aplic\u0103 pentru aspiratoare sau pentru aparatele de cur\u0103\u021bat cu abur. Cur\u0103\u021benia \u00een gr\u0103din\u0103, pe teras\u0103 sau \u00een interiorul casei devine mai simpl\u0103 \u0219i mai economic\u0103 atunci c\u00e2nd echipamentul nu trebuie \u00eenlocuit frecvent.<\/p>\n<p>Abordarea aceasta nu e nou\u0103. Dar \u00eentr-o perioad\u0103 \u00een care pre\u021burile cresc \u0219i bugetele devin tot mai atent gestionate, ea devine mai relevant\u0103 ca oric\u00e2nd. Nu e vorba despre lux, ci despre pragmatism.<\/p>\n<h2>Informa\u021bii accesibile, decizie mai bun\u0103<\/h2>\n<p>Karcher pune la dispozi\u021bie pe site-ul oficial <a href=\"https:\/\/www.karcher.com\/ro\/ro\/home-and-garden\/sfaturi-de-curatenie\/\" target=\"_blank\" rel=\"noopener\">ghiduri detaliate<\/a> cu sfaturi de cur\u0103\u021benie \u0219i \u00eentre\u021binere pentru cas\u0103 \u0219i gr\u0103din\u0103. Acestea ajut\u0103 la alegerea corect\u0103 a echipamentului, dar \u0219i la utilizarea lui eficient\u0103 \u2014 fiindc\u0103 un aparat folosit necorespunz\u0103tor se uzeaz\u0103 mai repede.<\/p>\n<p>P\u00e2n\u0103 la urm\u0103, diferen\u021ba dintre o cheltuial\u0103 \u0219i o investi\u021bie st\u0103 \u00eentr-un singur lucru: c\u00e2t timp \u0219i c\u00e2\u021bi bani \u00ee\u021bi economise\u0219te, \u00een timp, ceea ce ai cump\u0103rat azi.<\/p>\n<\/div>\n<\/div>\n<div class=\"td_block_wrap td_block_9 tdi_20 td_with_ajax_pagination td-pb-border-top td_block_template_1 td-column-2 td_block_padding td_block_bot_line\" data-td-block-uid=\"tdi_20\">\n<div class=\"td-block-title-wrap\">\n<h4 class=\"block-title td-block-title\"><span class=\"td-pulldown-size\">CITE\u0218TE MAI MULT<\/span><\/h4>\n<\/div>\n<div id=\"tdi_20\" class=\"td_block_inner\">\n<div class=\"td-block-row\">\n<div class=\"td-block-span6\">\n<div class=\"td_module_8 td_module_wrap\">\n<div class=\"item-details\">\n<h3 class=\"entry-title td-module-title\"><a href=\"https:\/\/r3media.ro\/cornel-nistorescu-drone-razboi-ucraina\/\" rel=\"bookmark\" title=\"Cornel Nistorescu, dup\u0103 incidentele cu drone: Adie a aer de r\u0103zboi. De mirare c\u0103 dronele ucrainene nu au st\u00e2rnit at\u00e2ta t\u0103r\u0103boi\">Cornel Nistorescu, dup\u0103 incidentele cu drone: Adie a aer de r\u0103zboi. De mirare c\u0103&#8230;<\/a><\/h3>\n<div class=\"td-module-meta-info\"><a href=\"https:\/\/r3media.ro\/category\/actualitate\/\" class=\"td-post-category\">ACTUALITATE<\/a><span class=\"td-post-author-name\"><a href=\"https:\/\/r3media.ro\/author\/radu_ursan\/\">Radu Ursan<\/a><span>&#8211;<\/span><\/span><span class=\"td-post-date\"><time class=\"entry-date updated td-module-date\" datetime=\"2026-07-28T10:21:51+03:00\">28\/07\/2026<\/time><\/span><\/div>\n<\/div>\n<\/div>\n<\/div>\n<div class=\"td-block-span6\">\n<div class=\"td_module_8 td_module_wrap\">\n<div class=\"item-details\">\n<h3 class=\"entry-title td-module-title\"><a href=\"https:\/\/r3media.ro\/bnr-recomanda-romani-rezerve-de-cash-atacuri-cibernetice-numerar-relevant-criza\/\" rel=\"bookmark\" title=\"BNR le recomand\u0103 rom\u00e2nilor s\u0103 p\u0103streze rezerve de cash: Numerarul se poate dovedi relevant \u00een criz\u0103\">BNR le recomand\u0103 rom\u00e2nilor s\u0103 p\u0103streze rezerve de cash: Numerarul se poate dovedi relevant&#8230;<\/a><\/h3>\n<div class=\"td-module-meta-info\"><a href=\"https:\/\/r3media.ro\/category\/actualitate\/\" class=\"td-post-category\">ACTUALITATE<\/a><span class=\"td-post-author-name\"><a href=\"https:\/\/r3media.ro\/author\/oana\/\">Oana Ivan<\/a><span>&#8211;<\/span><\/span><span class=\"td-post-date\"><time class=\"entry-date updated td-module-date\" datetime=\"2026-07-27T13:11:47+03:00\">27\/07\/2026<\/time><\/span><\/div>\n<\/div>\n<\/div>\n<\/div>\n<\/div>\n<div class=\"td-block-row\">\n<div class=\"td-block-span6\">\n<div class=\"td_module_8 td_module_wrap\">\n<div class=\"item-details\">\n<h3 class=\"entry-title td-module-title\"><a href=\"https:\/\/r3media.ro\/statul-roman-a-semnat-actul-propriei-disparitii\/\" rel=\"bookmark\" title=\"Statul rom\u00e2n a semnat actul propriei dispari\u021bii?\">Statul rom\u00e2n a semnat actul propriei dispari\u021bii?<\/a><\/h3>\n<div class=\"td-module-meta-info\"><a href=\"https:\/\/r3media.ro\/category\/opinii\/\" class=\"td-post-category\">OPINII<\/a><span class=\"td-post-author-name\"><a href=\"https:\/\/r3media.ro\/author\/gabipopa\/\">Gabriel Popa<\/a><span>&#8211;<\/span><\/span><span class=\"td-post-date\"><time class=\"entry-date updated td-module-date\" datetime=\"2026-07-27T15:07:05+03:00\">27\/07\/2026<\/time><\/span><\/div>\n<\/div>\n<\/div>\n<\/div>\n<div class=\"td-block-span6\">\n<div class=\"td_module_8 td_module_wrap\">\n<div class=\"item-details\">\n<h3 class=\"entry-title td-module-title\"><a href=\"https:\/\/r3media.ro\/prima-oara-istorie-presedintia-document-primplan-patriotism-european\/\" rel=\"bookmark\" title=\"Pentru prima oar\u0103 \u00een istorie, Pre\u0219edin\u021bia Rom\u00e2niei emite un document care pune pe primul plan o alt\u0103 entitate dec\u00e2t \u021bara noastr\u0103: patriotismul european\">Pentru prima oar\u0103 \u00een istorie, Pre\u0219edin\u021bia Rom\u00e2niei emite un document care pune pe primul&#8230;<\/a><\/h3>\n<div class=\"td-module-meta-info\"><a href=\"https:\/\/r3media.ro\/category\/actualitate\/\" class=\"td-post-category\">ACTUALITATE<\/a><span class=\"td-post-author-name\"><a href=\"https:\/\/r3media.ro\/author\/teodor_stan\/\">Teodor Stan<\/a><span>&#8211;<\/span><\/span><span class=\"td-post-date\"><time class=\"entry-date updated td-module-date\" datetime=\"2026-07-26T11:44:31+03:00\">26\/07\/2026<\/time><\/span><\/div>\n<\/div>\n<\/div>\n<\/div>\n<\/div>\n<div class=\"td-block-row\">\n<div class=\"td-block-span6\">\n<div class=\"td_module_8 td_module_wrap\">\n<div class=\"item-details\">\n<h3 class=\"entry-title td-module-title\"><a href=\"https:\/\/r3media.ro\/film-nou-stapanul-inelelor-corect-politic-regizor-andy-serkis-diversitate-tolkien-mitologie-nordica\/\" rel=\"bookmark\" title=\"Noul film \u201eSt\u0103p\u00e2nul Inelelor\u201d nu va fi corect politic. Regizorul Andy Serkis: J.R.R. Tolkien a fost influen\u021bat de mitologia nordic\u0103. Nu vrem o distribu\u021bie de dragul de a bifa c\u0103su\u021be\">Noul film \u201eSt\u0103p\u00e2nul Inelelor\u201d nu va fi corect politic. Regizorul Andy Serkis: J.R.R. Tolkien&#8230;<\/a><\/h3>\n<div class=\"td-module-meta-info\"><a href=\"https:\/\/r3media.ro\/category\/actualitate\/\" class=\"td-post-category\">ACTUALITATE<\/a><span class=\"td-post-author-name\"><a href=\"https:\/\/r3media.ro\/author\/oana\/\">Oana Ivan<\/a><span>&#8211;<\/span><\/span><span class=\"td-post-date\"><time class=\"entry-date updated td-module-date\" datetime=\"2026-07-26T15:49:31+03:00\">26\/07\/2026<\/time><\/span><\/div>\n<\/div>\n<\/div>\n<\/div>\n<div class=\"td-block-span6\">\n<div class=\"td_module_8 td_module_wrap\">\n<div class=\"item-details\">\n<h3 class=\"entry-title td-module-title\"><a href=\"https:\/\/r3media.ro\/dictatura-forma-suprema-a-democratiei\/\" rel=\"bookmark\" title=\"Dictatura \u2013 forma suprem\u0103 a democra\u021biei\">Dictatura \u2013 forma suprem\u0103 a democra\u021biei<\/a><\/h3>\n<div class=\"td-module-meta-info\"><a href=\"https:\/\/r3media.ro\/category\/opinii\/\" class=\"td-post-category\">OPINII<\/a><span class=\"td-post-author-name\"><a href=\"https:\/\/r3media.ro\/author\/tru\/\">TRU (Traian Ungureanu)<\/a><span>&#8211;<\/span><\/span><span class=\"td-post-date\"><time class=\"entry-date updated td-module-date\" datetime=\"2026-07-25T16:43:11+03:00\">25\/07\/2026<\/time><\/span><\/div>\n<\/div>\n<\/div>\n<\/div>\n<\/div>\n<div class=\"td-block-row\">\n<div class=\"td-block-span6\">\n<div class=\"td_module_8 td_module_wrap\">\n<div class=\"item-details\">\n<h3 class=\"entry-title td-module-title\"><a href=\"https:\/\/r3media.ro\/marea-britanie-apa-inteligenta-artificiala-romania-centru-ai-restrictii-consum-apa\/\" rel=\"bookmark\" title=\"Marea Britanie nu mai are suficient\u0103 ap\u0103 pentru Inteligen\u021ba Artificial\u0103, dar Rom\u00e2nia vrea s\u0103 g\u0103zduiasc\u0103 un centru AI care consum\u0103 c\u00e2t sute de mii de oameni \u0219i impune restric\u021bii la consumul de ap\u0103 al popula\u021biei\">Marea Britanie nu mai are suficient\u0103 ap\u0103 pentru Inteligen\u021ba Artificial\u0103, dar Rom\u00e2nia vrea s\u0103&#8230;<\/a><\/h3>\n<div class=\"td-module-meta-info\"><a href=\"https:\/\/r3media.ro\/category\/actualitate\/\" class=\"td-post-category\">ACTUALITATE<\/a><span class=\"td-post-author-name\"><a href=\"https:\/\/r3media.ro\/author\/radu_ursan\/\">Radu Ursan<\/a><span>&#8211;<\/span><\/span><span class=\"td-post-date\"><time class=\"entry-date updated td-module-date\" datetime=\"2026-07-23T11:44:13+03:00\">23\/07\/2026<\/time><\/span><\/div>\n<\/div>\n<\/div>\n<\/div>\n<div class=\"td-block-span6\">\n<div class=\"td_module_8 td_module_wrap\">\n<div class=\"item-details\">\n<h3 class=\"entry-title td-module-title\"><a href=\"https:\/\/r3media.ro\/campion-olimpic-olaf-tufte-mort-subit-50-ani\/\" rel=\"bookmark\" title=\"Campionul olimpic Olaf Tufte a murit subit la 50 de ani\">Campionul olimpic Olaf Tufte a murit subit la 50 de ani<\/a><\/h3>\n<div class=\"td-module-meta-info\"><a href=\"https:\/\/r3media.ro\/category\/actualitate\/\" class=\"td-post-category\">ACTUALITATE<\/a><span class=\"td-post-author-name\"><a href=\"https:\/\/r3media.ro\/author\/oana\/\">Oana Ivan<\/a><span>&#8211;<\/span><\/span><span class=\"td-post-date\"><time class=\"entry-date updated td-module-date\" datetime=\"2026-07-22T12:11:02+03:00\">22\/07\/2026<\/time><\/span><\/div>\n<\/div>\n<\/div>\n<\/div>\n<\/div>\n<div class=\"td-block-row\">\n<div class=\"td-block-span6\">\n<div class=\"td_module_8 td_module_wrap\">\n<div class=\"item-details\">\n<h3 class=\"entry-title td-module-title\"><a href=\"https:\/\/r3media.ro\/explozie-incendiu-fabrica-kronospan-brasov-video\/\" rel=\"bookmark\" title=\"VIDEO | Explozie urmat\u0103 de un incendiu la fabrica Kronospan din Bra\u0219ov. \u00cen timp ce pompierii \u00eencercau s\u0103 sting\u0103 focul s-a produs o alt\u0103 explozie\">VIDEO | Explozie urmat\u0103 de un incendiu la fabrica Kronospan din Bra\u0219ov. \u00cen timp&#8230;<\/a><\/h3>\n<div class=\"td-module-meta-info\"><a href=\"https:\/\/r3media.ro\/category\/actualitate\/\" class=\"td-post-category\">ACTUALITATE<\/a><span class=\"td-post-author-name\"><a href=\"https:\/\/r3media.ro\/author\/oana\/\">Oana Ivan<\/a><span>&#8211;<\/span><\/span><span class=\"td-post-date\"><time class=\"entry-date updated td-module-date\" datetime=\"2026-07-22T10:01:28+03:00\">22\/07\/2026<\/time><\/span><\/div>\n<\/div>\n<\/div>\n<\/div>\n<div class=\"td-block-span6\">\n<div class=\"td_module_8 td_module_wrap\">\n<div class=\"item-details\">\n<h3 class=\"entry-title td-module-title\"><a href=\"https:\/\/r3media.ro\/asa-incepe-compania-openai-afirma-un-model-de-inteligenta-artificiala-a-atacat-din-proprie-initiativa-sistemele-unei-alte-companii\/\" rel=\"bookmark\" title=\"A\u0219a \u00eencepe? Compania OpenAI afirm\u0103 un model de inteligen\u021b\u0103 artificial\u0103 a ATACAT din proprie ini\u021biativ\u0103 sistemele unei alte companii\">A\u0219a \u00eencepe? Compania OpenAI afirm\u0103 un model de inteligen\u021b\u0103 artificial\u0103 a ATACAT din proprie&#8230;<\/a><\/h3>\n<div class=\"td-module-meta-info\"><a href=\"https:\/\/r3media.ro\/category\/actualitate\/\" class=\"td-post-category\">ACTUALITATE<\/a><span class=\"td-post-author-name\"><a href=\"https:\/\/r3media.ro\/author\/teodor_stan\/\">Teodor Stan<\/a><span>&#8211;<\/span><\/span><span class=\"td-post-date\"><time class=\"entry-date updated td-module-date\" datetime=\"2026-07-22T09:10:53+03:00\">22\/07\/2026<\/time><\/span><\/div>\n<\/div>\n<\/div>\n<\/div>\n<\/div>\n<div class=\"td-block-row\">\n<div class=\"td-block-span6\">\n<div class=\"td_module_8 td_module_wrap\">\n<div class=\"item-details\">\n<h3 class=\"entry-title td-module-title\"><a href=\"https:\/\/r3media.ro\/episcopul-husilor-oameni-animale-therieni-degradare-progresism\/\" rel=\"bookmark\" title=\"Episcopul Hu\u0219ilor, despre oamenii care se cred animale: V\u0103 da\u021bi seama c\u00e2t\u0103 degradare uman\u0103 este? De ce? Pentru c\u0103 se \u00eencred \u00een progresism\">Episcopul Hu\u0219ilor, despre oamenii care se cred animale: V\u0103 da\u021bi seama c\u00e2t\u0103 degradare uman\u0103&#8230;<\/a><\/h3>\n<div class=\"td-module-meta-info\"><a href=\"https:\/\/r3media.ro\/category\/actualitate\/\" class=\"td-post-category\">ACTUALITATE<\/a><span class=\"td-post-author-name\"><a href=\"https:\/\/r3media.ro\/author\/radu_ursan\/\">Radu Ursan<\/a><span>&#8211;<\/span><\/span><span class=\"td-post-date\"><time class=\"entry-date updated td-module-date\" datetime=\"2026-07-21T19:30:46+03:00\">21\/07\/2026<\/time><\/span><\/div>\n<\/div>\n<\/div>\n<\/div>\n<div class=\"td-block-span6\">\n<div class=\"td_module_8 td_module_wrap\">\n<div class=\"item-details\">\n<h3 class=\"entry-title td-module-title\"><a href=\"https:\/\/r3media.ro\/video-cult-femeie-dumnezeu-mama-romania\/\" rel=\"bookmark\" title=\"VIDEO | Un cult care consider\u0103 o femeie coreean\u0103 drept \u201eDumnezeu Mama\u201d face prozeli\u021bi \u00een Rom\u00e2nia\">VIDEO | Un cult care consider\u0103 o femeie coreean\u0103 drept \u201eDumnezeu Mama\u201d face prozeli\u021bi&#8230;<\/a><\/h3>\n<div class=\"td-module-meta-info\"><a href=\"https:\/\/r3media.ro\/category\/actualitate\/\" class=\"td-post-category\">ACTUALITATE<\/a><span class=\"td-post-author-name\"><a href=\"https:\/\/r3media.ro\/author\/redactia\/\">Redac\u021bia<\/a><span>&#8211;<\/span><\/span><span class=\"td-post-date\"><time class=\"entry-date updated td-module-date\" datetime=\"2026-07-21T11:14:08+03:00\">21\/07\/2026<\/time><\/span><\/div>\n<\/div>\n<\/div>\n<\/div>\n<\/div>\n<\/div>\n<div class=\"td-load-more-wrap td-load-more-infinite-wrap\" id=\"infinite-lm-tdi_20\"><a href=\"https:\/\/r3media.ro\/cum-poti-economisi-pe-termen-lung-cu-echipamente-de-curatenie-durabile\/\" class=\"td_ajax_load_more td_ajax_load_more_js\" aria-label=\"\u00cenc\u0103rca\u021bi mai multe\" id=\"next-page-tdi_20\" data-td_block_id=\"tdi_20\">\u00cenc\u0103rca\u021bi mai multe<\/a><\/div>\n<\/div>\n<div class=\"td_block_wrap tdb_single_comments tdi_21 tdb-comm-layout2 td-pb-border-top td_block_template_1\" data-td-block-uid=\"tdi_21\">\n<div class=\"tdb-block-inner td-fix-index\">\n<div class=\"comments\" id=\"comments\">\n<div id=\"respond\" class=\"comment-respond\">\n<h3 id=\"reply-title\" class=\"comment-reply-title\">AI CEVA DE SPUS? <small><a rel=\"nofollow\" id=\"cancel-comment-reply-link\" href=\"https:\/\/r3media.ro\/cum-poti-economisi-pe-termen-lung-cu-echipamente-de-curatenie-durabile\/#respond\">Renun\u021ba\u021bi la r\u0103spuns<\/a><\/small><\/h3>\n<div class=\"comment-form-input-wrap td-form-comment\">\n<div class=\"td-warning-comment\">V\u0103 rug\u0103m s\u0103 introduce\u021bi comentariul dvs.!<\/div>\n<\/div>\n<div class=\"comment-form-input-wrap td-form-author\">\n<div class=\"td-warning-author\">Introduce\u021bi aici numele dvs.<\/div>\n<\/div>\n<div class=\"comment-form-input-wrap td-form-email\">\n<div class=\"td-warning-email-error\">A\u021bi introdus o adres\u0103 de e-mail incorect\u0103!<\/div>\n<div class=\"td-warning-email\">V\u0103 rug\u0103m s\u0103 introduce\u021bi adresa dvs. de e-mail aici<\/div>\n<\/div>\n<\/div>\n<\/div>\n<\/div>\n<\/div>\n<\/div>\n<\/div>\n<div class=\"vc_column tdi_23  wpb_column vc_column_container tdc-column td-pb-span4 td-is-sticky\">\n<div class=\"wpb_wrapper\" data-sticky-enabled-on=\"W3RydWUsdHJ1ZSx0cnVlLHRydWVd\" data-sticky-offset=\"20\" data-sticky-is-width-auto=\"W2ZhbHNlLGZhbHNlLGZhbHNlLGZhbHNlXQ==\">\n<div class=\"wpb_wrapper td_block_wrap vc_widget_sidebar tdi_25 \">\n<div class=\"td_block_wrap td_block_7 td_block_widget tdi_26 td-pb-border-top td_block_template_1 td-column-1 td_block_padding\" data-td-block-uid=\"tdi_26\">\n<div class=\"td-block-title-wrap\">\n<h4 class=\"block-title td-block-title\"><span class=\"td-pulldown-size\">Articole RELA\u021aIONATE<\/span><\/h4>\n<\/div>\n<div id=\"tdi_26\" class=\"td_block_inner\">\n<div class=\"td-block-span12\">\n<div class=\"td_module_6 td_module_wrap td-animation-stack\">\n<div class=\"td-module-thumb\"><a href=\"https:\/\/r3media.ro\/masina-electrica-foc-turcia-incarcat-vehicul-explozie-pompieri-stingere-incendiu-video\/\" rel=\"bookmark\" class=\"td-image-wrap \" title=\"VIDEO | O ma\u0219in\u0103 electric\u0103 a luat foc \u00een timp ce se afla la \u00eenc\u0103rcat. Vehiculul a explodat chiar c\u00e2nd pompierii \u00eencercau s\u0103 sting\u0103 incendiul folosind o p\u0103tur\u0103 ignifug\u0103\"><img loading=\"lazy\" decoding=\"async\" class=\"entry-thumb\" src=\"https:\/\/r3media.ro\/wp-content\/uploads\/2026\/07\/masina-electrica-foc-100x70.png\" alt title=\"VIDEO | O ma\u0219in\u0103 electric\u0103 a luat foc \u00een timp ce se afla la \u00eenc\u0103rcat. Vehiculul a explodat chiar c\u00e2nd pompierii \u00eencercau s\u0103 sting\u0103 incendiul folosind o p\u0103tur\u0103 ignifug\u0103\" width=\"100\" height=\"70\"><\/a><\/div>\n<div class=\"item-details\">\n<h3 class=\"entry-title td-module-title\"><a href=\"https:\/\/r3media.ro\/masina-electrica-foc-turcia-incarcat-vehicul-explozie-pompieri-stingere-incendiu-video\/\" rel=\"bookmark\" title=\"VIDEO | O ma\u0219in\u0103 electric\u0103 a luat foc \u00een timp ce se afla la \u00eenc\u0103rcat. Vehiculul a explodat chiar c\u00e2nd pompierii \u00eencercau s\u0103 sting\u0103 incendiul folosind o p\u0103tur\u0103 ignifug\u0103\">VIDEO | O ma\u0219in\u0103 electric\u0103 a luat foc \u00een timp ce&#8230;<\/a><\/h3>\n<div class=\"td-module-meta-info\"><span class=\"td-post-date\"><time class=\"entry-date updated td-module-date\" datetime=\"2026-07-31T13:33:48+03:00\">31\/07\/2026<\/time><\/span><\/div>\n<\/div>\n<\/div>\n<\/div>\n<div class=\"td-block-span12\">\n<div class=\"td_module_6 td_module_wrap td-animation-stack\">\n<div class=\"td-module-thumb\"><a href=\"https:\/\/r3media.ro\/spania-asediu-migranti-exclava-ceuta-africa-madrid-trupe-securitate-video\/\" rel=\"bookmark\" class=\"td-image-wrap \" title=\"VIDEO | Spania se afl\u0103 sub asediu: Mii de migran\u021bi au luat cu asalt exclava Ceuta din Africa. Madridul a trimis trupe pentru a consolida securitatea\"><img loading=\"lazy\" decoding=\"async\" class=\"entry-thumb\" src=\"https:\/\/r3media.ro\/wp-content\/uploads\/2026\/07\/invazie-migranti-ceuta-spania-100x70.png\" alt title=\"VIDEO | Spania se afl\u0103 sub asediu: Mii de migran\u021bi au luat cu asalt exclava Ceuta din Africa. Madridul a trimis trupe pentru a consolida securitatea\" width=\"100\" height=\"70\"><\/a><\/div>\n<div class=\"item-details\">\n<h3 class=\"entry-title td-module-title\"><a href=\"https:\/\/r3media.ro\/spania-asediu-migranti-exclava-ceuta-africa-madrid-trupe-securitate-video\/\" rel=\"bookmark\" title=\"VIDEO | Spania se afl\u0103 sub asediu: Mii de migran\u021bi au luat cu asalt exclava Ceuta din Africa. Madridul a trimis trupe pentru a consolida securitatea\">VIDEO | Spania se afl\u0103 sub asediu: Mii de migran\u021bi au&#8230;<\/a><\/h3>\n<div class=\"td-module-meta-info\"><span class=\"td-post-date\"><time class=\"entry-date updated td-module-date\" datetime=\"2026-07-31T12:39:57+03:00\">31\/07\/2026<\/time><\/span><\/div>\n<\/div>\n<\/div>\n<\/div>\n<div class=\"td-block-span12\">\n<div class=\"td_module_6 td_module_wrap td-animation-stack\">\n<div class=\"td-module-thumb\"><a href=\"https:\/\/r3media.ro\/expert-ucraina-faliment-agricultura-romaneasca-tehnologii-ue\/\" rel=\"bookmark\" class=\"td-image-wrap \" title=\"Un expert explic\u0103 felul \u00een care concuren\u021ba din Ucraina bag\u0103 \u00een faliment agricultura rom\u00e2neasc\u0103: Folosesc tehnologii interzise \u00een UE\"><img loading=\"lazy\" decoding=\"async\" class=\"entry-thumb\" src=\"https:\/\/r3media.ro\/wp-content\/uploads\/2024\/01\/protest-fermieri-si-transportatori-romani-100x70.png\" alt title=\"Un expert explic\u0103 felul \u00een care concuren\u021ba din Ucraina bag\u0103 \u00een faliment agricultura rom\u00e2neasc\u0103: Folosesc tehnologii interzise \u00een UE\" width=\"100\" height=\"70\"><\/a><\/div>\n<div class=\"item-details\">\n<h3 class=\"entry-title td-module-title\"><a href=\"https:\/\/r3media.ro\/expert-ucraina-faliment-agricultura-romaneasca-tehnologii-ue\/\" rel=\"bookmark\" title=\"Un expert explic\u0103 felul \u00een care concuren\u021ba din Ucraina bag\u0103 \u00een faliment agricultura rom\u00e2neasc\u0103: Folosesc tehnologii interzise \u00een UE\">Un expert explic\u0103 felul \u00een care concuren\u021ba din Ucraina bag\u0103 \u00een&#8230;<\/a><\/h3>\n<div class=\"td-module-meta-info\"><span class=\"td-post-date\"><time class=\"entry-date updated td-module-date\" datetime=\"2026-07-30T09:51:48+03:00\">30\/07\/2026<\/time><\/span><\/div>\n<\/div>\n<\/div>\n<\/div>\n<div class=\"td-block-span12\">\n<div class=\"td_module_6 td_module_wrap td-animation-stack\">\n<div class=\"td-module-thumb\"><a href=\"https:\/\/r3media.ro\/criza-energetica-bolojan-romani-reducere-consum\/\" rel=\"bookmark\" class=\"td-image-wrap \" title=\"Criza energiei, confirmat\u0103 de la Guvern: Ilie Bolojan \u00eendeamn\u0103 rom\u00e2nii s\u0103 reduc\u0103 consumul de energie\"><img loading=\"lazy\" decoding=\"async\" class=\"entry-thumb\" src=\"https:\/\/r3media.ro\/wp-content\/uploads\/2023\/08\/nuclearelectrica-cernavoda-100x70.jpg\" alt title=\"Criza energiei, confirmat\u0103 de la Guvern: Ilie Bolojan \u00eendeamn\u0103 rom\u00e2nii s\u0103 reduc\u0103 consumul de energie\" width=\"100\" height=\"70\"><\/a><\/div>\n<div class=\"item-details\">\n<h3 class=\"entry-title td-module-title\"><a href=\"https:\/\/r3media.ro\/criza-energetica-bolojan-romani-reducere-consum\/\" rel=\"bookmark\" title=\"Criza energiei, confirmat\u0103 de la Guvern: Ilie Bolojan \u00eendeamn\u0103 rom\u00e2nii s\u0103 reduc\u0103 consumul de energie\">Criza energiei, confirmat\u0103 de la Guvern: Ilie Bolojan \u00eendeamn\u0103 rom\u00e2nii s\u0103&#8230;<\/a><\/h3>\n<div class=\"td-module-meta-info\"><span class=\"td-post-date\"><time class=\"entry-date updated td-module-date\" datetime=\"2026-07-30T09:05:19+03:00\">30\/07\/2026<\/time><\/span><\/div>\n<\/div>\n<\/div>\n<\/div>\n<div class=\"td-block-span12\">\n<div class=\"td_module_6 td_module_wrap td-animation-stack\">\n<div class=\"td-module-thumb\"><a href=\"https:\/\/r3media.ro\/ameteala-frecventa-cele-mai-comune-cauze-si-cand-trebuie-investigata\/\" rel=\"bookmark\" class=\"td-image-wrap \" title=\"Ame\u021beala frecvent\u0103: cele mai comune cauze \u0219i c\u00e2nd trebuie investigat\u0103\"><img loading=\"lazy\" decoding=\"async\" class=\"entry-thumb\" src=\"https:\/\/r3media.ro\/wp-content\/uploads\/2026\/07\/ameeala_frecvent_cele_mai_comune_cauze_i_cnd_trebuie_investigat-100x70.jpg\" alt title=\"Ame\u021beala frecvent\u0103: cele mai comune cauze \u0219i c\u00e2nd trebuie investigat\u0103\" width=\"100\" height=\"70\"><\/a><\/div>\n<div class=\"item-details\">\n<h3 class=\"entry-title td-module-title\"><a href=\"https:\/\/r3media.ro\/ameteala-frecventa-cele-mai-comune-cauze-si-cand-trebuie-investigata\/\" rel=\"bookmark\" title=\"Ame\u021beala frecvent\u0103: cele mai comune cauze \u0219i c\u00e2nd trebuie investigat\u0103\">Ame\u021beala frecvent\u0103: cele mai comune cauze \u0219i c\u00e2nd trebuie investigat\u0103<\/a><\/h3>\n<div class=\"td-module-meta-info\"><span class=\"td-post-date\"><time class=\"entry-date updated td-module-date\" datetime=\"2026-07-29T22:19:49+03:00\">29\/07\/2026<\/time><\/span><\/div>\n<\/div>\n<\/div>\n<\/div>\n<div class=\"td-block-span12\">\n<div class=\"td_module_6 td_module_wrap td-animation-stack\">\n<div class=\"td-module-thumb\"><a href=\"https:\/\/r3media.ro\/calendarul-zilei-30-iulie-sf-apostoli-silvan-criscent-epenetos-si-andronic\/\" rel=\"bookmark\" class=\"td-image-wrap \" title=\"Calendarul zilei 30 iulie: Sf. Apostoli Silvan, Criscent, Epenetos \u0219i Andronic\"><img loading=\"lazy\" decoding=\"async\" class=\"entry-thumb\" src=\"https:\/\/r3media.ro\/wp-content\/uploads\/2022\/07\/sddefault-7-100x70.jpg\" alt title=\"Calendarul zilei 30 iulie: Sf. Apostoli Silvan, Criscent, Epenetos \u0219i Andronic\" width=\"100\" height=\"70\"><\/a><\/div>\n<div class=\"item-details\">\n<h3 class=\"entry-title td-module-title\"><a href=\"https:\/\/r3media.ro\/calendarul-zilei-30-iulie-sf-apostoli-silvan-criscent-epenetos-si-andronic\/\" rel=\"bookmark\" title=\"Calendarul zilei 30 iulie: Sf. Apostoli Silvan, Criscent, Epenetos \u0219i Andronic\">Calendarul zilei 30 iulie: Sf. Apostoli Silvan, Criscent, Epenetos \u0219i Andronic<\/a><\/h3>\n<div class=\"td-module-meta-info\"><span class=\"td-post-date\"><time class=\"entry-date updated td-module-date\" datetime=\"2026-07-29T22:06:56+03:00\">29\/07\/2026<\/time><\/span><\/div>\n<\/div>\n<\/div>\n<\/div>\n<div class=\"td-block-span12\">\n<div class=\"td_module_6 td_module_wrap td-animation-stack\">\n<div class=\"td-module-thumb\"><a href=\"https:\/\/r3media.ro\/tribunal-constitutional-polonia-opreste-recunoastere-tara-casatorii-persoane-acelasi-sex-incheiate-uniunea-europeana\/\" rel=\"bookmark\" class=\"td-image-wrap \" title=\"Tribunalul Constitu\u021bional din Polonia opre\u0219te recunoa\u0219terea pe teritoriul \u021b\u0103rii a c\u0103s\u0103toriilor persoanelor de acela\u0219i sex \u00eencheiate \u00een Uniunea European\u0103\"><img loading=\"lazy\" decoding=\"async\" class=\"entry-thumb\" src=\"https:\/\/r3media.ro\/wp-content\/uploads\/2026\/05\/homosexuali-100x70.png\" alt title=\"Tribunalul Constitu\u021bional din Polonia opre\u0219te recunoa\u0219terea pe teritoriul \u021b\u0103rii a c\u0103s\u0103toriilor persoanelor de acela\u0219i sex \u00eencheiate \u00een Uniunea European\u0103\" width=\"100\" height=\"70\"><\/a><\/div>\n<div class=\"item-details\">\n<h3 class=\"entry-title td-module-title\"><a href=\"https:\/\/r3media.ro\/tribunal-constitutional-polonia-opreste-recunoastere-tara-casatorii-persoane-acelasi-sex-incheiate-uniunea-europeana\/\" rel=\"bookmark\" title=\"Tribunalul Constitu\u021bional din Polonia opre\u0219te recunoa\u0219terea pe teritoriul \u021b\u0103rii a c\u0103s\u0103toriilor persoanelor de acela\u0219i sex \u00eencheiate \u00een Uniunea European\u0103\">Tribunalul Constitu\u021bional din Polonia opre\u0219te recunoa\u0219terea pe teritoriul \u021b\u0103rii a c\u0103s\u0103toriilor&#8230;<\/a><\/h3>\n<div class=\"td-module-meta-info\"><span class=\"td-post-date\"><time class=\"entry-date updated td-module-date\" datetime=\"2026-07-29T14:59:41+03:00\">29\/07\/2026<\/time><\/span><\/div>\n<\/div>\n<\/div>\n<\/div>\n<\/div>\n<\/div>\n<aside class=\"td_block_template_1 widget widget_recent_comments\">\n<h4 class=\"block-title\"><span>INTR\u0102 \u00ceN DISCU\u021aIE!<\/span><\/h4>\n<ul id=\"recentcomments\">\n<li class=\"recentcomments\"><span class=\"comment-author-link\">Nicu<\/span> la <a href=\"https:\/\/r3media.ro\/spania-asediu-migranti-exclava-ceuta-africa-madrid-trupe-securitate-video\/#comment-40331\">VIDEO | Spania se afl\u0103 sub asediu: Mii de migran\u021bi au luat cu asalt exclava Ceuta din Africa. Madridul a trimis trupe pentru a consolida securitatea<\/a><\/li>\n<li class=\"recentcomments\"><span class=\"comment-author-link\">Nicu<\/span> la <a href=\"https:\/\/r3media.ro\/masina-electrica-foc-turcia-incarcat-vehicul-explozie-pompieri-stingere-incendiu-video\/#comment-40330\">VIDEO | O ma\u0219in\u0103 electric\u0103 a luat foc \u00een timp ce se afla la \u00eenc\u0103rcat. Vehiculul a explodat chiar c\u00e2nd pompierii \u00eencercau s\u0103 sting\u0103 incendiul folosind o p\u0103tur\u0103 ignifug\u0103<\/a><\/li>\n<li class=\"recentcomments\"><span class=\"comment-author-link\">Dan<\/span> la <a href=\"https:\/\/r3media.ro\/europarlamentarul-gheorghe-piperea-psd-pnl-usr-udmr-sunt-de-fapt-pro-ucraineni-noi-preferam-sa-fim-pro-romani\/#comment-40329\">Europarlamentarul Gheorghe Piperea: PSD-PNL-USR-UDMR sunt de fapt, pro-ucraineni. Noi prefer\u0103m s\u0103 fim pro-rom\u00e2ni<\/a><\/li>\n<li class=\"recentcomments\"><span class=\"comment-author-link\">Zelizelu<\/span> la <a href=\"https:\/\/r3media.ro\/europarlamentarul-gheorghe-piperea-psd-pnl-usr-udmr-sunt-de-fapt-pro-ucraineni-noi-preferam-sa-fim-pro-romani\/#comment-40328\">Europarlamentarul Gheorghe Piperea: PSD-PNL-USR-UDMR sunt de fapt, pro-ucraineni. Noi prefer\u0103m s\u0103 fim pro-rom\u00e2ni<\/a><\/li>\n<li class=\"recentcomments\"><span class=\"comment-author-link\">Pav\u0103l \u0218tefan<\/span> la <a href=\"https:\/\/r3media.ro\/film-nou-stapanul-inelelor-corect-politic-regizor-andy-serkis-diversitate-tolkien-mitologie-nordica\/#comment-40327\">Noul film \u201eSt\u0103p\u00e2nul Inelelor\u201d nu va fi corect politic. Regizorul Andy Serkis: J.R.R. Tolkien a fost influen\u021bat de mitologia nordic\u0103. Nu vrem o distribu\u021bie de dragul de a bifa c\u0103su\u021be<\/a><\/li>\n<li class=\"recentcomments\"><span class=\"comment-author-link\">Nicu<\/span> la <a href=\"https:\/\/r3media.ro\/avioane-americane-bulgaria-energie-radev-sua\/#comment-40326\">Avioane americane la Bezmer, la schimb cu avantaje \u00een zona energetic\u0103 pentru Bulgaria: ce a ob\u021binut guvernul Radev de la SUA<\/a><\/li>\n<li class=\"recentcomments\"><span class=\"comment-author-link\">Constantin<\/span> la <a href=\"https:\/\/r3media.ro\/prima-oara-istorie-presedintia-document-primplan-patriotism-european\/#comment-40325\">Pentru prima oar\u0103 \u00een istorie, Pre\u0219edin\u021bia Rom\u00e2niei emite un document care pune pe primul plan o alt\u0103 entitate dec\u00e2t \u021bara noastr\u0103: patriotismul european<\/a><\/li>\n<\/ul>\n<\/aside>\n<aside class=\"td_block_template_1 widget widget_search\">\n<h4 class=\"block-title\"><span>CAUT\u0102 \u0218I VEI G\u0102SI<\/span><\/h4>\n<\/aside>\n<\/div>\n<\/div>\n<\/div>\n<\/div>\n<\/div>\n<\/div>\n<\/div>\n<p><span class=\"td-page-meta\"><\/span><span class=\"td-page-meta\"><span class=\"td-page-meta\"><\/span><\/span><span class=\"td-page-meta\"><\/span><\/article>\n<\/p>\n<div class=\"td_block_wrap tdb_single_content tdi_18 td-pb-border-top td_block_template_1 td-post-content tagdiv-type\" data-td-block-uid=\"tdi_18\">\n<div class=\"tdb-block-inner td-fix-index\">\n<p>\u00centr-o gospod\u0103rie rom\u00e2neasc\u0103, cheltuielile cu \u00eentre\u021binerea casei \u0219i a cur\u021bii se adun\u0103 treptat, uneori f\u0103r\u0103 s\u0103 fie observate. Un furtun care cedeaz\u0103, o m\u0103tur\u0103 electric\u0103 care nu mai ofer\u0103 aceea\u0219i performan\u021b\u0103, un aparat de sp\u0103lat cu presiune deteriorat din cauza depozit\u0103rii necorespunz\u0103toare \u2014 toate \u00eenseamn\u0103 bani cheltui\u021bi de dou\u0103 ori. Iar de cele mai multe ori, costul real nu e cel de pe etichet\u0103, ci cel acumulat \u00een repara\u021bii, \u00eenlocuiri \u0219i timp pierdut.<\/p>\n<p>Tocmai de aceea, tot mai mul\u021bi consumatori privesc echipamentele de cur\u0103\u021benie ca pe o investi\u021bie, nu ca pe o cheltuial\u0103. Iar produc\u0103tori precum Karcher, prezen\u021bi pe pia\u021ba din Rom\u00e2nia de ani buni, mizeaz\u0103 exact pe acest calcul: un aparat bun, cump\u0103rat o dat\u0103, poate costa mai pu\u021bin pe termen lung dec\u00e2t trei aparate mediocre cump\u0103rate pe r\u00e2nd.<\/p>\n<h2>Ce \u00eenseamn\u0103, concret, durabilitatea unui echipament<\/h2>\n<p>Durabilitatea nu e doar un cuv\u00e2nt de catalog. Ea se traduce \u00een ore de func\u021bionare, \u00een rezisten\u021ba materialelor la uzur\u0103 \u0219i \u00een disponibilitatea pieselor de schimb. Un aparat de sp\u0103lat cu presiune construit din componente solide rezist\u0103 sezon dup\u0103 sezon \u2014 speli terasa prim\u0103vara, cure\u021bi fa\u021bada toamna, \u00eendep\u0103rtezi noroiul de pe ma\u0219in\u0103 vara. Acela\u0219i echipament, ani la r\u00e2nd.<\/p>\n<p>Karcher, de exemplu, ofer\u0103 garan\u021bie extins\u0103 de p\u00e2n\u0103 la 5 ani pentru aparatele de sp\u0103lat cu presiune, cu condi\u021bia \u00eenregistr\u0103rii produsului. Aceast\u0103 garan\u021bie nu este doar un gest comercial. Ea reflect\u0103 \u00eencrederea produc\u0103torului \u00een propriul produs \u0219i contribuie la reducerea riscului pentru cump\u0103r\u0103tor. Pentru o familie care folose\u0219te un astfel de aparat de zece ori pe sezon, diferen\u021ba dintre un echipament care care rezist\u0103 doi ani \u0219i unul care are o durat\u0103 de via\u021b\u0103 de \u0219apte ani se reflect\u0103 direct \u00een buget.<\/p>\n<p>Cine vrea s\u0103 exploreze <a href=\"https:\/\/www.karcher.com\/ro\/ro\/\" target=\"_blank\" rel=\"noopener\">gama complet\u0103 Karcher<\/a> g\u0103se\u0219te aparate de sp\u0103lat cu presiune, aspiratoare \u0219i echipamente de cur\u0103\u021bat cu abur \u2014 fiecare categorie acoperind nevoi diferite din gospod\u0103rie.<\/p>\n<h2>Aspiratorul: calculul pe care pu\u021bini \u00eel fac<\/h2>\n<p>Un aspirator Karcher profesional din gama T sau NT vine cu garan\u021bie de 3 ani la \u00eenregistrarea produsului. Dar dincolo de garan\u021bie, conteaz\u0103 c\u00e2t de bine func\u021bioneaz\u0103 dup\u0103 doi ani de utilizare intens\u0103. Filtrele se schimb\u0103, furtunurile se \u00eenlocuiesc, dar motorul continu\u0103 s\u0103 func\u021bioneze. Sau nu \u2014 depinde de ce ai cump\u0103rat.<\/p>\n<p>Un aspirator cu pre\u021b redus, achizi\u021bionat dintr-un lan\u021b de retail, pare o afacere bun\u0103 \u00een momentul pl\u0103\u021bii. Dar dac\u0103 dup\u0103 opt luni \u00ee\u0219i pierde din puterea de aspirare sau nu g\u0103se\u0219ti filtre compatibile, ajungi s\u0103 cumperi altul. Dou\u0103 aspiratoare \u00een doi ani cost\u0103 mai mult dec\u00e2t unul de calitate, care rezist\u0103 cinci ani.<\/p>\n<p>Calculul acesta se aplic\u0103 \u0219i la aparatele de cur\u0103\u021bat cu abur, care cur\u0103\u021b\u0103 majoritatea suprafe\u021belor din cas\u0103 doar cu ap\u0103. F\u0103r\u0103 detergen\u021bi suplimentari, f\u0103r\u0103 substan\u021be chimice \u2014 doar abur la temperatur\u0103 ridicat\u0103. Pe termen lung, economia la consumabile devine sesizabil\u0103.<\/p>\n<h2>Service-ul \u0219i piesele de schimb \u2014 factorul pe care mul\u021bi \u00eel ignor\u0103<\/h2>\n<p>Un aspect pe care mul\u021bi cump\u0103r\u0103tori \u00eel neglijeaz\u0103 e accesul la service. Karcher are o re\u021bea de centre de service \u00een Rom\u00e2nia, ceea ce \u00eenseamn\u0103 c\u0103 un aparat defect nu trebuie \u00eenlocuit automat. Se repar\u0103, se recondi\u021bioneaz\u0103, se folose\u0219te \u00een continuare.<\/p>\n<p>Re\u021beaua de magazine Karcher ofer\u0103 \u0219i consultan\u021b\u0103 direct\u0103 \u2014 se pot testa produsele \u00eenainte de achizi\u021bie. \u00centr-o pia\u021b\u0103 plin\u0103 de specifica\u021bii greu de comparat, posibilitatea de a vedea \u0219i \u00eencerca echipamentul \u00eenainte de cump\u0103rare r\u0103m\u00e2ne un avantaj concret. De altfel, pentru <a href=\"https:\/\/www.karcher.com\/ro\/ro\/promotii\" target=\"_blank\" rel=\"noopener\">mai multe recomand\u0103ri<\/a> legate de promo\u021biile curente, site-ul oficial listeaz\u0103 campaniile active \u0219i condi\u021biile de garan\u021bie extins\u0103.<\/p>\n<p>Accesul la piese originale conteaz\u0103 la fel de mult. O garnitur\u0103, un cap de duz\u0103, un furtun de \u00eenalt\u0103 presiune \u2014 toate se uzeaz\u0103 \u00een timp. Dac\u0103 le g\u0103se\u0219ti u\u0219or \u0219i le po\u021bi \u00eenlocui, echipamentul poate fi folosit mai mul\u021bi ani. Dac\u0103 nu, un aparat func\u021bional poate ajunge s\u0103 fie \u00eenlocuit inutil.<\/p>\n<h2>Perspectiva economic\u0103 pe termen lung<\/h2>\n<p>Gospod\u0103riile rom\u00e2ne\u0219ti cheltuiesc anual sume considerabile pe cur\u0103\u021benie \u2014 detergen\u021bi, echipamente, accesorii, \u00eenlocuiri. O abordare ra\u021bional\u0103 ar presupune s\u0103 investe\u0219ti mai mult o singur\u0103 dat\u0103 \u0219i s\u0103 reduci costurile recurente. Exact principiul pe care \u00eel urmeaz\u0103 un aparat de sp\u0103lat cu presiune de calitate: se cump\u0103r\u0103 o dat\u0103, se folose\u0219te ani de zile, iar costul pe utilizare scade cu fiecare sp\u0103lare.<\/p>\n<p>Acela\u0219i ra\u021bionament se aplic\u0103 pentru aspiratoare sau pentru aparatele de cur\u0103\u021bat cu abur. Cur\u0103\u021benia \u00een gr\u0103din\u0103, pe teras\u0103 sau \u00een interiorul casei devine mai simpl\u0103 \u0219i mai economic\u0103 atunci c\u00e2nd echipamentul nu trebuie \u00eenlocuit frecvent.<\/p>\n<p>Abordarea aceasta nu e nou\u0103. Dar \u00eentr-o perioad\u0103 \u00een care pre\u021burile cresc \u0219i bugetele devin tot mai atent gestionate, ea devine mai relevant\u0103 ca oric\u00e2nd. Nu e vorba despre lux, ci despre pragmatism.<\/p>\n<h2>Informa\u021bii accesibile, decizie mai bun\u0103<\/h2>\n<p>Karcher pune la dispozi\u021bie pe site-ul oficial <a href=\"https:\/\/www.karcher.com\/ro\/ro\/home-and-garden\/sfaturi-de-curatenie\/\" target=\"_blank\" rel=\"noopener\">ghiduri detaliate<\/a> cu sfaturi de cur\u0103\u021benie \u0219i \u00eentre\u021binere pentru cas\u0103 \u0219i gr\u0103din\u0103. Acestea ajut\u0103 la alegerea corect\u0103 a echipamentului, dar \u0219i la utilizarea lui eficient\u0103 \u2014 fiindc\u0103 un aparat folosit necorespunz\u0103tor se uzeaz\u0103 mai repede.<\/p>\n<p>P\u00e2n\u0103 la urm\u0103, diferen\u021ba dintre o cheltuial\u0103 \u0219i o investi\u021bie st\u0103 \u00eentr-un singur lucru: c\u00e2t timp \u0219i c\u00e2\u021bi bani \u00ee\u021bi economise\u0219te, \u00een timp, ceea ce ai cump\u0103rat azi.<\/p>\n<\/div>\n<\/div>\n<p>[analyse_source url=&#8221;https:\/\/r3media.ro\/cum-poti-economisi-pe-termen-lung-cu-echipamente-de-curatenie-durabile\/&#8221;]<\/p>\n","protected":false},"excerpt":{"rendered":"<p>[analyse_image type=&#8221;featured&#8221; src=&#8221;https:\/\/r3media.ro\/wp-content\/uploads\/2026\/07\/cum_poi_economisi_pe_termen_lung_cu_echipamente_de_curenie_durabile-e1785525061389.jpghttps:\/\/r3media.ro\/wp-content\/uploads\/2026\/07\/cum_poi_economisi_pe_termen_lung_cu_echipamente_de_curenie_durabile-e1785525061389.jpg&#8221;] \u0218TIRICum po\u021bi economisi pe termen lung cu echipamente de cur\u0103\u021benie durabile \u0218TIRI Cum po\u021bi economisi pe termen lung cu echipamente de cur\u0103\u021benie durabile Promo 29\/07\/2026 \u00centr-o gospod\u0103rie rom\u00e2neasc\u0103, cheltuielile cu \u00eentre\u021binerea casei \u0219i a cur\u021bii se adun\u0103 treptat, uneori f\u0103r\u0103 s\u0103 fie observate. Un furtun care cedeaz\u0103, o m\u0103tur\u0103 electric\u0103 care nu [&hellip;]<\/p>\n","protected":false},"author":1,"featured_media":0,"comment_status":"open","ping_status":"","sticky":false,"template":"","format":"standard","meta":{"footnotes":""},"categories":[89],"tags":[226,93],"class_list":["post-2072073","post","type-post","status-publish","format-standard","hentry","category-romania","tag-crawlmanager","tag-r3media-ro"],"_links":{"self":[{"href":"https:\/\/analyse.optim.biz\/index.php?rest_route=\/wp\/v2\/posts\/2072073","targetHints":{"allow":["GET"]}}],"collection":[{"href":"https:\/\/analyse.optim.biz\/index.php?rest_route=\/wp\/v2\/posts"}],"about":[{"href":"https:\/\/analyse.optim.biz\/index.php?rest_route=\/wp\/v2\/types\/post"}],"author":[{"embeddable":true,"href":"https:\/\/analyse.optim.biz\/index.php?rest_route=\/wp\/v2\/users\/1"}],"replies":[{"embeddable":true,"href":"https:\/\/analyse.optim.biz\/index.php?rest_route=%2Fwp%2Fv2%2Fcomments&post=2072073"}],"version-history":[{"count":0,"href":"https:\/\/analyse.optim.biz\/index.php?rest_route=\/wp\/v2\/posts\/2072073\/revisions"}],"wp:attachment":[{"href":"https:\/\/analyse.optim.biz\/index.php?rest_route=%2Fwp%2Fv2%2Fmedia&parent=2072073"}],"wp:term":[{"taxonomy":"category","embeddable":true,"href":"https:\/\/analyse.optim.biz\/index.php?rest_route=%2Fwp%2Fv2%2Fcategories&post=2072073"},{"taxonomy":"post_tag","embeddable":true,"href":"https:\/\/analyse.optim.biz\/index.php?rest_route=%2Fwp%2Fv2%2Ftags&post=2072073"}],"curies":[{"name":"wp","href":"https:\/\/api.w.org\/{rel}","templated":true}]}}