{"id":2072053,"date":"2026-07-31T16:42:00","date_gmt":"2026-07-31T13:42:00","guid":{"rendered":"https:\/\/analyse.optim.biz\/?p=2072053"},"modified":"2026-07-31T16:42:00","modified_gmt":"2026-07-31T13:42:00","slug":"primul-test-serios-dupa-o-vara-a-schimbarilor-metalul-debuteaza-maine-la-clinceni-cu-metaloglobus","status":"publish","type":"post","link":"https:\/\/analyse.optim.biz\/?p=2072053","title":{"rendered":"Primul test serios dup\u0103 o var\u0103 a schimb\u0103rilor. Metalul debuteaz\u0103 m\u00e2ine, la Clinceni, cu Metaloglobus"},"content":{"rendered":"<p>[analyse_image type=&#8221;featured&#8221; src=&#8221;https:\/\/www.campusbuzau.ro\/wp-content\/uploads\/2024\/10\/metalulmetaloglobus.jpghttps:\/\/www.campusbuzau.ro\/wp-content\/uploads\/2024\/10\/metalulmetaloglobus.jpg&#8221;]<\/p>\n<div class=\"entry-content\">\n<p><strong><em><mark class=\"has-inline-color has-maincolor-color\">Metalul debuteaz\u0103 \u00een noua edi\u021bie a ligii secunde pe terenul retrogradatei Metaloglobus Bucure\u0219ti, \u00eentr-o partid\u0103 programat\u0103 m\u00e2ine, la Clinceni, cu \u00eencepere de la ora 11.00. Este un meci deschis oric\u0103rui rezultat, dar \u0219i primul reper pentru suporterii buzoieni, curio\u0219i s\u0103 vad\u0103 c\u00e2t de competitiv\u0103 este forma\u021bia preg\u0103tit\u0103 de Vali Stan dup\u0103 schimb\u0103rile masive din aceast\u0103 var\u0103.<\/mark><\/em><\/strong><\/p>\n<p>Trupa local\u0103 porne\u0219te la drum cu un lot serios remaniat. Au plecat mai mul\u021bi juc\u0103tori importan\u021bi, au venit al\u021bii, iar omogenitatea r\u0103m\u00e2ne principalul semn de \u00eentrebare. Orice antrenor prefer\u0103 continuitatea, \u00eens\u0103 fotbalul rom\u00e2nesc ofer\u0103 rareori acest lux, iar Valentin Stan va trebui s\u0103 g\u0103seasc\u0103 rapid formula potrivit\u0103.<\/p>\n<p>Nici adversara de s\u00e2mb\u0103t\u0103 nu mai seam\u0103n\u0103 cu echipa care evolua \u00een Superlig\u0103. Dup\u0103 retrogradare, Metaloglobus a trecut printr-o reconstruc\u021bie important\u0103 \u0219i l-a readus pe banca tehnic\u0103 pe Ianis Zicu.<\/p>\n<p>Cea mai recemt\u0103 confruntare dintre Metalul \u0219i Metaloglobus a avut loc \u00een octombrie 2024 \u0219i s-a \u00eencheiat spectaculos, 2-2. Interesant este c\u0103 unul dintre marcatorii bucure\u0219tenilor din acel meci, Milea, \u00eembrac\u0103 acum tricoul Metalului, \u00een timp ce golul egalizator era \u00eenscris atunci de Georgian Honciu, fostul mijloca\u0219 al Gloriei Buz\u0103u.<\/p>\n<p>Debutul de la Clinceni nu va decide soarta campionatului, \u00eens\u0103 poate oferi primele r\u0103spunsuri la \u00eentreb\u0103rile pe care \u0219i le pun suporterii Metalului dup\u0103 o var\u0103 plin\u0103 de schimb\u0103ri. Primele indicii vor veni s\u00e2mb\u0103t\u0103 diminea\u021b\u0103, \u00een fa\u021ba unei adversare care, \u00een ciuda retrograd\u0103rii, r\u0103m\u00e2ne una dintre forma\u021biile cu preten\u021bii ale e\u0219alonului secund.<\/p>\n<figure class=\"wp-block-embed is-type-video is-provider-youtube wp-block-embed-youtube wp-embed-aspect-16-9 wp-has-aspect-ratio\">\n<div class=\"wp-block-embed__wrapper\">\n<iframe loading=\"lazy\" title=\"METALUL JOAC\u0102 \u00ceN DEPLASARE LA METALOGLOBUS\" width=\"500\" height=\"281\" src=\"https:\/\/www.youtube.com\/embed\/Colea2VyR4s?feature=oembed\" frameborder allow=\"accelerometer; autoplay; clipboard-write; encrypted-media; gyroscope; picture-in-picture; web-share\" referrerpolicy=\"strict-origin-when-cross-origin\" allowfullscreen><\/iframe>\n<\/div>\n<\/figure>\n<\/div>\n<p>[analyse_source url=&#8221;https:\/\/www.campusbuzau.ro\/primul-test-serios-dupa-o-vara-a-schimbarilor-metalul-debuteaza-maine-la-clinceni-cu-metaloglobus\/&#8221;]<\/p>\n","protected":false},"excerpt":{"rendered":"<p>[analyse_image type=&#8221;featured&#8221; src=&#8221;https:\/\/www.campusbuzau.ro\/wp-content\/uploads\/2024\/10\/metalulmetaloglobus.jpghttps:\/\/www.campusbuzau.ro\/wp-content\/uploads\/2024\/10\/metalulmetaloglobus.jpg&#8221;] Metalul debuteaz\u0103 \u00een noua edi\u021bie a ligii secunde pe terenul retrogradatei Metaloglobus Bucure\u0219ti, \u00eentr-o partid\u0103 programat\u0103 m\u00e2ine, la Clinceni, cu \u00eencepere de la ora 11.00. Este un meci deschis oric\u0103rui rezultat, dar \u0219i primul reper pentru suporterii buzoieni, curio\u0219i s\u0103 vad\u0103 c\u00e2t de competitiv\u0103 este forma\u021bia preg\u0103tit\u0103 de Vali Stan dup\u0103 schimb\u0103rile [&hellip;]<\/p>\n","protected":false},"author":1,"featured_media":0,"comment_status":"open","ping_status":"","sticky":false,"template":"","format":"standard","meta":{"footnotes":""},"categories":[2],"tags":[118,226],"class_list":["post-2072053","post","type-post","status-publish","format-standard","hentry","category-politics","tag-campusbuzau-ro","tag-crawlmanager"],"_links":{"self":[{"href":"https:\/\/analyse.optim.biz\/index.php?rest_route=\/wp\/v2\/posts\/2072053","targetHints":{"allow":["GET"]}}],"collection":[{"href":"https:\/\/analyse.optim.biz\/index.php?rest_route=\/wp\/v2\/posts"}],"about":[{"href":"https:\/\/analyse.optim.biz\/index.php?rest_route=\/wp\/v2\/types\/post"}],"author":[{"embeddable":true,"href":"https:\/\/analyse.optim.biz\/index.php?rest_route=\/wp\/v2\/users\/1"}],"replies":[{"embeddable":true,"href":"https:\/\/analyse.optim.biz\/index.php?rest_route=%2Fwp%2Fv2%2Fcomments&post=2072053"}],"version-history":[{"count":0,"href":"https:\/\/analyse.optim.biz\/index.php?rest_route=\/wp\/v2\/posts\/2072053\/revisions"}],"wp:attachment":[{"href":"https:\/\/analyse.optim.biz\/index.php?rest_route=%2Fwp%2Fv2%2Fmedia&parent=2072053"}],"wp:term":[{"taxonomy":"category","embeddable":true,"href":"https:\/\/analyse.optim.biz\/index.php?rest_route=%2Fwp%2Fv2%2Fcategories&post=2072053"},{"taxonomy":"post_tag","embeddable":true,"href":"https:\/\/analyse.optim.biz\/index.php?rest_route=%2Fwp%2Fv2%2Ftags&post=2072053"}],"curies":[{"name":"wp","href":"https:\/\/api.w.org\/{rel}","templated":true}]}}