{"id":2071985,"date":"2026-07-22T00:00:00","date_gmt":"2026-07-21T21:00:00","guid":{"rendered":"https:\/\/analyse.optim.biz\/?p=2071985"},"modified":"2026-07-22T00:00:00","modified_gmt":"2026-07-21T21:00:00","slug":"mozaic-stiri-nationale-traian-basescu-domnul-presedinte-sa-nu-mai-tergiverseze-a-doua-desemnare-de-candidat-la-functia-de-prim-ministru","status":"publish","type":"post","link":"https:\/\/analyse.optim.biz\/?p=2071985","title":{"rendered":"MOZAIC \u0218TIRI NA\u021aIONALE: Traian B\u0103sescu: Domnul pre\u015fedinte s\u0103 nu mai tergiverseze a doua desemnare de candidat la func\u0163ia de prim-ministru"},"content":{"rendered":"<p>[analyse_image type=&#8221;featured&#8221; src=&#8221;https:\/\/zdvi.cname.ro\/_\/mozaic-Stiri-naTionale-traian-basescu-domnul-presedinte-sa-nu-mai-tergiverseze-a-doua-desemnare-de-candidat-la-functia-de-prim-ministru\/mediaPool\/uMYfxJX.jpeg&#8221;]<\/p>\n<div class=\"main-content detaliu-articol\"><a class=\"titlu-cat-list\" href=\"https:\/\/ziaruldevrancea.ro\/actualitatea\/national\">Na\u021bional<\/a><\/p>\n<h1>MOZAIC \u0218TIRI NA\u021aIONALE:  Traian B\u0103sescu: Domnul pre\u015fedinte s\u0103 nu mai tergiverseze a doua desemnare de candidat la func\u0163ia de prim-ministru<\/h1>\n<div class=\"date-articol clearfix\">\n<div class=\"distribuie-articol dropdown\">\n    Distribuie: \u00a0<br \/>\n    <em>|<\/em><\/div>\n<div class=\"autor-articol\"><a href=\"https:\/\/ziaruldevrancea.ro\/autor\/rodica-condurache\/\"><img decoding=\"async\" class=\"img-circle\" src=\"https:\/\/zdvi.cname.ro\/50_50\/articleAuthor\/rodica-condurache\/articleAuthor\/uy6Kz5r.jpg\" alt><\/a><\/p>\n<h5><a href=\"https:\/\/ziaruldevrancea.ro\/autor\/rodica-condurache\/\">Rodica Condurache<\/a><\/h5>\n<div class=\"grup-spatiere\"><span class=\"cu-spatiere\">22 iul 2026<\/span><span class=\"cu-spatiere\">500 vizualiz\u0103ri<\/span><\/div>\n<\/div>\n<\/div>\n<div class=\"poza-mare\"><a href class=\"openGallery\"><img decoding=\"async\" class=\"img-responsive\" src=\"https:\/\/zdvi.cname.ro\/850_530\/mozaic-Stiri-naTionale-traian-basescu-domnul-presedinte-sa-nu-mai-tergiverseze-a-doua-desemnare-de-candidat-la-functia-de-prim-ministru\/article\/mediaPool\/uMYfxJX.jpeg\" alt><\/a><\/div>\n<p>\u00a0\u201eNu-i poate garanta nimeni \u00eenainte de vot cele 233 de voturi\u201d, precizeaz\u0103 fostul \u0219ef al statului<\/p>\n<p>Fostul pre\u015fedinte Traian B\u0103sescu este de p\u0103rere c\u0103 solu\u0163ia la criza politic\u0103 actual\u0103 se afl\u0103 \u00een Constitu\u0163ie, iar Nicu\u015for Dan ar trebui s\u0103 nu mai tergiverseze a doua desemnare de candidat la func\u0163ia de prim-ministru.<\/p>\n<p>&#8220;Nu trebuie dec\u00e2t s\u0103 fie aplicat\u0103 Constitu\u0163ia. Adic\u0103, domnul pre\u015fedinte s\u0103 nu mai tergiverseze a doua desemnare de candidat la func\u0163ia de prim-ministru, un candidat care s\u0103 mearg\u0103 cu Cabinetul \u015fi programul \u00een Parlament. Dac\u0103 trece, foarte bine, \u0163ara are guvern, dac\u0103 nu, se deschide \u015fi o alt\u0103 posibilitate de a regla situa\u0163ia politic\u0103: adic\u0103 alegerile anticipate&#8221;, a afirmat fostul \u0219ef al statului.<\/p>\n<p>B\u0103sescu a avertizat din nou c\u0103 a doua c\u0103dere a unui eventual guvern \u00een Parlament nu duce automat la alegeri anticipate. &#8220;Este o op\u0163iune pe care o are pre\u015fedintele, dar o op\u0163iune care creeaz\u0103 presiune asupra parlamentarilor s\u0103 voteze responsabil c\u00e2nd e vorba despre formarea unui nou guvern. Pre\u015fedintele poate s\u0103 mearg\u0103 pe urm\u0103 \u015fi cu a treia, \u015fi cu a patra propunere de prim-ministru. Nu-l oblig\u0103 nimeni s\u0103 dea curs procedurii de alegeri anticipate dup\u0103 cea de-a doua c\u0103dere \u00een Parlament&#8221;, a mai ar\u0103tat fostul pre\u015fedinte.<\/p>\n<p>Traian B\u0103sescu apreciaz\u0103 c\u0103 &#8220;este mai s\u0103n\u0103tos s\u0103-\u0163i asumi o solu\u0163ie dat\u0103 de Constitu\u0163ie, dec\u00e2t una de genul celor asumate de domnul pre\u015fedinte: s\u0103 cear\u0103 partidelor s\u0103-i dea o nominalizare care sigur face cvorumul de trecere \u00een Parlament, adic\u0103 233 de voturi&#8221;. &#8220;Nu-i poate garanta nimeni \u00eenainte de vot cele 233 de voturi. Num\u0103rul de voturi este determinat de votul din Parlament, \u00een rest, politic, s\u0103-i spui pre\u015fedintelui: \u00abDa, v\u0103 garantez c\u0103 am 233 de voturi\u00bb\u2026 Chiar domnia sa a v\u0103zut ce \u00eenseamn\u0103 o asigurare politic\u0103. D\u00e2nsul a declarat c\u0103 \u015fi la Tomac \u015fi la Ve\u015ftea era convins c\u0103 au 233 de voturi pe ceea ce vorbise cu unul sau altul dintre politicieni. D\u00e2nsul are o solicitare ridicol\u0103, s\u0103 i se garanteze c\u0103 cineva are 233 de voturi. Garan\u0163ia nu poate fi ob\u0163inut\u0103 dec\u00e2t dup\u0103 ce Parlamentul voteaz\u0103&#8221;, a declarat fostul pre\u015fedinte.<\/p>\n<p>Acesta consider\u0103 c\u0103 Nicu\u015for Dan &#8220;este \u00een afara Constitu\u0163iei, pune o condi\u0163ie pe care Constitu\u0163ia nu o prevede&#8221;.<\/p>\n<p><strong>\u201eNivelul la care sunt liderii politici ai momentului \u00eei face s\u0103 orbec\u0103ie \u00een decizii\u201d<\/strong><\/p>\n<p>Fostul pre\u015fedinte acuz\u0103 politicienii momentului c\u0103 \u201dorbec\u0103ie \u00een decizii\u201d \u015fi, c\u0103ut\u00e2nd solu\u0163ii \u00een afara Constitu\u0163iei, \u201drisc\u0103 s\u0103 pr\u0103bu\u015feasc\u0103 statul\u201d. &#8220;Din p\u0103cate, nivelul la care sunt liderii politici ai momentului \u00eei face s\u0103 orbec\u0103ie \u00een decizii, \u00eei face s\u0103 cread\u0103 c\u0103 ce le este bine lor \u015fi clientelei lor este bine \u015fi pentru \u0163ar\u0103 \u015fi cred c\u0103 pot impune \u0163\u0103rii decizii care nu sunt constitu\u0163ionale. Dup\u0103 p\u0103rerea mea suntem \u00eentr-un moment de criz\u0103 major\u0103&#8221;, a mai declarat, miercuri sear\u0103, la B1 TV, fostul pre\u015fedinte. Acesta consider\u0103 c\u0103 Rom\u00e2nia este &#8220;\u00eentr-un moment de alert\u0103 maxim\u0103&#8221;: &#8220;Oamenii \u0103\u015ftia, politicienii, c\u0103ut\u00e2nd solu\u0163ii \u00een afara Constitu\u0163iei, risc\u0103 s\u0103 pr\u0103bu\u015feasc\u0103 statul, risc\u0103 s\u0103 fac\u0103 din Rom\u00e2nia un stat f\u0103r\u0103 reguli. Pentru c\u0103 asta fac ei acum, nu au reguli&#8221;.<\/p>\n<p>Traian B\u0103sescu acuz\u0103 deopotriv\u0103 PSD \u015fi PNL pentru situa\u0163ia \u00een care s-a ajuns: &#8220;\u015ei unii \u015fi al\u0163ii, PSD \u015fi partidul breloc PNL, trateaz\u0103 lucrurile prin prisma unor ambi\u0163ii personale. Or, dac\u0103 nu reu\u015fe\u015fti s\u0103 la\u015fi ambi\u0163iile personale deoparte \u00eentr-un moment de criz\u0103 major\u0103 cum este cel \u00een care se afl\u0103 Rom\u00e2nia acum, cu multe crize simultane suprapuse, dac\u0103 nu la\u015fi orgoliile personale \u015fi de partid de-o parte ca s\u0103 g\u0103se\u015fti o solu\u0163ie, nu ai ce c\u0103uta \u00een via\u0163a politic\u0103. Nu mai e\u015fti un politician care serve\u015fte \u0163ara, e\u015fti un politician care\u2026 nu vreau s\u0103 folosesc un cuv\u00e2nt greu, dar aproape c\u0103-\u015fi tr\u0103deaz\u0103 \u0163ara pentru ni\u015fte interese m\u0103runte, orgolii&#8221;.<\/p>\n<p><strong>Pre\u015fedintele Colegiului Medicilor: Angaj\u0103rile din S\u0103n\u0103tate nu pot s\u0103 r\u0103m\u00e2n\u0103 blocate<\/strong><\/p>\n<p>Pre\u015fedintele Colegiului Medicilor, C\u0103t\u0103lina Poian\u0103, apreciaz\u0103 c\u0103 angaj\u0103rile din S\u0103n\u0103tate nu pot s\u0103 r\u0103m\u00e2n\u0103 blocate, \u00eentruc\u00e2t sistemul are nevoie de personal, iar Colegiul Medicilor din Rom\u00e2nia afirm\u0103 c\u0103 este nevoie de o strategie na\u0163ional\u0103 pentru resursa uman\u0103 din s\u0103n\u0103tate.<\/p>\n<p>&#8220;Angaj\u0103rile din S\u0103n\u0103tate nu pot s\u0103 r\u0103m\u00e2n\u0103 blocate! S\u0103n\u0103tatea are nevoie de medici, are nevoie de personal&#8221;, a scris, miercuri sear\u0103, pe Facebook, pre\u015fedintele Colegiului Medicilor, C\u0103t\u0103lina Poian\u0103. Anterior, \u00eentr-un comunicat de pres\u0103, oficialii Colegiului Medicilor din Rom\u00e2nia au transmis c\u0103 sistemul de s\u0103n\u0103tate traverseaz\u0103 o alt\u0103 perioad\u0103 de fr\u0103m\u00e2nt\u0103ri &#8211; ce \u0163in \u015fi de legea salariz\u0103rii &#8211; &#8220;care trebuie privit\u0103 cu responsabilitate, echilibru \u015fi g\u00e2ndire strategic\u0103 \u00een privin\u0163a s\u0103n\u0103t\u0103\u0163ii rom\u00e2ne\u015fti \u015fi a accesului pacien\u0163ilor la servicii medicale \u00een sistemul public&#8221;.<\/p>\n<p>&#8220;Biroul Executiv al Colegiului Medicilor din Rom\u00e2nia consider\u0103 c\u0103 s\u0103n\u0103tatea nu poate fi analizat\u0103 prin prisma constr\u00e2ngerilor bugetare ale unui moment. Politicile din domeniul s\u0103n\u0103t\u0103\u0163ii trebuie construite pe baza unei viziuni pe termen mediu \u015fi lung, care s\u0103 asigure stabilitatea \u015fi eficientizarea sistemului medical, p\u0103strarea \u015fi dezvoltarea resursei umane, asigurarea unei infrastructuri corespunz\u0103toare, precum \u015fi \u00eembun\u0103t\u0103\u0163irea continu\u0103 a accesului pacien\u0163ilor la servicii medicale de calitate&#8221;, se arat\u0103 \u00een comunicatul de pres\u0103.<\/p>\n<p>Oficialii Colegiului au precizat, de asemenea, c\u0103 un sistem de s\u0103n\u0103tate eficient \u015fi c\u00e2t mai performant trebuie s\u0103 dezvolte obligatoriu o direc\u0163ie prioritar\u0103 de politici publice privind personalul medical axate pe: investi\u0163ii constante \u00een resursa uman\u0103, politici de reten\u0163ie, condi\u0163ii de munc\u0103 predictibile, dezvoltare profesional\u0103 \u015fi recunoa\u015fterea valorii profesiilor din s\u0103n\u0103tate. &#8220;Competi\u0163ia pentru atragerea medicilor \u015fi a celorlal\u0163i profesioni\u015fti din domeniu este ast\u0103zi o realitate la nivel european \u015fi interna\u0163ional, iar Rom\u00e2nia nu \u00ee\u015fi poate permite s\u0103 r\u0103m\u00e2n\u0103 \u00een afara acestei competi\u0163ii&#8221;, se mai arat\u0103 \u00een comunicat.<\/p>\n<p>Medicii sunt de p\u0103rere c\u0103 &#8220;deciziile care privesc s\u0103n\u0103tatea trebuie s\u0103 fie fundamentate pe politici \u00een care s\u0103 fie previzionate efectele pe termen mediu \u015fi lung&#8221;. &#8220;Orice m\u0103sur\u0103 care influen\u0163eaz\u0103 stabilitatea resursei umane \u00een s\u0103n\u0103tate trebuie evaluat\u0103 \u015fi prin impactul asupra accesului pacien\u0163ilor la servicii medicale, precum \u015fi a capacit\u0103\u0163ii sistemului de a r\u0103spunde provoc\u0103rilor de s\u0103n\u0103tate ale popula\u0163iei (&#8230;) Facem apel c\u0103tre to\u0163i deciden\u0163ii politici, indiferent de partid, ca s\u0103n\u0103tatea s\u0103 fie tratat\u0103 drept o prioritate strategic\u0103 a statului rom\u00e2n, iar autorit\u0103\u0163ile s\u0103 elaboreze o politic\u0103 de resurse umane, fundamentat\u0103 pe consultarea real\u0103 cu noi, ca reprezentan\u0163i ai medicilor, al\u0103turi de alte structuri profesionale, o strategie care s\u0103 fie cunoscut\u0103 la nivelul \u00eentregii societ\u0103\u0163i, av\u00e2nd \u00een vedere c\u0103 accesul la servicii medicale prive\u015fte fiecare cet\u0103\u0163ean.<\/p>\n<p>\u00cencrederea \u00eentr-un sistem de s\u0103n\u0103tate se construie\u015fte \u015fi prin oameni sau, \u00een primul r\u00e2nd, prin profesioni\u015ftii care \u00eel sus\u0163in zi de zi&#8221;, se mai arat\u0103 \u00een comunicatul de pres\u0103. Colegiul Medicilor apreciaz\u0103 c\u0103 Rom\u00e2nia are nevoie de o strategie na\u0163ional\u0103 pentru resursa uman\u0103 din s\u0103n\u0103tate &#8211; dar una care s\u0103 nu fie doar pe h\u00e2rtie &#8211; &#8220;deoarece viitorul sistemului medical depinde, \u00eenainte de toate, de oamenii care profeseaz\u0103 \u00een acest sistem zi de zi&#8221;.<\/p>\n<p><strong>Medic: Pacientele \u00eens\u0103rcinate nu trebuie s\u0103 stea la pat<\/strong><\/p>\n<p>Dr. Giorgia Zampieri, medic specialist Obstetric\u0103 \u2013 Ginecologie la Fertility Institute din cadrul re\u0163elei private de s\u0103n\u0103tate Regina Maria, a explicat c\u0103 femeile \u00eens\u0103rcinate nu ar trebui s\u0103 stea la pat dac\u0103 nu exist\u0103 probleme, acest lucru fiind chiar d\u0103un\u0103tor. Pentru pacientele care stau prea mult la pat, f\u0103r\u0103 recomandare strict\u0103 \u015fi supraveghere, cre\u015fte riscul de tromboze venoase, cre\u015fte riscul de infec\u0163ii.<\/p>\n<p>&#8220;Multe paciente au impresia c\u0103, \u00een momentul \u00een care sunt gravide, trebuie s\u0103 stea la pat, mai ales dac\u0103 li s-a spus la un moment dat sau le-a trecut pe la ureche c\u0103 s-a scurtat pu\u0163in colul, dar f\u0103r\u0103 s\u0103 avem ni\u015fte criterii neap\u0103rat foarte clare, f\u0103r\u0103 s\u0103 avem ni\u015fte semnale de alarm\u0103, au impresia c\u0103 trebuie s\u0103 stea la pat. Sunt acele paciente c\u0103rora le iese chiar fric\u0103 s\u0103 se ridice, s\u0103 mearg\u0103 p\u00e2n\u0103 la buc\u0103t\u0103rie, s\u0103 m\u0103n\u00e2nce ceva. A\u015f vrea s\u0103 spun c\u0103 acest lucru este d\u0103un\u0103tor chiar, nu c\u0103 nu ajut\u0103, este chiar d\u0103un\u0103tor, ne cre\u015fte riscul de tromboze venoase, ne cre\u015fte riscul de infec\u0163ii, a\u015fadar nu este un lucru recomandat. Sigur c\u0103 sunt \u015fi situa\u0163ii particulare, dar nu vorbim despre ele, vorbim despre cele care evolueaz\u0103 normal&#8221;, a declarat Giorgia Zampieri, miercuri sear\u0103, la Medika TV.<\/p>\n<p>Medicul le-a recomandat femeilor \u00eens\u0103rcinate s\u0103 fac\u0103 sport. &#8220;Exist\u0103, de asemenea, mitul c\u0103 nu fac sport, de exemplu, nu am voie s\u0103 fac sport, nu pot s\u0103 fac nimic. Le recomand pacientelor mele s\u0103 fac\u0103 la fel de mult sport c\u00e2t f\u0103ceau \u00eenainte s\u0103 fie gravide. Adic\u0103 dac\u0103 merge\u0163i la sal\u0103, merge\u0163i la sal\u0103 \u00een continuare. Nu ne apuc\u0103m acum de sport, sau m\u0103 rog, nu ne apuc\u0103m acum de sport intens. Dar s\u0103 ne p\u0103str\u0103m stilul de via\u0163\u0103 de dinainte este mult mai benefic&#8221;, a mai spus Giorgia Zampieri.<\/p>\n<p><strong>Boto\u015fani: Patru perchezi\u0163ii \u00een cazul furtului a peste un kilogram de bijuterii din aur<\/strong><\/p>\n<p>Poli\u0163i\u015ftii din Boto\u015fani au f\u0103cut, joi, patru perchezi\u0163ii \u00eentr-un dosar legat de furtul a peste un kilogram de bijuterii din aur dintr-o ma\u015fin\u0103 parcat\u0103, anchetatorii estim\u00e2nd c\u0103 prejudiciul \u00een acest caz dep\u0103\u015fe\u015fte 100.000 de euro.<\/p>\n<p>\u201dPoli\u0163i\u015ftii Serviciului de Investiga\u0163ii Criminale au pus \u00een executare patru mandate de perchezi\u0163ie domiciliar\u0103 la imobile \u015fi domiciliul unui b\u0103rbat de 37 de ani, din municipiul Boto\u015fani, b\u0103nuit de comiterea infrac\u0163iunii de furt calificat\u201d, au transmis reprezentan\u0163ii Inspectoratului de Poli\u0163ie al Jude\u0163ului Boto\u015fani. La data de 2 iulie,\u00a0 b\u0103rbatul ar fi sustras peste un kilogram de bijuterii din aur,\u00a0 dintr-un autoturism parcat \u00een municipiul Boto\u015fani<\/p>\n<p>Valoarea prejudiciului a fost estimat\u0103 la peste 100.000 de euro.<\/p>\n<p><strong>ACCEPT &#8211; Prim\u0103ria invoc\u0103 \u201ebunele moravuri\u201d pentru a interzice Mar\u015ful Oradea PRIDE<\/strong><\/p>\n<p>Asocia\u0163ia ACCEPT, care ap\u0103r\u0103 \u015fi promoveaz\u0103 drepturile LGBTQIA\u00c2, acuz\u0103 c\u0103 Prim\u0103ria Oradea invoc\u0103 \u201ebunele moravuri\u201d pentru a interzice, pentru al patrulea an consecutiv, Mar\u015ful Oradea PRIDE. ONG-ul consider\u0103 c\u0103 aceast\u0103 motivare confirm\u0103 caracterul discriminatoriu al deciziei \u015fi reprezint\u0103 un nou atac asupra libert\u0103\u0163ii de \u00eentrunire \u015fi anun\u0163\u0103 c\u0103 mar\u015ful va avea totu\u015fi loc \u00een 25 iulie.<\/p>\n<p>&#8220;Asocia\u0163iile ARK ORADEA \u015fi ACCEPT condamn\u0103 decizia Prim\u0103riei Municipiului Oradea de a interzice, pentru al patrulea an consecutiv, Mar\u015ful Oradea PRIDE. Prin Dispozi\u0163ia de neavizare semnat\u0103 de primarul Florin Birta, administra\u0163ia local\u0103 continu\u0103 o practic\u0103 prin care comunit\u0103\u0163ii LGBTQIA\u00c2 din Oradea \u00eei este refuzat, an de an, dreptul fundamental la \u00eentrunire pa\u015fnic\u0103. \u00cen ciuda r\u0103spunsului primit, Mar\u015ful Oradea va avea loc \u00een data de 25 iulie, ora 16:00, cu adunarea \u00een fa\u0163a Prim\u0103riei Municipiului Oradea&#8221;, transmit asocia\u0163iile \u00eentr-un comunicat.<\/p>\n<p>\u00cen opinia lor, patru ani consecutivi de interdic\u0163ii nu mai pot fi prezenta\u0163i drept simple dificult\u0103\u0163i administrative, argument\u00e2nd c\u0103, atunci c\u00e2nd aceea\u015fi comunitate este \u00eempiedicat\u0103, \u00een fiecare an, s\u0103 organizeze un mar\u015f pa\u015fnic, &#8220;vorbim despre un model de tratament diferen\u0163iat care produce un efect discriminatoriu \u015fi contravine principiilor statului de drept \u015fi obliga\u0163iilor asumate de Rom\u00e2nia \u00een materia drepturilor omului&#8221;. &#8220;Prim\u0103ria Oradea invoc\u0103 \u00een scris &#8220;bunele moravuri&#8221; ca fiind principalul motiv de interzicere a Mar\u015fului nostru, a dreptului nostru la liber\u0103 \u00eentrunire. Acest argument confirm\u0103 homofobia institu\u0163ionalizat\u0103 \u015fi discriminarea direct\u0103 fa\u0163\u0103 de comunitatea noastr\u0103, fa\u0163\u0103 de persoanele LGBTQIA\u00c2 din Oradea, de familiile \u015fi prietenii lor, \u015fi fa\u0163\u0103 de to\u0163i cet\u0103\u0163enii care sus\u0163in democra\u0163ia \u015fi statul de drept prin participarea la protestul nostru. Noi, ca locuitori ai ora\u015fului, prin Mar\u015ful Oradea Pride, nu \u00eenc\u0103lc\u0103m ordinea public\u0103 \u015fi bunele moravuri &#8211; din contr\u0103, autoritatea local\u0103 continu\u0103 s\u0103 \u00eencalce drepturile noastre fundamentale \u015fi constitu\u0163ionale.&#8221; a declarat Iulian Di\u0163iu, pre\u015fedintele Ark Oradea.<\/p>\n<p>Conform celor dou\u0103 asocia\u0163ii, peste 150 de organiza\u0163ii din peste 30 de \u0163\u0103ri \u015fi-au exprimat solidaritatea cu Oradea PRIDE \u015fi au cerut respectarea dreptului la \u00eentrunire pa\u015fnic\u0103. Totodat\u0103, anun\u0163\u0103 c\u0103, \u00een ciuda acestei noi interdic\u0163ii, Mar\u015ful Oradea PRIDE va avea loc.<\/p>\n<p><strong>Rom\u00e2nia va participa pentru a 25-a oar\u0103 la Eurovision<\/strong><\/p>\n<p>Consiliul de Administra\u0163ie al Societ\u0103\u0163ii Rom\u00e2ne de Televiziune a aprobat, miercuri, cu 11 voturi pentru \u015fi o ab\u0163inere, participarea Rom\u00e2niei la cea de-a 71-a edi\u0163ie a Eurovision Song Contest.<\/p>\n<p>Decizia vizeaz\u0103 participarea Rom\u00e2niei la competi\u0163ie \u00een limita bugetului ce va fi aprobat \u015fi alocat proiectului prin Bugetul de Venituri \u015fi Cheltuieli al SRTv pentru anul 2027, se arat\u0103 \u00eentr-un comunicat al TVR.<\/p>\n<p>Decizia vine \u00een contextul succesului ob\u0163inut de Rom\u00e2nia la edi\u0163ia din 2026, c\u00e2nd Alexandra C\u0103pit\u0103nescu, reprezentanta noastr\u0103, a \u00eenregistrat unul dintre cele mai bune rezultate din istoria particip\u0103rii Rom\u00e2niei la Eurovision Song Contest \u2013 locul al III-lea \u00een Marea Final\u0103, piesa \u201eChoke me\u201d ob\u0163in\u00e2nd 296 de puncte.<\/p>\n<p>Selec\u0163ia Na\u0163ional\u0103 din 2026 a reunit 101 piese \u00eenscrise, confirm\u00e2nd interesul industriei muzicale pentru acest proiect. \u00cen plus, edi\u0163ia din 2026 a Eurovision a generat un val mediatic uria\u015f \u00een Rom\u00e2nia. Conform analizei mediaTRUS, de la \u00eenceputul anului p\u00e2n\u0103 \u00een ziua finalei, Eurovision a acumulat 21.565 de men\u0163iuni \u00een spa\u0163iul media rom\u00e2nesc. Aprobarea particip\u0103rii \u00eenc\u0103 din aceast\u0103 etap\u0103 permite stabilirea unui calendar predictibil pentru organizarea proiectului, atragerea unui num\u0103r c\u00e2t mai mare de compozitori, textieri, produc\u0103tori \u015fi interpre\u0163i, desf\u0103\u015furarea unei Selec\u0163ii Na\u0163ionale competitive \u015fi preg\u0103tirea reprezentantului Rom\u00e2niei \u00een cele mai bune condi\u0163ii, precizeaz\u0103 TVR.<\/p>\n<p><strong>Ia\u015fi: Dou\u0103 persoane au murit dup\u0103 ce ma\u015fina \u00een care se aflau a fost lovit\u0103 de tren<\/strong><\/p>\n<p>Dou\u0103 persoane au murit, miercuri, dup\u0103 ce ma\u015fina \u00een care se aflau a fost lovit\u0103 de tren, la o trecere la nivel cu calea ferat\u0103 din jude\u0163ul Ia\u015fi. Autoturismul a fost \u00eempins aproximativ 150 de metri de locomotiv\u0103, dar cei 350 de c\u0103l\u0103tori nu au avut nevoie de \u00eengrijiri medicale.<\/p>\n<p>&#8220;\u00cen data de 22 iulie 2026, \u00een urma unui apel primit \u00een Dispeceratul Integrat ISU &#8211; SMURD &#8211; SAJ Ia\u015fi, a fost anun\u0163at\u0103 producerea unui accident feroviar la trecerea la nivel cu calea ferat\u0103 din zona pasajului Prigoreni, comuna Ion Neculce, \u00een care au fost implicate un tren de c\u0103l\u0103tori \u015fi un autoturism&#8221;, anun\u0163\u0103, miercuri, ISU Ia\u015fi.<\/p>\n<p>La fa\u0163a locului au fost trimise numeroase echipaje de interven\u0163ie, iar la ajungerea acestora s-a constatat c\u0103 autoturismul implicat fusese \u00eempins aproximativ 150 de metri de locomotiva trenului.<\/p>\n<p>Trenul implicat este IR 1763, care circula pe ruta Ia\u015fi &#8211; Timi\u015foara Nord. \u00cen garnitur\u0103 se aflau aproximativ 350 de pasageri, care nu au solicitat \u00eengrijiri medicale. &#8220;\u00cen autoturism au fost identificate dou\u0103 victime \u00eencarcerate \u015fi incon\u015ftiente. Pompierii au ac\u0163ionat pentru extragerea acestora dintre fiarele contorsionate ale autoturismului. Din nefericire, \u00een ciuda eforturilor depuse de echipajele medicale, a fost declarat decesul ambelor persoane&#8221;, au precizat pompierii.<\/p>\n<p>Este vorba despre conduc\u0103torul autoturismului, b\u0103rbat, aproximativ 50 de ani \u015fi un pasager, b\u0103rbat, aproximativ 45 de ani. Cercet\u0103rile pentru stabilirea \u00eemprejur\u0103rilor \u015fi cauzelor producerii accidentului sunt efectuate de institu\u0163iile abilitate.<\/p>\n<p><strong>Mure\u015fan: Prin \u00eent\u00e2lnirea cu infractorul fugar Arsene, condamnat definitiv pentru luare de mit\u0103, Ciolacu se descalific\u0103 pentru orice rol \u00een via\u0163a public\u0103<\/strong><\/p>\n<p>Europarlamentarul PNL Siegfried Mure\u015fan afirm\u0103 c\u0103, prin \u00eent\u00e2lnirea cu infractorul fugar Ionel Arsene, condamnat definitiv la \u00eenchisoare pentru luare de mit\u0103, Marcel Ciolacu se descalific\u0103 pentru orice rol \u00een via\u0163a public\u0103. \u201dRolul oamenilor politici este s\u0103 \u00eent\u0103reasc\u0103 statul, nu s\u0103-l sl\u0103beasc\u0103. Prin \u00eent\u00e2lnirea cu infractorul fugar Ionel Arsene, condamnat definitiv la \u00eenchisoare pentru luare de mit\u0103, Marcel Ciolacu se descalific\u0103 pentru orice rol \u00een via\u0163a public\u0103\u201d, scrie Siegfried Mure\u015fan \u00eentr-o postare.<\/p>\n<p>El arat\u0103 c\u0103 \u201dMarcel Ciolacu \u2013 \u015fi oricine g\u00e2nde\u015fte ca el \u015fi ac\u0163ioneaz\u0103 ca el \u2013 nu trebuie s\u0103 mai ocupe func\u0163ii publice \u00een Rom\u00e2nia\u201d. \u201dEste timpul s\u0103 punem oamenii cinsti\u0163i \u00een fruntea \u0163\u0103rii, nu prietenii ho\u0163ilor \u015fi ai fugarilor nepedepsi\u0163i\u201d, precizeaz\u0103 Mure\u015fan. Pre\u015fedintele PSD, Sorin Grindeanu, a declarat miercuri, despre imaginile \u00een care apar pre\u015fedintele CJ Buz\u0103u, social-democratul Marcel Ciolacu \u015fi condamnatul Ionel Arsene, la mas\u0103, \u00een Italia, c\u0103 fiecare r\u0103spunde de ceea ce face iar dac\u0103 Marcel Ciolacu va r\u0103spunde pe acest subiect, e foarte bine, \u015fi \u00eel \u00eendeamn\u0103 s\u0103 o fac\u0103.<\/p>\n<p>HotNews a publicat, miercuri, fotografii de la \u00eent\u00e2lnirea lui Marcel Ciolacu \u015fi Ionel Arsene \u2013 care au petrecut c\u00e2teva zile \u00eempreun\u0103 la Villa Cortine Palace, hotel de lux de pe malul Lacului Garda, \u00een nordul Italiei.<\/p>\n<p>\u00a0<\/p>\n<hr>\n<div class=\"bloc-widget widget-rosu\">\n<p>\u00cen lipsa unui acord scris din partea Ziarului de Vrancea, pute\u0163i prelua maxim 500 de caractere din acest articol dac\u0103 preciza\u0163i sursa \u015fi insera\u0163i vizibil link-ul articolului:\u00a0<span>#insertcurrentlinkhere<\/span><\/p>\n<\/div>\n<div class=\"extra-articol listing-anunturi\">\n<h6>Anun\u021buri <span class=\"text-primary\">ZdV<\/span> Premium<\/h6>\n<div class=\"row\">\n<div class=\"col-lg-4 col-md-6 bloc-egal\"><a class=\"card-anunt\" href=\"https:\/\/ziaruldevrancea.ro\/anunturi\/imobiliare\/vanzari-terenuri\/vand-teren-in-panciu\"><strong class=\"titlu\">V\u00e2nz\u0103ri terenuri<\/strong><span class=\"text-anunt\">Teren Panciu 1170 mp, cu num\u0103r cas\u0103, ap\u0103&#8230;<\/span><span class=\"data-anunt\">29.07.2026  <\/span><\/a><\/div>\n<div class=\"col-lg-4 col-md-6 bloc-egal\"><a class=\"card-anunt\" href=\"https:\/\/ziaruldevrancea.ro\/anunturi\/altele\/anulare-acte\/vand-scrumbii-afumate-capturi-dunare\"><strong class=\"titlu\">Vanzari diverse<\/strong><span class=\"text-anunt\">Pret : 117 lei \/ kg . \u00a0 Este&#8230;<\/span><span class=\"data-anunt\">29.07.2026 , Gala\u021bi , Gala\u021bi<\/span><\/a><\/div>\n<div class=\"col-lg-4 col-md-6 bloc-egal\"><a class=\"card-anunt\" href=\"https:\/\/ziaruldevrancea.ro\/anunturi\/imobiliare\/vanzari-case\/vand-casa-si-teren-in-panciu-anunt-72818\"><strong class=\"titlu\">V\u00e2nz\u0103ri case<\/strong><span class=\"text-anunt\">V\u00e2nd cas\u0103 cu 2 camere, buc\u0103t\u0103rie, baie,&#8230;<\/span><span class=\"data-anunt\">23.07.2026  <\/span><\/a><\/div>\n<\/div>\n<\/div>\n<div class=\"extra-articol alte-articole\">\n<div class=\"row\">\n<div class=\"col-lg-6 bloc-egal\">\n<div class=\"card articol-listing\">\n<h6>\u00cen categoria <a href=\"https:\/\/ziaruldevrancea.ro\/actualitatea\/national\">Na\u021bional<\/a><\/h6>\n<div class=\"grup-articol-listing\">\n<div class=\"cont-pils\"><a href=\"https:\/\/ziaruldevrancea.ro\/actualitatea\/national\/mozaic-Stiri-naTionale-paul-de-romania-bun-de-impachetat-si-trimis-acasa\"><img decoding=\"async\" src=\"https:\/\/zdvi.cname.ro\/180_135\/actualitatea\/national\/mozaic-Stiri-naTionale-paul-de-romania-bun-de-impachetat-si-trimis-acasa\/mediaPool\/uvtGPut.jpeg\" class=\"img-responsive img-180\" alt><\/a><\/div>\n<h2><a class=\"link-titlu\" href=\"https:\/\/ziaruldevrancea.ro\/actualitatea\/national\/mozaic-Stiri-naTionale-paul-de-romania-bun-de-impachetat-si-trimis-acasa\">MOZAIC \u0218TIRI NA\u021aIONALE: Paul de Rom\u00e2nia, bun de \u201e\u00eempachetat\u201d \u0219i trimis acas\u0103<\/a><\/h2>\n<div class=\"date-post\"><a href=\"https:\/\/ziaruldevrancea.ro\/autor\/radu-tomescu\">Radu Tomescu<\/a>, 29 iul 2026  <\/div>\n<\/div>\n<div class=\"grup-articol-listing\">\n<div class=\"cont-pils\"><a href=\"https:\/\/ziaruldevrancea.ro\/actualitatea\/national\/mozaic-Stiri-naTionale-ciucu-nu-cred-ca-mai-putem-guverna-cel-putin-10-20-de-ani-alaturi-de-psd\"><img decoding=\"async\" src=\"https:\/\/zdvi.cname.ro\/180_135\/actualitatea\/national\/mozaic-Stiri-naTionale-ciucu-nu-cred-ca-mai-putem-guverna-cel-putin-10-20-de-ani-alaturi-de-psd\/mediaPool\/uJWJRRu.jpeg\" class=\"img-responsive img-180\" alt><\/a><\/div>\n<h2><a class=\"link-titlu\" href=\"https:\/\/ziaruldevrancea.ro\/actualitatea\/national\/mozaic-Stiri-naTionale-ciucu-nu-cred-ca-mai-putem-guverna-cel-putin-10-20-de-ani-alaturi-de-psd\">MOZAIC \u0218TIRI NA\u021aIONALE: Ciucu: Nu cred c\u0103 mai putem guverna cel pu\u0163in 10-20 de ani al\u0103turi de PSD<\/a><\/h2>\n<div class=\"date-post\"><a href=\"https:\/\/ziaruldevrancea.ro\/autor\/rodica-condurache\">Rodica Condurache<\/a>, 28 iul 2026  <\/div>\n<\/div>\n<div class=\"grup-articol-listing\">\n<div class=\"cont-pils\"><a href=\"https:\/\/ziaruldevrancea.ro\/actualitatea\/national\/mozaic-Stiri-naTionale-greva-generala-in-sanatate\"><img decoding=\"async\" src=\"https:\/\/zdvi.cname.ro\/180_135\/actualitatea\/national\/mozaic-Stiri-naTionale-greva-generala-in-sanatate\/mediaPool\/uWZk34o.jpeg\" class=\"img-responsive img-180\" alt><\/a><\/div>\n<h2><a class=\"link-titlu\" href=\"https:\/\/ziaruldevrancea.ro\/actualitatea\/national\/mozaic-Stiri-naTionale-greva-generala-in-sanatate\">MOZAIC \u0218TIRI NA\u021aIONALE: Grev\u0103 general\u0103 \u00een S\u0103n\u0103tate<\/a><\/h2>\n<div class=\"date-post\"><a href=\"https:\/\/ziaruldevrancea.ro\/autor\/rodica-condurache\">Rodica Condurache<\/a>, 27 iul 2026  <\/div>\n<\/div>\n<\/div>\n<\/div>\n<div class=\"col-lg-6 bloc-egal\">\n<div class=\"card articol-listing\">\n<h6>De acela\u0219i <a href=\"https:\/\/ziaruldevrancea.ro\/autor\/rodica-condurache\/\">autor<\/a><\/h6>\n<div class=\"grup-articol-listing\">\n<div class=\"cont-pils\"><a href=\"https:\/\/ziaruldevrancea.ro\/actualitatea\/stiri-locale\/prima-pagina-a-ziarului-de-vrancea-de-astazi-31-iulie-2026\"><img decoding=\"async\" src=\"https:\/\/zdvi.cname.ro\/180_135\/actualitatea\/stiri-locale\/prima-pagina-a-ziarului-de-vrancea-de-astazi-31-iulie-2026\/mediaPool\/utzqu1b.jpg\" class=\"img-responsive img-180\" alt><\/a><\/div>\n<h2><a class=\"link-titlu\" href=\"https:\/\/ziaruldevrancea.ro\/actualitatea\/stiri-locale\/prima-pagina-a-ziarului-de-vrancea-de-astazi-31-iulie-2026\">Prima pagin\u0103 a Ziarului de Vrancea de ast\u0103zi, 31 iulie 2026: accidente, investi\u021bii, economie \u0219i cele mai importante \u0219tiri ale jude\u021bului  <\/a><\/h2>\n<div class=\"date-post\"><a href=\"https:\/\/ziaruldevrancea.ro\/autor\/rodica-condurache\">Rodica Condurache<\/a>, 31 iul 2026  <\/div>\n<\/div>\n<div class=\"grup-articol-listing\">\n<div class=\"cont-pils\"><a href=\"https:\/\/ziaruldevrancea.ro\/timp-liber\/astazi-despre-psihologul-clinician-andrei-partos---om-bun---nevoia-de-a-repune-muzica-si-poezia-romaneasca-la-un-loc-bun\"><img decoding=\"async\" src=\"https:\/\/zdvi.cname.ro\/180_135\/timp-liber\/astazi-despre-psihologul-clinician-andrei-partos---om-bun---nevoia-de-a-repune-muzica-si-poezia-romaneasca-la-un-loc-bun\/mediaPool\/uYSVhEO.jpg\" class=\"img-responsive img-180\" alt><\/a><\/div>\n<h2><a class=\"link-titlu\" href=\"https:\/\/ziaruldevrancea.ro\/timp-liber\/astazi-despre-psihologul-clinician-andrei-partos---om-bun---nevoia-de-a-repune-muzica-si-poezia-romaneasca-la-un-loc-bun\">VIDEO V\u0103 mai aminti\u021bi de \u201eRADIO VACAN\u021aA COSTINE\u0218TI\u201d? Ast\u0103zi despre vocea Costine\u015ftiului de alt\u0103dat\u0103. Andrei Parto\u0219 &#8211; Psihologul clinician care dup\u0103 zece ani de activitate s-a dedicat nevoii de a repune muzica \u015fi poezia rom\u00e2neasc\u0103 la un loc bun<\/a><\/h2>\n<div class=\"date-post\"><a href=\"https:\/\/ziaruldevrancea.ro\/autor\/rodica-condurache\">Rodica Condurache<\/a>, 31 iul 2026  <\/div>\n<\/div>\n<div class=\"grup-articol-listing\">\n<div class=\"cont-pils\"><a href=\"https:\/\/ziaruldevrancea.ro\/timp-liber\/horoscop-31-iulie-2026\"><img decoding=\"async\" src=\"https:\/\/zdvi.cname.ro\/180_135\/timp-liber\/horoscop-31-iulie-2026\/mediaPool\/uA8enxT.jpg\" class=\"img-responsive img-180\" alt><\/a><\/div>\n<h2><a class=\"link-titlu\" href=\"https:\/\/ziaruldevrancea.ro\/timp-liber\/horoscop-31-iulie-2026\">Horoscop 31 iulie 2026 <\/a><\/h2>\n<div class=\"date-post\"><a href=\"https:\/\/ziaruldevrancea.ro\/autor\/rodica-condurache\">Rodica Condurache<\/a>, 31 iul 2026  <\/div>\n<\/div>\n<\/div>\n<\/div>\n<\/div>\n<\/div>\n<div class=\"extra-articol listing-anunturi\">\n<h6>Anun\u021buri <span class=\"text-primary\">ZdV<\/span> Premium<\/h6>\n<div class=\"row\">\n<div class=\"col-lg-4 col-md-6 bloc-egal\"><a class=\"card-anunt\" href=\"https:\/\/ziaruldevrancea.ro\/anunturi\/angajari\/cereri-angajari\/doresc-angajare-anunt-72815\"><strong class=\"titlu\">Cereri<\/strong><span class=\"text-anunt\">Doresc s\u0103 am grij\u0103 de un copil de gradini\u021b\u0103&#8230;<\/span><span class=\"data-anunt\">21.07.2026  <\/span><\/a><\/div>\n<div class=\"col-lg-4 col-md-6 bloc-egal\"><a class=\"card-anunt\" href=\"https:\/\/ziaruldevrancea.ro\/anunturi\/inchirieri\/locuinte-oferte\/primesc-in-gazda-anunt-72816\"><strong class=\"titlu\">Locuin\u021be oferte<\/strong><span class=\"text-anunt\">\u00a0Primesc \u00een gazd\u0103 la cas\u0103.<\/p>\n<p>Tel&#8230;.<\/span><span class=\"data-anunt\">21.07.2026  <\/span><\/a><\/div>\n<div class=\"col-lg-4 col-md-6 bloc-egal\"><a class=\"card-anunt\" href=\"https:\/\/ziaruldevrancea.ro\/anunturi\/inchirieri\/locuinte-oferte\/primesc-in-gazda-anunt-72817\"><strong class=\"titlu\">Locuin\u021be oferte<\/strong><span class=\"text-anunt\">Primesc \u00een gazd\u0103 la bloc o elev\u0103. <\/p>\n<p>Tel&#8230;.<\/span><span class=\"data-anunt\">21.07.2026  <\/span><\/a><\/div>\n<\/div>\n<\/div>\n<div class=\"bloc-widget widget-albastru\">\n    Ziarul de Vrancea \u00a0nu este responsabil juridic pentru con\u0163inutul textelor din comentariile de mai jos. Responsabilitatea pentru mesajele dumneavoastra v\u0103 revine \u00een exclusivitate.\n<\/div>\n<div class=\"comentarii-articol\" id=\"comentarii\">\n<h3>Comentarii: <span class=\"text-primary\">0<\/span><\/h3>\n<p><a href=\"https:\/\/ziaruldevrancea.ro\/actualitatea\/national\/mozaic-Stiri-naTionale-traian-basescu-domnul-presedinte-sa-nu-mai-tergiverseze-a-doua-desemnare-de-candidat-la-functia-de-prim-ministru\" class=\"btn btn-success btn-adauga-com\" data-toggle=\"modal\" data-parent=\"0\" data-target=\"#commentModal\">Adaug\u0103 comentariu<\/a><\/p>\n<div class=\"loadMask comments-mask\"><img decoding=\"async\" src=\"https:\/\/zdvs.cname.ro\/images\/loader_40.gif\"><\/div>\n<div class=\"comenteaza-jos\">Trebuie s\u0103 fii <a href=\"https:\/\/ziaruldevrancea.ro\/account\">autentificat<\/a> pentru a putea <a href=\"https:\/\/ziaruldevrancea.ro\/actualitatea\/national\/mozaic-Stiri-naTionale-traian-basescu-domnul-presedinte-sa-nu-mai-tergiverseze-a-doua-desemnare-de-candidat-la-functia-de-prim-ministru\" class data-toggle=\"modal\" data-parent=\"0\" data-target=\"#commentModal\">posta un comentariu<\/a>.<\/div>\n<\/div>\n<div class=\"modal fade\" id=\"commentModal\" role=\"dialog\" aria-labelledby=\"commentModalLabel\">\n<div class=\"modal-dialog modal-lg\" role=\"document\">\n<div class=\"modal-content\">\n<div class=\"modal-header\">\n<h3 class=\"modal-title\" id=\"commentModalLabel\">Comenteaz\u0103<\/h3>\n<\/div>\n<div class=\"modal-body\">\n<div class=\"tabel tabel-full\">\n<div class=\"celula\">\n              Trebuie s\u0103 fii <a href=\"https:\/\/ziaruldevrancea.ro\/account\">autentificat<\/a> pentru a putea posta un comentariu.\n            <\/div>\n<\/div>\n<\/div>\n<div class=\"modal-footer\">\n<div id=\"commentPending\" class=\"formPending pull-left\"><img decoding=\"async\" src=\"https:\/\/zdvs.cname.ro\/images\/loader_40.gif\"> In curs de procesare&#8230;<\/div>\n<p><a href=\"https:\/\/ziaruldevrancea.ro\/actualitatea\/national\/mozaic-Stiri-naTionale-traian-basescu-domnul-presedinte-sa-nu-mai-tergiverseze-a-doua-desemnare-de-candidat-la-functia-de-prim-ministru\" class=\"btn btn-default\" data-dismiss=\"modal\">Anuleaz\u0103<\/a><\/div>\n<\/div>\n<\/div>\n<\/div>\n<div class=\"modal fade\" id=\"commentReportModal\" role=\"dialog\" aria-labelledby=\"commentReportModalLabel\">\n<div class=\"modal-dialog modal-lg\" role=\"document\">\n<div class=\"modal-content\">\n<div class=\"modal-header\">\n<h3 class=\"modal-title\" id=\"commentReportModalLabel\">Raporteaza comentariu<\/h3>\n<\/div>\n<div class=\"modal-body\">\n<div class=\"tabel tabel-full\">\n<div class=\"celula\">\n              Trebuie s\u0103 fii <a href=\"https:\/\/ziaruldevrancea.ro\/account\">autentificat<\/a> pentru a putea raporta un comentariu.\n            <\/div>\n<\/div>\n<\/div>\n<div class=\"modal-footer\">\n<div id=\"commentReportPending\" class=\"formPending pull-left\"><img decoding=\"async\" src=\"https:\/\/zdvs.cname.ro\/images\/loader_40.gif\"> In curs de procesare&#8230;<\/div>\n<p><a href=\"https:\/\/ziaruldevrancea.ro\/actualitatea\/national\/mozaic-Stiri-naTionale-traian-basescu-domnul-presedinte-sa-nu-mai-tergiverseze-a-doua-desemnare-de-candidat-la-functia-de-prim-ministru\" class=\"btn btn-default\" data-dismiss=\"modal\">Anuleaz\u0103<\/a><\/div>\n<\/div>\n<\/div>\n<\/div>\n<div class=\"modal fade\" id=\"commentLikeModal\" role=\"dialog\" aria-labelledby=\"commentLikeModalLabel\">\n<div class=\"modal-dialog modal-lg\" role=\"document\">\n<div class=\"modal-content\">\n<div class=\"modal-header\">\n<h3 class=\"modal-title\" id=\"commentReportModalLabel\">Apreciaza comentariu<\/h3>\n<\/div>\n<div class=\"modal-body\">\n<div class=\"tabel tabel-full\">\n<div class=\"celula\">\n            Trebuie s\u0103 fii <a href=\"https:\/\/ziaruldevrancea.ro\/account\">autentificat<\/a> pentru a putea aprecia un comentariu.\n          <\/div>\n<\/div>\n<\/div>\n<div class=\"modal-footer\"><a href=\"https:\/\/ziaruldevrancea.ro\/actualitatea\/national\/mozaic-Stiri-naTionale-traian-basescu-domnul-presedinte-sa-nu-mai-tergiverseze-a-doua-desemnare-de-candidat-la-functia-de-prim-ministru\" class=\"btn btn-default\" data-dismiss=\"modal\">Anuleaz\u0103<\/a><\/div>\n<\/div>\n<\/div>\n<\/div>\n<div class=\"bloc-widget widget-rosu\"><span><small>Ziarul de Vrancea doreste ca acest site sa fie un spatiu al discutiilor civilizate, al comentariilor de bun simt. Din acest motiv, cei care posteaza comentarii la articole trebuie sa respecte urmatoarele reguli:<br \/>\n1. Sa se refere doar la articolul la care posteaza comentarii.<br \/>\n2. Sa foloseasca un limbaj civilizat, fara injurii, calomnii, comentarii antisemite, xenofobe sau rasiste.<br \/>\n3. Sunt interzise atacurile la adresa autorilor, daca acestea nu au legatura cu textul.<br \/>\n4. Username-ul sa nu fie nume de personalitati ale vietii publice sau parodieri ale acestora.<br \/>\nAutorul unui articol poate fi criticat pentru eventuale greseli, incoerenta, lipsa de documentare etc.<br \/>\nNerespectarea regulilor mentionate mai sus va duce la stergerea comentariilor, fara avertisment si fara explicatii.<br \/>\nAbaterile repetate vor avea drept consecinta interdictia accesului la aceasta facilitate a site-ului.<\/small><\/span><\/div>\n<\/div>\n<p>[analyse_source url=&#8221;https:\/\/ziaruldevrancea.ro\/actualitatea\/national\/mozaic-Stiri-naTionale-traian-basescu-domnul-presedinte-sa-nu-mai-tergiverseze-a-doua-desemnare-de-candidat-la-functia-de-prim-ministru&#8221;]<\/p>\n","protected":false},"excerpt":{"rendered":"<p>[analyse_image type=&#8221;featured&#8221; src=&#8221;https:\/\/zdvi.cname.ro\/_\/mozaic-Stiri-naTionale-traian-basescu-domnul-presedinte-sa-nu-mai-tergiverseze-a-doua-desemnare-de-candidat-la-functia-de-prim-ministru\/mediaPool\/uMYfxJX.jpeg&#8221;] Na\u021bional MOZAIC \u0218TIRI NA\u021aIONALE: Traian B\u0103sescu: Domnul pre\u015fedinte s\u0103 nu mai tergiverseze a doua desemnare de candidat la func\u0163ia de prim-ministru Distribuie: \u00a0 | Rodica Condurache 22 iul 2026500 vizualiz\u0103ri \u00a0\u201eNu-i poate garanta nimeni \u00eenainte de vot cele 233 de voturi\u201d, precizeaz\u0103 fostul \u0219ef al statului Fostul pre\u015fedinte Traian B\u0103sescu este de [&hellip;]<\/p>\n","protected":false},"author":1,"featured_media":0,"comment_status":"open","ping_status":"","sticky":false,"template":"","format":"standard","meta":{"footnotes":""},"categories":[89],"tags":[226,208],"class_list":["post-2071985","post","type-post","status-publish","format-standard","hentry","category-romania","tag-crawlmanager","tag-ziaruldevrancea-ro"],"_links":{"self":[{"href":"https:\/\/analyse.optim.biz\/index.php?rest_route=\/wp\/v2\/posts\/2071985","targetHints":{"allow":["GET"]}}],"collection":[{"href":"https:\/\/analyse.optim.biz\/index.php?rest_route=\/wp\/v2\/posts"}],"about":[{"href":"https:\/\/analyse.optim.biz\/index.php?rest_route=\/wp\/v2\/types\/post"}],"author":[{"embeddable":true,"href":"https:\/\/analyse.optim.biz\/index.php?rest_route=\/wp\/v2\/users\/1"}],"replies":[{"embeddable":true,"href":"https:\/\/analyse.optim.biz\/index.php?rest_route=%2Fwp%2Fv2%2Fcomments&post=2071985"}],"version-history":[{"count":0,"href":"https:\/\/analyse.optim.biz\/index.php?rest_route=\/wp\/v2\/posts\/2071985\/revisions"}],"wp:attachment":[{"href":"https:\/\/analyse.optim.biz\/index.php?rest_route=%2Fwp%2Fv2%2Fmedia&parent=2071985"}],"wp:term":[{"taxonomy":"category","embeddable":true,"href":"https:\/\/analyse.optim.biz\/index.php?rest_route=%2Fwp%2Fv2%2Fcategories&post=2071985"},{"taxonomy":"post_tag","embeddable":true,"href":"https:\/\/analyse.optim.biz\/index.php?rest_route=%2Fwp%2Fv2%2Ftags&post=2071985"}],"curies":[{"name":"wp","href":"https:\/\/api.w.org\/{rel}","templated":true}]}}