{"id":2071982,"date":"2026-07-25T00:00:00","date_gmt":"2026-07-24T21:00:00","guid":{"rendered":"https:\/\/analyse.optim.biz\/?p=2071982"},"modified":"2026-07-25T00:00:00","modified_gmt":"2026-07-24T21:00:00","slug":"mozaic-stiri-nationale-cum-sunt-distruse-dronele-de-avioanele-f-16-romanesti","status":"publish","type":"post","link":"https:\/\/analyse.optim.biz\/?p=2071982","title":{"rendered":"MOZAIC \u0218TIRI NA\u021aIONALE: Cum sunt distruse dronele de avioanele F-16 rom\u00e2ne\u0219ti"},"content":{"rendered":"<p>[analyse_image type=&#8221;featured&#8221; src=&#8221;https:\/\/zdvi.cname.ro\/_\/mozaic-Stiri-naTionale-cum-sunt-distruse-dronele-de-avioanele-f-16-romanesti\/mediaPool\/uLdVW1n.jpeg&#8221;]<\/p>\n<div class=\"main-content detaliu-articol\"><a class=\"titlu-cat-list\" href=\"https:\/\/ziaruldevrancea.ro\/actualitatea\/national\">Na\u021bional<\/a><\/p>\n<h1>MOZAIC \u0218TIRI NA\u021aIONALE: Cum sunt distruse dronele de avioanele F-16 rom\u00e2ne\u0219ti<\/h1>\n<div class=\"date-articol clearfix\">\n<div class=\"distribuie-articol dropdown\">\n    Distribuie: \u00a0<br \/>\n    <em>|<\/em><\/div>\n<div class=\"autor-articol\"><a href=\"https:\/\/ziaruldevrancea.ro\/autor\/rodica-condurache\/\"><img decoding=\"async\" class=\"img-circle\" src=\"https:\/\/zdvi.cname.ro\/50_50\/articleAuthor\/rodica-condurache\/articleAuthor\/uy6Kz5r.jpg\" alt><\/a><\/p>\n<h5><a href=\"https:\/\/ziaruldevrancea.ro\/autor\/rodica-condurache\/\">Rodica Condurache<\/a><\/h5>\n<div class=\"grup-spatiere\"><span class=\"cu-spatiere\">25 iul 2026<\/span><span class=\"cu-spatiere\">403 vizualiz\u0103ri<\/span><\/div>\n<\/div>\n<\/div>\n<div class=\"poza-mare\"><a href class=\"openGallery\"><img decoding=\"async\" class=\"img-responsive\" src=\"https:\/\/zdvi.cname.ro\/850_530\/mozaic-Stiri-naTionale-cum-sunt-distruse-dronele-de-avioanele-f-16-romanesti\/article\/mediaPool\/uLdVW1n.jpeg\" alt><\/a><\/div>\n<p>Comandantul deta\u015famentului rom\u00e2nesc de poli\u0163ie aerian\u0103 din Lituania, pilot de F-16, explica\u0163ii despre condi\u0163iile de neutralizare a unei drone<\/p>\n<p>Comandantul deta\u015famentului rom\u00e2nesc de poli\u0163ie aerian\u0103 din Lituania, un pilot experimentat de F-16, explic\u0103, \u00eentr-un videoclip f\u0103cut public pe Facebook, condi\u0163iile \u00een care pot fi angajate \u015fi neutralizate \u0163inte aeriene de mici dimensiuni precum dronele, ar\u0103t\u00e2nd c\u0103 uneori un astfel de aparat de zbor poate fi neutralizat \u00een 33 de minute, alteori \u00een o or\u0103 \u015fi 20 de minute, iar \u00een unele cazuri sunt suficiente \u201edoar c\u00e2teva minute\u201d.<\/p>\n<p>\u201eTocmai am aflat o veste din \u0163ar\u0103 care ne face foarte m\u00e2ndri de meseria pe care avem. Colegii no\u015ftri au dobor\u00e2t \u00eenc\u0103 o dron\u0103 care a p\u0103truns neautorizat \u00een spa\u0163iul aerian al Rom\u00e2niei. Felicit\u0103ri vou\u0103! \u00cen acela\u015fi timp, am observat \u00een media foarte multe \u00eentreb\u0103ri, justificate de altfel, despre timpul de care avem nevoie s\u0103 angaj\u0103m un astfel de obiect. \u00cen calitate de pilot experimentat pe F-16 \u015fi de comandant al deta\u015famentului de poli\u0163ie aerian\u0103 din Lituania vreau s\u0103 v\u0103 explic pe scurt care sunt acele condi\u0163ii opera\u0163ionale de care vorbe\u015fte toat\u0103 lumea\u201d, afirm\u0103 pilotul \u00eent-run videoclip postat pe pagina ministrului interimar al Ap\u0103r\u0103rii.<\/p>\n<p>Comandantul precizeaz\u0103 c\u0103, pentru \u201ea angaja un astfel de obiect\u201d trebuie s\u0103 \u00eel \u00eencadreze cu radarul de bord. \u201eSistemele noastre nu au fost ini\u0163ial construite pentru a combate astfel de inamici, ci unii cu mult mai puternici \u015fi mai letali. De aceea ne antren\u0103m intens, schimb\u0103m \u015fi adapt\u0103m tehnicile tactice \u015fi procedurile \u00een a\u015fa fel \u00eenc\u00e2t s\u0103 devenim mult mai eficien\u0163i. \u015ei aici \u00een Lituania, \u015fi acas\u0103 am zburat foarte, foarte mult simul\u00e2nd condi\u0163iile de angajare a unei astfel de \u0163inte \u015fi, dup\u0103 cum vede\u0163i, p\u00e2n\u0103 la urm\u0103 ob\u0163inem rezultatele scontate\u201d, afirm\u0103 sursa citat\u0103.<\/p>\n<p>Pilotul men\u0163ioneaz\u0103 c\u0103 uneori un astfel de aparat de zbor poate fi neutralizat \u00een 33 de minute, alterori \u00een o or\u0103 \u015fi 20 de minute, iar \u00een unele cazuri sunt suficiente \u201edoar c\u00e2teva minute\u201d. \u201eC\u00e2teodat\u0103 ne trebuie 33 de minute ca aici, alteori ne trebuie o or\u0103 \u015fi 20 de minute ca ieri, alteori ne trebuie doar c\u00e2teva minute pentru a angaja aceast\u0103 \u0163int\u0103. \u00cen meseria noastr\u0103 rapid nu \u00eenseamn\u0103 neap\u0103rat \u015fi eficient. V\u0103 rug\u0103m, ave\u0163i \u00eencredere \u00een noi c\u0103 vom face tot posibilul pentru a ne \u00eendeplini misiunea \u00een timp ce v\u0103 men\u0163inem pe dumneavoastr\u0103 la sol \u00een siguran\u0163\u0103\u201d, mai spune pilotul de F-16.<\/p>\n<p>O aeronav\u0103 F-16 a dobor\u00e2t o dron\u0103, vineri, \u00een jude\u0163ul Buz\u0103u, iar alt\u0103 dron\u0103 a fost dobor\u00e2t\u0103, s\u00e2mb\u0103t\u0103 diminea\u0163a, \u00een jude\u0163ul Tulcea, ambele opera\u0163iuni fiind executate de acela\u015fi pilot. &#8220;Acela\u015fi pilot rom\u00e2n, aflat la man\u015fa aceleia\u015fi aeronave de lupt\u0103 F-16 a For\u0163elor Aeriene Rom\u00e2ne, ajutat de acela\u015fi coleg, a dobor\u00e2t o a doua dron\u0103 intrat\u0103 \u00een spa\u0163iul aerian al Rom\u00e2niei&#8221;, au precizat For\u0163ele Aeriene Rom\u00e2ne<\/p>\n<p>Reprezentan\u0163ii MApN au men\u0163ionat c\u0103, s\u00e2mb\u0103t\u0103 diminea\u0163a, au continuat atacurile cu drone ale Federa\u0163iei Ruse asupra unor obiective civile \u015fi de infrastructur\u0103 din Ucraina, aflate \u00een proximitatea frontierei fluviale cu Rom\u00e2nia. Astfel, \u00een jurul orei 01.00, sistemul de supraveghere radar al Ministerului Ap\u0103r\u0103rii Na\u0163ionale a detectat un grup de \u0163inte aeriene la aproximativ 20 de kilometri nord de localitatea V\u00e2lcove, una dintre ele evolu\u00e2nd \u00eenspre nord-estul jude\u0163ului Tulcea.<\/p>\n<p>Centrul Na\u0163ional Militar de Comand\u0103 (nucleu) a notificat Inspectoratul General pentru Situa\u0163ii de Urgen\u0163\u0103 cu privire la instituirea m\u0103surilor de alertare a popula\u0163iei din nordul jude\u0163ului Tulcea, iar un mesaj RO-Alert pentru informarea popula\u0163iei din zona vizat\u0103 a fost transmis la ora 01.39. De asemenea, un elicopter IAR 330 Puma SOCAT a decolat pentru monitorizarea situa\u0163iei.<\/p>\n<p>&#8220;La ora 6.21, a fost emis\u0103 o nou\u0103 alert\u0103 aerian\u0103, un grup de drone fiind identificat de sistemul de supraveghere radar al MApN la nord-vest de insula \u015eerpilor. Dou\u0103 aeronave de lupt\u0103 F-16 ale For\u0163elor Aeriene Rom\u00e2ne din Baza 86 Aerian\u0103 de la Fete\u015fti, aflate \u00een Serviciul de Lupt\u0103 Poli\u0163ie Aerian\u0103, au decolat la ora 06.42, pentru monitorizarea spa\u0163iului aerian&#8221;, a mai transmis sursa citat\u0103. Ministerul Ap\u0103r\u0103rii Na\u0163ionale a ad\u0103ugat c\u0103 la ora 08.22, sistemele de supraveghere radar ale MApN au detectat o p\u0103trundere neautorizat\u0103 \u00een spa\u0163iul aerian na\u0163ional a unei drone care evolua \u00een zona de frontier\u0103 cu Ucraina. Cele dou\u0103 aeronave F-16, aflate \u00een aer, au interceptat \u00een scurt timp \u0163inta aerian\u0103 \u015fi au dobor\u00e2t-o \u00een condi\u0163ii de siguran\u0163\u0103.<\/p>\n<p><strong>Miru\u0163\u0103: V\u0103d c\u0103 o parte dintre cei care se declar\u0103 \u00absuverani\u015fti\u00bb sunt mai deranja\u0163i c\u0103 Armata Rom\u00e2n\u0103 \u015fi-a f\u0103cut datoria<\/strong><\/p>\n<p>Ministrul interimar al Ap\u0103r\u0103rii, Radu Miru\u0163\u0103, r\u0103spunde \u201epunctual\u201d \u201edezinform\u0103rilor\u201d \u00een privin\u0163a modului \u015fi a timpului \u00een care au intervenit pilo\u0163ii pentru dobor\u00e2rea celor dou\u0103 drone intrate \u00een spa\u0163iul aerian rom\u00e2nesc, a costului opera\u0163iunii, dar \u015fi \u00een ceea ce prive\u015fte faptul c\u0103 el era \u00een vacan\u0163\u0103.<\/p>\n<p>\u201eRom\u00e2nia a demonstrat un lucru simplu: \u00ee\u015fi ap\u0103r\u0103 teritoriul \u015fi reac\u0163ioneaz\u0103 ferm, iar \u00een aceste zile, capabilit\u0103\u0163ile aflate la dispozi\u0163ia Armatei Rom\u00e2ne, raportate la contextul dat, au f\u0103cut posibil\u0103 o interven\u0163ie de succes. Grani\u0163ele, spa\u0163iul aerian \u015fi suveranitatea Rom\u00e2niei nu sunt negociabile. NATO func\u0163ioneaz\u0103, Armata Rom\u00e2n\u0103 \u00ee\u015fi face datoria la maximum cu ceea ce are la dispozi\u0163ie, iar noi vom continua s\u0103 investim \u00een ap\u0103rarea cet\u0103\u0163enilor, a teritoriului na\u0163ional \u015fi a flancului estic al Alian\u0163ei. Asta este realitatea. \u00cen schimb, v\u0103d c\u0103 o parte dintre cei care se declar\u0103 \u00absuverani\u015fti\u00bb sunt mai deranja\u0163i c\u0103 Armata Rom\u00e2n\u0103 \u015fi-a f\u0103cut datoria dec\u00e2t de faptul c\u0103 drone ruse\u015fti au \u00eenc\u0103lcat spa\u0163iul nostru aerian. Pentru c\u0103 au ap\u0103rut multe dezinform\u0103ri, r\u0103spund punctual\u201d, afirm\u0103 Radu Miru\u0163\u0103 \u00eentr-o postare pe pagina sa de Facebook.<\/p>\n<p>Astfel, \u00een ceea ce prive\u015fte afirma\u0163ia c\u0103 s-a tras cu \u201erachete scumpe \u00een drone ieftine\u201d,ministrul arat\u0103 c\u0103 un calcul nu se face \u201ecompar\u00e2nd pre\u0163ul unei rachete cu cel al unei drone\u201d. \u00a0\u201e\u00cen ecua\u0163ie intr\u0103 vie\u0163ile oamenilor \u015fi siguran\u0163a comunit\u0103\u0163ilor pe care le protej\u0103m, iar acestea nu au pre\u0163. Utiliz\u0103m capabilit\u0103\u0163i de ap\u0103rare antiaerian\u0103 la sol, dar raza acestora de ac\u0163iune este limitat\u0103. Da, aeronavele F-16 nu au fost proiectate pentru astfel de misiuni. Tocmai de aceea reprezint\u0103 solu\u0163ia de ultim\u0103 instan\u0163\u0103, folosit\u0103 atunci c\u00e2nd este necesar s\u0103 protej\u0103m popula\u0163ia \u015fi infrastructura\u201d, explic\u0103 ministrul.<\/p>\n<p>Demnitarul adaug\u0103 c\u0103, \u00een acela\u015fi timp, a fost \u201epornit cel mai accelerat program de \u00eenzestrare \u015fi modernizare al Armatei Rom\u00e2ne, cu produc\u0163ie \u00een Rom\u00e2nia\u201d. \u201ePrin programul SAFE am contractat, \u00eentr-un timp record, sisteme dedicate combaterii dronelor.R\u0103zboiul cu drone nu a \u00eenceput ieri, ci de peste trei ani. Dac\u0103 s-ar fi luat decizii la timp \u00een anii anteriori, aceste capabilit\u0103\u0163i ar fi fost deja opera\u0163ionale. Nu s-a \u00eent\u00e2mplat asta, dar am recuperat timpul pierdut. (&#8230;) P\u00e2n\u0103 la intrarea \u00een serviciu a noilor sisteme, adapt\u0103m permanent dispozitivul de ap\u0103rare din Dobrogea. Periodic \u2013 s\u0103pt\u0103m\u00e2nal, sau o dat\u0103 la dou\u0103 s\u0103pt\u0103m\u00e2ni \u2013 analiz\u0103m lec\u0163iile \u00eenv\u0103\u0163ate, actualiz\u0103m procedurile \u015fi repozi\u0163ion\u0103m resursele acolo unde este nevoie. Upgrad\u0103m ceea ce poate fi modernizat \u015fi cercet\u0103m componente recuperate din drone ruse\u015fti pentru a eficientiza la maximum solu\u0163iile de lansare\u201d, precizeaz\u0103 Miru\u0163\u0103.<\/p>\n<p>El spune c\u0103 rezultatele din ultimele ore \u201econfirm\u0103 c\u0103 aceast\u0103 strategie func\u0163ioneaz\u0103\u201d. \u201eNu sunt vorbe, sunt fapte. Au fost reorganizate capabilit\u0103\u0163ile existente, am modernizat ceea ce poate fi upgradat \u00eentr-un timp scurt \u015fi cercet\u0103m componente recuperate de la dronele e\u015fuate pentru a eficientiza la maximum solu\u0163iile de lansare. Am cerut sprijin suplimentar \u00een cadrul NATO, acceler\u0103m achizi\u0163iile, analiz\u0103m permanent scenarii \u015fi lu\u0103m decizii \u00eenainte ca amenin\u0163\u0103rile s\u0103 se transforme \u00een pericole reale\u201d, men\u0163ioneaz\u0103 ministrul Ap\u0103r\u0103rii.<\/p>\n<p>Referitor la afirma\u0163ia vehiculat\u0103 \u00een spa\u0163iul public c\u0103 drona \u201es-a plimbat prin Rom\u00e2nia\u201d, iar pilo\u0163ii au tras \u201eprea t\u00e2rziu\u201d, Miru\u0163\u0103 arat\u0103 c\u0103, din momentul \u00een care a intrat \u00een spa\u0163iul aerian al Rom\u00e2niei, drona a fost urm\u0103rit\u0103 permanent. \u201eInterceptarea s-a f\u0103cut exact \u00een momentul \u00een care existau condi\u0163iile necesare pentru a o dobor\u00ee \u00een siguran\u0163\u0103. Ieri \u00eentr-un timp mai lung, azi doar \u00een c\u00e2teva minute. Responsabilitatea unui ministru \u015fi a militarilor nu este doar s\u0103 doboare o \u0163int\u0103, ci s\u0103 o fac\u0103, cu mijloacele pe care le au la dispozi\u0163ie, f\u0103r\u0103 s\u0103 pun\u0103 \u00een pericol via\u0163a oamenilor. Nu risc\u0103m ca fragmentele dronei sau ale interceptorului s\u0103 cad\u0103 peste locuin\u0163e ori asupra popula\u0163iei doar pentru a satisface spectacolul unor comentatori de pe internet. \u015ei \u00eenc\u0103 un lucru pentru cei care distribuie informa\u0163ii false: la Ianca nu mai func\u0163ioneaz\u0103 de ani buni o baz\u0103 militar\u0103. Dac\u0103 tot pretinde\u0163i c\u0103 informa\u0163i opinia public\u0103, m\u0103car verifica\u0163i datele \u00eenainte de a r\u0103sp\u00e2ndi dezinform\u0103ri\u201d, puncteaz\u0103 Miru\u0163\u0103.<\/p>\n<p>\u00cen privin\u0163a acuza\u0163iilor la adresa sa, potrivit c\u0103rora \u201eera \u00een vacan\u0163\u0103\u201d c\u00e2nd \u201eau venit dronele\u201d, Radu Miru\u0163\u0103 r\u0103spunde c\u0103 da, era \u00een concediu, dar c\u0103 \u201e\u015fi \u00een concediu\u201d a \u201er\u0103mas ministrul Ap\u0103r\u0103rii\u201d. \u00a0\u201eResponsabilitatea pentru securitatea Rom\u00e2niei nu se suspend\u0103 odat\u0103 cu plecarea \u00een vacan\u0163\u0103 \u015fi nici nu depinde de prezen\u0163a fizic\u0103 \u00eentr-un birou. \u00cen ultimele luni am demonstrat, prin decizii \u015fi rezultate, nu prin sloganuri, c\u0103 Ministerul Ap\u0103r\u0103rii func\u0163ioneaz\u0103 permanent. Exist\u0103 proceduri, lan\u0163uri de comand\u0103 \u015fi oameni preg\u0103ti\u0163i care ac\u0163ioneaz\u0103 24 de ore din 24, iar atunci c\u00e2nd situa\u0163ia o cere sunt implicat f\u0103r\u0103 \u00eent\u00e2rziere\u201d, afirm\u0103 Miru\u0163\u0103.<\/p>\n<p>Ministrul Ap\u0103r\u0103rii men\u0163ioneaz\u0103 c\u0103 Rom\u00e2nia este \u201emai bine preg\u0103tit\u0103 ast\u0103zi dec\u00e2t era acum un an\u201d. \u00a0\u201eMai avem multe de f\u0103cut, dar un lucru este cert: nu vom face compromisuri c\u00e2nd este vorba despre securitatea cet\u0103\u0163enilor rom\u00e2ni. Vom continua s\u0103 investim \u00een Armata Rom\u00e2n\u0103, s\u0103 consolid\u0103m ap\u0103rarea antiaerian\u0103 \u015fi antidron\u0103 \u015fi s\u0103 ac\u0163ion\u0103m \u00eempreun\u0103 cu alia\u0163ii no\u015ftri ori de c\u00e2te ori securitatea \u0163\u0103rii o cere. \u00cendemn publicul s\u0103 se informeze din surse oficiale \u015fi credibile \u015fi s\u0103 trateze cu pruden\u0163\u0103 declara\u0163iile spectaculoase, lipsite de context \u015fi de rigoare\u201d, completeaz\u0103 ministrul.<\/p>\n<p>Miru\u0163\u0103 mai spune c\u0103 \u00een\u0163elege \u201epe deplin\u201d \u00eengrijorarea oamenilor, \u201e\u00een special teama rom\u00e2nilor din Dobrogea, care primesc uneori, de c\u00e2teva ori pe zi, alerte aeriene\u201d. \u201eEste justificat\u0103. Ca ministru al Ap\u0103r\u0103rii, pot s\u0103 le garantez un singur lucru: Armata Rom\u00e2n\u0103 face maximum posibil pentru a proteja cet\u0103\u0163enii Rom\u00e2niei. Actualiz\u0103m deciziile ori de c\u00e2te ori este nevoie, c\u0103ut\u0103m permanent solu\u0163ii cu ceea ce avem \u015fi achizi\u0163ion\u0103m rapid ceea ce nu a fost achizi\u0163ionat p\u00e2n\u0103 acum. Faptul c\u0103 dou\u0103 drone au fost dobor\u00e2te \u00een dou\u0103 zile consecutive este dovada\u201d, \u00eencheie ministrul Radu Miru\u0163\u0103.<\/p>\n<p><strong>Nicu \u015etef\u0103nu\u0163\u0103, despre Mar\u015ful Oradea Pride: Cu a\u015fa pro-europeni, nu m\u0103 mir\u0103 deloc c\u0103 avem extremi\u015fti cu cel mai mare procent<\/strong><\/p>\n<p>Vicepre\u015fedintele Parlamentului European, independentul Nicu \u015etef\u0103nu\u0163\u0103, critic\u0103 \u00een termeni duri reac\u0163ia jandarmilor la Mar\u015ful Oradea Pride 2026, care au dat amenzi participan\u0163ilor la manifestare invoc\u00e2nd lipsa autoriza\u0163iei pentru ac\u0163iune, dar \u015fi lipsa de reac\u0163ie a clasei politice din Parlament \u015fi Guvern, \u201ecare asist\u0103 pasiv la ceva ce ne pune o pat\u0103 neagr\u0103 pe harta Europei\u201d. &#8220;Este ru\u015finos pentru statul rom\u00e2n al nelibert\u0103\u0163ilor europene ce se \u00eent\u00e2mpl\u0103 acum la Oradea. Jandarmii au dat c\u00e2teva zeci de amenzi tinerilor, amenzi \u015fi de 1000 de lei. Le-au spus s\u0103 le semneze, altfel le trimit acas\u0103 (amenin\u0163are tipic\u0103 care s\u0103 te fac\u0103 s\u0103 semnezi pentru a nu contesta apoi \u015fi \u00een plus o \u00eenc\u0103lcare a dreptului la intimitate al participan\u0163ilor)&#8221;, afirm\u0103 Nicu \u015etef\u0103nu\u0163\u0103, \u00eentr-o postare pe pagina sa de Facebook, dup\u0103 ce jandarmii au dat amenzi participan\u0163ilor la Mar\u015ful LGBT de la Oradea.<\/p>\n<p>Potrivit vicepre\u015fedintelui Parlamentului European, la mar\u015ful de la Oradea sunt &#8220;oameni din toat\u0103 Europa \u015fi cel pu\u0163in opt ambasade europene&#8221;. &#8220;Ru\u015finea asta nu se va sp\u0103la u\u015for. Rom\u00e2nia a ajuns s\u0103 interzic\u0103, s\u0103 amendeze, s\u0103 amenin\u0163e oameni care protesteaz\u0103 pa\u015fnic. Pare c\u0103 din lec\u0163ia Ungariei statul rom\u00e2n a \u00eenv\u0103\u0163at fix contrariul: c\u0103 trebuie s\u0103 str\u00e2ng\u0103 la\u0163ul ca partidele falimentare de azi s\u0103 p\u0103streze puterea. Viktor Orb\u00e1n e bine merci la Tusv\u00e1nyos, de unde critic\u0103 \u0163ara sa, pe care o face \u00abo Venezuel\u0103 f\u0103r\u0103 petrol\u00bb. Pentru oameni ca el \u015fi ca al\u0163ii de la noi, tot ce nu e dictatur\u0103, e marxism. Sincer, aici de vin\u0103 nu e doar primarul localit\u0103\u0163ii. De vin\u0103 e toat\u0103 clasa politic\u0103 din Parlament \u015fi Guvern, care asist\u0103 pasiv la ceva ce ne pune o pat\u0103 neagr\u0103 pe harta Europei&#8221;, avertizeaz\u0103 \u015etef\u0103nu\u0163\u0103.<\/p>\n<p>Vicepre\u015fedintele PE sus\u0163ine c\u0103 cu astfel de pro-europeni, nu \u00eel mir\u0103 &#8220;deloc&#8221; c\u0103 Rom\u00e2nia are &#8220;extremi\u015fti cu cel mai mare procent&#8221;. &#8220;Cu a\u015fa pro-europeni, nu m\u0103 mir\u0103 deloc c\u0103 avem extremi\u015fti cu cel mai mare procent. M-am agitat acum un an cu toat\u0103 for\u0163a \u015fi influen\u0163a mea s\u0103 avem un pre\u015fedinte \u015fi un guvern european care s\u0103 ne protejeze. A fost degeaba. De azi, \u015ftiu c\u0103 nu m\u0103 pot \u00eencrede \u00een ei pentru siguran\u0163a tinerilor acestei \u0163\u0103ri. Nu merit\u0103 tag sau nimic, sunt nuli&#8221;, afirm\u0103 europarlamentarul independent, ad\u0103ug\u00e2nd \u015fi un Post Scriptum: &#8220;Ace\u015fti tineri nu sunt \u00abunii lgbt\u00bb, nu sunt \u00abo minoritate\u00bb, ci fix copiii vo\u015ftri, viitorul acestui stat&#8221;.<\/p>\n<p>Participan\u0163ii la Mar\u015ful Pride au pornit, s\u00e2mb\u0103t\u0103 dup\u0103-amiaz\u0103, prin centrul Oradiei, dup\u0103 ce s-au adunat \u00een fa\u0163a Prim\u0103riei municipiului, \u00een pofida avertismentelor jandarmilor, care au dat amenzi chiar \u00eenainte ca manifestan\u0163ii s\u0103 porneasc\u0103 pe traseu, \u00een condi\u0163iile \u00een care ac\u0163iunea nu este autorizat\u0103, informeaz\u0103 Bihoreanul. \u00cen timp ce erau sanc\u0163iona\u0163i, participan\u0163ii la mar\u015f au \u00eenceput s\u0103 c\u00e2nte &#8220;I don&#8217;t care, I love it&#8221;.<\/p>\n<p>Avocatul Poporului, Renate Weber, prezent\u0103 la mar\u015f, a sus\u0163inut c\u0103 libertatea \u00eentrunirilor pa\u015fnice este garantat\u0103 de Constitu\u0163ie \u015fi c\u0103 primarul Florin Birta interpreteaz\u0103 gre\u015fit legisla\u0163ia. Protestatarii au pornit \u00een mar\u015f \u00een jurul orei 17, pe traseul Strada Independen\u0163ei &#8211; Pia\u0163a 1 Decembrie &#8211; str. Traian Mo\u015foiu &#8211; Pia\u0163a Unirii, iar echipaje ale Poli\u0163iei rutiere au blocat circula\u0163ia pe traseul de desf\u0103\u015furare al acestuia.<\/p>\n<p>Printre sloganurile rostite la megafon, se num\u0103r\u0103: &#8220;Drepturile noastre nu se fur\u0103&#8221;, &#8220;Dreptul la protest e fundamental&#8221;, &#8220;Drepturi egale, nu pasaje subterane&#8221;, &#8220;Oradea e a tuturor&#8221;. Unii protestatari au avut cu ei un afi\u015f pe care scria &#8220;Stop homofobiei&#8221; \u015fi au pus o imagine cu primarul Florin Birta al\u0103turi de dictatori precum Vladimir Putin \u015fi fostul premier al Ungariei, Viktor Orban, men\u0163ioneaz\u0103 publica\u0163ia citat\u0103.<\/p>\n<p>Organiza\u0163ia &#8220;Accept&#8221;, sus\u0163inut\u0103 de reprezentan\u0163i ai societ\u0103\u0163ii civile din Rom\u00e2nia, a transmis o scrisoare pre\u015fedintei Comisiei Europene, Ursula von der Leyen, \u00een care \u00eei solicit\u0103 s\u0103 apeleze la autorit\u0103\u0163ile rom\u00e2ne &#8220;s\u0103 fac\u0103 tot ce le st\u0103 \u00een putin\u0163\u0103 pentru a se asigura c\u0103 mar\u015ful Pride din 25 iulie se va desf\u0103\u015fura pa\u015fnic \u015fi \u00een siguran\u0163\u0103, c\u0103 participan\u0163ii vor fi proteja\u0163i \u015fi c\u0103 libert\u0103\u0163ile fundamentale garantate de Uniunea European\u0103 vor fi respectate \u00een practic\u0103, nu doar \u00een teorie&#8221;. Apelul a fost f\u0103cut dup\u0103 ce, potrivit sursei citate, primarul ora\u015fului Oradea &#8220;a refuzat oficial&#8221; s\u0103 autorizeze manifestarea, &#8220;resping\u00e2nd toate cele 115 trasee alternative propuse de organizatori&#8221; \u015fi invoc\u00e2nd &#8220;pl\u00e2ngeri care sus\u0163in c\u0103 organizarea mar\u015fului \u015fi prezen\u0163a persoanelor LGBTI \u00een spa\u0163iul public \u00eencalc\u0103 \u00abbunele moravuri\u00bb&#8221;.<\/p>\n<p><strong>Laszlo Tokes: \u201ePopula\u0163ia maghiar\u0103 din Rom\u00e2nia se num\u0103r\u0103 printre grupurile etnice amenin\u0163ate din Europa\u201d<\/strong><\/p>\n<p>Pre\u015fedintele Consiliului Na\u0163ional al Maghiarilor din Transilvania (CNMT), fostul episcop reformat Laszlo Tokes, a atras aten\u0163ia, s\u00e2mb\u0103t\u0103, la Universitatea de Var\u0103 de la B\u0103ile Tu\u015fnad, asupra declinului comunit\u0103\u0163ii maghiare din Transilvania, afirm\u00e2nd c\u0103 num\u0103rul membrilor Diecezei Reformate din Transilvania scade cu aproximativ o sut\u0103 de mii de persoane la fiecare deceniu, iar o sc\u0103dere de aceea\u015fi magnitudine are loc \u015fi \u00een cadrul Bisericii Romano-Catolice, a Bisericii Evanghelice \u015fi a Bisericii Unitariene.<\/p>\n<p>Liderul CNMT a subliniat c\u0103, de\u015fi &#8220;din punct de vedere al corectitudinii politice, folosind o expresie de fa\u0163ad\u0103 referitoare la minorit\u0103\u0163i&#8221;, Transilvania este de obicei descris\u0103 ca fiind multicultural\u0103, aceast\u0103 calificare este ast\u0103zi &#8220;un simplu eufemism&#8221;, \u00eentruc\u00e2t diversitatea transilv\u0103nean\u0103 apar\u0163ine din ce \u00een ce mai mult trecutului, relateaz\u0103 mti.hu. Laszlo Tokes, fost deputat \u00een Parlamentul European, afirm\u0103 c\u0103 dup\u0103 emigrarea sa\u015filor, a \u015fvabilor \u015fi a evreilor, &#8220;acum a venit r\u00e2ndul maghiarilor&#8221;, ad\u0103ug\u00e2nd: &#8220;Noi \u00een\u015fine, maghiarii de ast\u0103zi, suntem vinova\u0163i de acest lucru&#8221;, a subliniat el. &#8220;Datele men\u0163ionate demonstreaz\u0103 c\u0103 popula\u0163ia maghiar\u0103 din Rom\u00e2nia se num\u0103r\u0103 printre grupurile etnice amenin\u0163ate din Europa&#8221;, a mai afirmat Laszlo Tokes.<\/p>\n<p><strong>Ia\u015fi: O persoan\u0103 aflat\u0103 pe calea ferat\u0103, accidentat\u0103 mortal de un tren<\/strong><\/p>\n<p>O persoan\u0103 aflat\u0103 pe calea ferat\u0103 a fost accidentat\u0103 mortal, s\u00e2mb\u0103t\u0103 dup\u0103-amiaz\u0103, \u00een zona comunei Mirce\u015fti, aproape de Pa\u015fcani, jude\u0163ul Ia\u015fi, de un tren InterRegio care circula pe rela\u0163ia Bucure\u015fti Nord \u2013 Suceava. C\u0103l\u0103torii din tren nu au avut nevoie de \u00eengrijiri medicale. Din informa\u0163iile preliminare furnizate de c\u0103tre reprezentan\u0163ii CFR, mecanicul locomotivei a observat persoana pe calea ferat\u0103 \u015fi a emis semnale acustice, \u00eens\u0103 aceasta nu a reac\u0163ionat.<\/p>\n<p>&#8220;La sosirea for\u0163elor de interven\u0163ie, victima prezenta leziuni incompatibile cu via\u0163a, decesul fiind constatat la fa\u0163a locului. Concomitent, echipajele au verificat starea persoanelor aflate \u00een tren, pentru a identifica eventuali pasageri care ar fi avut nevoie de asisten\u0163\u0103 medical\u0103 sau sprijin. \u00cen urma evalu\u0103rii, niciun pasager nu a necesitat \u00eengrijiri medicale&#8221;, precizeaz\u0103 ISU Ia\u0219i.<\/p>\n<p><strong>Boto\u015fani: O femeie de 43 de ani a fost re\u0163inut\u0103 dup\u0103 ce a \u00eenc\u0103lcat ordinul de protec\u0163ie \u015fi s-a apropiat de so\u0163ul s\u0103u<\/strong><\/p>\n<p>O femeie \u00een v\u00e2rst\u0103 de 43 de ani din jude\u0163ul Boto\u015fani a fost re\u0163inut\u0103 pentru 24 de ore dup\u0103 ce a \u00eenc\u0103lcat ordinul de protec\u0163ie care \u00eei interzicea s\u0103 se apropie de so\u0163ul s\u0103u \u015fi l-a amenin\u0163at pe acesta. &#8220;Poli\u0163i\u015ftii din cadrul Sec\u0163iei de Poli\u0163ie Rural\u0103 nr. 3 Hlipiceni au emis ordonan\u0163\u0103 de re\u0163inere, pentru 24 de ore, pe numele unei femei, de 43 de ani, din comuna Lunca, cercetat\u0103 pentru s\u0103v\u00e2r\u015firea infrac\u0163iunii de \u00eenc\u0103lcare a ordinului de protec\u0163ie&#8221;, au anun\u0163at, s\u00e2mb\u0103t\u0103, reprezentan\u0163ii Inspectoratului de Poli\u0163ie al Jude\u0163ului Boto\u015fani. Ei au men\u0163ionat c\u0103 femeia a \u00eenc\u0103lcat obliga\u0163ia de a nu se apropia de so\u0163ul s\u0103u, stabilit\u0103 prin ordinul de protec\u0163ie emis de o instan\u0163\u0103 de judecat\u0103. &#8220;Mai mult dec\u00e2t at\u00e2t, aceasta l-ar fi amenin\u0163at cu acte de violen\u0163\u0103&#8221;, a mai precizat sursa citat\u0103. Femeia a fost dus\u0103 \u00een arestul IPJ Boto\u015fani.<\/p>\n<p>\u00a0<\/p>\n<hr>\n<div class=\"bloc-widget widget-rosu\">\n<p>\u00cen lipsa unui acord scris din partea Ziarului de Vrancea, pute\u0163i prelua maxim 500 de caractere din acest articol dac\u0103 preciza\u0163i sursa \u015fi insera\u0163i vizibil link-ul articolului:\u00a0<span>#insertcurrentlinkhere<\/span><\/p>\n<\/div>\n<div class=\"extra-articol listing-anunturi\">\n<h6>Anun\u021buri <span class=\"text-primary\">ZdV<\/span> Premium<\/h6>\n<div class=\"row\">\n<div class=\"col-lg-4 col-md-6 bloc-egal\"><a class=\"card-anunt\" href=\"https:\/\/ziaruldevrancea.ro\/anunturi\/imobiliare\/vanzari-terenuri\/vand-teren-in-panciu\"><strong class=\"titlu\">V\u00e2nz\u0103ri terenuri<\/strong><span class=\"text-anunt\">Teren Panciu 1170 mp, cu num\u0103r cas\u0103, ap\u0103&#8230;<\/span><span class=\"data-anunt\">29.07.2026  <\/span><\/a><\/div>\n<div class=\"col-lg-4 col-md-6 bloc-egal\"><a class=\"card-anunt\" href=\"https:\/\/ziaruldevrancea.ro\/anunturi\/altele\/anulare-acte\/vand-scrumbii-afumate-capturi-dunare\"><strong class=\"titlu\">Vanzari diverse<\/strong><span class=\"text-anunt\">Pret : 117 lei \/ kg . \u00a0 Este&#8230;<\/span><span class=\"data-anunt\">29.07.2026 , Gala\u021bi , Gala\u021bi<\/span><\/a><\/div>\n<div class=\"col-lg-4 col-md-6 bloc-egal\"><a class=\"card-anunt\" href=\"https:\/\/ziaruldevrancea.ro\/anunturi\/imobiliare\/vanzari-case\/vand-casa-si-teren-in-panciu-anunt-72818\"><strong class=\"titlu\">V\u00e2nz\u0103ri case<\/strong><span class=\"text-anunt\">V\u00e2nd cas\u0103 cu 2 camere, buc\u0103t\u0103rie, baie,&#8230;<\/span><span class=\"data-anunt\">23.07.2026  <\/span><\/a><\/div>\n<\/div>\n<\/div>\n<div class=\"extra-articol alte-articole\">\n<div class=\"row\">\n<div class=\"col-lg-6 bloc-egal\">\n<div class=\"card articol-listing\">\n<h6>\u00cen categoria <a href=\"https:\/\/ziaruldevrancea.ro\/actualitatea\/national\">Na\u021bional<\/a><\/h6>\n<div class=\"grup-articol-listing\">\n<div class=\"cont-pils\"><a href=\"https:\/\/ziaruldevrancea.ro\/actualitatea\/national\/mozaic-Stiri-naTionale-paul-de-romania-bun-de-impachetat-si-trimis-acasa\"><img decoding=\"async\" src=\"https:\/\/zdvi.cname.ro\/180_135\/actualitatea\/national\/mozaic-Stiri-naTionale-paul-de-romania-bun-de-impachetat-si-trimis-acasa\/mediaPool\/uvtGPut.jpeg\" class=\"img-responsive img-180\" alt><\/a><\/div>\n<h2><a class=\"link-titlu\" href=\"https:\/\/ziaruldevrancea.ro\/actualitatea\/national\/mozaic-Stiri-naTionale-paul-de-romania-bun-de-impachetat-si-trimis-acasa\">MOZAIC \u0218TIRI NA\u021aIONALE: Paul de Rom\u00e2nia, bun de \u201e\u00eempachetat\u201d \u0219i trimis acas\u0103<\/a><\/h2>\n<div class=\"date-post\"><a href=\"https:\/\/ziaruldevrancea.ro\/autor\/radu-tomescu\">Radu Tomescu<\/a>, 29 iul 2026  <\/div>\n<\/div>\n<div class=\"grup-articol-listing\">\n<div class=\"cont-pils\"><a href=\"https:\/\/ziaruldevrancea.ro\/actualitatea\/national\/mozaic-Stiri-naTionale-ciucu-nu-cred-ca-mai-putem-guverna-cel-putin-10-20-de-ani-alaturi-de-psd\"><img decoding=\"async\" src=\"https:\/\/zdvi.cname.ro\/180_135\/actualitatea\/national\/mozaic-Stiri-naTionale-ciucu-nu-cred-ca-mai-putem-guverna-cel-putin-10-20-de-ani-alaturi-de-psd\/mediaPool\/uJWJRRu.jpeg\" class=\"img-responsive img-180\" alt><\/a><\/div>\n<h2><a class=\"link-titlu\" href=\"https:\/\/ziaruldevrancea.ro\/actualitatea\/national\/mozaic-Stiri-naTionale-ciucu-nu-cred-ca-mai-putem-guverna-cel-putin-10-20-de-ani-alaturi-de-psd\">MOZAIC \u0218TIRI NA\u021aIONALE: Ciucu: Nu cred c\u0103 mai putem guverna cel pu\u0163in 10-20 de ani al\u0103turi de PSD<\/a><\/h2>\n<div class=\"date-post\"><a href=\"https:\/\/ziaruldevrancea.ro\/autor\/rodica-condurache\">Rodica Condurache<\/a>, 28 iul 2026  <\/div>\n<\/div>\n<div class=\"grup-articol-listing\">\n<div class=\"cont-pils\"><a href=\"https:\/\/ziaruldevrancea.ro\/actualitatea\/national\/mozaic-Stiri-naTionale-greva-generala-in-sanatate\"><img decoding=\"async\" src=\"https:\/\/zdvi.cname.ro\/180_135\/actualitatea\/national\/mozaic-Stiri-naTionale-greva-generala-in-sanatate\/mediaPool\/uWZk34o.jpeg\" class=\"img-responsive img-180\" alt><\/a><\/div>\n<h2><a class=\"link-titlu\" href=\"https:\/\/ziaruldevrancea.ro\/actualitatea\/national\/mozaic-Stiri-naTionale-greva-generala-in-sanatate\">MOZAIC \u0218TIRI NA\u021aIONALE: Grev\u0103 general\u0103 \u00een S\u0103n\u0103tate<\/a><\/h2>\n<div class=\"date-post\"><a href=\"https:\/\/ziaruldevrancea.ro\/autor\/rodica-condurache\">Rodica Condurache<\/a>, 27 iul 2026  <\/div>\n<\/div>\n<\/div>\n<\/div>\n<div class=\"col-lg-6 bloc-egal\">\n<div class=\"card articol-listing\">\n<h6>De acela\u0219i <a href=\"https:\/\/ziaruldevrancea.ro\/autor\/rodica-condurache\/\">autor<\/a><\/h6>\n<div class=\"grup-articol-listing\">\n<div class=\"cont-pils\"><a href=\"https:\/\/ziaruldevrancea.ro\/actualitatea\/stiri-locale\/prima-pagina-a-ziarului-de-vrancea-de-astazi-31-iulie-2026\"><img decoding=\"async\" src=\"https:\/\/zdvi.cname.ro\/180_135\/actualitatea\/stiri-locale\/prima-pagina-a-ziarului-de-vrancea-de-astazi-31-iulie-2026\/mediaPool\/utzqu1b.jpg\" class=\"img-responsive img-180\" alt><\/a><\/div>\n<h2><a class=\"link-titlu\" href=\"https:\/\/ziaruldevrancea.ro\/actualitatea\/stiri-locale\/prima-pagina-a-ziarului-de-vrancea-de-astazi-31-iulie-2026\">Prima pagin\u0103 a Ziarului de Vrancea de ast\u0103zi, 31 iulie 2026: accidente, investi\u021bii, economie \u0219i cele mai importante \u0219tiri ale jude\u021bului  <\/a><\/h2>\n<div class=\"date-post\"><a href=\"https:\/\/ziaruldevrancea.ro\/autor\/rodica-condurache\">Rodica Condurache<\/a>, 31 iul 2026  <\/div>\n<\/div>\n<div class=\"grup-articol-listing\">\n<div class=\"cont-pils\"><a href=\"https:\/\/ziaruldevrancea.ro\/timp-liber\/astazi-despre-psihologul-clinician-andrei-partos---om-bun---nevoia-de-a-repune-muzica-si-poezia-romaneasca-la-un-loc-bun\"><img decoding=\"async\" src=\"https:\/\/zdvi.cname.ro\/180_135\/timp-liber\/astazi-despre-psihologul-clinician-andrei-partos---om-bun---nevoia-de-a-repune-muzica-si-poezia-romaneasca-la-un-loc-bun\/mediaPool\/uYSVhEO.jpg\" class=\"img-responsive img-180\" alt><\/a><\/div>\n<h2><a class=\"link-titlu\" href=\"https:\/\/ziaruldevrancea.ro\/timp-liber\/astazi-despre-psihologul-clinician-andrei-partos---om-bun---nevoia-de-a-repune-muzica-si-poezia-romaneasca-la-un-loc-bun\">VIDEO V\u0103 mai aminti\u021bi de \u201eRADIO VACAN\u021aA COSTINE\u0218TI\u201d? Ast\u0103zi despre vocea Costine\u015ftiului de alt\u0103dat\u0103. Andrei Parto\u0219 &#8211; Psihologul clinician care dup\u0103 zece ani de activitate s-a dedicat nevoii de a repune muzica \u015fi poezia rom\u00e2neasc\u0103 la un loc bun<\/a><\/h2>\n<div class=\"date-post\"><a href=\"https:\/\/ziaruldevrancea.ro\/autor\/rodica-condurache\">Rodica Condurache<\/a>, 31 iul 2026  <\/div>\n<\/div>\n<div class=\"grup-articol-listing\">\n<div class=\"cont-pils\"><a href=\"https:\/\/ziaruldevrancea.ro\/timp-liber\/horoscop-31-iulie-2026\"><img decoding=\"async\" src=\"https:\/\/zdvi.cname.ro\/180_135\/timp-liber\/horoscop-31-iulie-2026\/mediaPool\/uA8enxT.jpg\" class=\"img-responsive img-180\" alt><\/a><\/div>\n<h2><a class=\"link-titlu\" href=\"https:\/\/ziaruldevrancea.ro\/timp-liber\/horoscop-31-iulie-2026\">Horoscop 31 iulie 2026 <\/a><\/h2>\n<div class=\"date-post\"><a href=\"https:\/\/ziaruldevrancea.ro\/autor\/rodica-condurache\">Rodica Condurache<\/a>, 31 iul 2026  <\/div>\n<\/div>\n<\/div>\n<\/div>\n<\/div>\n<\/div>\n<div class=\"extra-articol listing-anunturi\">\n<h6>Anun\u021buri <span class=\"text-primary\">ZdV<\/span> Premium<\/h6>\n<div class=\"row\">\n<div class=\"col-lg-4 col-md-6 bloc-egal\"><a class=\"card-anunt\" href=\"https:\/\/ziaruldevrancea.ro\/anunturi\/angajari\/cereri-angajari\/doresc-angajare-anunt-72815\"><strong class=\"titlu\">Cereri<\/strong><span class=\"text-anunt\">Doresc s\u0103 am grij\u0103 de un copil de gradini\u021b\u0103&#8230;<\/span><span class=\"data-anunt\">21.07.2026  <\/span><\/a><\/div>\n<div class=\"col-lg-4 col-md-6 bloc-egal\"><a class=\"card-anunt\" href=\"https:\/\/ziaruldevrancea.ro\/anunturi\/inchirieri\/locuinte-oferte\/primesc-in-gazda-anunt-72816\"><strong class=\"titlu\">Locuin\u021be oferte<\/strong><span class=\"text-anunt\">\u00a0Primesc \u00een gazd\u0103 la cas\u0103.<\/p>\n<p>Tel&#8230;.<\/span><span class=\"data-anunt\">21.07.2026  <\/span><\/a><\/div>\n<div class=\"col-lg-4 col-md-6 bloc-egal\"><a class=\"card-anunt\" href=\"https:\/\/ziaruldevrancea.ro\/anunturi\/inchirieri\/locuinte-oferte\/primesc-in-gazda-anunt-72817\"><strong class=\"titlu\">Locuin\u021be oferte<\/strong><span class=\"text-anunt\">Primesc \u00een gazd\u0103 la bloc o elev\u0103. <\/p>\n<p>Tel&#8230;.<\/span><span class=\"data-anunt\">21.07.2026  <\/span><\/a><\/div>\n<\/div>\n<\/div>\n<div class=\"bloc-widget widget-albastru\">\n    Ziarul de Vrancea \u00a0nu este responsabil juridic pentru con\u0163inutul textelor din comentariile de mai jos. Responsabilitatea pentru mesajele dumneavoastra v\u0103 revine \u00een exclusivitate.\n<\/div>\n<div class=\"comentarii-articol\" id=\"comentarii\">\n<h3>Comentarii: <span class=\"text-primary\">0<\/span><\/h3>\n<p><a href=\"https:\/\/ziaruldevrancea.ro\/actualitatea\/national\/mozaic-Stiri-naTionale-cum-sunt-distruse-dronele-de-avioanele-f-16-romanesti\" class=\"btn btn-success btn-adauga-com\" data-toggle=\"modal\" data-parent=\"0\" data-target=\"#commentModal\">Adaug\u0103 comentariu<\/a><\/p>\n<div class=\"loadMask comments-mask\"><img decoding=\"async\" src=\"https:\/\/zdvs.cname.ro\/images\/loader_40.gif\"><\/div>\n<div class=\"comenteaza-jos\">Trebuie s\u0103 fii <a href=\"https:\/\/ziaruldevrancea.ro\/account\">autentificat<\/a> pentru a putea <a href=\"https:\/\/ziaruldevrancea.ro\/actualitatea\/national\/mozaic-Stiri-naTionale-cum-sunt-distruse-dronele-de-avioanele-f-16-romanesti\" class data-toggle=\"modal\" data-parent=\"0\" data-target=\"#commentModal\">posta un comentariu<\/a>.<\/div>\n<\/div>\n<div class=\"modal fade\" id=\"commentModal\" role=\"dialog\" aria-labelledby=\"commentModalLabel\">\n<div class=\"modal-dialog modal-lg\" role=\"document\">\n<div class=\"modal-content\">\n<div class=\"modal-header\">\n<h3 class=\"modal-title\" id=\"commentModalLabel\">Comenteaz\u0103<\/h3>\n<\/div>\n<div class=\"modal-body\">\n<div class=\"tabel tabel-full\">\n<div class=\"celula\">\n              Trebuie s\u0103 fii <a href=\"https:\/\/ziaruldevrancea.ro\/account\">autentificat<\/a> pentru a putea posta un comentariu.\n            <\/div>\n<\/div>\n<\/div>\n<div class=\"modal-footer\">\n<div id=\"commentPending\" class=\"formPending pull-left\"><img decoding=\"async\" src=\"https:\/\/zdvs.cname.ro\/images\/loader_40.gif\"> In curs de procesare&#8230;<\/div>\n<p><a href=\"https:\/\/ziaruldevrancea.ro\/actualitatea\/national\/mozaic-Stiri-naTionale-cum-sunt-distruse-dronele-de-avioanele-f-16-romanesti\" class=\"btn btn-default\" data-dismiss=\"modal\">Anuleaz\u0103<\/a><\/div>\n<\/div>\n<\/div>\n<\/div>\n<div class=\"modal fade\" id=\"commentReportModal\" role=\"dialog\" aria-labelledby=\"commentReportModalLabel\">\n<div class=\"modal-dialog modal-lg\" role=\"document\">\n<div class=\"modal-content\">\n<div class=\"modal-header\">\n<h3 class=\"modal-title\" id=\"commentReportModalLabel\">Raporteaza comentariu<\/h3>\n<\/div>\n<div class=\"modal-body\">\n<div class=\"tabel tabel-full\">\n<div class=\"celula\">\n              Trebuie s\u0103 fii <a href=\"https:\/\/ziaruldevrancea.ro\/account\">autentificat<\/a> pentru a putea raporta un comentariu.\n            <\/div>\n<\/div>\n<\/div>\n<div class=\"modal-footer\">\n<div id=\"commentReportPending\" class=\"formPending pull-left\"><img decoding=\"async\" src=\"https:\/\/zdvs.cname.ro\/images\/loader_40.gif\"> In curs de procesare&#8230;<\/div>\n<p><a href=\"https:\/\/ziaruldevrancea.ro\/actualitatea\/national\/mozaic-Stiri-naTionale-cum-sunt-distruse-dronele-de-avioanele-f-16-romanesti\" class=\"btn btn-default\" data-dismiss=\"modal\">Anuleaz\u0103<\/a><\/div>\n<\/div>\n<\/div>\n<\/div>\n<div class=\"modal fade\" id=\"commentLikeModal\" role=\"dialog\" aria-labelledby=\"commentLikeModalLabel\">\n<div class=\"modal-dialog modal-lg\" role=\"document\">\n<div class=\"modal-content\">\n<div class=\"modal-header\">\n<h3 class=\"modal-title\" id=\"commentReportModalLabel\">Apreciaza comentariu<\/h3>\n<\/div>\n<div class=\"modal-body\">\n<div class=\"tabel tabel-full\">\n<div class=\"celula\">\n            Trebuie s\u0103 fii <a href=\"https:\/\/ziaruldevrancea.ro\/account\">autentificat<\/a> pentru a putea aprecia un comentariu.\n          <\/div>\n<\/div>\n<\/div>\n<div class=\"modal-footer\"><a href=\"https:\/\/ziaruldevrancea.ro\/actualitatea\/national\/mozaic-Stiri-naTionale-cum-sunt-distruse-dronele-de-avioanele-f-16-romanesti\" class=\"btn btn-default\" data-dismiss=\"modal\">Anuleaz\u0103<\/a><\/div>\n<\/div>\n<\/div>\n<\/div>\n<div class=\"bloc-widget widget-rosu\"><span><small>Ziarul de Vrancea doreste ca acest site sa fie un spatiu al discutiilor civilizate, al comentariilor de bun simt. Din acest motiv, cei care posteaza comentarii la articole trebuie sa respecte urmatoarele reguli:<br \/>\n1. Sa se refere doar la articolul la care posteaza comentarii.<br \/>\n2. Sa foloseasca un limbaj civilizat, fara injurii, calomnii, comentarii antisemite, xenofobe sau rasiste.<br \/>\n3. Sunt interzise atacurile la adresa autorilor, daca acestea nu au legatura cu textul.<br \/>\n4. Username-ul sa nu fie nume de personalitati ale vietii publice sau parodieri ale acestora.<br \/>\nAutorul unui articol poate fi criticat pentru eventuale greseli, incoerenta, lipsa de documentare etc.<br \/>\nNerespectarea regulilor mentionate mai sus va duce la stergerea comentariilor, fara avertisment si fara explicatii.<br \/>\nAbaterile repetate vor avea drept consecinta interdictia accesului la aceasta facilitate a site-ului.<\/small><\/span><\/div>\n<\/div>\n<p>[analyse_source url=&#8221;https:\/\/ziaruldevrancea.ro\/actualitatea\/national\/mozaic-Stiri-naTionale-cum-sunt-distruse-dronele-de-avioanele-f-16-romanesti&#8221;]<\/p>\n","protected":false},"excerpt":{"rendered":"<p>[analyse_image type=&#8221;featured&#8221; src=&#8221;https:\/\/zdvi.cname.ro\/_\/mozaic-Stiri-naTionale-cum-sunt-distruse-dronele-de-avioanele-f-16-romanesti\/mediaPool\/uLdVW1n.jpeg&#8221;] Na\u021bional MOZAIC \u0218TIRI NA\u021aIONALE: Cum sunt distruse dronele de avioanele F-16 rom\u00e2ne\u0219ti Distribuie: \u00a0 | Rodica Condurache 25 iul 2026403 vizualiz\u0103ri Comandantul deta\u015famentului rom\u00e2nesc de poli\u0163ie aerian\u0103 din Lituania, pilot de F-16, explica\u0163ii despre condi\u0163iile de neutralizare a unei drone Comandantul deta\u015famentului rom\u00e2nesc de poli\u0163ie aerian\u0103 din Lituania, un pilot experimentat de [&hellip;]<\/p>\n","protected":false},"author":1,"featured_media":0,"comment_status":"open","ping_status":"","sticky":false,"template":"","format":"standard","meta":{"footnotes":""},"categories":[89],"tags":[226,208],"class_list":["post-2071982","post","type-post","status-publish","format-standard","hentry","category-romania","tag-crawlmanager","tag-ziaruldevrancea-ro"],"_links":{"self":[{"href":"https:\/\/analyse.optim.biz\/index.php?rest_route=\/wp\/v2\/posts\/2071982","targetHints":{"allow":["GET"]}}],"collection":[{"href":"https:\/\/analyse.optim.biz\/index.php?rest_route=\/wp\/v2\/posts"}],"about":[{"href":"https:\/\/analyse.optim.biz\/index.php?rest_route=\/wp\/v2\/types\/post"}],"author":[{"embeddable":true,"href":"https:\/\/analyse.optim.biz\/index.php?rest_route=\/wp\/v2\/users\/1"}],"replies":[{"embeddable":true,"href":"https:\/\/analyse.optim.biz\/index.php?rest_route=%2Fwp%2Fv2%2Fcomments&post=2071982"}],"version-history":[{"count":0,"href":"https:\/\/analyse.optim.biz\/index.php?rest_route=\/wp\/v2\/posts\/2071982\/revisions"}],"wp:attachment":[{"href":"https:\/\/analyse.optim.biz\/index.php?rest_route=%2Fwp%2Fv2%2Fmedia&parent=2071982"}],"wp:term":[{"taxonomy":"category","embeddable":true,"href":"https:\/\/analyse.optim.biz\/index.php?rest_route=%2Fwp%2Fv2%2Fcategories&post=2071982"},{"taxonomy":"post_tag","embeddable":true,"href":"https:\/\/analyse.optim.biz\/index.php?rest_route=%2Fwp%2Fv2%2Ftags&post=2071982"}],"curies":[{"name":"wp","href":"https:\/\/api.w.org\/{rel}","templated":true}]}}