{"id":207196,"date":"2014-04-23T21:50:07","date_gmt":"2014-04-23T18:50:07","guid":{"rendered":"https:\/\/analyse.optim.biz\/?p=207196"},"modified":"2014-04-23T21:50:07","modified_gmt":"2014-04-23T18:50:07","slug":"emil-boc-chestia-cu-barcuta-imi-aminteste-de-vremea-cand-mergeam-cu-copiii-la-mare-mai-lipsesc-galetica-si-lopatica","status":"publish","type":"post","link":"https:\/\/analyse.optim.biz\/?p=207196","title":{"rendered":"Emil Boc: Chestia cu b\u0103rcu\u021ba \u00eemi aminte\u0219te de vremea c\u00e2nd mergeam cu copiii la mare. Mai lipsesc g\u0103le\u021bica \u0219i lop\u0103\u021bica"},"content":{"rendered":"<div class=\"entry data-app-meta data-app-meta-article\" data-embed-base-url-canonical=\"https:\/\/www.digi24.ro\/embed\/stiri\/actualitate\/politica\/emil-boc-chestia-cu-barcuta-imi-aminteste-de-vremea-cand-mergeam-cu-copiii-la-mare-mai-lipsesc-galetica-si-lopatica-233733\">\n<p data-index=\"1\">\u201e<span>Gafa \u0219i s\u0103pt\u0103m\u00e2na sau s\u0103pt\u0103m\u00e2na \u015fi gafa. Nu se poate, ce am v\u0103zut &#8211; chestia cu b\u0103rcu\u0163a de ieri &#8211; \u00eemi amintea de vremea c\u00e2nd mergeam la mare cu copiii, \u00eei urcam \u00een b\u0103rcu\u0163\u0103 \u015fi \u00eei plimbam pe mal, cu apa p\u00e2n\u0103 la piciorul broa\u015ftei. Numai c\u0103 de data asta a fost la nivel guvernamental, c\u00e2nd mini\u015ftri se urc\u0103 \u00eentr-o b\u0103rcu\u0163\u0103 \u015fi min\u015ftrii se urc\u0103 \u00eentr-o b\u0103rcu\u0163\u0103 cu ap\u0103 p\u00e2n\u0103 la piciorul broa\u015ftei \u015fi pompierii trag barca. Caraghio\u0219i, ce s\u0103 v\u0103 spun!\u201d, a declarat <strong>Emil Boc<\/strong>, \u00eentr-o conferin\u021b\u0103 de pres\u0103. \u201eAsta arat\u0103 nivelul de \u00een\u0163elegere a problemelor Rom\u00e2niei. G\u0103le\u0163ica \u015fi lop\u0103\u0163ica, c\u0103 atunci meniul era complet pentru a putea intra \u00een aria penibilului\u201d, a ad\u0103ugat fostul premier.<\/span><\/p>\n<\/div>\n<p> Source URL: https:\/\/www.digi24.ro\/stiri\/actualitate\/politica\/emil-boc-chestia-cu-barcuta-imi-aminteste-de-vremea-cand-mergeam-cu-copiii-la-mare-mai-lipsesc-galetica-si-lopatica-233733<\/p>\n","protected":false},"excerpt":{"rendered":"<p>\u201eGafa \u0219i s\u0103pt\u0103m\u00e2na sau s\u0103pt\u0103m\u00e2na \u015fi gafa. Nu se poate, ce am v\u0103zut &#8211; chestia cu b\u0103rcu\u0163a de ieri &#8211; \u00eemi amintea de vremea c\u00e2nd mergeam la mare cu copiii, \u00eei urcam \u00een b\u0103rcu\u0163\u0103 \u015fi \u00eei plimbam pe mal, cu apa p\u00e2n\u0103 la piciorul broa\u015ftei. Numai c\u0103 de data asta a fost la nivel guvernamental, [&hellip;]<\/p>\n","protected":false},"author":1,"featured_media":207197,"comment_status":"open","ping_status":"","sticky":false,"template":"","format":"standard","meta":{"footnotes":""},"categories":[2],"tags":[11],"class_list":["post-207196","post","type-post","status-publish","format-standard","has-post-thumbnail","hentry","category-politics","tag-digi24"],"_links":{"self":[{"href":"https:\/\/analyse.optim.biz\/index.php?rest_route=\/wp\/v2\/posts\/207196","targetHints":{"allow":["GET"]}}],"collection":[{"href":"https:\/\/analyse.optim.biz\/index.php?rest_route=\/wp\/v2\/posts"}],"about":[{"href":"https:\/\/analyse.optim.biz\/index.php?rest_route=\/wp\/v2\/types\/post"}],"author":[{"embeddable":true,"href":"https:\/\/analyse.optim.biz\/index.php?rest_route=\/wp\/v2\/users\/1"}],"replies":[{"embeddable":true,"href":"https:\/\/analyse.optim.biz\/index.php?rest_route=%2Fwp%2Fv2%2Fcomments&post=207196"}],"version-history":[{"count":0,"href":"https:\/\/analyse.optim.biz\/index.php?rest_route=\/wp\/v2\/posts\/207196\/revisions"}],"wp:featuredmedia":[{"embeddable":true,"href":"https:\/\/analyse.optim.biz\/index.php?rest_route=\/wp\/v2\/media\/207197"}],"wp:attachment":[{"href":"https:\/\/analyse.optim.biz\/index.php?rest_route=%2Fwp%2Fv2%2Fmedia&parent=207196"}],"wp:term":[{"taxonomy":"category","embeddable":true,"href":"https:\/\/analyse.optim.biz\/index.php?rest_route=%2Fwp%2Fv2%2Fcategories&post=207196"},{"taxonomy":"post_tag","embeddable":true,"href":"https:\/\/analyse.optim.biz\/index.php?rest_route=%2Fwp%2Fv2%2Ftags&post=207196"}],"curies":[{"name":"wp","href":"https:\/\/api.w.org\/{rel}","templated":true}]}}