{"id":207193,"date":"2014-04-23T22:58:27","date_gmt":"2014-04-23T19:58:27","guid":{"rendered":"https:\/\/analyse.optim.biz\/?p=207193"},"modified":"2014-04-23T22:58:27","modified_gmt":"2014-04-23T19:58:27","slug":"numarul-alegatorilor-romani-a-crescut-fata-de-alegerile-din-2012","status":"publish","type":"post","link":"https:\/\/analyse.optim.biz\/?p=207193","title":{"rendered":"Num\u0103rul aleg\u0103torilor rom\u00e2ni a crescut fa\u021b\u0103 de alegerile din 2012"},"content":{"rendered":"<div class=\"entry data-app-meta data-app-meta-article\" data-embed-base-url-canonical=\"https:\/\/www.digi24.ro\/embed\/stiri\/actualitate\/politica\/numarul-alegatorilor-romani-a-crescut-fata-de-alegerile-din-2012-233749\">\n<p data-index=\"1\"><img decoding=\"async\" src=\"https:\/\/analyse.optim.biz\/wp-content\/uploads\/2024\/09\/jmhhc2g9yzk3n2iwyzhjogi0yjazzwy0nmqznwmynwe1n2m3mzc-thumb_.jpg\" data-skip-htmlfix=\"1\" title=\"jmhhc2g9yzk3n2iwyzhjogi0yjazzwy0nmqznwmynwe1n2m3mzc-thumb_\">La alegerile parlamentare din decembrie 2012, pe aceste liste se aflau cu aproape <strong>61.000 de rom\u00e2ni mai pu\u0163in<\/strong>.<\/p>\n<p data-index=\"2\"><strong>Biroul Electoral Central<\/strong> a adoptat, s\u0103pt\u0103m\u00e2na trecut\u0103, hot\u0103r\u00e2rea privind interpretarea unor no\u0163iuni \u015fi expresii (num\u0103r total de voturi valabil exprimate, prag electoral, atribuirea mandatelor, calcularea c\u00e2turilor, sistemul de atribuire al mandatelor \u015fi con\u0163inutul listei candida\u0163ilor suplean\u0163i) \u015fi decizia privind m\u0103surile pentru asigurarea ordinii publice \u00een cadrul procesului electoral.<\/p>\n<p data-index=\"3\">De asemenea, BEC a constatat r\u0103m\u00e2nerea definitiv\u0103 a candidaturilor depuse de c\u0103tre 15 partide politice, alian\u0163e electorale \u015fi organiza\u0163ii ale cet\u0103\u0163enilor apar\u0163in\u00e2nd minorit\u0103\u0163ilor na\u0163ionale, precum \u015fi de c\u0103tre opt candida\u0163i independen\u0163i \u015fi a stabilit ordinea pe buletinul de vot a listelor de candida\u0163i \u015fi candida\u0163ilor independen\u0163i.<\/p>\n<p data-index=\"4\">\u0218i <strong>Ministerul Afacerilor Externe<\/strong> a finalizat ast\u0103zi, vinerea trecut\u0103, lista sec\u0163iilor de votare din str\u0103in\u0103tate la scrutinul din 25 mai 2014 pentru alegerea membrilor din Rom\u00e2nia \u00een Parlamentul European. Num\u0103rul acestora r\u0103m\u00e2ne neschimbat fa\u021b\u0103 de alegerile europarlamentare din 2007 \u0219i 2009, adic\u0103 190.<\/p>\n<p data-index=\"5\">La alegerile europarlamentare <strong>cet\u0103\u021benii rom\u00e2ni din str\u0103in\u0103tate pot opta<\/strong> pentru exercitarea dreptului de vot pentru alegerea reprezentan\u021bilor \u021b\u0103rii de re\u0219edin\u021b\u0103 \u00een <strong>Parlamentul European<\/strong>.<\/p>\n<p data-index=\"6\"><a href=\"http:\/\/www.mae.ro\/node\/26161\" target=\"_blank\" data-skip-linkfix=\"1\" rel=\"noopener\">MAE reaminte\u0219te<\/a> c\u0103 la alegerile pentru Parlamentul European din <strong>noiembrie 2007<\/strong>, \u00een str\u0103in\u0103tate \u015fi-au exercitat dreptul de vot aproximativ <strong>22.000 de cet\u0103\u0163eni rom\u00e2ni<\/strong>, iar pentru alegerile europarlamentare din <strong>iunie 2009<\/strong> au fost \u00eenregistra\u0163i la vot aproximativ <strong>14.000 de cet\u0103\u0163eni rom\u00e2ni<\/strong>. \u00a0<\/p>\n<\/div>\n<p> Source URL: https:\/\/www.digi24.ro\/stiri\/actualitate\/politica\/numarul-alegatorilor-romani-a-crescut-fata-de-alegerile-din-2012-233749<\/p>\n","protected":false},"excerpt":{"rendered":"<p>La alegerile parlamentare din decembrie 2012, pe aceste liste se aflau cu aproape 61.000 de rom\u00e2ni mai pu\u0163in. Biroul Electoral Central a adoptat, s\u0103pt\u0103m\u00e2na trecut\u0103, hot\u0103r\u00e2rea privind interpretarea unor no\u0163iuni \u015fi expresii (num\u0103r total de voturi valabil exprimate, prag electoral, atribuirea mandatelor, calcularea c\u00e2turilor, sistemul de atribuire al mandatelor \u015fi con\u0163inutul listei candida\u0163ilor suplean\u0163i) \u015fi [&hellip;]<\/p>\n","protected":false},"author":1,"featured_media":207194,"comment_status":"open","ping_status":"","sticky":false,"template":"","format":"standard","meta":{"footnotes":""},"categories":[2],"tags":[11],"class_list":["post-207193","post","type-post","status-publish","format-standard","has-post-thumbnail","hentry","category-politics","tag-digi24"],"_links":{"self":[{"href":"https:\/\/analyse.optim.biz\/index.php?rest_route=\/wp\/v2\/posts\/207193","targetHints":{"allow":["GET"]}}],"collection":[{"href":"https:\/\/analyse.optim.biz\/index.php?rest_route=\/wp\/v2\/posts"}],"about":[{"href":"https:\/\/analyse.optim.biz\/index.php?rest_route=\/wp\/v2\/types\/post"}],"author":[{"embeddable":true,"href":"https:\/\/analyse.optim.biz\/index.php?rest_route=\/wp\/v2\/users\/1"}],"replies":[{"embeddable":true,"href":"https:\/\/analyse.optim.biz\/index.php?rest_route=%2Fwp%2Fv2%2Fcomments&post=207193"}],"version-history":[{"count":0,"href":"https:\/\/analyse.optim.biz\/index.php?rest_route=\/wp\/v2\/posts\/207193\/revisions"}],"wp:featuredmedia":[{"embeddable":true,"href":"https:\/\/analyse.optim.biz\/index.php?rest_route=\/wp\/v2\/media\/207194"}],"wp:attachment":[{"href":"https:\/\/analyse.optim.biz\/index.php?rest_route=%2Fwp%2Fv2%2Fmedia&parent=207193"}],"wp:term":[{"taxonomy":"category","embeddable":true,"href":"https:\/\/analyse.optim.biz\/index.php?rest_route=%2Fwp%2Fv2%2Fcategories&post=207193"},{"taxonomy":"post_tag","embeddable":true,"href":"https:\/\/analyse.optim.biz\/index.php?rest_route=%2Fwp%2Fv2%2Ftags&post=207193"}],"curies":[{"name":"wp","href":"https:\/\/api.w.org\/{rel}","templated":true}]}}