{"id":2071912,"date":"2026-07-31T16:24:22","date_gmt":"2026-07-31T13:24:22","guid":{"rendered":"https:\/\/analyse.optim.biz\/?p=2071912"},"modified":"2026-07-31T16:24:22","modified_gmt":"2026-07-31T13:24:22","slug":"metalul-buzau-isi-intareste-lotul-cu-un-campion-al-ligii-de-tineret-si-un-fundas-japonez-foto","status":"publish","type":"post","link":"https:\/\/analyse.optim.biz\/?p=2071912","title":{"rendered":"Metalul Buz\u0103u \u00ee\u0219i \u00eent\u0103re\u0219te lotul cu un campion al Ligii de Tineret \u0219i un funda\u0219 japonez (FOTO)"},"content":{"rendered":"<p>[analyse_image type=&#8221;featured&#8221; src=&#8221;https:\/\/gazetabuzoiana.ro\/wp-content\/uploads\/2026\/07\/metalul.jpeg&#8221;]<\/p>\n<div class=\"entry-content entry clearfix\">\n<p class=\"wp-block-paragraph\">Metalul Buz\u0103u continu\u0103 campania de transferuri \u00eenaintea debutului noului sezon din Liga 2 \u0219i a anun\u021bat oficial \u00eenc\u0103 dou\u0103 achizi\u021bii. \u00cen lotul preg\u0103tit de Valentin Stan au ajuns funda\u0219ul central Ricardo C\u0103ld\u0103raru, \u00eemprumutat de la Farul Constan\u021ba, \u0219i japonezul Koki Hayashi, transferat din campionatul Letoniei.<\/p>\n<p class=\"wp-block-paragraph\">Ricardo C\u0103ld\u0103raru, c\u0103pitanul echipei Farul Constan\u021ba care a c\u00e2\u0219tigat Liga de Tineret, va evolua sub form\u0103 de \u00eemprumut la Metalul \u00een sezonul 2026-2027. Clubul buzoian mizeaz\u0103 pe t\u00e2n\u0103rul funda\u0219 pentru consolidarea compartimentului defensiv.<\/p>\n<p class=\"wp-block-paragraph\"><strong><mark class=\"has-inline-color has-vivid-red-color\">\u201eNe-am \u00een\u021beles cu Farul Constan\u021ba pentru \u00eemprumutul lui Ricardo C\u0103ld\u0103raru\u201d<\/mark><\/strong>, au transmis oficialii Metalului.<\/p>\n<p class=\"wp-block-paragraph\">La r\u00e2ndul s\u0103u, Koki Hayashi, \u00een v\u00e2rst\u0103 de 24 de ani, vine dup\u0103 experien\u021be \u00een Estonia \u0219i Letonia, unde a evoluat pentru Kalju \u0219i Ogre United. Funda\u0219ul japonez a declarat c\u0103 stilul de joc practicat de Metalul Buz\u0103u a fost unul dintre principalele motive pentru care a ales forma\u021bia buzoian\u0103.<\/p>\n<p class=\"wp-block-paragraph\"><strong><mark class=\"has-inline-color has-vivid-red-color\">\u201eMetalul Buz\u0103u joac\u0103 un fotbal atractiv \u0219i am sim\u021bit c\u0103 stilul echipei se potrive\u0219te calit\u0103\u021bilor mele. Atmosfera din vestiar este foarte bun\u0103 \u0219i colegii m\u0103 ajut\u0103 deja s\u0103 \u00eenv\u0103\u021b limba rom\u00e2n\u0103\u201d,<\/mark><\/strong> a spus Hayashi dup\u0103 semnarea contractului.<\/p>\n<p class=\"wp-block-paragraph\">Prin venirea lui Hayashi, Metalul are acum doi fotbali\u0219ti japonezi \u00een lot, al\u0103turi de Yasuhiro Hanada.<\/p>\n<p class=\"wp-block-paragraph\">Campania de mercato a Metalului a fost una intens\u0103 \u00een aceast\u0103 var\u0103. Pe l\u00e2ng\u0103 C\u0103ld\u0103raru \u0219i Hayashi, gruparea buzoian\u0103 i-a mai adus pe Andrei Ureche, Raul Alecsandroaie, Geani Cre\u021bu, Tudor Zoica\u0219 \u0219i Andrei Cuble\u0219an, \u00een timp ce mai mul\u021bi juc\u0103tori au p\u0103r\u0103sit echipa dup\u0103 \u00eencheierea sezonului precedent.<\/p>\n<p class=\"wp-block-paragraph\">Conducerea clubului sper\u0103 ca noile achizi\u021bii s\u0103 contribuie la \u00eendeplinirea obiectivelor din edi\u021bia 2026-2027 a Ligii 2.<\/p>\n<p class=\"wp-block-paragraph\"><strong>Sursa:<\/strong> Liga2.ro.<\/p>\n<figure class=\"wp-block-gallery has-nested-images columns-default is-cropped wp-block-gallery-1 is-layout-flex wp-block-gallery-is-layout-flex\">\n<figure class=\"wp-block-image size-large\"><img loading=\"lazy\" decoding=\"async\" width=\"819\" height=\"1024\" data-id=\"21882\" src=\"https:\/\/gazetabuzoiana.ro\/wp-content\/uploads\/2026\/07\/1-14-819x1024.jpeg\" alt class=\"wp-image-21882\"><\/figure>\n<figure class=\"wp-block-image size-large\"><img decoding=\"async\" loading=\"lazy\" width=\"819\" height=\"1024\" data-id=\"21883\" src=\"https:\/\/gazetabuzoiana.ro\/wp-content\/uploads\/2026\/07\/2-6.jpg\" alt class=\"wp-image-21883\"><\/figure>\n<\/figure>\n<div class=\"post-bottom-meta post-bottom-tags post-tags-modern\">\n<div class=\"post-bottom-meta-title\"> Etichete<\/div>\n<p><span class=\"tagcloud\"><a href=\"https:\/\/gazetabuzoiana.ro\/tag\/farul-constanta\/\" rel=\"tag\">Farul Constan\u021ba<\/a><a href=\"https:\/\/gazetabuzoiana.ro\/tag\/fotbal-buzau\/\" rel=\"tag\">fotbal Buz\u0103u<\/a><a href=\"https:\/\/gazetabuzoiana.ro\/tag\/koki-hayashi\/\" rel=\"tag\">Koki Hayashi<\/a><a href=\"https:\/\/gazetabuzoiana.ro\/tag\/liga-2\/\" rel=\"tag\">Liga 2<\/a><a href=\"https:\/\/gazetabuzoiana.ro\/tag\/metalul-buzau-2\/\" rel=\"tag\">Metalul Buz\u0103u<\/a><a href=\"https:\/\/gazetabuzoiana.ro\/tag\/ricardo-caldararu\/\" rel=\"tag\">Ricardo C\u0103ld\u0103raru<\/a><a href=\"https:\/\/gazetabuzoiana.ro\/tag\/transferuri\/\" rel=\"tag\">transferuri<\/a><a href=\"https:\/\/gazetabuzoiana.ro\/tag\/valentin-stan\/\" rel=\"tag\">valentin stan<\/a><\/span><\/div>\n<\/div>\n<p>[analyse_source url=&#8221;https:\/\/gazetabuzoiana.ro\/2026\/07\/31\/metalul-buzau-isi-intareste-lotul-cu-un-campion-al-ligii-de-tineret-si-un-fundas-japonez-foto\/&#8221;]<\/p>\n","protected":false},"excerpt":{"rendered":"<p>[analyse_image type=&#8221;featured&#8221; src=&#8221;https:\/\/gazetabuzoiana.ro\/wp-content\/uploads\/2026\/07\/metalul.jpeg&#8221;] Metalul Buz\u0103u continu\u0103 campania de transferuri \u00eenaintea debutului noului sezon din Liga 2 \u0219i a anun\u021bat oficial \u00eenc\u0103 dou\u0103 achizi\u021bii. \u00cen lotul preg\u0103tit de Valentin Stan au ajuns funda\u0219ul central Ricardo C\u0103ld\u0103raru, \u00eemprumutat de la Farul Constan\u021ba, \u0219i japonezul Koki Hayashi, transferat din campionatul Letoniei. Ricardo C\u0103ld\u0103raru, c\u0103pitanul echipei Farul Constan\u021ba care [&hellip;]<\/p>\n","protected":false},"author":1,"featured_media":0,"comment_status":"open","ping_status":"","sticky":false,"template":"","format":"standard","meta":{"footnotes":""},"categories":[2],"tags":[226,38],"class_list":["post-2071912","post","type-post","status-publish","format-standard","hentry","category-politics","tag-crawlmanager","tag-gazetabuzoiana-ro"],"_links":{"self":[{"href":"https:\/\/analyse.optim.biz\/index.php?rest_route=\/wp\/v2\/posts\/2071912","targetHints":{"allow":["GET"]}}],"collection":[{"href":"https:\/\/analyse.optim.biz\/index.php?rest_route=\/wp\/v2\/posts"}],"about":[{"href":"https:\/\/analyse.optim.biz\/index.php?rest_route=\/wp\/v2\/types\/post"}],"author":[{"embeddable":true,"href":"https:\/\/analyse.optim.biz\/index.php?rest_route=\/wp\/v2\/users\/1"}],"replies":[{"embeddable":true,"href":"https:\/\/analyse.optim.biz\/index.php?rest_route=%2Fwp%2Fv2%2Fcomments&post=2071912"}],"version-history":[{"count":0,"href":"https:\/\/analyse.optim.biz\/index.php?rest_route=\/wp\/v2\/posts\/2071912\/revisions"}],"wp:attachment":[{"href":"https:\/\/analyse.optim.biz\/index.php?rest_route=%2Fwp%2Fv2%2Fmedia&parent=2071912"}],"wp:term":[{"taxonomy":"category","embeddable":true,"href":"https:\/\/analyse.optim.biz\/index.php?rest_route=%2Fwp%2Fv2%2Fcategories&post=2071912"},{"taxonomy":"post_tag","embeddable":true,"href":"https:\/\/analyse.optim.biz\/index.php?rest_route=%2Fwp%2Fv2%2Ftags&post=2071912"}],"curies":[{"name":"wp","href":"https:\/\/api.w.org\/{rel}","templated":true}]}}